{"id":89820,"date":"2017-09-30T10:53:46","date_gmt":"2017-09-30T08:53:46","guid":{"rendered":"https:\/\/www.prijedordanas.com\/?p=89820"},"modified":"2017-09-30T10:53:46","modified_gmt":"2017-09-30T08:53:46","slug":"narodna-kuhinja-u-prijedoru-emmaus-donirao-makarone-rizu","status":"publish","type":"post","link":"https:\/\/www.prijedordanas.com\/?p=89820","title":{"rendered":"NARODNA KUHINJA U PRIJEDORU: \u201eEMMAUS\u201c DONIRAO MAKARONE I RI\u017dU"},"content":{"rendered":"<p><a href=\"https:\/\/www.prijedordanas.com\/wp-content\/uploads\/2017\/09\/avaz-donacija-emmaus-narodna-kuhinja-optimisti.jpg\"><img loading=\"lazy\" decoding=\"async\" class=\"alignleft size-medium wp-image-89821\" src=\"https:\/\/www.prijedordanas.com\/wp-content\/uploads\/2017\/09\/avaz-donacija-emmaus-narodna-kuhinja-optimisti-300x217.jpg\" alt=\"\" width=\"300\" height=\"217\" srcset=\"https:\/\/www.prijedordanas.com\/wp-content\/uploads\/2017\/09\/avaz-donacija-emmaus-narodna-kuhinja-optimisti-300x217.jpg 300w, https:\/\/www.prijedordanas.com\/wp-content\/uploads\/2017\/09\/avaz-donacija-emmaus-narodna-kuhinja-optimisti-100x72.jpg 100w, https:\/\/www.prijedordanas.com\/wp-content\/uploads\/2017\/09\/avaz-donacija-emmaus-narodna-kuhinja-optimisti.jpg 690w\" sizes=\"(max-width: 300px) 100vw, 300px\" \/><\/a>Korisnici Narodne kuhinje \u201cOptimisti\u201d iz Prijedora, koja dnevno priprema skoro 160 obroka, obradovani su vrijednom donacijom koja je stigla od Me\u0111unarodne humanitarne organizacije MFS \u201cEmmaus\u201d iz Klokotnice u op\u0107ini Doboj\u2013Istok.<\/p>\n<p>Kako je pojasnila Ermina Ogri\u0107, predstavnica \u201cEmmausa\u201d i asistent na projektima humanitarne pomo\u0107i, rije\u010d je o skoro dvije tone makarona i ri\u017ee.<\/p>\n<p>&#8211; U Prijedoru smo drugi put istim povodom, jer smo osjetili potrebu da pomognemo ovoj narodnoj kuhinji &#8211; rekla je Ogri\u0107 i najavila da \u0107e \u201cEmmaus\u201d i dalje pomagati \u201cOptimistima\u201d.<\/p>\n<p>Na vrijednoj donaciji u ime korisnika zahvalio je Zijad \u0106ani\u0107, voditelj Narodne kuhinje, rekav\u0161i da ga je obradovala \u010dinjenica da su dobili koli\u010dinu hrane koja \u0107e zadovoljiti njihove potrebe do kraja godine.<\/p>\n<p>236 korisnika<\/p>\n<p>Javna kuhinja \u201cOptimisti\u201d, koja djeluje pri istoimenom udru\u017eenju gra\u0111ana, na spisku ima 236 korisnika. Skoro 160 ih po obrok dolazi svakog dana, dok ostali sa spiska dolaze povremeno i kad mogu.<\/p>\n<p>Dnevni avaz<\/p>\n","protected":false},"excerpt":{"rendered":"<p>Korisnici Narodne kuhinje \u201cOptimisti\u201d iz Prijedora, koja dnevno priprema skoro 160 obroka, obradovani su vrijednom donacijom koja je stigla od Me\u0111unarodne humanitarne organizacije MFS \u201cEmmaus\u201d iz Klokotnice u op\u0107ini Doboj\u2013Istok. [&hellip;]<\/p>\n","protected":false},"author":1,"featured_media":0,"comment_status":"closed","ping_status":"open","sticky":false,"template":"","format":"standard","meta":{"_monsterinsights_skip_tracking":false,"_monsterinsights_sitenote_active":false,"_monsterinsights_sitenote_note":"","_monsterinsights_sitenote_category":0,"footnotes":""},"categories":[3],"tags":[],"yoast_head":"<!-- This site is optimized with the Yoast SEO plugin v21.6 - https:\/\/yoast.com\/wordpress\/plugins\/seo\/ -->\n<title>NARODNA KUHINJA U PRIJEDORU: \u201eEMMAUS\u201c DONIRAO MAKARONE I RI\u017dU - PrijedorDanas.com - Prijedorski gradski portal<\/title>\n<meta name=\"robots\" content=\"index, follow, max-snippet:-1, max-image-preview:large, max-video-preview:-1\" \/>\n<link rel=\"canonical\" href=\"https:\/\/www.prijedordanas.com\/?p=89820\" \/>\n<meta property=\"og:locale\" content=\"en_US\" \/>\n<meta property=\"og:type\" content=\"article\" \/>\n<meta property=\"og:title\" content=\"NARODNA KUHINJA U PRIJEDORU: \u201eEMMAUS\u201c DONIRAO MAKARONE I RI\u017dU - PrijedorDanas.com - Prijedorski gradski portal\" \/>\n<meta property=\"og:description\" content=\"Korisnici Narodne kuhinje \u201cOptimisti\u201d iz Prijedora, koja dnevno priprema skoro 160 obroka, obradovani su vrijednom donacijom koja je stigla od Me\u0111unarodne humanitarne organizacije MFS \u201cEmmaus\u201d iz Klokotnice u op\u0107ini Doboj\u2013Istok. [&hellip;]\" \/>\n<meta property=\"og:url\" content=\"https:\/\/www.prijedordanas.com\/?p=89820\" \/>\n<meta property=\"og:site_name\" content=\"PrijedorDanas.com - Prijedorski gradski portal\" \/>\n<meta property=\"article:publisher\" content=\"https:\/\/www.facebook.com\/PrijedorDanasCom\/\" \/>\n<meta property=\"article:published_time\" content=\"2017-09-30T08:53:46+00:00\" \/>\n<meta property=\"og:image\" content=\"https:\/\/www.prijedordanas.com\/wp-content\/uploads\/2017\/09\/avaz-donacija-emmaus-narodna-kuhinja-optimisti-300x217.jpg\" \/>\n<meta name=\"author\" content=\"admin\" \/>\n<meta name=\"twitter:card\" content=\"summary_large_image\" \/>\n<meta name=\"twitter:label1\" content=\"Written by\" \/>\n\t<meta name=\"twitter:data1\" content=\"admin\" \/>\n\t<meta name=\"twitter:label2\" content=\"Est. reading time\" \/>\n\t<meta name=\"twitter:data2\" content=\"1 minute\" \/>\n<script type=\"application\/ld+json\" class=\"yoast-schema-graph\">{\"@context\":\"https:\/\/schema.org\",\"@graph\":[{\"@type\":\"Article\",\"@id\":\"https:\/\/www.prijedordanas.com\/?p=89820#article\",\"isPartOf\":{\"@id\":\"https:\/\/www.prijedordanas.com\/?p=89820\"},\"author\":{\"name\":\"admin\",\"@id\":\"https:\/\/www.prijedordanas.com\/#\/schema\/person\/4e08ccf29b506ca916ff86d46bb700e6\"},\"headline\":\"NARODNA KUHINJA U PRIJEDORU: \u201eEMMAUS\u201c DONIRAO MAKARONE I RI\u017dU\",\"datePublished\":\"2017-09-30T08:53:46+00:00\",\"dateModified\":\"2017-09-30T08:53:46+00:00\",\"mainEntityOfPage\":{\"@id\":\"https:\/\/www.prijedordanas.com\/?p=89820\"},\"wordCount\":164,\"publisher\":{\"@id\":\"https:\/\/www.prijedordanas.com\/#organization\"},\"articleSection\":[\"\u017divot\"],\"inLanguage\":\"en-US\"},{\"@type\":\"WebPage\",\"@id\":\"https:\/\/www.prijedordanas.com\/?p=89820\",\"url\":\"https:\/\/www.prijedordanas.com\/?p=89820\",\"name\":\"NARODNA KUHINJA U PRIJEDORU: \u201eEMMAUS\u201c DONIRAO MAKARONE I RI\u017dU - PrijedorDanas.com - Prijedorski gradski portal\",\"isPartOf\":{\"@id\":\"https:\/\/www.prijedordanas.com\/#website\"},\"datePublished\":\"2017-09-30T08:53:46+00:00\",\"dateModified\":\"2017-09-30T08:53:46+00:00\",\"breadcrumb\":{\"@id\":\"https:\/\/www.prijedordanas.com\/?p=89820#breadcrumb\"},\"inLanguage\":\"en-US\",\"potentialAction\":[{\"@type\":\"ReadAction\",\"target\":[\"https:\/\/www.prijedordanas.com\/?p=89820\"]}]},{\"@type\":\"BreadcrumbList\",\"@id\":\"https:\/\/www.prijedordanas.com\/?p=89820#breadcrumb\",\"itemListElement\":[{\"@type\":\"ListItem\",\"position\":1,\"name\":\"Home\",\"item\":\"https:\/\/www.prijedordanas.com\/\"},{\"@type\":\"ListItem\",\"position\":2,\"name\":\"NARODNA KUHINJA U PRIJEDORU: \u201eEMMAUS\u201c DONIRAO MAKARONE I RI\u017dU\"}]},{\"@type\":\"WebSite\",\"@id\":\"https:\/\/www.prijedordanas.com\/#website\",\"url\":\"https:\/\/www.prijedordanas.com\/\",\"name\":\"PrijedorDanas.com - Prijedorski gradski portal\",\"description\":\"Portal o doga\u0111anjima u gradu Prijedoru\",\"publisher\":{\"@id\":\"https:\/\/www.prijedordanas.com\/#organization\"},\"potentialAction\":[{\"@type\":\"SearchAction\",\"target\":{\"@type\":\"EntryPoint\",\"urlTemplate\":\"https:\/\/www.prijedordanas.com\/?s={search_term_string}\"},\"query-input\":\"required name=search_term_string\"}],\"inLanguage\":\"en-US\"},{\"@type\":\"Organization\",\"@id\":\"https:\/\/www.prijedordanas.com\/#organization\",\"name\":\"PrijedorDanas.com\",\"url\":\"https:\/\/www.prijedordanas.com\/\",\"logo\":{\"@type\":\"ImageObject\",\"inLanguage\":\"en-US\",\"@id\":\"https:\/\/www.prijedordanas.com\/#\/schema\/logo\/image\/\",\"url\":\"http:\/\/www.prijedordanas.com\/wp-content\/uploads\/2021\/12\/logopng.png\",\"contentUrl\":\"http:\/\/www.prijedordanas.com\/wp-content\/uploads\/2021\/12\/logopng.png\",\"width\":1019,\"height\":776,\"caption\":\"PrijedorDanas.com\"},\"image\":{\"@id\":\"https:\/\/www.prijedordanas.com\/#\/schema\/logo\/image\/\"},\"sameAs\":[\"https:\/\/www.facebook.com\/PrijedorDanasCom\/\"]},{\"@type\":\"Person\",\"@id\":\"https:\/\/www.prijedordanas.com\/#\/schema\/person\/4e08ccf29b506ca916ff86d46bb700e6\",\"name\":\"admin\",\"image\":{\"@type\":\"ImageObject\",\"inLanguage\":\"en-US\",\"@id\":\"https:\/\/www.prijedordanas.com\/#\/schema\/person\/image\/\",\"url\":\"https:\/\/secure.gravatar.com\/avatar\/1d3fc949d550f0b53a5f0d51e06dfd79?s=96&d=mm&r=g\",\"contentUrl\":\"https:\/\/secure.gravatar.com\/avatar\/1d3fc949d550f0b53a5f0d51e06dfd79?s=96&d=mm&r=g\",\"caption\":\"admin\"},\"url\":\"https:\/\/www.prijedordanas.com\/?author=1\"}]}<\/script>\n<!-- \/ Yoast SEO plugin. -->","yoast_head_json":{"title":"NARODNA KUHINJA U PRIJEDORU: \u201eEMMAUS\u201c DONIRAO MAKARONE I RI\u017dU - PrijedorDanas.com - Prijedorski gradski portal","robots":{"index":"index","follow":"follow","max-snippet":"max-snippet:-1","max-image-preview":"max-image-preview:large","max-video-preview":"max-video-preview:-1"},"canonical":"https:\/\/www.prijedordanas.com\/?p=89820","og_locale":"en_US","og_type":"article","og_title":"NARODNA KUHINJA U PRIJEDORU: \u201eEMMAUS\u201c DONIRAO MAKARONE I RI\u017dU - PrijedorDanas.com - Prijedorski gradski portal","og_description":"Korisnici Narodne kuhinje \u201cOptimisti\u201d iz Prijedora, koja dnevno priprema skoro 160 obroka, obradovani su vrijednom donacijom koja je stigla od Me\u0111unarodne humanitarne organizacije MFS \u201cEmmaus\u201d iz Klokotnice u op\u0107ini Doboj\u2013Istok. [&hellip;]","og_url":"https:\/\/www.prijedordanas.com\/?p=89820","og_site_name":"PrijedorDanas.com - Prijedorski gradski portal","article_publisher":"https:\/\/www.facebook.com\/PrijedorDanasCom\/","article_published_time":"2017-09-30T08:53:46+00:00","og_image":[{"url":"https:\/\/www.prijedordanas.com\/wp-content\/uploads\/2017\/09\/avaz-donacija-emmaus-narodna-kuhinja-optimisti-300x217.jpg"}],"author":"admin","twitter_card":"summary_large_image","twitter_misc":{"Written by":"admin","Est. reading time":"1 minute"},"schema":{"@context":"https:\/\/schema.org","@graph":[{"@type":"Article","@id":"https:\/\/www.prijedordanas.com\/?p=89820#article","isPartOf":{"@id":"https:\/\/www.prijedordanas.com\/?p=89820"},"author":{"name":"admin","@id":"https:\/\/www.prijedordanas.com\/#\/schema\/person\/4e08ccf29b506ca916ff86d46bb700e6"},"headline":"NARODNA KUHINJA U PRIJEDORU: \u201eEMMAUS\u201c DONIRAO MAKARONE I RI\u017dU","datePublished":"2017-09-30T08:53:46+00:00","dateModified":"2017-09-30T08:53:46+00:00","mainEntityOfPage":{"@id":"https:\/\/www.prijedordanas.com\/?p=89820"},"wordCount":164,"publisher":{"@id":"https:\/\/www.prijedordanas.com\/#organization"},"articleSection":["\u017divot"],"inLanguage":"en-US"},{"@type":"WebPage","@id":"https:\/\/www.prijedordanas.com\/?p=89820","url":"https:\/\/www.prijedordanas.com\/?p=89820","name":"NARODNA KUHINJA U PRIJEDORU: \u201eEMMAUS\u201c DONIRAO MAKARONE I RI\u017dU - PrijedorDanas.com - Prijedorski gradski portal","isPartOf":{"@id":"https:\/\/www.prijedordanas.com\/#website"},"datePublished":"2017-09-30T08:53:46+00:00","dateModified":"2017-09-30T08:53:46+00:00","breadcrumb":{"@id":"https:\/\/www.prijedordanas.com\/?p=89820#breadcrumb"},"inLanguage":"en-US","potentialAction":[{"@type":"ReadAction","target":["https:\/\/www.prijedordanas.com\/?p=89820"]}]},{"@type":"BreadcrumbList","@id":"https:\/\/www.prijedordanas.com\/?p=89820#breadcrumb","itemListElement":[{"@type":"ListItem","position":1,"name":"Home","item":"https:\/\/www.prijedordanas.com\/"},{"@type":"ListItem","position":2,"name":"NARODNA KUHINJA U PRIJEDORU: \u201eEMMAUS\u201c DONIRAO MAKARONE I RI\u017dU"}]},{"@type":"WebSite","@id":"https:\/\/www.prijedordanas.com\/#website","url":"https:\/\/www.prijedordanas.com\/","name":"PrijedorDanas.com - Prijedorski gradski portal","description":"Portal o doga\u0111anjima u gradu Prijedoru","publisher":{"@id":"https:\/\/www.prijedordanas.com\/#organization"},"potentialAction":[{"@type":"SearchAction","target":{"@type":"EntryPoint","urlTemplate":"https:\/\/www.prijedordanas.com\/?s={search_term_string}"},"query-input":"required name=search_term_string"}],"inLanguage":"en-US"},{"@type":"Organization","@id":"https:\/\/www.prijedordanas.com\/#organization","name":"PrijedorDanas.com","url":"https:\/\/www.prijedordanas.com\/","logo":{"@type":"ImageObject","inLanguage":"en-US","@id":"https:\/\/www.prijedordanas.com\/#\/schema\/logo\/image\/","url":"http:\/\/www.prijedordanas.com\/wp-content\/uploads\/2021\/12\/logopng.png","contentUrl":"http:\/\/www.prijedordanas.com\/wp-content\/uploads\/2021\/12\/logopng.png","width":1019,"height":776,"caption":"PrijedorDanas.com"},"image":{"@id":"https:\/\/www.prijedordanas.com\/#\/schema\/logo\/image\/"},"sameAs":["https:\/\/www.facebook.com\/PrijedorDanasCom\/"]},{"@type":"Person","@id":"https:\/\/www.prijedordanas.com\/#\/schema\/person\/4e08ccf29b506ca916ff86d46bb700e6","name":"admin","image":{"@type":"ImageObject","inLanguage":"en-US","@id":"https:\/\/www.prijedordanas.com\/#\/schema\/person\/image\/","url":"https:\/\/secure.gravatar.com\/avatar\/1d3fc949d550f0b53a5f0d51e06dfd79?s=96&d=mm&r=g","contentUrl":"https:\/\/secure.gravatar.com\/avatar\/1d3fc949d550f0b53a5f0d51e06dfd79?s=96&d=mm&r=g","caption":"admin"},"url":"https:\/\/www.prijedordanas.com\/?author=1"}]}},"_links":{"self":[{"href":"https:\/\/www.prijedordanas.com\/index.php?rest_route=\/wp\/v2\/posts\/89820"}],"collection":[{"href":"https:\/\/www.prijedordanas.com\/index.php?rest_route=\/wp\/v2\/posts"}],"about":[{"href":"https:\/\/www.prijedordanas.com\/index.php?rest_route=\/wp\/v2\/types\/post"}],"author":[{"embeddable":true,"href":"https:\/\/www.prijedordanas.com\/index.php?rest_route=\/wp\/v2\/users\/1"}],"replies":[{"embeddable":true,"href":"https:\/\/www.prijedordanas.com\/index.php?rest_route=%2Fwp%2Fv2%2Fcomments&post=89820"}],"version-history":[{"count":2,"href":"https:\/\/www.prijedordanas.com\/index.php?rest_route=\/wp\/v2\/posts\/89820\/revisions"}],"predecessor-version":[{"id":89908,"href":"https:\/\/www.prijedordanas.com\/index.php?rest_route=\/wp\/v2\/posts\/89820\/revisions\/89908"}],"wp:attachment":[{"href":"https:\/\/www.prijedordanas.com\/index.php?rest_route=%2Fwp%2Fv2%2Fmedia&parent=89820"}],"wp:term":[{"taxonomy":"category","embeddable":true,"href":"https:\/\/www.prijedordanas.com\/index.php?rest_route=%2Fwp%2Fv2%2Fcategories&post=89820"},{"taxonomy":"post_tag","embeddable":true,"href":"https:\/\/www.prijedordanas.com\/index.php?rest_route=%2Fwp%2Fv2%2Ftags&post=89820"}],"curies":[{"name":"wp","href":"https:\/\/api.w.org\/{rel}","templated":true}]}}