{"id":89736,"date":"2017-09-27T22:55:30","date_gmt":"2017-09-27T20:55:30","guid":{"rendered":"https:\/\/www.prijedordanas.com\/?p=89736"},"modified":"2017-09-27T22:55:30","modified_gmt":"2017-09-27T20:55:30","slug":"ucenici-prijedorske-gimnazije-sveti-sava-ispunili-humanu-misiju-radne-akcije-donijele-uspomene-sa-azurne-obale-foto","status":"publish","type":"post","link":"https:\/\/www.prijedordanas.com\/?p=89736","title":{"rendered":"U\u010cENICI PRIJEDORSKE GIMNAZIJE \u201eSVETI SAVA\u201c ISPUNILI HUMANU MISIJU: RADNE AKCIJE DONIJELE USPOMENE SA AZURNE OBALE &#8211; FOTO"},"content":{"rendered":"<p><a href=\"https:\/\/www.prijedordanas.com\/wp-content\/uploads\/2017\/09\/gimnazijalci-maturska-ekskurzija-septembar-1.jpg\"><img loading=\"lazy\" decoding=\"async\" class=\"alignleft size-medium wp-image-89737\" src=\"https:\/\/www.prijedordanas.com\/wp-content\/uploads\/2017\/09\/gimnazijalci-maturska-ekskurzija-septembar-1-300x217.jpg\" alt=\"\" width=\"300\" height=\"217\" srcset=\"https:\/\/www.prijedordanas.com\/wp-content\/uploads\/2017\/09\/gimnazijalci-maturska-ekskurzija-septembar-1-300x217.jpg 300w, https:\/\/www.prijedordanas.com\/wp-content\/uploads\/2017\/09\/gimnazijalci-maturska-ekskurzija-septembar-1-100x72.jpg 100w, https:\/\/www.prijedordanas.com\/wp-content\/uploads\/2017\/09\/gimnazijalci-maturska-ekskurzija-septembar-1.jpg 690w\" sizes=\"(max-width: 300px) 100vw, 300px\" \/><\/a>U\u010denici \u010detvrtog dva razreda prijedorske Gimnazije &#8220;Sveti Sava&#8221; vratili su se nedavno sa maturske ekskurzije ispuniv\u0161i humanu misiju zapo\u010detu mjesecima ranije, da kroz radne akcije prikupe novac za drugare koji nisu mogli sebi da priu\u0161te ovo putovanje.<\/p>\n<p>Zara\u0111enim novcem uspjeli su da na najljep\u0161i na\u010din pro\u017eive zajedni\u010dku avanturu, a fotografije sa maturskog putovanja, na kojima su nasmije\u0161ena lica ovih budu\u0107ih ljekara, in\u017eenjera i ekonomista, govore vi\u0161e od hiljadu rije\u010di.<\/p>\n<p>Osim nezaboravnog dru\u017eenja, za osam dana, koliko je trajala ekskurzija, obi\u0161li su znamenitosti Italije, Francuske i \u0160panije. Najljep\u0161a uspomena koju nose u srcima je drugarstvo, koje je iz dana u dan samo ja\u010de i za primjer mnogima.<\/p>\n<p><a href=\"https:\/\/www.prijedordanas.com\/wp-content\/uploads\/2017\/09\/gimnazijalci-maturska-ekskurzija-septembar-2.jpg\"><img loading=\"lazy\" decoding=\"async\" class=\"alignleft size-medium wp-image-89738\" src=\"https:\/\/www.prijedordanas.com\/wp-content\/uploads\/2017\/09\/gimnazijalci-maturska-ekskurzija-septembar-2-300x217.jpg\" alt=\"\" width=\"300\" height=\"217\" srcset=\"https:\/\/www.prijedordanas.com\/wp-content\/uploads\/2017\/09\/gimnazijalci-maturska-ekskurzija-septembar-2-300x217.jpg 300w, https:\/\/www.prijedordanas.com\/wp-content\/uploads\/2017\/09\/gimnazijalci-maturska-ekskurzija-septembar-2-100x72.jpg 100w, https:\/\/www.prijedordanas.com\/wp-content\/uploads\/2017\/09\/gimnazijalci-maturska-ekskurzija-septembar-2.jpg 690w\" sizes=\"(max-width: 300px) 100vw, 300px\" \/><\/a>&#8211; Na ekskurziji nam je bilo lijepo. Svaki minut ulo\u017eenog vremena u humanitarne akcije i prikupljanje novca za na\u0161e drugare se isplatio. Ovo putovanje je jo\u0161 vi\u0161e u\u010dvrstilo na\u0161e drugarstvo &#8211; ispri\u010dala je u\u010denica Sara Mr\u0161i\u0107, koja je bila koordinator akcije.<\/p>\n<p>Da bi ispunili svoju misiju danima su sakupljali stari papir, \u010depove, folije od cigareta, i\u0161li na po\u0161umljavanje i radili sve \u010dega su se sjetili samo da svih 28 \u0111aka iz njihovog razreda osjete \u010dari azurne obale. Koliko su bili marljivi najbolje pokazuje to \u0161to su sakupili i vi\u0161e novca nego \u0161to im je bilo potrebno, tako da je dio ostao za d\u017eeparac.<\/p>\n<p>&#8211; Drago mi je da smo pokazali da nismo lijena generacija, da \u010dekamo da nam sve padne s neba, ve\u0107 smo se ipak potrudili i uradili ne\u0161to humano &#8211; kazala je Mr\u0161i\u0107eva, koja se nada da \u0107e njihov plemeniti \u010din motivisati mla\u0111e generacije.<\/p>\n<p><a href=\"https:\/\/www.prijedordanas.com\/wp-content\/uploads\/2017\/09\/gimnazijalci-maturska-ekskurzija-septembar-3.jpg\"><img loading=\"lazy\" decoding=\"async\" class=\"alignleft size-medium wp-image-89739\" src=\"https:\/\/www.prijedordanas.com\/wp-content\/uploads\/2017\/09\/gimnazijalci-maturska-ekskurzija-septembar-3-300x217.jpg\" alt=\"\" width=\"300\" height=\"217\" srcset=\"https:\/\/www.prijedordanas.com\/wp-content\/uploads\/2017\/09\/gimnazijalci-maturska-ekskurzija-septembar-3-300x217.jpg 300w, https:\/\/www.prijedordanas.com\/wp-content\/uploads\/2017\/09\/gimnazijalci-maturska-ekskurzija-septembar-3-100x72.jpg 100w, https:\/\/www.prijedordanas.com\/wp-content\/uploads\/2017\/09\/gimnazijalci-maturska-ekskurzija-septembar-3.jpg 690w\" sizes=\"(max-width: 300px) 100vw, 300px\" \/><\/a>Razredni starje\u0161ina ovog odjeljenja Svjetlana Ron\u010devi\u0107 ka\u017ee da je rije\u010d o jednoj od rijetkih generacija koja je spremna da svojim radom doprinese ostvarenju cilja.<\/p>\n<p>&#8211; Uradili su puno toga, od akcija po\u0161umljavanja, prikupljanja starog papira, reklama za neke firme i tu nije kraj njihovom humanitarnom anga\u017eovanju. Ova generacija gimnazijalaca je posebna po zrelosti i spremnosti da urade ne\u0161to i za sebe i za druge &#8211; istakla je Ron\u010devi\u0107eva.<\/p>\n<p>Osim \u0161to su humani i plemeniti, Ron\u010devi\u0107eva ka\u017ee da su i izuzetno dobri \u0111aci, a u prilog tome najbolje govore petice koje se iz dana u dan ni\u017eu u dnevniku. Jedan od najva\u017enijih \u017eivotnih ispita, ispit humanosti, ovi marljivi srednjo\u0161kolci polo\u017eili su \u010distom desetkom. Za nekoliko mjeseci stasa\u0107e za nove \u017eivotne izazove, jer su pred njima dani odluke na kojem fakultetu da nastave \u0161kolovanje.<\/p>\n<p><a href=\"https:\/\/www.prijedordanas.com\/wp-content\/uploads\/2017\/09\/gimnazijalci-maturska-ekskurzija-septembar-4.jpg\"><img loading=\"lazy\" decoding=\"async\" src=\"https:\/\/www.prijedordanas.com\/wp-content\/uploads\/2017\/09\/gimnazijalci-maturska-ekskurzija-septembar-4-300x217.jpg\" alt=\"\" width=\"300\" height=\"217\" class=\"alignleft size-medium wp-image-89740\" srcset=\"https:\/\/www.prijedordanas.com\/wp-content\/uploads\/2017\/09\/gimnazijalci-maturska-ekskurzija-septembar-4-300x217.jpg 300w, https:\/\/www.prijedordanas.com\/wp-content\/uploads\/2017\/09\/gimnazijalci-maturska-ekskurzija-septembar-4-100x72.jpg 100w, https:\/\/www.prijedordanas.com\/wp-content\/uploads\/2017\/09\/gimnazijalci-maturska-ekskurzija-septembar-4.jpg 690w\" sizes=\"(max-width: 300px) 100vw, 300px\" \/><\/a>Matura u \u0161umi<\/p>\n<p>Prijedorski gimnazijalci su sakupljaju\u0107i novac za svoje drugare iz klupe, po\u0161umljavali Ljubiju, gdje su zasadili 2.500 sadnica jasena i javora.<\/p>\n<p>&#8211; Dogovorili smo se da godi\u0161njicu mature za deset ili 15 godina obilje\u017eimo u na\u0161oj \u0161umi koju smo zasadili &#8211; istakla je u\u010denica Sara Mr\u0161i\u0107.<\/p>\n<p>Tekst &#8211; Glas Srpske<br \/>\nFoto &#8211; Facebook &#8211; privatna arhiva<\/p>\n","protected":false},"excerpt":{"rendered":"<p>U\u010denici \u010detvrtog dva razreda prijedorske Gimnazije &#8220;Sveti Sava&#8221; vratili su se nedavno sa maturske ekskurzije ispuniv\u0161i humanu misiju zapo\u010detu mjesecima ranije, da kroz radne akcije prikupe novac za drugare koji [&hellip;]<\/p>\n","protected":false},"author":1,"featured_media":0,"comment_status":"closed","ping_status":"open","sticky":false,"template":"","format":"standard","meta":{"_monsterinsights_skip_tracking":false,"_monsterinsights_sitenote_active":false,"_monsterinsights_sitenote_note":"","_monsterinsights_sitenote_category":0,"footnotes":""},"categories":[7518],"tags":[],"yoast_head":"<!-- This site is optimized with the Yoast SEO plugin v21.6 - https:\/\/yoast.com\/wordpress\/plugins\/seo\/ -->\n<title>U\u010cENICI PRIJEDORSKE GIMNAZIJE \u201eSVETI SAVA\u201c ISPUNILI HUMANU MISIJU: RADNE AKCIJE DONIJELE USPOMENE SA AZURNE OBALE - FOTO - PrijedorDanas.com - Prijedorski gradski portal<\/title>\n<meta name=\"robots\" content=\"index, follow, max-snippet:-1, max-image-preview:large, max-video-preview:-1\" \/>\n<link rel=\"canonical\" href=\"https:\/\/www.prijedordanas.com\/?p=89736\" \/>\n<meta property=\"og:locale\" content=\"en_US\" \/>\n<meta property=\"og:type\" content=\"article\" \/>\n<meta property=\"og:title\" content=\"U\u010cENICI PRIJEDORSKE GIMNAZIJE \u201eSVETI SAVA\u201c ISPUNILI HUMANU MISIJU: RADNE AKCIJE DONIJELE USPOMENE SA AZURNE OBALE - FOTO - PrijedorDanas.com - Prijedorski gradski portal\" \/>\n<meta property=\"og:description\" content=\"U\u010denici \u010detvrtog dva razreda prijedorske Gimnazije &#8220;Sveti Sava&#8221; vratili su se nedavno sa maturske ekskurzije ispuniv\u0161i humanu misiju zapo\u010detu mjesecima ranije, da kroz radne akcije prikupe novac za drugare koji [&hellip;]\" \/>\n<meta property=\"og:url\" content=\"https:\/\/www.prijedordanas.com\/?p=89736\" \/>\n<meta property=\"og:site_name\" content=\"PrijedorDanas.com - Prijedorski gradski portal\" \/>\n<meta property=\"article:publisher\" content=\"https:\/\/www.facebook.com\/PrijedorDanasCom\/\" \/>\n<meta property=\"article:published_time\" content=\"2017-09-27T20:55:30+00:00\" \/>\n<meta property=\"og:image\" content=\"https:\/\/www.prijedordanas.com\/wp-content\/uploads\/2017\/09\/gimnazijalci-maturska-ekskurzija-septembar-1-300x217.jpg\" \/>\n<meta name=\"author\" content=\"admin\" \/>\n<meta name=\"twitter:card\" content=\"summary_large_image\" \/>\n<meta name=\"twitter:label1\" content=\"Written by\" \/>\n\t<meta name=\"twitter:data1\" content=\"admin\" \/>\n\t<meta name=\"twitter:label2\" content=\"Est. reading time\" \/>\n\t<meta name=\"twitter:data2\" content=\"2 minutes\" \/>\n<script type=\"application\/ld+json\" class=\"yoast-schema-graph\">{\"@context\":\"https:\/\/schema.org\",\"@graph\":[{\"@type\":\"Article\",\"@id\":\"https:\/\/www.prijedordanas.com\/?p=89736#article\",\"isPartOf\":{\"@id\":\"https:\/\/www.prijedordanas.com\/?p=89736\"},\"author\":{\"name\":\"admin\",\"@id\":\"https:\/\/www.prijedordanas.com\/#\/schema\/person\/4e08ccf29b506ca916ff86d46bb700e6\"},\"headline\":\"U\u010cENICI PRIJEDORSKE GIMNAZIJE \u201eSVETI SAVA\u201c ISPUNILI HUMANU MISIJU: RADNE AKCIJE DONIJELE USPOMENE SA AZURNE OBALE &#8211; FOTO\",\"datePublished\":\"2017-09-27T20:55:30+00:00\",\"dateModified\":\"2017-09-27T20:55:30+00:00\",\"mainEntityOfPage\":{\"@id\":\"https:\/\/www.prijedordanas.com\/?p=89736\"},\"wordCount\":514,\"publisher\":{\"@id\":\"https:\/\/www.prijedordanas.com\/#organization\"},\"articleSection\":[\"Mladi\"],\"inLanguage\":\"en-US\"},{\"@type\":\"WebPage\",\"@id\":\"https:\/\/www.prijedordanas.com\/?p=89736\",\"url\":\"https:\/\/www.prijedordanas.com\/?p=89736\",\"name\":\"U\u010cENICI PRIJEDORSKE GIMNAZIJE \u201eSVETI SAVA\u201c ISPUNILI HUMANU MISIJU: RADNE AKCIJE DONIJELE USPOMENE SA AZURNE OBALE - FOTO - PrijedorDanas.com - Prijedorski gradski portal\",\"isPartOf\":{\"@id\":\"https:\/\/www.prijedordanas.com\/#website\"},\"datePublished\":\"2017-09-27T20:55:30+00:00\",\"dateModified\":\"2017-09-27T20:55:30+00:00\",\"breadcrumb\":{\"@id\":\"https:\/\/www.prijedordanas.com\/?p=89736#breadcrumb\"},\"inLanguage\":\"en-US\",\"potentialAction\":[{\"@type\":\"ReadAction\",\"target\":[\"https:\/\/www.prijedordanas.com\/?p=89736\"]}]},{\"@type\":\"BreadcrumbList\",\"@id\":\"https:\/\/www.prijedordanas.com\/?p=89736#breadcrumb\",\"itemListElement\":[{\"@type\":\"ListItem\",\"position\":1,\"name\":\"Home\",\"item\":\"https:\/\/www.prijedordanas.com\/\"},{\"@type\":\"ListItem\",\"position\":2,\"name\":\"U\u010cENICI PRIJEDORSKE GIMNAZIJE \u201eSVETI SAVA\u201c ISPUNILI HUMANU MISIJU: RADNE AKCIJE DONIJELE USPOMENE SA AZURNE OBALE &#8211; FOTO\"}]},{\"@type\":\"WebSite\",\"@id\":\"https:\/\/www.prijedordanas.com\/#website\",\"url\":\"https:\/\/www.prijedordanas.com\/\",\"name\":\"PrijedorDanas.com - Prijedorski gradski portal\",\"description\":\"Portal o doga\u0111anjima u gradu Prijedoru\",\"publisher\":{\"@id\":\"https:\/\/www.prijedordanas.com\/#organization\"},\"potentialAction\":[{\"@type\":\"SearchAction\",\"target\":{\"@type\":\"EntryPoint\",\"urlTemplate\":\"https:\/\/www.prijedordanas.com\/?s={search_term_string}\"},\"query-input\":\"required name=search_term_string\"}],\"inLanguage\":\"en-US\"},{\"@type\":\"Organization\",\"@id\":\"https:\/\/www.prijedordanas.com\/#organization\",\"name\":\"PrijedorDanas.com\",\"url\":\"https:\/\/www.prijedordanas.com\/\",\"logo\":{\"@type\":\"ImageObject\",\"inLanguage\":\"en-US\",\"@id\":\"https:\/\/www.prijedordanas.com\/#\/schema\/logo\/image\/\",\"url\":\"http:\/\/www.prijedordanas.com\/wp-content\/uploads\/2021\/12\/logopng.png\",\"contentUrl\":\"http:\/\/www.prijedordanas.com\/wp-content\/uploads\/2021\/12\/logopng.png\",\"width\":1019,\"height\":776,\"caption\":\"PrijedorDanas.com\"},\"image\":{\"@id\":\"https:\/\/www.prijedordanas.com\/#\/schema\/logo\/image\/\"},\"sameAs\":[\"https:\/\/www.facebook.com\/PrijedorDanasCom\/\"]},{\"@type\":\"Person\",\"@id\":\"https:\/\/www.prijedordanas.com\/#\/schema\/person\/4e08ccf29b506ca916ff86d46bb700e6\",\"name\":\"admin\",\"image\":{\"@type\":\"ImageObject\",\"inLanguage\":\"en-US\",\"@id\":\"https:\/\/www.prijedordanas.com\/#\/schema\/person\/image\/\",\"url\":\"https:\/\/secure.gravatar.com\/avatar\/1d3fc949d550f0b53a5f0d51e06dfd79?s=96&d=mm&r=g\",\"contentUrl\":\"https:\/\/secure.gravatar.com\/avatar\/1d3fc949d550f0b53a5f0d51e06dfd79?s=96&d=mm&r=g\",\"caption\":\"admin\"},\"url\":\"https:\/\/www.prijedordanas.com\/?author=1\"}]}<\/script>\n<!-- \/ Yoast SEO plugin. -->","yoast_head_json":{"title":"U\u010cENICI PRIJEDORSKE GIMNAZIJE \u201eSVETI SAVA\u201c ISPUNILI HUMANU MISIJU: RADNE AKCIJE DONIJELE USPOMENE SA AZURNE OBALE - FOTO - PrijedorDanas.com - Prijedorski gradski portal","robots":{"index":"index","follow":"follow","max-snippet":"max-snippet:-1","max-image-preview":"max-image-preview:large","max-video-preview":"max-video-preview:-1"},"canonical":"https:\/\/www.prijedordanas.com\/?p=89736","og_locale":"en_US","og_type":"article","og_title":"U\u010cENICI PRIJEDORSKE GIMNAZIJE \u201eSVETI SAVA\u201c ISPUNILI HUMANU MISIJU: RADNE AKCIJE DONIJELE USPOMENE SA AZURNE OBALE - FOTO - PrijedorDanas.com - Prijedorski gradski portal","og_description":"U\u010denici \u010detvrtog dva razreda prijedorske Gimnazije &#8220;Sveti Sava&#8221; vratili su se nedavno sa maturske ekskurzije ispuniv\u0161i humanu misiju zapo\u010detu mjesecima ranije, da kroz radne akcije prikupe novac za drugare koji [&hellip;]","og_url":"https:\/\/www.prijedordanas.com\/?p=89736","og_site_name":"PrijedorDanas.com - Prijedorski gradski portal","article_publisher":"https:\/\/www.facebook.com\/PrijedorDanasCom\/","article_published_time":"2017-09-27T20:55:30+00:00","og_image":[{"url":"https:\/\/www.prijedordanas.com\/wp-content\/uploads\/2017\/09\/gimnazijalci-maturska-ekskurzija-septembar-1-300x217.jpg"}],"author":"admin","twitter_card":"summary_large_image","twitter_misc":{"Written by":"admin","Est. reading time":"2 minutes"},"schema":{"@context":"https:\/\/schema.org","@graph":[{"@type":"Article","@id":"https:\/\/www.prijedordanas.com\/?p=89736#article","isPartOf":{"@id":"https:\/\/www.prijedordanas.com\/?p=89736"},"author":{"name":"admin","@id":"https:\/\/www.prijedordanas.com\/#\/schema\/person\/4e08ccf29b506ca916ff86d46bb700e6"},"headline":"U\u010cENICI PRIJEDORSKE GIMNAZIJE \u201eSVETI SAVA\u201c ISPUNILI HUMANU MISIJU: RADNE AKCIJE DONIJELE USPOMENE SA AZURNE OBALE &#8211; FOTO","datePublished":"2017-09-27T20:55:30+00:00","dateModified":"2017-09-27T20:55:30+00:00","mainEntityOfPage":{"@id":"https:\/\/www.prijedordanas.com\/?p=89736"},"wordCount":514,"publisher":{"@id":"https:\/\/www.prijedordanas.com\/#organization"},"articleSection":["Mladi"],"inLanguage":"en-US"},{"@type":"WebPage","@id":"https:\/\/www.prijedordanas.com\/?p=89736","url":"https:\/\/www.prijedordanas.com\/?p=89736","name":"U\u010cENICI PRIJEDORSKE GIMNAZIJE \u201eSVETI SAVA\u201c ISPUNILI HUMANU MISIJU: RADNE AKCIJE DONIJELE USPOMENE SA AZURNE OBALE - FOTO - PrijedorDanas.com - Prijedorski gradski portal","isPartOf":{"@id":"https:\/\/www.prijedordanas.com\/#website"},"datePublished":"2017-09-27T20:55:30+00:00","dateModified":"2017-09-27T20:55:30+00:00","breadcrumb":{"@id":"https:\/\/www.prijedordanas.com\/?p=89736#breadcrumb"},"inLanguage":"en-US","potentialAction":[{"@type":"ReadAction","target":["https:\/\/www.prijedordanas.com\/?p=89736"]}]},{"@type":"BreadcrumbList","@id":"https:\/\/www.prijedordanas.com\/?p=89736#breadcrumb","itemListElement":[{"@type":"ListItem","position":1,"name":"Home","item":"https:\/\/www.prijedordanas.com\/"},{"@type":"ListItem","position":2,"name":"U\u010cENICI PRIJEDORSKE GIMNAZIJE \u201eSVETI SAVA\u201c ISPUNILI HUMANU MISIJU: RADNE AKCIJE DONIJELE USPOMENE SA AZURNE OBALE &#8211; FOTO"}]},{"@type":"WebSite","@id":"https:\/\/www.prijedordanas.com\/#website","url":"https:\/\/www.prijedordanas.com\/","name":"PrijedorDanas.com - Prijedorski gradski portal","description":"Portal o doga\u0111anjima u gradu Prijedoru","publisher":{"@id":"https:\/\/www.prijedordanas.com\/#organization"},"potentialAction":[{"@type":"SearchAction","target":{"@type":"EntryPoint","urlTemplate":"https:\/\/www.prijedordanas.com\/?s={search_term_string}"},"query-input":"required name=search_term_string"}],"inLanguage":"en-US"},{"@type":"Organization","@id":"https:\/\/www.prijedordanas.com\/#organization","name":"PrijedorDanas.com","url":"https:\/\/www.prijedordanas.com\/","logo":{"@type":"ImageObject","inLanguage":"en-US","@id":"https:\/\/www.prijedordanas.com\/#\/schema\/logo\/image\/","url":"http:\/\/www.prijedordanas.com\/wp-content\/uploads\/2021\/12\/logopng.png","contentUrl":"http:\/\/www.prijedordanas.com\/wp-content\/uploads\/2021\/12\/logopng.png","width":1019,"height":776,"caption":"PrijedorDanas.com"},"image":{"@id":"https:\/\/www.prijedordanas.com\/#\/schema\/logo\/image\/"},"sameAs":["https:\/\/www.facebook.com\/PrijedorDanasCom\/"]},{"@type":"Person","@id":"https:\/\/www.prijedordanas.com\/#\/schema\/person\/4e08ccf29b506ca916ff86d46bb700e6","name":"admin","image":{"@type":"ImageObject","inLanguage":"en-US","@id":"https:\/\/www.prijedordanas.com\/#\/schema\/person\/image\/","url":"https:\/\/secure.gravatar.com\/avatar\/1d3fc949d550f0b53a5f0d51e06dfd79?s=96&d=mm&r=g","contentUrl":"https:\/\/secure.gravatar.com\/avatar\/1d3fc949d550f0b53a5f0d51e06dfd79?s=96&d=mm&r=g","caption":"admin"},"url":"https:\/\/www.prijedordanas.com\/?author=1"}]}},"_links":{"self":[{"href":"https:\/\/www.prijedordanas.com\/index.php?rest_route=\/wp\/v2\/posts\/89736"}],"collection":[{"href":"https:\/\/www.prijedordanas.com\/index.php?rest_route=\/wp\/v2\/posts"}],"about":[{"href":"https:\/\/www.prijedordanas.com\/index.php?rest_route=\/wp\/v2\/types\/post"}],"author":[{"embeddable":true,"href":"https:\/\/www.prijedordanas.com\/index.php?rest_route=\/wp\/v2\/users\/1"}],"replies":[{"embeddable":true,"href":"https:\/\/www.prijedordanas.com\/index.php?rest_route=%2Fwp%2Fv2%2Fcomments&post=89736"}],"version-history":[{"count":1,"href":"https:\/\/www.prijedordanas.com\/index.php?rest_route=\/wp\/v2\/posts\/89736\/revisions"}],"predecessor-version":[{"id":89741,"href":"https:\/\/www.prijedordanas.com\/index.php?rest_route=\/wp\/v2\/posts\/89736\/revisions\/89741"}],"wp:attachment":[{"href":"https:\/\/www.prijedordanas.com\/index.php?rest_route=%2Fwp%2Fv2%2Fmedia&parent=89736"}],"wp:term":[{"taxonomy":"category","embeddable":true,"href":"https:\/\/www.prijedordanas.com\/index.php?rest_route=%2Fwp%2Fv2%2Fcategories&post=89736"},{"taxonomy":"post_tag","embeddable":true,"href":"https:\/\/www.prijedordanas.com\/index.php?rest_route=%2Fwp%2Fv2%2Ftags&post=89736"}],"curies":[{"name":"wp","href":"https:\/\/api.w.org\/{rel}","templated":true}]}}