{"id":89724,"date":"2017-09-27T19:51:37","date_gmt":"2017-09-27T17:51:37","guid":{"rendered":"https:\/\/www.prijedordanas.com\/?p=89724"},"modified":"2017-09-27T19:51:37","modified_gmt":"2017-09-27T17:51:37","slug":"u-prijedoru-sve-vise-turista-video","status":"publish","type":"post","link":"https:\/\/www.prijedordanas.com\/?p=89724","title":{"rendered":"U PRIJEDORU SVE VI\u0160E TURISTA \u2013 VIDEO"},"content":{"rendered":"<p><a href=\"https:\/\/www.prijedordanas.com\/wp-content\/uploads\/2017\/09\/prijedor-iz-vazduha.jpg\"><img loading=\"lazy\" decoding=\"async\" class=\"alignleft size-medium wp-image-89726\" src=\"https:\/\/www.prijedordanas.com\/wp-content\/uploads\/2017\/09\/prijedor-iz-vazduha-300x225.jpg\" alt=\"\" width=\"300\" height=\"225\" srcset=\"https:\/\/www.prijedordanas.com\/wp-content\/uploads\/2017\/09\/prijedor-iz-vazduha-300x225.jpg 300w, https:\/\/www.prijedordanas.com\/wp-content\/uploads\/2017\/09\/prijedor-iz-vazduha-100x75.jpg 100w, https:\/\/www.prijedordanas.com\/wp-content\/uploads\/2017\/09\/prijedor-iz-vazduha-640x480.jpg 640w, https:\/\/www.prijedordanas.com\/wp-content\/uploads\/2017\/09\/prijedor-iz-vazduha.jpg 666w\" sizes=\"(max-width: 300px) 100vw, 300px\" \/><\/a>Danas je Svjetski dan turizma.<\/p>\n<p>Istra\u017eivali smo turisti\u010dku ponuda Prijedora, koja je svake godine oboga\u0107ena novim sadr\u017eajem.<\/p>\n<p>Ono \u0161to najvi\u0161e privla\u010di turiste i gdje se i Prijedor\u010dani naj\u010de\u0161\u0107e odmaraju i u\u017eivaju jeste planina Kozara koja svake godine bilje\u017ei rekordne posjete.<\/p>\n<p>Prijedor ima izuzetne resurse za podizanje turisti\u010dke ponude na vi\u0161i nivo, tako ka\u017eu oni koji se bave turizmom. Svakako, u gradu na Sani mnogo je zna\u010dajnih manifestacija koje okupljaju veliki broj turista.<\/p>\n<p>Bogato kulturno i istorijsko naslje\u0111e govori sve o jednom gradu.<\/p>\n<p><a href=\"https:\/\/www.prijedordanas.com\/wp-content\/uploads\/2017\/06\/kozara-juni-2017-1.jpg\"><img loading=\"lazy\" decoding=\"async\" class=\"alignleft size-medium wp-image-83636\" src=\"https:\/\/www.prijedordanas.com\/wp-content\/uploads\/2017\/06\/kozara-juni-2017-1-300x231.jpg\" alt=\"\" width=\"300\" height=\"231\" srcset=\"https:\/\/www.prijedordanas.com\/wp-content\/uploads\/2017\/06\/kozara-juni-2017-1-300x231.jpg 300w, https:\/\/www.prijedordanas.com\/wp-content\/uploads\/2017\/06\/kozara-juni-2017-1-100x77.jpg 100w, https:\/\/www.prijedordanas.com\/wp-content\/uploads\/2017\/06\/kozara-juni-2017-1.jpg 650w\" sizes=\"(max-width: 300px) 100vw, 300px\" \/><\/a>Ipak, Prijedor je grad koji \u017eivi i no\u0107u i danju, a zbog raznovrsne turisti\u010dke ponude i planine Kozare mnogi vole da posjete ovaj kraj.<\/p>\n<p>Ponuda u Nacionalnom parku Kozare iz godine u godinu sve je bolja, tako da turisti ovdje imaju \u0161ta da vide, ali i probaju tokom cijele godine.<\/p>\n<p>Dok zimi u\u017eivaju ljubitelji zimskih sportova, mnogim gra\u0111anima Srpske, ali i turistima iz regiona, Kozara je interesantna i za vrijeme toplijih dana.<\/p>\n<p>&#8211; Veliki je broj onih koji dolaze u prolje\u0107e, prije svega djece koja dolaze sa \u0161kolama u organizovanu posjetu naciobalnom parku &#8220;Kozara&#8221; &#8211; ka\u017ee direktor NP Dragan Rom\u010devi\u0107.<\/p>\n<p>U Turisti\u010dkoj organizaciji Prijedor ka\u017eu da se svake godine pove\u0107ava broj posjetilaca u gradu.<\/p>\n<p>Veliki broj kulturnih i sportskih manifestacija privla\u010di mnoge turiste.<\/p>\n<p>&#8211; Posje\u0107ene su manifestacije koje organizuje, ne samo Gradska uprava, ve\u0107 i mnogo drugih organizacija i udru\u017eenja koji se nama obra\u0107aju za pomo\u0107 &#8211; isti\u010de Amira Gani\u0107, direktorka Turisti\u010dke organizacije.<\/p>\n<p>U okviru obilje\u017eavanja Svjetskog dana turizma 2017. godine Turisti\u010dka organizacija Prijedor organizovala je foto radionicu pod nazivom &#8220;Putuj, u\u017eivaj, po\u0161tuj&#8221;.<\/p>\n<p>Dodijeljene su i nagrade za najbolje fotografije.<\/p>\n<p>RTRS<\/p>\n<p><iframe loading=\"lazy\" width=\"500\" height=\"375\" src=\"https:\/\/www.youtube.com\/embed\/ooUPTXPEVQU?feature=oembed\" frameborder=\"0\" allowfullscreen><\/iframe><\/p>\n","protected":false},"excerpt":{"rendered":"<p>Danas je Svjetski dan turizma. Istra\u017eivali smo turisti\u010dku ponuda Prijedora, koja je svake godine oboga\u0107ena novim sadr\u017eajem. Ono \u0161to najvi\u0161e privla\u010di turiste i gdje se i Prijedor\u010dani naj\u010de\u0161\u0107e odmaraju i [&hellip;]<\/p>\n","protected":false},"author":1,"featured_media":0,"comment_status":"closed","ping_status":"open","sticky":false,"template":"","format":"standard","meta":{"_monsterinsights_skip_tracking":false,"_monsterinsights_sitenote_active":false,"_monsterinsights_sitenote_note":"","_monsterinsights_sitenote_category":0,"footnotes":""},"categories":[4],"tags":[],"yoast_head":"<!-- This site is optimized with the Yoast SEO plugin v21.6 - https:\/\/yoast.com\/wordpress\/plugins\/seo\/ -->\n<title>U PRIJEDORU SVE VI\u0160E TURISTA \u2013 VIDEO - PrijedorDanas.com - Prijedorski gradski portal<\/title>\n<meta name=\"robots\" content=\"index, follow, max-snippet:-1, max-image-preview:large, max-video-preview:-1\" \/>\n<link rel=\"canonical\" href=\"https:\/\/www.prijedordanas.com\/?p=89724\" \/>\n<meta property=\"og:locale\" content=\"en_US\" \/>\n<meta property=\"og:type\" content=\"article\" \/>\n<meta property=\"og:title\" content=\"U PRIJEDORU SVE VI\u0160E TURISTA \u2013 VIDEO - PrijedorDanas.com - Prijedorski gradski portal\" \/>\n<meta property=\"og:description\" content=\"Danas je Svjetski dan turizma. Istra\u017eivali smo turisti\u010dku ponuda Prijedora, koja je svake godine oboga\u0107ena novim sadr\u017eajem. Ono \u0161to najvi\u0161e privla\u010di turiste i gdje se i Prijedor\u010dani naj\u010de\u0161\u0107e odmaraju i [&hellip;]\" \/>\n<meta property=\"og:url\" content=\"https:\/\/www.prijedordanas.com\/?p=89724\" \/>\n<meta property=\"og:site_name\" content=\"PrijedorDanas.com - Prijedorski gradski portal\" \/>\n<meta property=\"article:publisher\" content=\"https:\/\/www.facebook.com\/PrijedorDanasCom\/\" \/>\n<meta property=\"article:published_time\" content=\"2017-09-27T17:51:37+00:00\" \/>\n<meta property=\"og:image\" content=\"https:\/\/www.prijedordanas.com\/wp-content\/uploads\/2017\/09\/prijedor-iz-vazduha-300x225.jpg\" \/>\n<meta name=\"author\" content=\"admin\" \/>\n<meta name=\"twitter:card\" content=\"summary_large_image\" \/>\n<meta name=\"twitter:label1\" content=\"Written by\" \/>\n\t<meta name=\"twitter:data1\" content=\"admin\" \/>\n\t<meta name=\"twitter:label2\" content=\"Est. reading time\" \/>\n\t<meta name=\"twitter:data2\" content=\"2 minutes\" \/>\n<script type=\"application\/ld+json\" class=\"yoast-schema-graph\">{\"@context\":\"https:\/\/schema.org\",\"@graph\":[{\"@type\":\"Article\",\"@id\":\"https:\/\/www.prijedordanas.com\/?p=89724#article\",\"isPartOf\":{\"@id\":\"https:\/\/www.prijedordanas.com\/?p=89724\"},\"author\":{\"name\":\"admin\",\"@id\":\"https:\/\/www.prijedordanas.com\/#\/schema\/person\/4e08ccf29b506ca916ff86d46bb700e6\"},\"headline\":\"U PRIJEDORU SVE VI\u0160E TURISTA \u2013 VIDEO\",\"datePublished\":\"2017-09-27T17:51:37+00:00\",\"dateModified\":\"2017-09-27T17:51:37+00:00\",\"mainEntityOfPage\":{\"@id\":\"https:\/\/www.prijedordanas.com\/?p=89724\"},\"wordCount\":309,\"publisher\":{\"@id\":\"https:\/\/www.prijedordanas.com\/#organization\"},\"articleSection\":[\"Dru\u0161tvo\"],\"inLanguage\":\"en-US\"},{\"@type\":\"WebPage\",\"@id\":\"https:\/\/www.prijedordanas.com\/?p=89724\",\"url\":\"https:\/\/www.prijedordanas.com\/?p=89724\",\"name\":\"U PRIJEDORU SVE VI\u0160E TURISTA \u2013 VIDEO - PrijedorDanas.com - Prijedorski gradski portal\",\"isPartOf\":{\"@id\":\"https:\/\/www.prijedordanas.com\/#website\"},\"datePublished\":\"2017-09-27T17:51:37+00:00\",\"dateModified\":\"2017-09-27T17:51:37+00:00\",\"breadcrumb\":{\"@id\":\"https:\/\/www.prijedordanas.com\/?p=89724#breadcrumb\"},\"inLanguage\":\"en-US\",\"potentialAction\":[{\"@type\":\"ReadAction\",\"target\":[\"https:\/\/www.prijedordanas.com\/?p=89724\"]}]},{\"@type\":\"BreadcrumbList\",\"@id\":\"https:\/\/www.prijedordanas.com\/?p=89724#breadcrumb\",\"itemListElement\":[{\"@type\":\"ListItem\",\"position\":1,\"name\":\"Home\",\"item\":\"https:\/\/www.prijedordanas.com\/\"},{\"@type\":\"ListItem\",\"position\":2,\"name\":\"U PRIJEDORU SVE VI\u0160E TURISTA \u2013 VIDEO\"}]},{\"@type\":\"WebSite\",\"@id\":\"https:\/\/www.prijedordanas.com\/#website\",\"url\":\"https:\/\/www.prijedordanas.com\/\",\"name\":\"PrijedorDanas.com - Prijedorski gradski portal\",\"description\":\"Portal o doga\u0111anjima u gradu Prijedoru\",\"publisher\":{\"@id\":\"https:\/\/www.prijedordanas.com\/#organization\"},\"potentialAction\":[{\"@type\":\"SearchAction\",\"target\":{\"@type\":\"EntryPoint\",\"urlTemplate\":\"https:\/\/www.prijedordanas.com\/?s={search_term_string}\"},\"query-input\":\"required name=search_term_string\"}],\"inLanguage\":\"en-US\"},{\"@type\":\"Organization\",\"@id\":\"https:\/\/www.prijedordanas.com\/#organization\",\"name\":\"PrijedorDanas.com\",\"url\":\"https:\/\/www.prijedordanas.com\/\",\"logo\":{\"@type\":\"ImageObject\",\"inLanguage\":\"en-US\",\"@id\":\"https:\/\/www.prijedordanas.com\/#\/schema\/logo\/image\/\",\"url\":\"http:\/\/www.prijedordanas.com\/wp-content\/uploads\/2021\/12\/logopng.png\",\"contentUrl\":\"http:\/\/www.prijedordanas.com\/wp-content\/uploads\/2021\/12\/logopng.png\",\"width\":1019,\"height\":776,\"caption\":\"PrijedorDanas.com\"},\"image\":{\"@id\":\"https:\/\/www.prijedordanas.com\/#\/schema\/logo\/image\/\"},\"sameAs\":[\"https:\/\/www.facebook.com\/PrijedorDanasCom\/\"]},{\"@type\":\"Person\",\"@id\":\"https:\/\/www.prijedordanas.com\/#\/schema\/person\/4e08ccf29b506ca916ff86d46bb700e6\",\"name\":\"admin\",\"image\":{\"@type\":\"ImageObject\",\"inLanguage\":\"en-US\",\"@id\":\"https:\/\/www.prijedordanas.com\/#\/schema\/person\/image\/\",\"url\":\"https:\/\/secure.gravatar.com\/avatar\/1d3fc949d550f0b53a5f0d51e06dfd79?s=96&d=mm&r=g\",\"contentUrl\":\"https:\/\/secure.gravatar.com\/avatar\/1d3fc949d550f0b53a5f0d51e06dfd79?s=96&d=mm&r=g\",\"caption\":\"admin\"},\"url\":\"https:\/\/www.prijedordanas.com\/?author=1\"}]}<\/script>\n<!-- \/ Yoast SEO plugin. -->","yoast_head_json":{"title":"U PRIJEDORU SVE VI\u0160E TURISTA \u2013 VIDEO - PrijedorDanas.com - Prijedorski gradski portal","robots":{"index":"index","follow":"follow","max-snippet":"max-snippet:-1","max-image-preview":"max-image-preview:large","max-video-preview":"max-video-preview:-1"},"canonical":"https:\/\/www.prijedordanas.com\/?p=89724","og_locale":"en_US","og_type":"article","og_title":"U PRIJEDORU SVE VI\u0160E TURISTA \u2013 VIDEO - PrijedorDanas.com - Prijedorski gradski portal","og_description":"Danas je Svjetski dan turizma. Istra\u017eivali smo turisti\u010dku ponuda Prijedora, koja je svake godine oboga\u0107ena novim sadr\u017eajem. Ono \u0161to najvi\u0161e privla\u010di turiste i gdje se i Prijedor\u010dani naj\u010de\u0161\u0107e odmaraju i [&hellip;]","og_url":"https:\/\/www.prijedordanas.com\/?p=89724","og_site_name":"PrijedorDanas.com - Prijedorski gradski portal","article_publisher":"https:\/\/www.facebook.com\/PrijedorDanasCom\/","article_published_time":"2017-09-27T17:51:37+00:00","og_image":[{"url":"https:\/\/www.prijedordanas.com\/wp-content\/uploads\/2017\/09\/prijedor-iz-vazduha-300x225.jpg"}],"author":"admin","twitter_card":"summary_large_image","twitter_misc":{"Written by":"admin","Est. reading time":"2 minutes"},"schema":{"@context":"https:\/\/schema.org","@graph":[{"@type":"Article","@id":"https:\/\/www.prijedordanas.com\/?p=89724#article","isPartOf":{"@id":"https:\/\/www.prijedordanas.com\/?p=89724"},"author":{"name":"admin","@id":"https:\/\/www.prijedordanas.com\/#\/schema\/person\/4e08ccf29b506ca916ff86d46bb700e6"},"headline":"U PRIJEDORU SVE VI\u0160E TURISTA \u2013 VIDEO","datePublished":"2017-09-27T17:51:37+00:00","dateModified":"2017-09-27T17:51:37+00:00","mainEntityOfPage":{"@id":"https:\/\/www.prijedordanas.com\/?p=89724"},"wordCount":309,"publisher":{"@id":"https:\/\/www.prijedordanas.com\/#organization"},"articleSection":["Dru\u0161tvo"],"inLanguage":"en-US"},{"@type":"WebPage","@id":"https:\/\/www.prijedordanas.com\/?p=89724","url":"https:\/\/www.prijedordanas.com\/?p=89724","name":"U PRIJEDORU SVE VI\u0160E TURISTA \u2013 VIDEO - PrijedorDanas.com - Prijedorski gradski portal","isPartOf":{"@id":"https:\/\/www.prijedordanas.com\/#website"},"datePublished":"2017-09-27T17:51:37+00:00","dateModified":"2017-09-27T17:51:37+00:00","breadcrumb":{"@id":"https:\/\/www.prijedordanas.com\/?p=89724#breadcrumb"},"inLanguage":"en-US","potentialAction":[{"@type":"ReadAction","target":["https:\/\/www.prijedordanas.com\/?p=89724"]}]},{"@type":"BreadcrumbList","@id":"https:\/\/www.prijedordanas.com\/?p=89724#breadcrumb","itemListElement":[{"@type":"ListItem","position":1,"name":"Home","item":"https:\/\/www.prijedordanas.com\/"},{"@type":"ListItem","position":2,"name":"U PRIJEDORU SVE VI\u0160E TURISTA \u2013 VIDEO"}]},{"@type":"WebSite","@id":"https:\/\/www.prijedordanas.com\/#website","url":"https:\/\/www.prijedordanas.com\/","name":"PrijedorDanas.com - Prijedorski gradski portal","description":"Portal o doga\u0111anjima u gradu Prijedoru","publisher":{"@id":"https:\/\/www.prijedordanas.com\/#organization"},"potentialAction":[{"@type":"SearchAction","target":{"@type":"EntryPoint","urlTemplate":"https:\/\/www.prijedordanas.com\/?s={search_term_string}"},"query-input":"required name=search_term_string"}],"inLanguage":"en-US"},{"@type":"Organization","@id":"https:\/\/www.prijedordanas.com\/#organization","name":"PrijedorDanas.com","url":"https:\/\/www.prijedordanas.com\/","logo":{"@type":"ImageObject","inLanguage":"en-US","@id":"https:\/\/www.prijedordanas.com\/#\/schema\/logo\/image\/","url":"http:\/\/www.prijedordanas.com\/wp-content\/uploads\/2021\/12\/logopng.png","contentUrl":"http:\/\/www.prijedordanas.com\/wp-content\/uploads\/2021\/12\/logopng.png","width":1019,"height":776,"caption":"PrijedorDanas.com"},"image":{"@id":"https:\/\/www.prijedordanas.com\/#\/schema\/logo\/image\/"},"sameAs":["https:\/\/www.facebook.com\/PrijedorDanasCom\/"]},{"@type":"Person","@id":"https:\/\/www.prijedordanas.com\/#\/schema\/person\/4e08ccf29b506ca916ff86d46bb700e6","name":"admin","image":{"@type":"ImageObject","inLanguage":"en-US","@id":"https:\/\/www.prijedordanas.com\/#\/schema\/person\/image\/","url":"https:\/\/secure.gravatar.com\/avatar\/1d3fc949d550f0b53a5f0d51e06dfd79?s=96&d=mm&r=g","contentUrl":"https:\/\/secure.gravatar.com\/avatar\/1d3fc949d550f0b53a5f0d51e06dfd79?s=96&d=mm&r=g","caption":"admin"},"url":"https:\/\/www.prijedordanas.com\/?author=1"}]}},"_links":{"self":[{"href":"https:\/\/www.prijedordanas.com\/index.php?rest_route=\/wp\/v2\/posts\/89724"}],"collection":[{"href":"https:\/\/www.prijedordanas.com\/index.php?rest_route=\/wp\/v2\/posts"}],"about":[{"href":"https:\/\/www.prijedordanas.com\/index.php?rest_route=\/wp\/v2\/types\/post"}],"author":[{"embeddable":true,"href":"https:\/\/www.prijedordanas.com\/index.php?rest_route=\/wp\/v2\/users\/1"}],"replies":[{"embeddable":true,"href":"https:\/\/www.prijedordanas.com\/index.php?rest_route=%2Fwp%2Fv2%2Fcomments&post=89724"}],"version-history":[{"count":1,"href":"https:\/\/www.prijedordanas.com\/index.php?rest_route=\/wp\/v2\/posts\/89724\/revisions"}],"predecessor-version":[{"id":89727,"href":"https:\/\/www.prijedordanas.com\/index.php?rest_route=\/wp\/v2\/posts\/89724\/revisions\/89727"}],"wp:attachment":[{"href":"https:\/\/www.prijedordanas.com\/index.php?rest_route=%2Fwp%2Fv2%2Fmedia&parent=89724"}],"wp:term":[{"taxonomy":"category","embeddable":true,"href":"https:\/\/www.prijedordanas.com\/index.php?rest_route=%2Fwp%2Fv2%2Fcategories&post=89724"},{"taxonomy":"post_tag","embeddable":true,"href":"https:\/\/www.prijedordanas.com\/index.php?rest_route=%2Fwp%2Fv2%2Ftags&post=89724"}],"curies":[{"name":"wp","href":"https:\/\/api.w.org\/{rel}","templated":true}]}}