{"id":89416,"date":"2017-09-20T18:22:37","date_gmt":"2017-09-20T16:22:37","guid":{"rendered":"https:\/\/www.prijedordanas.com\/?p=89416"},"modified":"2017-09-20T18:22:37","modified_gmt":"2017-09-20T16:22:37","slug":"prijedor-usvojen-polugodisnji-izvjestaj-o-izvrsenju-budzeta-povecana-cijena-odvoza-smeca-fotovideo","status":"publish","type":"post","link":"https:\/\/www.prijedordanas.com\/?p=89416","title":{"rendered":"PRIJEDOR: USVOJEN POLUGODI\u0160NJI IZVJE\u0160TAJ O IZVR\u0160ENJU BUD\u017dETA \u2013 POVE\u0106ANA CIJENA ODVOZA SME\u0106A \u2013 FOTO\/VIDEO"},"content":{"rendered":"<p><a href=\"https:\/\/www.prijedordanas.com\/wp-content\/uploads\/2017\/09\/skupstina-grada-20septembar-1.jpg\"><img loading=\"lazy\" decoding=\"async\" class=\"alignleft size-medium wp-image-89417\" src=\"https:\/\/www.prijedordanas.com\/wp-content\/uploads\/2017\/09\/skupstina-grada-20septembar-1-300x222.jpg\" alt=\"\" width=\"300\" height=\"222\" srcset=\"https:\/\/www.prijedordanas.com\/wp-content\/uploads\/2017\/09\/skupstina-grada-20septembar-1-300x222.jpg 300w, https:\/\/www.prijedordanas.com\/wp-content\/uploads\/2017\/09\/skupstina-grada-20septembar-1-100x74.jpg 100w, https:\/\/www.prijedordanas.com\/wp-content\/uploads\/2017\/09\/skupstina-grada-20septembar-1.jpg 675w\" sizes=\"(max-width: 300px) 100vw, 300px\" \/><\/a>Odbornici Skup\u0161tine grada Prijedora, usvojili su polugodi\u0161nji izvje\u0161taj o izvr\u0161enju bud\u017eeta Grada prema kojem je ostvaren suficit od oko 325 hiljada maraka.<\/p>\n<p>Izme\u0111u ostalog, usvojen je i Prijedlog odluke o davanju saglasnosti preduze\u0107a &#8220;Komunalne usluge&#8221; za pove\u0107anje cijena odvoza sme\u0107a za osam odsto, \u0161to \u0107e u prosjeku zna\u010diti poskupljenje od jedne marke po doma\u0107instvu.<\/p>\n<p>&#8220;Komunalno preduze\u0107e&#8221; zbog niza ote\u017eavaju\u0107ih okolnosti u poslovanju, tra\u017eilo je pove\u0107anje cijena odvoza sme\u0107a od 14 odsto.<\/p>\n<p><a href=\"https:\/\/www.prijedordanas.com\/wp-content\/uploads\/2017\/09\/skupstina-grada-20septembar-2.jpg\"><img loading=\"lazy\" decoding=\"async\" src=\"https:\/\/www.prijedordanas.com\/wp-content\/uploads\/2017\/09\/skupstina-grada-20septembar-2-300x222.jpg\" alt=\"\" width=\"300\" height=\"222\" class=\"alignleft size-medium wp-image-89418\" srcset=\"https:\/\/www.prijedordanas.com\/wp-content\/uploads\/2017\/09\/skupstina-grada-20septembar-2-300x222.jpg 300w, https:\/\/www.prijedordanas.com\/wp-content\/uploads\/2017\/09\/skupstina-grada-20septembar-2-100x74.jpg 100w, https:\/\/www.prijedordanas.com\/wp-content\/uploads\/2017\/09\/skupstina-grada-20septembar-2.jpg 675w\" sizes=\"(max-width: 300px) 100vw, 300px\" \/><\/a>Me\u0111utim, resorno odjeljenje Gradske uprave i Savjet potro\u0161a\u010da, umanjili su tra\u017eeno poskupljenje na osam odsto, \u0161to su prijedorski odbornici, nakon rasprave i usvojili.<\/p>\n<p>&#8211; Smatramo da procjena od jedne konvertibilne marke pove\u0107anja po jednoj porodici nije tako tragi\u010dno rje\u0161enje kao \u0161to se poku\u0161ava predstaviti od opozicionih odbornika, ali njihov je i zadatak da budu protiv. \u0408a sam pozvao ljude da po svojoj savjesti ne po bilo kakvom nalogu, ne po bilo \u010demu, donesu odluku i odluka je donesena &#8211; istakao je gradona\u010delnik Prijedora Milenko \u0110akovi\u0107.<\/p>\n<p>&#8211; Komunalno preduze\u0107e radi svoj posao onako kako treba. Sigurno je da je tu evidentno da postoji neka problematika koja je jo\u0161 zaostav\u0161tina nekih proteklih vremena gdje nekom dodatnom injekcijom trebaju rije\u0161iti te probleme &#8211; dodao je \u0161ef Kluba odbornika SNSD-a Dragoslav Kabi\u0107.<\/p>\n<p><a href=\"https:\/\/www.prijedordanas.com\/wp-content\/uploads\/2017\/09\/skupstina-grada-20septembar-3.jpg\"><img loading=\"lazy\" decoding=\"async\" src=\"https:\/\/www.prijedordanas.com\/wp-content\/uploads\/2017\/09\/skupstina-grada-20septembar-3-300x222.jpg\" alt=\"\" width=\"300\" height=\"222\" class=\"alignleft size-medium wp-image-89419\" srcset=\"https:\/\/www.prijedordanas.com\/wp-content\/uploads\/2017\/09\/skupstina-grada-20septembar-3-300x222.jpg 300w, https:\/\/www.prijedordanas.com\/wp-content\/uploads\/2017\/09\/skupstina-grada-20septembar-3-100x74.jpg 100w, https:\/\/www.prijedordanas.com\/wp-content\/uploads\/2017\/09\/skupstina-grada-20septembar-3.jpg 675w\" sizes=\"(max-width: 300px) 100vw, 300px\" \/><\/a>Odbornici Srpske demokratske stranke nisu podr\u017eali ovo poskupljenje.<\/p>\n<p>&#8211; Ima vi\u0161e razloga i na\u010dina na koji se mo\u017ee do\u0107i do tih sredstava. Na\u0161 odbornik gospodin Stoji\u0107 je predlo\u017eio, po\u0161to smo imali suficit u bud\u017eetu da se dio sredstava iz bud\u017eeta mo\u017ee izdvojiti za pomo\u0107 Komunalnom preduze\u0107u, normalno bolja unutra\u0161nja organizacija, u\u0161teda sredstava, a da ne idemo sa pove\u0107anjem cijena &#8211; smatra odbornik SDS-a u Skup\u0161tini Grada Prijedora Radenko Stijepi\u0107.<\/p>\n<p>Iz gradske uprave potvr\u0111eno je da \u0107e Visoka medicinska \u0161kola iz monta\u017enog objekta biti premje\u0161tena u prostorije iznad Elektrotehni\u010dke i Ma\u0161inske \u0161kole u Prijedoru.<\/p>\n<p>RTRS<\/p>\n<p><iframe loading=\"lazy\" width=\"500\" height=\"375\" src=\"https:\/\/www.youtube.com\/embed\/99DCIhiEtjc?feature=oembed\" frameborder=\"0\" allowfullscreen><\/iframe><\/p>\n<p><a href=\"https:\/\/www.prijedordanas.com\/wp-content\/uploads\/2017\/09\/skupstina-grada-20septembar-4.jpg\"><img loading=\"lazy\" decoding=\"async\" src=\"https:\/\/www.prijedordanas.com\/wp-content\/uploads\/2017\/09\/skupstina-grada-20septembar-4-300x222.jpg\" alt=\"\" width=\"300\" height=\"222\" class=\"alignleft size-medium wp-image-89420\" srcset=\"https:\/\/www.prijedordanas.com\/wp-content\/uploads\/2017\/09\/skupstina-grada-20septembar-4-300x222.jpg 300w, https:\/\/www.prijedordanas.com\/wp-content\/uploads\/2017\/09\/skupstina-grada-20septembar-4-100x74.jpg 100w, https:\/\/www.prijedordanas.com\/wp-content\/uploads\/2017\/09\/skupstina-grada-20septembar-4.jpg 675w\" sizes=\"(max-width: 300px) 100vw, 300px\" \/><\/a> <a href=\"https:\/\/www.prijedordanas.com\/wp-content\/uploads\/2017\/09\/skupstina-grada-20septembar-5.jpg\"><img loading=\"lazy\" decoding=\"async\" src=\"https:\/\/www.prijedordanas.com\/wp-content\/uploads\/2017\/09\/skupstina-grada-20septembar-5-300x222.jpg\" alt=\"\" width=\"300\" height=\"222\" class=\"alignleft size-medium wp-image-89421\" srcset=\"https:\/\/www.prijedordanas.com\/wp-content\/uploads\/2017\/09\/skupstina-grada-20septembar-5-300x222.jpg 300w, https:\/\/www.prijedordanas.com\/wp-content\/uploads\/2017\/09\/skupstina-grada-20septembar-5-100x74.jpg 100w, https:\/\/www.prijedordanas.com\/wp-content\/uploads\/2017\/09\/skupstina-grada-20septembar-5.jpg 675w\" sizes=\"(max-width: 300px) 100vw, 300px\" \/><\/a><\/p>\n","protected":false},"excerpt":{"rendered":"<p>Odbornici Skup\u0161tine grada Prijedora, usvojili su polugodi\u0161nji izvje\u0161taj o izvr\u0161enju bud\u017eeta Grada prema kojem je ostvaren suficit od oko 325 hiljada maraka. Izme\u0111u ostalog, usvojen je i Prijedlog odluke o [&hellip;]<\/p>\n","protected":false},"author":1,"featured_media":0,"comment_status":"closed","ping_status":"open","sticky":false,"template":"","format":"standard","meta":{"_monsterinsights_skip_tracking":false,"_monsterinsights_sitenote_active":false,"_monsterinsights_sitenote_note":"","_monsterinsights_sitenote_category":0,"footnotes":""},"categories":[4],"tags":[],"yoast_head":"<!-- This site is optimized with the Yoast SEO plugin v21.6 - https:\/\/yoast.com\/wordpress\/plugins\/seo\/ -->\n<title>PRIJEDOR: USVOJEN POLUGODI\u0160NJI IZVJE\u0160TAJ O IZVR\u0160ENJU BUD\u017dETA \u2013 POVE\u0106ANA CIJENA ODVOZA SME\u0106A \u2013 FOTO\/VIDEO - PrijedorDanas.com - Prijedorski gradski portal<\/title>\n<meta name=\"robots\" content=\"index, follow, max-snippet:-1, max-image-preview:large, max-video-preview:-1\" \/>\n<link rel=\"canonical\" href=\"https:\/\/www.prijedordanas.com\/?p=89416\" \/>\n<meta property=\"og:locale\" content=\"en_US\" \/>\n<meta property=\"og:type\" content=\"article\" \/>\n<meta property=\"og:title\" content=\"PRIJEDOR: USVOJEN POLUGODI\u0160NJI IZVJE\u0160TAJ O IZVR\u0160ENJU BUD\u017dETA \u2013 POVE\u0106ANA CIJENA ODVOZA SME\u0106A \u2013 FOTO\/VIDEO - PrijedorDanas.com - Prijedorski gradski portal\" \/>\n<meta property=\"og:description\" content=\"Odbornici Skup\u0161tine grada Prijedora, usvojili su polugodi\u0161nji izvje\u0161taj o izvr\u0161enju bud\u017eeta Grada prema kojem je ostvaren suficit od oko 325 hiljada maraka. Izme\u0111u ostalog, usvojen je i Prijedlog odluke o [&hellip;]\" \/>\n<meta property=\"og:url\" content=\"https:\/\/www.prijedordanas.com\/?p=89416\" \/>\n<meta property=\"og:site_name\" content=\"PrijedorDanas.com - Prijedorski gradski portal\" \/>\n<meta property=\"article:publisher\" content=\"https:\/\/www.facebook.com\/PrijedorDanasCom\/\" \/>\n<meta property=\"article:published_time\" content=\"2017-09-20T16:22:37+00:00\" \/>\n<meta property=\"og:image\" content=\"https:\/\/www.prijedordanas.com\/wp-content\/uploads\/2017\/09\/skupstina-grada-20septembar-1-300x222.jpg\" \/>\n<meta name=\"author\" content=\"admin\" \/>\n<meta name=\"twitter:card\" content=\"summary_large_image\" \/>\n<meta name=\"twitter:label1\" content=\"Written by\" \/>\n\t<meta name=\"twitter:data1\" content=\"admin\" \/>\n\t<meta name=\"twitter:label2\" content=\"Est. reading time\" \/>\n\t<meta name=\"twitter:data2\" content=\"2 minutes\" \/>\n<script type=\"application\/ld+json\" class=\"yoast-schema-graph\">{\"@context\":\"https:\/\/schema.org\",\"@graph\":[{\"@type\":\"Article\",\"@id\":\"https:\/\/www.prijedordanas.com\/?p=89416#article\",\"isPartOf\":{\"@id\":\"https:\/\/www.prijedordanas.com\/?p=89416\"},\"author\":{\"name\":\"admin\",\"@id\":\"https:\/\/www.prijedordanas.com\/#\/schema\/person\/4e08ccf29b506ca916ff86d46bb700e6\"},\"headline\":\"PRIJEDOR: USVOJEN POLUGODI\u0160NJI IZVJE\u0160TAJ O IZVR\u0160ENJU BUD\u017dETA \u2013 POVE\u0106ANA CIJENA ODVOZA SME\u0106A \u2013 FOTO\/VIDEO\",\"datePublished\":\"2017-09-20T16:22:37+00:00\",\"dateModified\":\"2017-09-20T16:22:37+00:00\",\"mainEntityOfPage\":{\"@id\":\"https:\/\/www.prijedordanas.com\/?p=89416\"},\"wordCount\":363,\"publisher\":{\"@id\":\"https:\/\/www.prijedordanas.com\/#organization\"},\"articleSection\":[\"Dru\u0161tvo\"],\"inLanguage\":\"en-US\"},{\"@type\":\"WebPage\",\"@id\":\"https:\/\/www.prijedordanas.com\/?p=89416\",\"url\":\"https:\/\/www.prijedordanas.com\/?p=89416\",\"name\":\"PRIJEDOR: USVOJEN POLUGODI\u0160NJI IZVJE\u0160TAJ O IZVR\u0160ENJU BUD\u017dETA \u2013 POVE\u0106ANA CIJENA ODVOZA SME\u0106A \u2013 FOTO\/VIDEO - PrijedorDanas.com - Prijedorski gradski portal\",\"isPartOf\":{\"@id\":\"https:\/\/www.prijedordanas.com\/#website\"},\"datePublished\":\"2017-09-20T16:22:37+00:00\",\"dateModified\":\"2017-09-20T16:22:37+00:00\",\"breadcrumb\":{\"@id\":\"https:\/\/www.prijedordanas.com\/?p=89416#breadcrumb\"},\"inLanguage\":\"en-US\",\"potentialAction\":[{\"@type\":\"ReadAction\",\"target\":[\"https:\/\/www.prijedordanas.com\/?p=89416\"]}]},{\"@type\":\"BreadcrumbList\",\"@id\":\"https:\/\/www.prijedordanas.com\/?p=89416#breadcrumb\",\"itemListElement\":[{\"@type\":\"ListItem\",\"position\":1,\"name\":\"Home\",\"item\":\"https:\/\/www.prijedordanas.com\/\"},{\"@type\":\"ListItem\",\"position\":2,\"name\":\"PRIJEDOR: USVOJEN POLUGODI\u0160NJI IZVJE\u0160TAJ O IZVR\u0160ENJU BUD\u017dETA \u2013 POVE\u0106ANA CIJENA ODVOZA SME\u0106A \u2013 FOTO\/VIDEO\"}]},{\"@type\":\"WebSite\",\"@id\":\"https:\/\/www.prijedordanas.com\/#website\",\"url\":\"https:\/\/www.prijedordanas.com\/\",\"name\":\"PrijedorDanas.com - Prijedorski gradski portal\",\"description\":\"Portal o doga\u0111anjima u gradu Prijedoru\",\"publisher\":{\"@id\":\"https:\/\/www.prijedordanas.com\/#organization\"},\"potentialAction\":[{\"@type\":\"SearchAction\",\"target\":{\"@type\":\"EntryPoint\",\"urlTemplate\":\"https:\/\/www.prijedordanas.com\/?s={search_term_string}\"},\"query-input\":\"required name=search_term_string\"}],\"inLanguage\":\"en-US\"},{\"@type\":\"Organization\",\"@id\":\"https:\/\/www.prijedordanas.com\/#organization\",\"name\":\"PrijedorDanas.com\",\"url\":\"https:\/\/www.prijedordanas.com\/\",\"logo\":{\"@type\":\"ImageObject\",\"inLanguage\":\"en-US\",\"@id\":\"https:\/\/www.prijedordanas.com\/#\/schema\/logo\/image\/\",\"url\":\"http:\/\/www.prijedordanas.com\/wp-content\/uploads\/2021\/12\/logopng.png\",\"contentUrl\":\"http:\/\/www.prijedordanas.com\/wp-content\/uploads\/2021\/12\/logopng.png\",\"width\":1019,\"height\":776,\"caption\":\"PrijedorDanas.com\"},\"image\":{\"@id\":\"https:\/\/www.prijedordanas.com\/#\/schema\/logo\/image\/\"},\"sameAs\":[\"https:\/\/www.facebook.com\/PrijedorDanasCom\/\"]},{\"@type\":\"Person\",\"@id\":\"https:\/\/www.prijedordanas.com\/#\/schema\/person\/4e08ccf29b506ca916ff86d46bb700e6\",\"name\":\"admin\",\"image\":{\"@type\":\"ImageObject\",\"inLanguage\":\"en-US\",\"@id\":\"https:\/\/www.prijedordanas.com\/#\/schema\/person\/image\/\",\"url\":\"https:\/\/secure.gravatar.com\/avatar\/1d3fc949d550f0b53a5f0d51e06dfd79?s=96&d=mm&r=g\",\"contentUrl\":\"https:\/\/secure.gravatar.com\/avatar\/1d3fc949d550f0b53a5f0d51e06dfd79?s=96&d=mm&r=g\",\"caption\":\"admin\"},\"url\":\"https:\/\/www.prijedordanas.com\/?author=1\"}]}<\/script>\n<!-- \/ Yoast SEO plugin. -->","yoast_head_json":{"title":"PRIJEDOR: USVOJEN POLUGODI\u0160NJI IZVJE\u0160TAJ O IZVR\u0160ENJU BUD\u017dETA \u2013 POVE\u0106ANA CIJENA ODVOZA SME\u0106A \u2013 FOTO\/VIDEO - PrijedorDanas.com - Prijedorski gradski portal","robots":{"index":"index","follow":"follow","max-snippet":"max-snippet:-1","max-image-preview":"max-image-preview:large","max-video-preview":"max-video-preview:-1"},"canonical":"https:\/\/www.prijedordanas.com\/?p=89416","og_locale":"en_US","og_type":"article","og_title":"PRIJEDOR: USVOJEN POLUGODI\u0160NJI IZVJE\u0160TAJ O IZVR\u0160ENJU BUD\u017dETA \u2013 POVE\u0106ANA CIJENA ODVOZA SME\u0106A \u2013 FOTO\/VIDEO - PrijedorDanas.com - Prijedorski gradski portal","og_description":"Odbornici Skup\u0161tine grada Prijedora, usvojili su polugodi\u0161nji izvje\u0161taj o izvr\u0161enju bud\u017eeta Grada prema kojem je ostvaren suficit od oko 325 hiljada maraka. Izme\u0111u ostalog, usvojen je i Prijedlog odluke o [&hellip;]","og_url":"https:\/\/www.prijedordanas.com\/?p=89416","og_site_name":"PrijedorDanas.com - Prijedorski gradski portal","article_publisher":"https:\/\/www.facebook.com\/PrijedorDanasCom\/","article_published_time":"2017-09-20T16:22:37+00:00","og_image":[{"url":"https:\/\/www.prijedordanas.com\/wp-content\/uploads\/2017\/09\/skupstina-grada-20septembar-1-300x222.jpg"}],"author":"admin","twitter_card":"summary_large_image","twitter_misc":{"Written by":"admin","Est. reading time":"2 minutes"},"schema":{"@context":"https:\/\/schema.org","@graph":[{"@type":"Article","@id":"https:\/\/www.prijedordanas.com\/?p=89416#article","isPartOf":{"@id":"https:\/\/www.prijedordanas.com\/?p=89416"},"author":{"name":"admin","@id":"https:\/\/www.prijedordanas.com\/#\/schema\/person\/4e08ccf29b506ca916ff86d46bb700e6"},"headline":"PRIJEDOR: USVOJEN POLUGODI\u0160NJI IZVJE\u0160TAJ O IZVR\u0160ENJU BUD\u017dETA \u2013 POVE\u0106ANA CIJENA ODVOZA SME\u0106A \u2013 FOTO\/VIDEO","datePublished":"2017-09-20T16:22:37+00:00","dateModified":"2017-09-20T16:22:37+00:00","mainEntityOfPage":{"@id":"https:\/\/www.prijedordanas.com\/?p=89416"},"wordCount":363,"publisher":{"@id":"https:\/\/www.prijedordanas.com\/#organization"},"articleSection":["Dru\u0161tvo"],"inLanguage":"en-US"},{"@type":"WebPage","@id":"https:\/\/www.prijedordanas.com\/?p=89416","url":"https:\/\/www.prijedordanas.com\/?p=89416","name":"PRIJEDOR: USVOJEN POLUGODI\u0160NJI IZVJE\u0160TAJ O IZVR\u0160ENJU BUD\u017dETA \u2013 POVE\u0106ANA CIJENA ODVOZA SME\u0106A \u2013 FOTO\/VIDEO - PrijedorDanas.com - Prijedorski gradski portal","isPartOf":{"@id":"https:\/\/www.prijedordanas.com\/#website"},"datePublished":"2017-09-20T16:22:37+00:00","dateModified":"2017-09-20T16:22:37+00:00","breadcrumb":{"@id":"https:\/\/www.prijedordanas.com\/?p=89416#breadcrumb"},"inLanguage":"en-US","potentialAction":[{"@type":"ReadAction","target":["https:\/\/www.prijedordanas.com\/?p=89416"]}]},{"@type":"BreadcrumbList","@id":"https:\/\/www.prijedordanas.com\/?p=89416#breadcrumb","itemListElement":[{"@type":"ListItem","position":1,"name":"Home","item":"https:\/\/www.prijedordanas.com\/"},{"@type":"ListItem","position":2,"name":"PRIJEDOR: USVOJEN POLUGODI\u0160NJI IZVJE\u0160TAJ O IZVR\u0160ENJU BUD\u017dETA \u2013 POVE\u0106ANA CIJENA ODVOZA SME\u0106A \u2013 FOTO\/VIDEO"}]},{"@type":"WebSite","@id":"https:\/\/www.prijedordanas.com\/#website","url":"https:\/\/www.prijedordanas.com\/","name":"PrijedorDanas.com - Prijedorski gradski portal","description":"Portal o doga\u0111anjima u gradu Prijedoru","publisher":{"@id":"https:\/\/www.prijedordanas.com\/#organization"},"potentialAction":[{"@type":"SearchAction","target":{"@type":"EntryPoint","urlTemplate":"https:\/\/www.prijedordanas.com\/?s={search_term_string}"},"query-input":"required name=search_term_string"}],"inLanguage":"en-US"},{"@type":"Organization","@id":"https:\/\/www.prijedordanas.com\/#organization","name":"PrijedorDanas.com","url":"https:\/\/www.prijedordanas.com\/","logo":{"@type":"ImageObject","inLanguage":"en-US","@id":"https:\/\/www.prijedordanas.com\/#\/schema\/logo\/image\/","url":"http:\/\/www.prijedordanas.com\/wp-content\/uploads\/2021\/12\/logopng.png","contentUrl":"http:\/\/www.prijedordanas.com\/wp-content\/uploads\/2021\/12\/logopng.png","width":1019,"height":776,"caption":"PrijedorDanas.com"},"image":{"@id":"https:\/\/www.prijedordanas.com\/#\/schema\/logo\/image\/"},"sameAs":["https:\/\/www.facebook.com\/PrijedorDanasCom\/"]},{"@type":"Person","@id":"https:\/\/www.prijedordanas.com\/#\/schema\/person\/4e08ccf29b506ca916ff86d46bb700e6","name":"admin","image":{"@type":"ImageObject","inLanguage":"en-US","@id":"https:\/\/www.prijedordanas.com\/#\/schema\/person\/image\/","url":"https:\/\/secure.gravatar.com\/avatar\/1d3fc949d550f0b53a5f0d51e06dfd79?s=96&d=mm&r=g","contentUrl":"https:\/\/secure.gravatar.com\/avatar\/1d3fc949d550f0b53a5f0d51e06dfd79?s=96&d=mm&r=g","caption":"admin"},"url":"https:\/\/www.prijedordanas.com\/?author=1"}]}},"_links":{"self":[{"href":"https:\/\/www.prijedordanas.com\/index.php?rest_route=\/wp\/v2\/posts\/89416"}],"collection":[{"href":"https:\/\/www.prijedordanas.com\/index.php?rest_route=\/wp\/v2\/posts"}],"about":[{"href":"https:\/\/www.prijedordanas.com\/index.php?rest_route=\/wp\/v2\/types\/post"}],"author":[{"embeddable":true,"href":"https:\/\/www.prijedordanas.com\/index.php?rest_route=\/wp\/v2\/users\/1"}],"replies":[{"embeddable":true,"href":"https:\/\/www.prijedordanas.com\/index.php?rest_route=%2Fwp%2Fv2%2Fcomments&post=89416"}],"version-history":[{"count":1,"href":"https:\/\/www.prijedordanas.com\/index.php?rest_route=\/wp\/v2\/posts\/89416\/revisions"}],"predecessor-version":[{"id":89422,"href":"https:\/\/www.prijedordanas.com\/index.php?rest_route=\/wp\/v2\/posts\/89416\/revisions\/89422"}],"wp:attachment":[{"href":"https:\/\/www.prijedordanas.com\/index.php?rest_route=%2Fwp%2Fv2%2Fmedia&parent=89416"}],"wp:term":[{"taxonomy":"category","embeddable":true,"href":"https:\/\/www.prijedordanas.com\/index.php?rest_route=%2Fwp%2Fv2%2Fcategories&post=89416"},{"taxonomy":"post_tag","embeddable":true,"href":"https:\/\/www.prijedordanas.com\/index.php?rest_route=%2Fwp%2Fv2%2Ftags&post=89416"}],"curies":[{"name":"wp","href":"https:\/\/api.w.org\/{rel}","templated":true}]}}