{"id":89023,"date":"2017-09-13T20:01:21","date_gmt":"2017-09-13T18:01:21","guid":{"rendered":"https:\/\/www.prijedordanas.com\/?p=89023"},"modified":"2017-09-13T20:01:21","modified_gmt":"2017-09-13T18:01:21","slug":"oprostaj-rudar-prijedora-od-kupa-republike-srpske-sloboda-iz-mrkonjic-grada-slavila-31","status":"publish","type":"post","link":"https:\/\/www.prijedordanas.com\/?p=89023","title":{"rendered":"OPRO\u0160TAJ RUDAR-PRIJEDORA OD KUPA REPUBLIKE SRPSKE: SLOBODA IZ MRKONJI\u0106 GRADA SLAVILA 3:1"},"content":{"rendered":"<p><a href=\"https:\/\/www.prijedordanas.com\/wp-content\/uploads\/2017\/04\/sloboda-mg-rudar-prijedor-2.jpg\"><img loading=\"lazy\" decoding=\"async\" class=\"alignleft size-medium wp-image-77863\" src=\"https:\/\/www.prijedordanas.com\/wp-content\/uploads\/2017\/04\/sloboda-mg-rudar-prijedor-2-300x216.jpg\" alt=\"\" width=\"300\" height=\"216\" srcset=\"https:\/\/www.prijedordanas.com\/wp-content\/uploads\/2017\/04\/sloboda-mg-rudar-prijedor-2-300x216.jpg 300w, https:\/\/www.prijedordanas.com\/wp-content\/uploads\/2017\/04\/sloboda-mg-rudar-prijedor-2-100x72.jpg 100w, https:\/\/www.prijedordanas.com\/wp-content\/uploads\/2017\/04\/sloboda-mg-rudar-prijedor-2.jpg 694w\" sizes=\"(max-width: 300px) 100vw, 300px\" \/><\/a>Fudbaleri Rudar-Prijedora oprostili su se od daljeg takmi\u010denja u Kupu Republike Srpske nakon \u0161to su u \u0161esnaestini finala pora\u017eeni u Mrkonji\u0107 Gradu od doma\u0107e Slobode rezultatom 3:1 (1:0).<\/p>\n<p>Izabranici nekada\u0161njeg igra\u010da Prijedor\u010dana \u010cedomira \u0106uluma, po svemu sude\u0107i, bi\u0107e ove sezone nezgodan protivnik zeleno-crnima.<\/p>\n<p>Nakon \u0161to su ih deklasirali 6:0 tokom ljetnih priprema, ponovo su slavili.<\/p>\n<p>Doma\u0107i su poveli pred odlazak na odmor preko \u0110ukari\u0107a a isti igra\u010d je u 59.minuti povisio na 2:0.<\/p>\n<p>\u201eRudari sa Sane\u201c su u 62.minuti smanjili rezultat na 2:1 preko Loli\u0107a, ali je ve\u0107 u narednom napadu Malba\u0161i\u0107 pogodio za, ispostavi\u0107e se kasnije, kona\u010dnih 3:1 za Slobodu.<\/p>\n<p>Prijedor\u010dani se sad okre\u0107u ekipi Slavije iz Isto\u010dnog Sarajeva koju u subotu do\u010dekuju na doma\u0107em terenu.<\/p>\n<p><a href=\"https:\/\/www.prijedordanas.com\/wp-content\/uploads\/2017\/04\/sloboda-mg-rudar-prijedor-3.jpg\"><img loading=\"lazy\" decoding=\"async\" src=\"https:\/\/www.prijedordanas.com\/wp-content\/uploads\/2017\/04\/sloboda-mg-rudar-prijedor-3-300x216.jpg\" alt=\"\" width=\"300\" height=\"216\" class=\"alignleft size-medium wp-image-77864\" srcset=\"https:\/\/www.prijedordanas.com\/wp-content\/uploads\/2017\/04\/sloboda-mg-rudar-prijedor-3-300x216.jpg 300w, https:\/\/www.prijedordanas.com\/wp-content\/uploads\/2017\/04\/sloboda-mg-rudar-prijedor-3-100x72.jpg 100w, https:\/\/www.prijedordanas.com\/wp-content\/uploads\/2017\/04\/sloboda-mg-rudar-prijedor-3.jpg 694w\" sizes=\"(max-width: 300px) 100vw, 300px\" \/><\/a>Sloboda (MG): Rudar-Prijedor 3:1 (1:0)<\/p>\n<p>Mrkonji\u0107 Grad<br \/>\nStadion: \u201eLuke\u201c<br \/>\nGledalaca: 50<br \/>\nSudija: Danijel Paji\u0107 (Bijeljina)<br \/>\nStrijelci: \u0110ukari\u0107 u 44. i 59. i Malba\u0161i\u0107 u 63.za Slobodu (MG), Loli\u0107 u 62.minuti za Rudar-Prijedor<br \/>\n\u017duti kartoni: Sladojevi\u0107 (Sloboda MG), Vejnovi\u0107, \u0160aki\u0107 (Rudar-Prijedor)<\/p>\n<p>Sloboda Mrkonji\u0107 Grad<br \/>\nIli\u0107, Jeki\u0107, Topi\u0107 (od 83.Mitri\u0107), Malba\u0161i\u0107, \u0110ukari\u0107, Lazendi\u0107, Vukovi\u0107, Gra\u010danin(od 72.An\u0111eli\u0107), Perovi\u0107, Sladojevi\u0107, Mirkovi\u0107(od 62.Malinovi\u0107)<\/p>\n<p>Rudar-Prijedor<br \/>\nPetrovi\u0107, Vejnovi\u0107(od 46.Jandri\u0107), Pekija, \u0160aki\u0107, Deki\u0107(od 46.Popovi\u0107), Davidovi\u0107, Gavranovi\u0107,Mari\u0107, Rokvi\u0107(od 46.Jakupovi\u0107), Loli\u0107, \u0106ati\u0107<\/p>\n<p>Tekst i foto arhiva \u2013 Nenad \u0110eri\u0107\/Aleksandar Drakuli\u0107 \u2013 <a href=\"https:\/\/www.prijedordanas.com\" target=\"_blank\" rel=\"noopener noreferrer\">www.prijedordanas.com<\/a><\/p>\n","protected":false},"excerpt":{"rendered":"<p>Fudbaleri Rudar-Prijedora oprostili su se od daljeg takmi\u010denja u Kupu Republike Srpske nakon \u0161to su u \u0161esnaestini finala pora\u017eeni u Mrkonji\u0107 Gradu od doma\u0107e Slobode rezultatom 3:1 (1:0). Izabranici nekada\u0161njeg [&hellip;]<\/p>\n","protected":false},"author":1,"featured_media":0,"comment_status":"closed","ping_status":"open","sticky":false,"template":"","format":"standard","meta":{"_monsterinsights_skip_tracking":false,"_monsterinsights_sitenote_active":false,"_monsterinsights_sitenote_note":"","_monsterinsights_sitenote_category":0,"footnotes":""},"categories":[7],"tags":[],"yoast_head":"<!-- This site is optimized with the Yoast SEO plugin v21.6 - https:\/\/yoast.com\/wordpress\/plugins\/seo\/ -->\n<title>OPRO\u0160TAJ RUDAR-PRIJEDORA OD KUPA REPUBLIKE SRPSKE: SLOBODA IZ MRKONJI\u0106 GRADA SLAVILA 3:1 - PrijedorDanas.com - Prijedorski gradski portal<\/title>\n<meta name=\"robots\" content=\"index, follow, max-snippet:-1, max-image-preview:large, max-video-preview:-1\" \/>\n<link rel=\"canonical\" href=\"https:\/\/www.prijedordanas.com\/?p=89023\" \/>\n<meta property=\"og:locale\" content=\"en_US\" \/>\n<meta property=\"og:type\" content=\"article\" \/>\n<meta property=\"og:title\" content=\"OPRO\u0160TAJ RUDAR-PRIJEDORA OD KUPA REPUBLIKE SRPSKE: SLOBODA IZ MRKONJI\u0106 GRADA SLAVILA 3:1 - PrijedorDanas.com - Prijedorski gradski portal\" \/>\n<meta property=\"og:description\" content=\"Fudbaleri Rudar-Prijedora oprostili su se od daljeg takmi\u010denja u Kupu Republike Srpske nakon \u0161to su u \u0161esnaestini finala pora\u017eeni u Mrkonji\u0107 Gradu od doma\u0107e Slobode rezultatom 3:1 (1:0). Izabranici nekada\u0161njeg [&hellip;]\" \/>\n<meta property=\"og:url\" content=\"https:\/\/www.prijedordanas.com\/?p=89023\" \/>\n<meta property=\"og:site_name\" content=\"PrijedorDanas.com - Prijedorski gradski portal\" \/>\n<meta property=\"article:publisher\" content=\"https:\/\/www.facebook.com\/PrijedorDanasCom\/\" \/>\n<meta property=\"article:published_time\" content=\"2017-09-13T18:01:21+00:00\" \/>\n<meta property=\"og:image\" content=\"https:\/\/www.prijedordanas.com\/wp-content\/uploads\/2017\/04\/sloboda-mg-rudar-prijedor-2-300x216.jpg\" \/>\n<meta name=\"author\" content=\"admin\" \/>\n<meta name=\"twitter:card\" content=\"summary_large_image\" \/>\n<meta name=\"twitter:label1\" content=\"Written by\" \/>\n\t<meta name=\"twitter:data1\" content=\"admin\" \/>\n\t<meta name=\"twitter:label2\" content=\"Est. reading time\" \/>\n\t<meta name=\"twitter:data2\" content=\"1 minute\" \/>\n<script type=\"application\/ld+json\" class=\"yoast-schema-graph\">{\"@context\":\"https:\/\/schema.org\",\"@graph\":[{\"@type\":\"Article\",\"@id\":\"https:\/\/www.prijedordanas.com\/?p=89023#article\",\"isPartOf\":{\"@id\":\"https:\/\/www.prijedordanas.com\/?p=89023\"},\"author\":{\"name\":\"admin\",\"@id\":\"https:\/\/www.prijedordanas.com\/#\/schema\/person\/4e08ccf29b506ca916ff86d46bb700e6\"},\"headline\":\"OPRO\u0160TAJ RUDAR-PRIJEDORA OD KUPA REPUBLIKE SRPSKE: SLOBODA IZ MRKONJI\u0106 GRADA SLAVILA 3:1\",\"datePublished\":\"2017-09-13T18:01:21+00:00\",\"dateModified\":\"2017-09-13T18:01:21+00:00\",\"mainEntityOfPage\":{\"@id\":\"https:\/\/www.prijedordanas.com\/?p=89023\"},\"wordCount\":230,\"publisher\":{\"@id\":\"https:\/\/www.prijedordanas.com\/#organization\"},\"articleSection\":[\"Sport\"],\"inLanguage\":\"en-US\"},{\"@type\":\"WebPage\",\"@id\":\"https:\/\/www.prijedordanas.com\/?p=89023\",\"url\":\"https:\/\/www.prijedordanas.com\/?p=89023\",\"name\":\"OPRO\u0160TAJ RUDAR-PRIJEDORA OD KUPA REPUBLIKE SRPSKE: SLOBODA IZ MRKONJI\u0106 GRADA SLAVILA 3:1 - PrijedorDanas.com - Prijedorski gradski portal\",\"isPartOf\":{\"@id\":\"https:\/\/www.prijedordanas.com\/#website\"},\"datePublished\":\"2017-09-13T18:01:21+00:00\",\"dateModified\":\"2017-09-13T18:01:21+00:00\",\"breadcrumb\":{\"@id\":\"https:\/\/www.prijedordanas.com\/?p=89023#breadcrumb\"},\"inLanguage\":\"en-US\",\"potentialAction\":[{\"@type\":\"ReadAction\",\"target\":[\"https:\/\/www.prijedordanas.com\/?p=89023\"]}]},{\"@type\":\"BreadcrumbList\",\"@id\":\"https:\/\/www.prijedordanas.com\/?p=89023#breadcrumb\",\"itemListElement\":[{\"@type\":\"ListItem\",\"position\":1,\"name\":\"Home\",\"item\":\"https:\/\/www.prijedordanas.com\/\"},{\"@type\":\"ListItem\",\"position\":2,\"name\":\"OPRO\u0160TAJ RUDAR-PRIJEDORA OD KUPA REPUBLIKE SRPSKE: SLOBODA IZ MRKONJI\u0106 GRADA SLAVILA 3:1\"}]},{\"@type\":\"WebSite\",\"@id\":\"https:\/\/www.prijedordanas.com\/#website\",\"url\":\"https:\/\/www.prijedordanas.com\/\",\"name\":\"PrijedorDanas.com - Prijedorski gradski portal\",\"description\":\"Portal o doga\u0111anjima u gradu Prijedoru\",\"publisher\":{\"@id\":\"https:\/\/www.prijedordanas.com\/#organization\"},\"potentialAction\":[{\"@type\":\"SearchAction\",\"target\":{\"@type\":\"EntryPoint\",\"urlTemplate\":\"https:\/\/www.prijedordanas.com\/?s={search_term_string}\"},\"query-input\":\"required name=search_term_string\"}],\"inLanguage\":\"en-US\"},{\"@type\":\"Organization\",\"@id\":\"https:\/\/www.prijedordanas.com\/#organization\",\"name\":\"PrijedorDanas.com\",\"url\":\"https:\/\/www.prijedordanas.com\/\",\"logo\":{\"@type\":\"ImageObject\",\"inLanguage\":\"en-US\",\"@id\":\"https:\/\/www.prijedordanas.com\/#\/schema\/logo\/image\/\",\"url\":\"http:\/\/www.prijedordanas.com\/wp-content\/uploads\/2021\/12\/logopng.png\",\"contentUrl\":\"http:\/\/www.prijedordanas.com\/wp-content\/uploads\/2021\/12\/logopng.png\",\"width\":1019,\"height\":776,\"caption\":\"PrijedorDanas.com\"},\"image\":{\"@id\":\"https:\/\/www.prijedordanas.com\/#\/schema\/logo\/image\/\"},\"sameAs\":[\"https:\/\/www.facebook.com\/PrijedorDanasCom\/\"]},{\"@type\":\"Person\",\"@id\":\"https:\/\/www.prijedordanas.com\/#\/schema\/person\/4e08ccf29b506ca916ff86d46bb700e6\",\"name\":\"admin\",\"image\":{\"@type\":\"ImageObject\",\"inLanguage\":\"en-US\",\"@id\":\"https:\/\/www.prijedordanas.com\/#\/schema\/person\/image\/\",\"url\":\"https:\/\/secure.gravatar.com\/avatar\/1d3fc949d550f0b53a5f0d51e06dfd79?s=96&d=mm&r=g\",\"contentUrl\":\"https:\/\/secure.gravatar.com\/avatar\/1d3fc949d550f0b53a5f0d51e06dfd79?s=96&d=mm&r=g\",\"caption\":\"admin\"},\"url\":\"https:\/\/www.prijedordanas.com\/?author=1\"}]}<\/script>\n<!-- \/ Yoast SEO plugin. -->","yoast_head_json":{"title":"OPRO\u0160TAJ RUDAR-PRIJEDORA OD KUPA REPUBLIKE SRPSKE: SLOBODA IZ MRKONJI\u0106 GRADA SLAVILA 3:1 - PrijedorDanas.com - Prijedorski gradski portal","robots":{"index":"index","follow":"follow","max-snippet":"max-snippet:-1","max-image-preview":"max-image-preview:large","max-video-preview":"max-video-preview:-1"},"canonical":"https:\/\/www.prijedordanas.com\/?p=89023","og_locale":"en_US","og_type":"article","og_title":"OPRO\u0160TAJ RUDAR-PRIJEDORA OD KUPA REPUBLIKE SRPSKE: SLOBODA IZ MRKONJI\u0106 GRADA SLAVILA 3:1 - PrijedorDanas.com - Prijedorski gradski portal","og_description":"Fudbaleri Rudar-Prijedora oprostili su se od daljeg takmi\u010denja u Kupu Republike Srpske nakon \u0161to su u \u0161esnaestini finala pora\u017eeni u Mrkonji\u0107 Gradu od doma\u0107e Slobode rezultatom 3:1 (1:0). Izabranici nekada\u0161njeg [&hellip;]","og_url":"https:\/\/www.prijedordanas.com\/?p=89023","og_site_name":"PrijedorDanas.com - Prijedorski gradski portal","article_publisher":"https:\/\/www.facebook.com\/PrijedorDanasCom\/","article_published_time":"2017-09-13T18:01:21+00:00","og_image":[{"url":"https:\/\/www.prijedordanas.com\/wp-content\/uploads\/2017\/04\/sloboda-mg-rudar-prijedor-2-300x216.jpg"}],"author":"admin","twitter_card":"summary_large_image","twitter_misc":{"Written by":"admin","Est. reading time":"1 minute"},"schema":{"@context":"https:\/\/schema.org","@graph":[{"@type":"Article","@id":"https:\/\/www.prijedordanas.com\/?p=89023#article","isPartOf":{"@id":"https:\/\/www.prijedordanas.com\/?p=89023"},"author":{"name":"admin","@id":"https:\/\/www.prijedordanas.com\/#\/schema\/person\/4e08ccf29b506ca916ff86d46bb700e6"},"headline":"OPRO\u0160TAJ RUDAR-PRIJEDORA OD KUPA REPUBLIKE SRPSKE: SLOBODA IZ MRKONJI\u0106 GRADA SLAVILA 3:1","datePublished":"2017-09-13T18:01:21+00:00","dateModified":"2017-09-13T18:01:21+00:00","mainEntityOfPage":{"@id":"https:\/\/www.prijedordanas.com\/?p=89023"},"wordCount":230,"publisher":{"@id":"https:\/\/www.prijedordanas.com\/#organization"},"articleSection":["Sport"],"inLanguage":"en-US"},{"@type":"WebPage","@id":"https:\/\/www.prijedordanas.com\/?p=89023","url":"https:\/\/www.prijedordanas.com\/?p=89023","name":"OPRO\u0160TAJ RUDAR-PRIJEDORA OD KUPA REPUBLIKE SRPSKE: SLOBODA IZ MRKONJI\u0106 GRADA SLAVILA 3:1 - PrijedorDanas.com - Prijedorski gradski portal","isPartOf":{"@id":"https:\/\/www.prijedordanas.com\/#website"},"datePublished":"2017-09-13T18:01:21+00:00","dateModified":"2017-09-13T18:01:21+00:00","breadcrumb":{"@id":"https:\/\/www.prijedordanas.com\/?p=89023#breadcrumb"},"inLanguage":"en-US","potentialAction":[{"@type":"ReadAction","target":["https:\/\/www.prijedordanas.com\/?p=89023"]}]},{"@type":"BreadcrumbList","@id":"https:\/\/www.prijedordanas.com\/?p=89023#breadcrumb","itemListElement":[{"@type":"ListItem","position":1,"name":"Home","item":"https:\/\/www.prijedordanas.com\/"},{"@type":"ListItem","position":2,"name":"OPRO\u0160TAJ RUDAR-PRIJEDORA OD KUPA REPUBLIKE SRPSKE: SLOBODA IZ MRKONJI\u0106 GRADA SLAVILA 3:1"}]},{"@type":"WebSite","@id":"https:\/\/www.prijedordanas.com\/#website","url":"https:\/\/www.prijedordanas.com\/","name":"PrijedorDanas.com - Prijedorski gradski portal","description":"Portal o doga\u0111anjima u gradu Prijedoru","publisher":{"@id":"https:\/\/www.prijedordanas.com\/#organization"},"potentialAction":[{"@type":"SearchAction","target":{"@type":"EntryPoint","urlTemplate":"https:\/\/www.prijedordanas.com\/?s={search_term_string}"},"query-input":"required name=search_term_string"}],"inLanguage":"en-US"},{"@type":"Organization","@id":"https:\/\/www.prijedordanas.com\/#organization","name":"PrijedorDanas.com","url":"https:\/\/www.prijedordanas.com\/","logo":{"@type":"ImageObject","inLanguage":"en-US","@id":"https:\/\/www.prijedordanas.com\/#\/schema\/logo\/image\/","url":"http:\/\/www.prijedordanas.com\/wp-content\/uploads\/2021\/12\/logopng.png","contentUrl":"http:\/\/www.prijedordanas.com\/wp-content\/uploads\/2021\/12\/logopng.png","width":1019,"height":776,"caption":"PrijedorDanas.com"},"image":{"@id":"https:\/\/www.prijedordanas.com\/#\/schema\/logo\/image\/"},"sameAs":["https:\/\/www.facebook.com\/PrijedorDanasCom\/"]},{"@type":"Person","@id":"https:\/\/www.prijedordanas.com\/#\/schema\/person\/4e08ccf29b506ca916ff86d46bb700e6","name":"admin","image":{"@type":"ImageObject","inLanguage":"en-US","@id":"https:\/\/www.prijedordanas.com\/#\/schema\/person\/image\/","url":"https:\/\/secure.gravatar.com\/avatar\/1d3fc949d550f0b53a5f0d51e06dfd79?s=96&d=mm&r=g","contentUrl":"https:\/\/secure.gravatar.com\/avatar\/1d3fc949d550f0b53a5f0d51e06dfd79?s=96&d=mm&r=g","caption":"admin"},"url":"https:\/\/www.prijedordanas.com\/?author=1"}]}},"_links":{"self":[{"href":"https:\/\/www.prijedordanas.com\/index.php?rest_route=\/wp\/v2\/posts\/89023"}],"collection":[{"href":"https:\/\/www.prijedordanas.com\/index.php?rest_route=\/wp\/v2\/posts"}],"about":[{"href":"https:\/\/www.prijedordanas.com\/index.php?rest_route=\/wp\/v2\/types\/post"}],"author":[{"embeddable":true,"href":"https:\/\/www.prijedordanas.com\/index.php?rest_route=\/wp\/v2\/users\/1"}],"replies":[{"embeddable":true,"href":"https:\/\/www.prijedordanas.com\/index.php?rest_route=%2Fwp%2Fv2%2Fcomments&post=89023"}],"version-history":[{"count":1,"href":"https:\/\/www.prijedordanas.com\/index.php?rest_route=\/wp\/v2\/posts\/89023\/revisions"}],"predecessor-version":[{"id":89024,"href":"https:\/\/www.prijedordanas.com\/index.php?rest_route=\/wp\/v2\/posts\/89023\/revisions\/89024"}],"wp:attachment":[{"href":"https:\/\/www.prijedordanas.com\/index.php?rest_route=%2Fwp%2Fv2%2Fmedia&parent=89023"}],"wp:term":[{"taxonomy":"category","embeddable":true,"href":"https:\/\/www.prijedordanas.com\/index.php?rest_route=%2Fwp%2Fv2%2Fcategories&post=89023"},{"taxonomy":"post_tag","embeddable":true,"href":"https:\/\/www.prijedordanas.com\/index.php?rest_route=%2Fwp%2Fv2%2Ftags&post=89023"}],"curies":[{"name":"wp","href":"https:\/\/api.w.org\/{rel}","templated":true}]}}