{"id":88619,"date":"2017-09-06T13:10:35","date_gmt":"2017-09-06T11:10:35","guid":{"rendered":"https:\/\/www.prijedordanas.com\/?p=88619"},"modified":"2017-09-06T19:48:05","modified_gmt":"2017-09-06T17:48:05","slug":"prijedor-urucena-odlikovanja-porodicama-31-poginulog-borca-vojske-republike-srpske-video","status":"publish","type":"post","link":"https:\/\/www.prijedordanas.com\/?p=88619","title":{"rendered":"PRIJEDOR: URU\u010cENA ODLIKOVANJA PORODICAMA 31 POGINULOG BORCA VOJSKE REPUBLIKE SRPSKE \u2013 VIDEO"},"content":{"rendered":"<p><a href=\"https:\/\/www.prijedordanas.com\/wp-content\/uploads\/2017\/09\/rtrs-odlikovanja-porodice-poginulih-boraca-1.jpg\"><img loading=\"lazy\" decoding=\"async\" class=\"alignleft size-medium wp-image-88616\" src=\"https:\/\/www.prijedordanas.com\/wp-content\/uploads\/2017\/09\/rtrs-odlikovanja-porodice-poginulih-boraca-1-300x222.jpg\" alt=\"\" width=\"300\" height=\"222\" srcset=\"https:\/\/www.prijedordanas.com\/wp-content\/uploads\/2017\/09\/rtrs-odlikovanja-porodice-poginulih-boraca-1-300x222.jpg 300w, https:\/\/www.prijedordanas.com\/wp-content\/uploads\/2017\/09\/rtrs-odlikovanja-porodice-poginulih-boraca-1-100x74.jpg 100w, https:\/\/www.prijedordanas.com\/wp-content\/uploads\/2017\/09\/rtrs-odlikovanja-porodice-poginulih-boraca-1.jpg 675w\" sizes=\"(max-width: 300px) 100vw, 300px\" \/><\/a>U Prijedoru su uru\u010dena odlikovanja porodicama 31 borca Vojske Republike Srpske koji su poginuli u proteklom odbrambeno-otad\u017ebinskom ratu, koje je predsjednik Republike Srpske Milorad Dodik posthumno odlikovao Medaljom zasluga za narod.<\/p>\n<p>Odlikovani su borci s podru\u010dja Prijedora, Kozarske Dubice, O\u0161tre Luke, Novog Grada i Kostajnice.<\/p>\n<p>Porodicama poginulih boraca medalje je uru\u010dio izaslanik predsjednika Republike Srpske Sini\u0161a Karan.<\/p>\n<p>&#8211; Na ovaj na\u010din Republika Srpska, predsjednik Republike Srpske i svi njeni gra\u0111ani odaju du\u017eno po\u0161tovanje svim poginulim borcima Republike Srpske. \u017delimo i da njihovim porodicama, \u010dija je tuga neizmjerna i neprebolna, ka\u017eemo da moraju biti ponosni \u0161to su njihovi najmiliji dali svoje \u017eivote za na\u0161u najve\u0107u vrijednost i najve\u0107u tekovinu &#8211; Republiku Srpsku &#8211; rekao je Karan.<\/p>\n<p>Majka poginulog borca Zdravka \u0160vanja rekla je da dodijeljena odlikovanja pokazuju da borci, koji su svoj \u017eivot dali za Republiku Srpsku, nisu zaboravljeni.<\/p>\n<p>RTRS<\/p>\n<p><iframe loading=\"lazy\" width=\"500\" height=\"375\" src=\"https:\/\/www.youtube.com\/embed\/3nTGZ1lGFnU?feature=oembed\" frameborder=\"0\" allowfullscreen><\/iframe><\/p>\n<p><iframe loading=\"lazy\" width=\"500\" height=\"375\" src=\"https:\/\/www.youtube.com\/embed\/oS_KWgbzad4?feature=oembed\" frameborder=\"0\" allowfullscreen><\/iframe><\/p>\n<p><a href=\"https:\/\/www.prijedordanas.com\/wp-content\/uploads\/2017\/09\/rtrs-odlikovanja-porodice-poginulih-boraca-2.jpg\"><img loading=\"lazy\" decoding=\"async\" class=\"alignleft size-medium wp-image-88617\" src=\"https:\/\/www.prijedordanas.com\/wp-content\/uploads\/2017\/09\/rtrs-odlikovanja-porodice-poginulih-boraca-2-300x222.jpg\" alt=\"\" width=\"300\" height=\"222\" srcset=\"https:\/\/www.prijedordanas.com\/wp-content\/uploads\/2017\/09\/rtrs-odlikovanja-porodice-poginulih-boraca-2-300x222.jpg 300w, https:\/\/www.prijedordanas.com\/wp-content\/uploads\/2017\/09\/rtrs-odlikovanja-porodice-poginulih-boraca-2-100x74.jpg 100w, https:\/\/www.prijedordanas.com\/wp-content\/uploads\/2017\/09\/rtrs-odlikovanja-porodice-poginulih-boraca-2.jpg 675w\" sizes=\"(max-width: 300px) 100vw, 300px\" \/><\/a> <a href=\"https:\/\/www.prijedordanas.com\/wp-content\/uploads\/2017\/09\/odlikovanja-za-poginule-borce-1.jpg\"><img loading=\"lazy\" decoding=\"async\" class=\"alignleft size-medium wp-image-88621\" src=\"https:\/\/www.prijedordanas.com\/wp-content\/uploads\/2017\/09\/odlikovanja-za-poginule-borce-1-300x222.jpg\" alt=\"\" width=\"300\" height=\"222\" srcset=\"https:\/\/www.prijedordanas.com\/wp-content\/uploads\/2017\/09\/odlikovanja-za-poginule-borce-1-300x222.jpg 300w, https:\/\/www.prijedordanas.com\/wp-content\/uploads\/2017\/09\/odlikovanja-za-poginule-borce-1-100x74.jpg 100w, https:\/\/www.prijedordanas.com\/wp-content\/uploads\/2017\/09\/odlikovanja-za-poginule-borce-1.jpg 675w\" sizes=\"(max-width: 300px) 100vw, 300px\" \/><\/a> <a href=\"https:\/\/www.prijedordanas.com\/wp-content\/uploads\/2017\/09\/odlikovanja-za-poginule-borce-2.jpg\"><img loading=\"lazy\" decoding=\"async\" class=\"alignleft size-medium wp-image-88623\" src=\"https:\/\/www.prijedordanas.com\/wp-content\/uploads\/2017\/09\/odlikovanja-za-poginule-borce-2-300x222.jpg\" alt=\"\" width=\"300\" height=\"222\" srcset=\"https:\/\/www.prijedordanas.com\/wp-content\/uploads\/2017\/09\/odlikovanja-za-poginule-borce-2-300x222.jpg 300w, https:\/\/www.prijedordanas.com\/wp-content\/uploads\/2017\/09\/odlikovanja-za-poginule-borce-2-100x74.jpg 100w, https:\/\/www.prijedordanas.com\/wp-content\/uploads\/2017\/09\/odlikovanja-za-poginule-borce-2.jpg 675w\" sizes=\"(max-width: 300px) 100vw, 300px\" \/><\/a><\/p>\n","protected":false},"excerpt":{"rendered":"<p>U Prijedoru su uru\u010dena odlikovanja porodicama 31 borca Vojske Republike Srpske koji su poginuli u proteklom odbrambeno-otad\u017ebinskom ratu, koje je predsjednik Republike Srpske Milorad Dodik posthumno odlikovao Medaljom zasluga za [&hellip;]<\/p>\n","protected":false},"author":1,"featured_media":0,"comment_status":"closed","ping_status":"open","sticky":false,"template":"","format":"standard","meta":{"_monsterinsights_skip_tracking":false,"_monsterinsights_sitenote_active":false,"_monsterinsights_sitenote_note":"","_monsterinsights_sitenote_category":0,"footnotes":""},"categories":[8],"tags":[],"yoast_head":"<!-- This site is optimized with the Yoast SEO plugin v21.6 - https:\/\/yoast.com\/wordpress\/plugins\/seo\/ -->\n<title>PRIJEDOR: URU\u010cENA ODLIKOVANJA PORODICAMA 31 POGINULOG BORCA VOJSKE REPUBLIKE SRPSKE \u2013 VIDEO - PrijedorDanas.com - Prijedorski gradski portal<\/title>\n<meta name=\"robots\" content=\"index, follow, max-snippet:-1, max-image-preview:large, max-video-preview:-1\" \/>\n<link rel=\"canonical\" href=\"https:\/\/www.prijedordanas.com\/?p=88619\" \/>\n<meta property=\"og:locale\" content=\"en_US\" \/>\n<meta property=\"og:type\" content=\"article\" \/>\n<meta property=\"og:title\" content=\"PRIJEDOR: URU\u010cENA ODLIKOVANJA PORODICAMA 31 POGINULOG BORCA VOJSKE REPUBLIKE SRPSKE \u2013 VIDEO - PrijedorDanas.com - Prijedorski gradski portal\" \/>\n<meta property=\"og:description\" content=\"U Prijedoru su uru\u010dena odlikovanja porodicama 31 borca Vojske Republike Srpske koji su poginuli u proteklom odbrambeno-otad\u017ebinskom ratu, koje je predsjednik Republike Srpske Milorad Dodik posthumno odlikovao Medaljom zasluga za [&hellip;]\" \/>\n<meta property=\"og:url\" content=\"https:\/\/www.prijedordanas.com\/?p=88619\" \/>\n<meta property=\"og:site_name\" content=\"PrijedorDanas.com - Prijedorski gradski portal\" \/>\n<meta property=\"article:publisher\" content=\"https:\/\/www.facebook.com\/PrijedorDanasCom\/\" \/>\n<meta property=\"article:published_time\" content=\"2017-09-06T11:10:35+00:00\" \/>\n<meta property=\"article:modified_time\" content=\"2017-09-06T17:48:05+00:00\" \/>\n<meta property=\"og:image\" content=\"https:\/\/www.prijedordanas.com\/wp-content\/uploads\/2017\/09\/rtrs-odlikovanja-porodice-poginulih-boraca-1-300x222.jpg\" \/>\n<meta name=\"author\" content=\"admin\" \/>\n<meta name=\"twitter:card\" content=\"summary_large_image\" \/>\n<meta name=\"twitter:label1\" content=\"Written by\" \/>\n\t<meta name=\"twitter:data1\" content=\"admin\" \/>\n\t<meta name=\"twitter:label2\" content=\"Est. reading time\" \/>\n\t<meta name=\"twitter:data2\" content=\"1 minute\" \/>\n<script type=\"application\/ld+json\" class=\"yoast-schema-graph\">{\"@context\":\"https:\/\/schema.org\",\"@graph\":[{\"@type\":\"Article\",\"@id\":\"https:\/\/www.prijedordanas.com\/?p=88619#article\",\"isPartOf\":{\"@id\":\"https:\/\/www.prijedordanas.com\/?p=88619\"},\"author\":{\"name\":\"admin\",\"@id\":\"https:\/\/www.prijedordanas.com\/#\/schema\/person\/4e08ccf29b506ca916ff86d46bb700e6\"},\"headline\":\"PRIJEDOR: URU\u010cENA ODLIKOVANJA PORODICAMA 31 POGINULOG BORCA VOJSKE REPUBLIKE SRPSKE \u2013 VIDEO\",\"datePublished\":\"2017-09-06T11:10:35+00:00\",\"dateModified\":\"2017-09-06T17:48:05+00:00\",\"mainEntityOfPage\":{\"@id\":\"https:\/\/www.prijedordanas.com\/?p=88619\"},\"wordCount\":173,\"publisher\":{\"@id\":\"https:\/\/www.prijedordanas.com\/#organization\"},\"articleSection\":[\"Svakodnevno\"],\"inLanguage\":\"en-US\"},{\"@type\":\"WebPage\",\"@id\":\"https:\/\/www.prijedordanas.com\/?p=88619\",\"url\":\"https:\/\/www.prijedordanas.com\/?p=88619\",\"name\":\"PRIJEDOR: URU\u010cENA ODLIKOVANJA PORODICAMA 31 POGINULOG BORCA VOJSKE REPUBLIKE SRPSKE \u2013 VIDEO - PrijedorDanas.com - Prijedorski gradski portal\",\"isPartOf\":{\"@id\":\"https:\/\/www.prijedordanas.com\/#website\"},\"datePublished\":\"2017-09-06T11:10:35+00:00\",\"dateModified\":\"2017-09-06T17:48:05+00:00\",\"breadcrumb\":{\"@id\":\"https:\/\/www.prijedordanas.com\/?p=88619#breadcrumb\"},\"inLanguage\":\"en-US\",\"potentialAction\":[{\"@type\":\"ReadAction\",\"target\":[\"https:\/\/www.prijedordanas.com\/?p=88619\"]}]},{\"@type\":\"BreadcrumbList\",\"@id\":\"https:\/\/www.prijedordanas.com\/?p=88619#breadcrumb\",\"itemListElement\":[{\"@type\":\"ListItem\",\"position\":1,\"name\":\"Home\",\"item\":\"https:\/\/www.prijedordanas.com\/\"},{\"@type\":\"ListItem\",\"position\":2,\"name\":\"PRIJEDOR: URU\u010cENA ODLIKOVANJA PORODICAMA 31 POGINULOG BORCA VOJSKE REPUBLIKE SRPSKE \u2013 VIDEO\"}]},{\"@type\":\"WebSite\",\"@id\":\"https:\/\/www.prijedordanas.com\/#website\",\"url\":\"https:\/\/www.prijedordanas.com\/\",\"name\":\"PrijedorDanas.com - Prijedorski gradski portal\",\"description\":\"Portal o doga\u0111anjima u gradu Prijedoru\",\"publisher\":{\"@id\":\"https:\/\/www.prijedordanas.com\/#organization\"},\"potentialAction\":[{\"@type\":\"SearchAction\",\"target\":{\"@type\":\"EntryPoint\",\"urlTemplate\":\"https:\/\/www.prijedordanas.com\/?s={search_term_string}\"},\"query-input\":\"required name=search_term_string\"}],\"inLanguage\":\"en-US\"},{\"@type\":\"Organization\",\"@id\":\"https:\/\/www.prijedordanas.com\/#organization\",\"name\":\"PrijedorDanas.com\",\"url\":\"https:\/\/www.prijedordanas.com\/\",\"logo\":{\"@type\":\"ImageObject\",\"inLanguage\":\"en-US\",\"@id\":\"https:\/\/www.prijedordanas.com\/#\/schema\/logo\/image\/\",\"url\":\"http:\/\/www.prijedordanas.com\/wp-content\/uploads\/2021\/12\/logopng.png\",\"contentUrl\":\"http:\/\/www.prijedordanas.com\/wp-content\/uploads\/2021\/12\/logopng.png\",\"width\":1019,\"height\":776,\"caption\":\"PrijedorDanas.com\"},\"image\":{\"@id\":\"https:\/\/www.prijedordanas.com\/#\/schema\/logo\/image\/\"},\"sameAs\":[\"https:\/\/www.facebook.com\/PrijedorDanasCom\/\"]},{\"@type\":\"Person\",\"@id\":\"https:\/\/www.prijedordanas.com\/#\/schema\/person\/4e08ccf29b506ca916ff86d46bb700e6\",\"name\":\"admin\",\"image\":{\"@type\":\"ImageObject\",\"inLanguage\":\"en-US\",\"@id\":\"https:\/\/www.prijedordanas.com\/#\/schema\/person\/image\/\",\"url\":\"https:\/\/secure.gravatar.com\/avatar\/1d3fc949d550f0b53a5f0d51e06dfd79?s=96&d=mm&r=g\",\"contentUrl\":\"https:\/\/secure.gravatar.com\/avatar\/1d3fc949d550f0b53a5f0d51e06dfd79?s=96&d=mm&r=g\",\"caption\":\"admin\"},\"url\":\"https:\/\/www.prijedordanas.com\/?author=1\"}]}<\/script>\n<!-- \/ Yoast SEO plugin. -->","yoast_head_json":{"title":"PRIJEDOR: URU\u010cENA ODLIKOVANJA PORODICAMA 31 POGINULOG BORCA VOJSKE REPUBLIKE SRPSKE \u2013 VIDEO - PrijedorDanas.com - Prijedorski gradski portal","robots":{"index":"index","follow":"follow","max-snippet":"max-snippet:-1","max-image-preview":"max-image-preview:large","max-video-preview":"max-video-preview:-1"},"canonical":"https:\/\/www.prijedordanas.com\/?p=88619","og_locale":"en_US","og_type":"article","og_title":"PRIJEDOR: URU\u010cENA ODLIKOVANJA PORODICAMA 31 POGINULOG BORCA VOJSKE REPUBLIKE SRPSKE \u2013 VIDEO - PrijedorDanas.com - Prijedorski gradski portal","og_description":"U Prijedoru su uru\u010dena odlikovanja porodicama 31 borca Vojske Republike Srpske koji su poginuli u proteklom odbrambeno-otad\u017ebinskom ratu, koje je predsjednik Republike Srpske Milorad Dodik posthumno odlikovao Medaljom zasluga za [&hellip;]","og_url":"https:\/\/www.prijedordanas.com\/?p=88619","og_site_name":"PrijedorDanas.com - Prijedorski gradski portal","article_publisher":"https:\/\/www.facebook.com\/PrijedorDanasCom\/","article_published_time":"2017-09-06T11:10:35+00:00","article_modified_time":"2017-09-06T17:48:05+00:00","og_image":[{"url":"https:\/\/www.prijedordanas.com\/wp-content\/uploads\/2017\/09\/rtrs-odlikovanja-porodice-poginulih-boraca-1-300x222.jpg"}],"author":"admin","twitter_card":"summary_large_image","twitter_misc":{"Written by":"admin","Est. reading time":"1 minute"},"schema":{"@context":"https:\/\/schema.org","@graph":[{"@type":"Article","@id":"https:\/\/www.prijedordanas.com\/?p=88619#article","isPartOf":{"@id":"https:\/\/www.prijedordanas.com\/?p=88619"},"author":{"name":"admin","@id":"https:\/\/www.prijedordanas.com\/#\/schema\/person\/4e08ccf29b506ca916ff86d46bb700e6"},"headline":"PRIJEDOR: URU\u010cENA ODLIKOVANJA PORODICAMA 31 POGINULOG BORCA VOJSKE REPUBLIKE SRPSKE \u2013 VIDEO","datePublished":"2017-09-06T11:10:35+00:00","dateModified":"2017-09-06T17:48:05+00:00","mainEntityOfPage":{"@id":"https:\/\/www.prijedordanas.com\/?p=88619"},"wordCount":173,"publisher":{"@id":"https:\/\/www.prijedordanas.com\/#organization"},"articleSection":["Svakodnevno"],"inLanguage":"en-US"},{"@type":"WebPage","@id":"https:\/\/www.prijedordanas.com\/?p=88619","url":"https:\/\/www.prijedordanas.com\/?p=88619","name":"PRIJEDOR: URU\u010cENA ODLIKOVANJA PORODICAMA 31 POGINULOG BORCA VOJSKE REPUBLIKE SRPSKE \u2013 VIDEO - PrijedorDanas.com - Prijedorski gradski portal","isPartOf":{"@id":"https:\/\/www.prijedordanas.com\/#website"},"datePublished":"2017-09-06T11:10:35+00:00","dateModified":"2017-09-06T17:48:05+00:00","breadcrumb":{"@id":"https:\/\/www.prijedordanas.com\/?p=88619#breadcrumb"},"inLanguage":"en-US","potentialAction":[{"@type":"ReadAction","target":["https:\/\/www.prijedordanas.com\/?p=88619"]}]},{"@type":"BreadcrumbList","@id":"https:\/\/www.prijedordanas.com\/?p=88619#breadcrumb","itemListElement":[{"@type":"ListItem","position":1,"name":"Home","item":"https:\/\/www.prijedordanas.com\/"},{"@type":"ListItem","position":2,"name":"PRIJEDOR: URU\u010cENA ODLIKOVANJA PORODICAMA 31 POGINULOG BORCA VOJSKE REPUBLIKE SRPSKE \u2013 VIDEO"}]},{"@type":"WebSite","@id":"https:\/\/www.prijedordanas.com\/#website","url":"https:\/\/www.prijedordanas.com\/","name":"PrijedorDanas.com - Prijedorski gradski portal","description":"Portal o doga\u0111anjima u gradu Prijedoru","publisher":{"@id":"https:\/\/www.prijedordanas.com\/#organization"},"potentialAction":[{"@type":"SearchAction","target":{"@type":"EntryPoint","urlTemplate":"https:\/\/www.prijedordanas.com\/?s={search_term_string}"},"query-input":"required name=search_term_string"}],"inLanguage":"en-US"},{"@type":"Organization","@id":"https:\/\/www.prijedordanas.com\/#organization","name":"PrijedorDanas.com","url":"https:\/\/www.prijedordanas.com\/","logo":{"@type":"ImageObject","inLanguage":"en-US","@id":"https:\/\/www.prijedordanas.com\/#\/schema\/logo\/image\/","url":"http:\/\/www.prijedordanas.com\/wp-content\/uploads\/2021\/12\/logopng.png","contentUrl":"http:\/\/www.prijedordanas.com\/wp-content\/uploads\/2021\/12\/logopng.png","width":1019,"height":776,"caption":"PrijedorDanas.com"},"image":{"@id":"https:\/\/www.prijedordanas.com\/#\/schema\/logo\/image\/"},"sameAs":["https:\/\/www.facebook.com\/PrijedorDanasCom\/"]},{"@type":"Person","@id":"https:\/\/www.prijedordanas.com\/#\/schema\/person\/4e08ccf29b506ca916ff86d46bb700e6","name":"admin","image":{"@type":"ImageObject","inLanguage":"en-US","@id":"https:\/\/www.prijedordanas.com\/#\/schema\/person\/image\/","url":"https:\/\/secure.gravatar.com\/avatar\/1d3fc949d550f0b53a5f0d51e06dfd79?s=96&d=mm&r=g","contentUrl":"https:\/\/secure.gravatar.com\/avatar\/1d3fc949d550f0b53a5f0d51e06dfd79?s=96&d=mm&r=g","caption":"admin"},"url":"https:\/\/www.prijedordanas.com\/?author=1"}]}},"_links":{"self":[{"href":"https:\/\/www.prijedordanas.com\/index.php?rest_route=\/wp\/v2\/posts\/88619"}],"collection":[{"href":"https:\/\/www.prijedordanas.com\/index.php?rest_route=\/wp\/v2\/posts"}],"about":[{"href":"https:\/\/www.prijedordanas.com\/index.php?rest_route=\/wp\/v2\/types\/post"}],"author":[{"embeddable":true,"href":"https:\/\/www.prijedordanas.com\/index.php?rest_route=\/wp\/v2\/users\/1"}],"replies":[{"embeddable":true,"href":"https:\/\/www.prijedordanas.com\/index.php?rest_route=%2Fwp%2Fv2%2Fcomments&post=88619"}],"version-history":[{"count":4,"href":"https:\/\/www.prijedordanas.com\/index.php?rest_route=\/wp\/v2\/posts\/88619\/revisions"}],"predecessor-version":[{"id":88634,"href":"https:\/\/www.prijedordanas.com\/index.php?rest_route=\/wp\/v2\/posts\/88619\/revisions\/88634"}],"wp:attachment":[{"href":"https:\/\/www.prijedordanas.com\/index.php?rest_route=%2Fwp%2Fv2%2Fmedia&parent=88619"}],"wp:term":[{"taxonomy":"category","embeddable":true,"href":"https:\/\/www.prijedordanas.com\/index.php?rest_route=%2Fwp%2Fv2%2Fcategories&post=88619"},{"taxonomy":"post_tag","embeddable":true,"href":"https:\/\/www.prijedordanas.com\/index.php?rest_route=%2Fwp%2Fv2%2Ftags&post=88619"}],"curies":[{"name":"wp","href":"https:\/\/api.w.org\/{rel}","templated":true}]}}