{"id":88530,"date":"2017-09-05T10:30:31","date_gmt":"2017-09-05T08:30:31","guid":{"rendered":"https:\/\/www.prijedordanas.com\/?p=88530"},"modified":"2017-09-05T10:30:31","modified_gmt":"2017-09-05T08:30:31","slug":"bijela-kuga-dovela-prosvjetu-u-skripac-u-prijedoru-manje-105-prvacica","status":"publish","type":"post","link":"https:\/\/www.prijedordanas.com\/?p=88530","title":{"rendered":"BIJELA KUGA DOVELA PROSVJETU U \u0160KRIPAC: U PRIJEDORU MANJE 105 PRVA\u010cI\u0106A"},"content":{"rendered":"<p><a href=\"https:\/\/www.prijedordanas.com\/wp-content\/uploads\/2017\/09\/blic-manje-prvacica-prijedor-1.jpg\"><img loading=\"lazy\" decoding=\"async\" src=\"https:\/\/www.prijedordanas.com\/wp-content\/uploads\/2017\/09\/blic-manje-prvacica-prijedor-1-300x225.jpg\" alt=\"\" width=\"300\" height=\"225\" class=\"alignleft size-medium wp-image-88531\" srcset=\"https:\/\/www.prijedordanas.com\/wp-content\/uploads\/2017\/09\/blic-manje-prvacica-prijedor-1-300x225.jpg 300w, https:\/\/www.prijedordanas.com\/wp-content\/uploads\/2017\/09\/blic-manje-prvacica-prijedor-1-100x75.jpg 100w, https:\/\/www.prijedordanas.com\/wp-content\/uploads\/2017\/09\/blic-manje-prvacica-prijedor-1-640x480.jpg 640w, https:\/\/www.prijedordanas.com\/wp-content\/uploads\/2017\/09\/blic-manje-prvacica-prijedor-1.jpg 668w\" sizes=\"(max-width: 300px) 100vw, 300px\" \/><\/a>U osnovnim \u0161kolama u Prijedoru i O\u0161troj Luci ove godine prvi put u \u0111a\u010dke klupe sjelo je 520 prva\u010di\u0107a, \u0161to je za 105 manje u odnosu na broj prvaka od prije godinu dana.<\/p>\n<p>Od tog izgubljenog broja djece sada bi se moglo osnovati pet odjeljenja prva\u010di\u0107a, a za godinu dana tri odjeljenja drugog razreda. Zbog manjeg broja dece, posljedice po\u010dinju da osje\u0107aju i zaposleni nastavnici.<\/p>\n<p>Predsjednik Aktiva direktora Osnovnih \u0161kola Prijedor Stevica D\u017eogazovi\u0107 ka\u017ee da su zbog manjeg broja prva\u010di\u0107a, tehnolo\u0161ki vi\u0161ak bila \u010detiri nastavnika razredne nastave.<\/p>\n<p>&#8211; Dva nastavnika iz Prijedora i dva nastavnika iz \u0161kola u O\u0161troj Luci bila su vi\u0161ak. Me\u0111utim, mi smo taj problem rije\u0161ili tako \u0161to smo ih premjestili u druge \u0161kole na podru\u010dju na\u0161eg aktiva. Pored toga bila su vi\u0161ak i dva nastavnika predmetne nastave, ali i oni su preraspore\u0111eni u druge \u0161kole \u2013 ka\u017ee D\u017eogazovi\u0107.<\/p>\n<p>Da bi sa\u010duvali posao za nastavnike, direktori su iskoristili i svoje zakonsko pravo da odjeljenja prva\u010di\u0107a formiraju sa minimalnim brojem u\u010denika. Tako razredi sa prva\u010di\u0107ima naj\u010de\u0161\u0107e imaju od 20 do 22 \u0111aka. U\u010ditelji \u0107e tako mo\u0107i da se posvete vi\u0161e svakom od \u0111aka, ali i sa\u010duva\u0107e posao godinu dana.<\/p>\n<p><a href=\"https:\/\/www.prijedordanas.com\/wp-content\/uploads\/2017\/09\/blic-manje-prvacica-prijedor-2.jpg\"><img loading=\"lazy\" decoding=\"async\" src=\"https:\/\/www.prijedordanas.com\/wp-content\/uploads\/2017\/09\/blic-manje-prvacica-prijedor-2-300x225.jpg\" alt=\"\" width=\"300\" height=\"225\" class=\"alignleft size-medium wp-image-88532\" srcset=\"https:\/\/www.prijedordanas.com\/wp-content\/uploads\/2017\/09\/blic-manje-prvacica-prijedor-2-300x225.jpg 300w, https:\/\/www.prijedordanas.com\/wp-content\/uploads\/2017\/09\/blic-manje-prvacica-prijedor-2-100x75.jpg 100w, https:\/\/www.prijedordanas.com\/wp-content\/uploads\/2017\/09\/blic-manje-prvacica-prijedor-2-640x480.jpg 640w, https:\/\/www.prijedordanas.com\/wp-content\/uploads\/2017\/09\/blic-manje-prvacica-prijedor-2.jpg 668w\" sizes=\"(max-width: 300px) 100vw, 300px\" \/><\/a>&#8211; Vidje\u0107emo kako \u0107e to i\u0107i od idu\u0107e \u0161kolske godine. U drugom razredu trebalo bi da u jednom odjeljenju budu 32 u\u010denika, a ako ih je 33 ili vi\u0161e onda su to dva odjeljenja &#8211; obja\u0161njava D\u017eogazovi\u0107.<\/p>\n<p>U Osnovnoj \u0161koli \u201ePetar Ko\u010di\u0107\u201c u prijedorskom naselju Urije, ove godine manje je 18 prva\u010di\u0107a, \u0161to je pribli\u017eno jednom manjem odjeljenju. Direktorica ove \u0161kole Gorana Bosan\u010di\u0107 ka\u017ee da to nije izazvalo ve\u0107e probleme u ovoj \u0161koli.<\/p>\n<p>&#8211; Pro\u0161le godine imali smo 145 u\u010denika upisanih u prve razrede, dok ih je ove godine 127. Nismo imali vi\u0161ka radnika i bez problema smo krenuli i u ovu \u0161kolsku godinu \u2013 pri\u010da Bosan\u010di\u0107.<\/p>\n<p>Ka\u017ee da u njihovoj \u0161koli normu dopunjavaju pojedini nastavnici predmetne nastave iz drugih \u0161kola. Dodaje da je ova obrazovna ustanova i ove godine iskoristila mogu\u0107nost organizovanja produ\u017eenog boravka za \u0111ake.<\/p>\n<p>&#8211; Produ\u017een boravak kod nas se organizuje od pola sedam ujutru do pola sedam nave\u010de i imamo za njega 90 prijavljenih u\u010denika. Njega vode u\u010ditelj pedagog, nastavnik engelskog jezika koji ima pola norme pa tu nadokna\u0111uje drugu polovinu, i anga\u017eovali smo dvije u\u010diteljice na deset meseci \u2013 obja\u0161njava ona.<\/p>\n<p>O manjem broju prva\u010di\u0107a i vi\u0161ku zaposlenih prosvjetnih radnika, nije govorio ni ministar prosvjete i kulture RS Dane Male\u0161evi\u0107, nakon sastanka sa gradona\u010delnikom Prijedora Milenkom \u0110akovi\u0107em. Ministar Male\u0161evi\u0107 je tada izjavio da u osnovnim \u0161kolama na podru\u010dju Prijedora nema ve\u0107ih problema, osim neuslovnog objekta Podru\u010dne \u0161kole u Rasavcima koja bi trebalo da bude rekonstruisana naredne godine.<\/p>\n<p>Konstantan pad broja u\u010denika<\/p>\n<p>Broj svih u\u010denika u Osnovnim \u0161kolama na podru\u010dju Prijedora stalno se umanjuje unazad 10 godina. Tako je 2006. godine u osnovnim \u0161kolama bilo 7.389 u\u010denika, dok ih ove godine ima 5.377. Za samo jednu deceniju broj osnovaca umanjen je za preko 2.000.<\/p>\n<p>EuroBlic<\/p>\n","protected":false},"excerpt":{"rendered":"<p>U osnovnim \u0161kolama u Prijedoru i O\u0161troj Luci ove godine prvi put u \u0111a\u010dke klupe sjelo je 520 prva\u010di\u0107a, \u0161to je za 105 manje u odnosu na broj prvaka od [&hellip;]<\/p>\n","protected":false},"author":1,"featured_media":0,"comment_status":"closed","ping_status":"open","sticky":false,"template":"","format":"standard","meta":{"_monsterinsights_skip_tracking":false,"_monsterinsights_sitenote_active":false,"_monsterinsights_sitenote_note":"","_monsterinsights_sitenote_category":0,"footnotes":""},"categories":[7518],"tags":[],"yoast_head":"<!-- This site is optimized with the Yoast SEO plugin v21.6 - https:\/\/yoast.com\/wordpress\/plugins\/seo\/ -->\n<title>BIJELA KUGA DOVELA PROSVJETU U \u0160KRIPAC: U PRIJEDORU MANJE 105 PRVA\u010cI\u0106A - PrijedorDanas.com - Prijedorski gradski portal<\/title>\n<meta name=\"robots\" content=\"index, follow, max-snippet:-1, max-image-preview:large, max-video-preview:-1\" \/>\n<link rel=\"canonical\" href=\"https:\/\/www.prijedordanas.com\/?p=88530\" \/>\n<meta property=\"og:locale\" content=\"en_US\" \/>\n<meta property=\"og:type\" content=\"article\" \/>\n<meta property=\"og:title\" content=\"BIJELA KUGA DOVELA PROSVJETU U \u0160KRIPAC: U PRIJEDORU MANJE 105 PRVA\u010cI\u0106A - PrijedorDanas.com - Prijedorski gradski portal\" \/>\n<meta property=\"og:description\" content=\"U osnovnim \u0161kolama u Prijedoru i O\u0161troj Luci ove godine prvi put u \u0111a\u010dke klupe sjelo je 520 prva\u010di\u0107a, \u0161to je za 105 manje u odnosu na broj prvaka od [&hellip;]\" \/>\n<meta property=\"og:url\" content=\"https:\/\/www.prijedordanas.com\/?p=88530\" \/>\n<meta property=\"og:site_name\" content=\"PrijedorDanas.com - Prijedorski gradski portal\" \/>\n<meta property=\"article:publisher\" content=\"https:\/\/www.facebook.com\/PrijedorDanasCom\/\" \/>\n<meta property=\"article:published_time\" content=\"2017-09-05T08:30:31+00:00\" \/>\n<meta property=\"og:image\" content=\"https:\/\/www.prijedordanas.com\/wp-content\/uploads\/2017\/09\/blic-manje-prvacica-prijedor-1-300x225.jpg\" \/>\n<meta name=\"author\" content=\"admin\" \/>\n<meta name=\"twitter:card\" content=\"summary_large_image\" \/>\n<meta name=\"twitter:label1\" content=\"Written by\" \/>\n\t<meta name=\"twitter:data1\" content=\"admin\" \/>\n\t<meta name=\"twitter:label2\" content=\"Est. reading time\" \/>\n\t<meta name=\"twitter:data2\" content=\"3 minutes\" \/>\n<script type=\"application\/ld+json\" class=\"yoast-schema-graph\">{\"@context\":\"https:\/\/schema.org\",\"@graph\":[{\"@type\":\"Article\",\"@id\":\"https:\/\/www.prijedordanas.com\/?p=88530#article\",\"isPartOf\":{\"@id\":\"https:\/\/www.prijedordanas.com\/?p=88530\"},\"author\":{\"name\":\"admin\",\"@id\":\"https:\/\/www.prijedordanas.com\/#\/schema\/person\/4e08ccf29b506ca916ff86d46bb700e6\"},\"headline\":\"BIJELA KUGA DOVELA PROSVJETU U \u0160KRIPAC: U PRIJEDORU MANJE 105 PRVA\u010cI\u0106A\",\"datePublished\":\"2017-09-05T08:30:31+00:00\",\"dateModified\":\"2017-09-05T08:30:31+00:00\",\"mainEntityOfPage\":{\"@id\":\"https:\/\/www.prijedordanas.com\/?p=88530\"},\"wordCount\":555,\"publisher\":{\"@id\":\"https:\/\/www.prijedordanas.com\/#organization\"},\"articleSection\":[\"Mladi\"],\"inLanguage\":\"en-US\"},{\"@type\":\"WebPage\",\"@id\":\"https:\/\/www.prijedordanas.com\/?p=88530\",\"url\":\"https:\/\/www.prijedordanas.com\/?p=88530\",\"name\":\"BIJELA KUGA DOVELA PROSVJETU U \u0160KRIPAC: U PRIJEDORU MANJE 105 PRVA\u010cI\u0106A - PrijedorDanas.com - Prijedorski gradski portal\",\"isPartOf\":{\"@id\":\"https:\/\/www.prijedordanas.com\/#website\"},\"datePublished\":\"2017-09-05T08:30:31+00:00\",\"dateModified\":\"2017-09-05T08:30:31+00:00\",\"breadcrumb\":{\"@id\":\"https:\/\/www.prijedordanas.com\/?p=88530#breadcrumb\"},\"inLanguage\":\"en-US\",\"potentialAction\":[{\"@type\":\"ReadAction\",\"target\":[\"https:\/\/www.prijedordanas.com\/?p=88530\"]}]},{\"@type\":\"BreadcrumbList\",\"@id\":\"https:\/\/www.prijedordanas.com\/?p=88530#breadcrumb\",\"itemListElement\":[{\"@type\":\"ListItem\",\"position\":1,\"name\":\"Home\",\"item\":\"https:\/\/www.prijedordanas.com\/\"},{\"@type\":\"ListItem\",\"position\":2,\"name\":\"BIJELA KUGA DOVELA PROSVJETU U \u0160KRIPAC: U PRIJEDORU MANJE 105 PRVA\u010cI\u0106A\"}]},{\"@type\":\"WebSite\",\"@id\":\"https:\/\/www.prijedordanas.com\/#website\",\"url\":\"https:\/\/www.prijedordanas.com\/\",\"name\":\"PrijedorDanas.com - Prijedorski gradski portal\",\"description\":\"Portal o doga\u0111anjima u gradu Prijedoru\",\"publisher\":{\"@id\":\"https:\/\/www.prijedordanas.com\/#organization\"},\"potentialAction\":[{\"@type\":\"SearchAction\",\"target\":{\"@type\":\"EntryPoint\",\"urlTemplate\":\"https:\/\/www.prijedordanas.com\/?s={search_term_string}\"},\"query-input\":\"required name=search_term_string\"}],\"inLanguage\":\"en-US\"},{\"@type\":\"Organization\",\"@id\":\"https:\/\/www.prijedordanas.com\/#organization\",\"name\":\"PrijedorDanas.com\",\"url\":\"https:\/\/www.prijedordanas.com\/\",\"logo\":{\"@type\":\"ImageObject\",\"inLanguage\":\"en-US\",\"@id\":\"https:\/\/www.prijedordanas.com\/#\/schema\/logo\/image\/\",\"url\":\"http:\/\/www.prijedordanas.com\/wp-content\/uploads\/2021\/12\/logopng.png\",\"contentUrl\":\"http:\/\/www.prijedordanas.com\/wp-content\/uploads\/2021\/12\/logopng.png\",\"width\":1019,\"height\":776,\"caption\":\"PrijedorDanas.com\"},\"image\":{\"@id\":\"https:\/\/www.prijedordanas.com\/#\/schema\/logo\/image\/\"},\"sameAs\":[\"https:\/\/www.facebook.com\/PrijedorDanasCom\/\"]},{\"@type\":\"Person\",\"@id\":\"https:\/\/www.prijedordanas.com\/#\/schema\/person\/4e08ccf29b506ca916ff86d46bb700e6\",\"name\":\"admin\",\"image\":{\"@type\":\"ImageObject\",\"inLanguage\":\"en-US\",\"@id\":\"https:\/\/www.prijedordanas.com\/#\/schema\/person\/image\/\",\"url\":\"https:\/\/secure.gravatar.com\/avatar\/1d3fc949d550f0b53a5f0d51e06dfd79?s=96&d=mm&r=g\",\"contentUrl\":\"https:\/\/secure.gravatar.com\/avatar\/1d3fc949d550f0b53a5f0d51e06dfd79?s=96&d=mm&r=g\",\"caption\":\"admin\"},\"url\":\"https:\/\/www.prijedordanas.com\/?author=1\"}]}<\/script>\n<!-- \/ Yoast SEO plugin. -->","yoast_head_json":{"title":"BIJELA KUGA DOVELA PROSVJETU U \u0160KRIPAC: U PRIJEDORU MANJE 105 PRVA\u010cI\u0106A - PrijedorDanas.com - Prijedorski gradski portal","robots":{"index":"index","follow":"follow","max-snippet":"max-snippet:-1","max-image-preview":"max-image-preview:large","max-video-preview":"max-video-preview:-1"},"canonical":"https:\/\/www.prijedordanas.com\/?p=88530","og_locale":"en_US","og_type":"article","og_title":"BIJELA KUGA DOVELA PROSVJETU U \u0160KRIPAC: U PRIJEDORU MANJE 105 PRVA\u010cI\u0106A - PrijedorDanas.com - Prijedorski gradski portal","og_description":"U osnovnim \u0161kolama u Prijedoru i O\u0161troj Luci ove godine prvi put u \u0111a\u010dke klupe sjelo je 520 prva\u010di\u0107a, \u0161to je za 105 manje u odnosu na broj prvaka od [&hellip;]","og_url":"https:\/\/www.prijedordanas.com\/?p=88530","og_site_name":"PrijedorDanas.com - Prijedorski gradski portal","article_publisher":"https:\/\/www.facebook.com\/PrijedorDanasCom\/","article_published_time":"2017-09-05T08:30:31+00:00","og_image":[{"url":"https:\/\/www.prijedordanas.com\/wp-content\/uploads\/2017\/09\/blic-manje-prvacica-prijedor-1-300x225.jpg"}],"author":"admin","twitter_card":"summary_large_image","twitter_misc":{"Written by":"admin","Est. reading time":"3 minutes"},"schema":{"@context":"https:\/\/schema.org","@graph":[{"@type":"Article","@id":"https:\/\/www.prijedordanas.com\/?p=88530#article","isPartOf":{"@id":"https:\/\/www.prijedordanas.com\/?p=88530"},"author":{"name":"admin","@id":"https:\/\/www.prijedordanas.com\/#\/schema\/person\/4e08ccf29b506ca916ff86d46bb700e6"},"headline":"BIJELA KUGA DOVELA PROSVJETU U \u0160KRIPAC: U PRIJEDORU MANJE 105 PRVA\u010cI\u0106A","datePublished":"2017-09-05T08:30:31+00:00","dateModified":"2017-09-05T08:30:31+00:00","mainEntityOfPage":{"@id":"https:\/\/www.prijedordanas.com\/?p=88530"},"wordCount":555,"publisher":{"@id":"https:\/\/www.prijedordanas.com\/#organization"},"articleSection":["Mladi"],"inLanguage":"en-US"},{"@type":"WebPage","@id":"https:\/\/www.prijedordanas.com\/?p=88530","url":"https:\/\/www.prijedordanas.com\/?p=88530","name":"BIJELA KUGA DOVELA PROSVJETU U \u0160KRIPAC: U PRIJEDORU MANJE 105 PRVA\u010cI\u0106A - PrijedorDanas.com - Prijedorski gradski portal","isPartOf":{"@id":"https:\/\/www.prijedordanas.com\/#website"},"datePublished":"2017-09-05T08:30:31+00:00","dateModified":"2017-09-05T08:30:31+00:00","breadcrumb":{"@id":"https:\/\/www.prijedordanas.com\/?p=88530#breadcrumb"},"inLanguage":"en-US","potentialAction":[{"@type":"ReadAction","target":["https:\/\/www.prijedordanas.com\/?p=88530"]}]},{"@type":"BreadcrumbList","@id":"https:\/\/www.prijedordanas.com\/?p=88530#breadcrumb","itemListElement":[{"@type":"ListItem","position":1,"name":"Home","item":"https:\/\/www.prijedordanas.com\/"},{"@type":"ListItem","position":2,"name":"BIJELA KUGA DOVELA PROSVJETU U \u0160KRIPAC: U PRIJEDORU MANJE 105 PRVA\u010cI\u0106A"}]},{"@type":"WebSite","@id":"https:\/\/www.prijedordanas.com\/#website","url":"https:\/\/www.prijedordanas.com\/","name":"PrijedorDanas.com - Prijedorski gradski portal","description":"Portal o doga\u0111anjima u gradu Prijedoru","publisher":{"@id":"https:\/\/www.prijedordanas.com\/#organization"},"potentialAction":[{"@type":"SearchAction","target":{"@type":"EntryPoint","urlTemplate":"https:\/\/www.prijedordanas.com\/?s={search_term_string}"},"query-input":"required name=search_term_string"}],"inLanguage":"en-US"},{"@type":"Organization","@id":"https:\/\/www.prijedordanas.com\/#organization","name":"PrijedorDanas.com","url":"https:\/\/www.prijedordanas.com\/","logo":{"@type":"ImageObject","inLanguage":"en-US","@id":"https:\/\/www.prijedordanas.com\/#\/schema\/logo\/image\/","url":"http:\/\/www.prijedordanas.com\/wp-content\/uploads\/2021\/12\/logopng.png","contentUrl":"http:\/\/www.prijedordanas.com\/wp-content\/uploads\/2021\/12\/logopng.png","width":1019,"height":776,"caption":"PrijedorDanas.com"},"image":{"@id":"https:\/\/www.prijedordanas.com\/#\/schema\/logo\/image\/"},"sameAs":["https:\/\/www.facebook.com\/PrijedorDanasCom\/"]},{"@type":"Person","@id":"https:\/\/www.prijedordanas.com\/#\/schema\/person\/4e08ccf29b506ca916ff86d46bb700e6","name":"admin","image":{"@type":"ImageObject","inLanguage":"en-US","@id":"https:\/\/www.prijedordanas.com\/#\/schema\/person\/image\/","url":"https:\/\/secure.gravatar.com\/avatar\/1d3fc949d550f0b53a5f0d51e06dfd79?s=96&d=mm&r=g","contentUrl":"https:\/\/secure.gravatar.com\/avatar\/1d3fc949d550f0b53a5f0d51e06dfd79?s=96&d=mm&r=g","caption":"admin"},"url":"https:\/\/www.prijedordanas.com\/?author=1"}]}},"_links":{"self":[{"href":"https:\/\/www.prijedordanas.com\/index.php?rest_route=\/wp\/v2\/posts\/88530"}],"collection":[{"href":"https:\/\/www.prijedordanas.com\/index.php?rest_route=\/wp\/v2\/posts"}],"about":[{"href":"https:\/\/www.prijedordanas.com\/index.php?rest_route=\/wp\/v2\/types\/post"}],"author":[{"embeddable":true,"href":"https:\/\/www.prijedordanas.com\/index.php?rest_route=\/wp\/v2\/users\/1"}],"replies":[{"embeddable":true,"href":"https:\/\/www.prijedordanas.com\/index.php?rest_route=%2Fwp%2Fv2%2Fcomments&post=88530"}],"version-history":[{"count":1,"href":"https:\/\/www.prijedordanas.com\/index.php?rest_route=\/wp\/v2\/posts\/88530\/revisions"}],"predecessor-version":[{"id":88533,"href":"https:\/\/www.prijedordanas.com\/index.php?rest_route=\/wp\/v2\/posts\/88530\/revisions\/88533"}],"wp:attachment":[{"href":"https:\/\/www.prijedordanas.com\/index.php?rest_route=%2Fwp%2Fv2%2Fmedia&parent=88530"}],"wp:term":[{"taxonomy":"category","embeddable":true,"href":"https:\/\/www.prijedordanas.com\/index.php?rest_route=%2Fwp%2Fv2%2Fcategories&post=88530"},{"taxonomy":"post_tag","embeddable":true,"href":"https:\/\/www.prijedordanas.com\/index.php?rest_route=%2Fwp%2Fv2%2Ftags&post=88530"}],"curies":[{"name":"wp","href":"https:\/\/api.w.org\/{rel}","templated":true}]}}