{"id":88505,"date":"2017-09-04T21:39:07","date_gmt":"2017-09-04T19:39:07","guid":{"rendered":"https:\/\/www.prijedordanas.com\/?p=88505"},"modified":"2017-09-04T22:26:03","modified_gmt":"2017-09-04T20:26:03","slug":"prijedor-predstavljen-u-nedjeljnom-popodnevu-bn-televizije-foto","status":"publish","type":"post","link":"https:\/\/www.prijedordanas.com\/?p=88505","title":{"rendered":"PRIJEDOR PREDSTAVLJEN U \u201eNEDJELJNOM POPODNEVU\u201c BN TELEVIZIJE &#8211; FOTO"},"content":{"rendered":"<p><a href=\"https:\/\/www.prijedordanas.com\/wp-content\/uploads\/2017\/09\/nedjeljno-popodne-bn-tv-1.jpg\"><img loading=\"lazy\" decoding=\"async\" class=\"alignleft size-medium wp-image-88506\" src=\"https:\/\/www.prijedordanas.com\/wp-content\/uploads\/2017\/09\/nedjeljno-popodne-bn-tv-1-300x222.jpg\" alt=\"\" width=\"300\" height=\"222\" srcset=\"https:\/\/www.prijedordanas.com\/wp-content\/uploads\/2017\/09\/nedjeljno-popodne-bn-tv-1-300x222.jpg 300w, https:\/\/www.prijedordanas.com\/wp-content\/uploads\/2017\/09\/nedjeljno-popodne-bn-tv-1-100x74.jpg 100w, https:\/\/www.prijedordanas.com\/wp-content\/uploads\/2017\/09\/nedjeljno-popodne-bn-tv-1.jpg 675w\" sizes=\"(max-width: 300px) 100vw, 300px\" \/><\/a>Popularni karavan \u201cNedjeljnog popodneva\u201d BN Televizije gostovao je i u Prijedoru.<\/p>\n<p>U\u017eivo sa Malog gradskog trga emitovana je vi\u0161e\u010dasovna emisija u kojoj se predstavio na\u0161 grad.<\/p>\n<p>U \u201cNedjeljnom popodnevu\u201d gostovali su gradona\u010delnik Milenko \u0110akovi\u0107, njegov zamjenik Aleksandar Milju\u0161 i predsjednik Skup\u0161tine grada Sead Jakupovi\u0107.<\/p>\n<p>Oni su govorilo o razvoju grada, privredi, infrastrukturi, kao i planovima vezanim za budu\u0107nost Prijedora.<\/p>\n<p><a href=\"https:\/\/www.prijedordanas.com\/wp-content\/uploads\/2017\/09\/nedjeljno-popodne-bn-tv-2.jpg\"><img loading=\"lazy\" decoding=\"async\" src=\"https:\/\/www.prijedordanas.com\/wp-content\/uploads\/2017\/09\/nedjeljno-popodne-bn-tv-2-300x222.jpg\" alt=\"\" width=\"300\" height=\"222\" class=\"alignleft size-medium wp-image-88507\" srcset=\"https:\/\/www.prijedordanas.com\/wp-content\/uploads\/2017\/09\/nedjeljno-popodne-bn-tv-2-300x222.jpg 300w, https:\/\/www.prijedordanas.com\/wp-content\/uploads\/2017\/09\/nedjeljno-popodne-bn-tv-2-100x74.jpg 100w, https:\/\/www.prijedordanas.com\/wp-content\/uploads\/2017\/09\/nedjeljno-popodne-bn-tv-2.jpg 675w\" sizes=\"(max-width: 300px) 100vw, 300px\" \/><\/a>Me\u0111u gostima su se na\u0161li i direktor Nacionalnog parka \u201cKozara\u201d Dragan Rom\u010devi\u0107, direktorica Turisti\u010dke organizacije grada Prijedora Amira Gani\u0107, zamjenica predsjednika KUD \u201eMilan Egi\u0107\u201c Brezi\u010dani Olivera Brdar-Mirkovi\u0107, predstavnici Ukrajinskog udru\u017eenja \u201eKozak\u201c Trnopolje, Kola srpskih sestara Prijedor i drugi.<\/p>\n<p>Predstavljeno je i nekoliko spotova vezanih za na\u0161 grad i njegove ljepote.<\/p>\n<p>U programu su nastupili \u010dlanovi KUD \u201cMilan Egi\u0107\u201d Brezi\u010dani, KUD \u201cKozara\u201d Prijedor, Milica Stijepi\u0107, Aneta Makanji\u0107, Amila Memi\u0107 te Dinko Salihba\u0161i\u0107 (Rock ko fol).<\/p>\n<p>Priredio &#8211; Aleksandar Drakuli\u0107 \u2013 <a href=\"https:\/\/www.prijedordanas.com\" target=\"_blank\" rel=\"noopener noreferrer\">www.prijedordanas.com<\/a><\/p>\n<p><a href=\"https:\/\/www.prijedordanas.com\/wp-content\/uploads\/2017\/09\/nedjeljno-popodne-bn-tv-3.jpg\"><img loading=\"lazy\" decoding=\"async\" src=\"https:\/\/www.prijedordanas.com\/wp-content\/uploads\/2017\/09\/nedjeljno-popodne-bn-tv-3-300x222.jpg\" alt=\"\" width=\"300\" height=\"222\" class=\"alignleft size-medium wp-image-88508\" srcset=\"https:\/\/www.prijedordanas.com\/wp-content\/uploads\/2017\/09\/nedjeljno-popodne-bn-tv-3-300x222.jpg 300w, https:\/\/www.prijedordanas.com\/wp-content\/uploads\/2017\/09\/nedjeljno-popodne-bn-tv-3-100x74.jpg 100w, https:\/\/www.prijedordanas.com\/wp-content\/uploads\/2017\/09\/nedjeljno-popodne-bn-tv-3.jpg 675w\" sizes=\"(max-width: 300px) 100vw, 300px\" \/><\/a> <a href=\"https:\/\/www.prijedordanas.com\/wp-content\/uploads\/2017\/09\/nedjeljno-popodne-bn-tv-4.jpg\"><img loading=\"lazy\" decoding=\"async\" src=\"https:\/\/www.prijedordanas.com\/wp-content\/uploads\/2017\/09\/nedjeljno-popodne-bn-tv-4-300x222.jpg\" alt=\"\" width=\"300\" height=\"222\" class=\"alignleft size-medium wp-image-88509\" srcset=\"https:\/\/www.prijedordanas.com\/wp-content\/uploads\/2017\/09\/nedjeljno-popodne-bn-tv-4-300x222.jpg 300w, https:\/\/www.prijedordanas.com\/wp-content\/uploads\/2017\/09\/nedjeljno-popodne-bn-tv-4-100x74.jpg 100w, https:\/\/www.prijedordanas.com\/wp-content\/uploads\/2017\/09\/nedjeljno-popodne-bn-tv-4.jpg 675w\" sizes=\"(max-width: 300px) 100vw, 300px\" \/><\/a> <a href=\"https:\/\/www.prijedordanas.com\/wp-content\/uploads\/2017\/09\/nedjeljno-popodne-bn-tv-5.jpg\"><img loading=\"lazy\" decoding=\"async\" src=\"https:\/\/www.prijedordanas.com\/wp-content\/uploads\/2017\/09\/nedjeljno-popodne-bn-tv-5-300x222.jpg\" alt=\"\" width=\"300\" height=\"222\" class=\"alignleft size-medium wp-image-88510\" srcset=\"https:\/\/www.prijedordanas.com\/wp-content\/uploads\/2017\/09\/nedjeljno-popodne-bn-tv-5-300x222.jpg 300w, https:\/\/www.prijedordanas.com\/wp-content\/uploads\/2017\/09\/nedjeljno-popodne-bn-tv-5-100x74.jpg 100w, https:\/\/www.prijedordanas.com\/wp-content\/uploads\/2017\/09\/nedjeljno-popodne-bn-tv-5.jpg 675w\" sizes=\"(max-width: 300px) 100vw, 300px\" \/><\/a> <a href=\"https:\/\/www.prijedordanas.com\/wp-content\/uploads\/2017\/09\/nedjeljno-popodne-bn-tv-6.jpg\"><img loading=\"lazy\" decoding=\"async\" src=\"https:\/\/www.prijedordanas.com\/wp-content\/uploads\/2017\/09\/nedjeljno-popodne-bn-tv-6-300x222.jpg\" alt=\"\" width=\"300\" height=\"222\" class=\"alignleft size-medium wp-image-88511\" srcset=\"https:\/\/www.prijedordanas.com\/wp-content\/uploads\/2017\/09\/nedjeljno-popodne-bn-tv-6-300x222.jpg 300w, https:\/\/www.prijedordanas.com\/wp-content\/uploads\/2017\/09\/nedjeljno-popodne-bn-tv-6-100x74.jpg 100w, https:\/\/www.prijedordanas.com\/wp-content\/uploads\/2017\/09\/nedjeljno-popodne-bn-tv-6.jpg 675w\" sizes=\"(max-width: 300px) 100vw, 300px\" \/><\/a> <a href=\"https:\/\/www.prijedordanas.com\/wp-content\/uploads\/2017\/09\/nedjeljno-popodne-bn-tv-7.jpg\"><img loading=\"lazy\" decoding=\"async\" src=\"https:\/\/www.prijedordanas.com\/wp-content\/uploads\/2017\/09\/nedjeljno-popodne-bn-tv-7-300x222.jpg\" alt=\"\" width=\"300\" height=\"222\" class=\"alignleft size-medium wp-image-88512\" srcset=\"https:\/\/www.prijedordanas.com\/wp-content\/uploads\/2017\/09\/nedjeljno-popodne-bn-tv-7-300x222.jpg 300w, https:\/\/www.prijedordanas.com\/wp-content\/uploads\/2017\/09\/nedjeljno-popodne-bn-tv-7-100x74.jpg 100w, https:\/\/www.prijedordanas.com\/wp-content\/uploads\/2017\/09\/nedjeljno-popodne-bn-tv-7.jpg 675w\" sizes=\"(max-width: 300px) 100vw, 300px\" \/><\/a><\/p>\n","protected":false},"excerpt":{"rendered":"<p>Popularni karavan \u201cNedjeljnog popodneva\u201d BN Televizije gostovao je i u Prijedoru. U\u017eivo sa Malog gradskog trga emitovana je vi\u0161e\u010dasovna emisija u kojoj se predstavio na\u0161 grad. U \u201cNedjeljnom popodnevu\u201d gostovali [&hellip;]<\/p>\n","protected":false},"author":1,"featured_media":0,"comment_status":"closed","ping_status":"open","sticky":false,"template":"","format":"standard","meta":{"_monsterinsights_skip_tracking":false,"_monsterinsights_sitenote_active":false,"_monsterinsights_sitenote_note":"","_monsterinsights_sitenote_category":0,"footnotes":""},"categories":[3],"tags":[],"yoast_head":"<!-- This site is optimized with the Yoast SEO plugin v21.6 - https:\/\/yoast.com\/wordpress\/plugins\/seo\/ -->\n<title>PRIJEDOR PREDSTAVLJEN U \u201eNEDJELJNOM POPODNEVU\u201c BN TELEVIZIJE - FOTO - PrijedorDanas.com - Prijedorski gradski portal<\/title>\n<meta name=\"robots\" content=\"index, follow, max-snippet:-1, max-image-preview:large, max-video-preview:-1\" \/>\n<link rel=\"canonical\" href=\"https:\/\/www.prijedordanas.com\/?p=88505\" \/>\n<meta property=\"og:locale\" content=\"en_US\" \/>\n<meta property=\"og:type\" content=\"article\" \/>\n<meta property=\"og:title\" content=\"PRIJEDOR PREDSTAVLJEN U \u201eNEDJELJNOM POPODNEVU\u201c BN TELEVIZIJE - FOTO - PrijedorDanas.com - Prijedorski gradski portal\" \/>\n<meta property=\"og:description\" content=\"Popularni karavan \u201cNedjeljnog popodneva\u201d BN Televizije gostovao je i u Prijedoru. U\u017eivo sa Malog gradskog trga emitovana je vi\u0161e\u010dasovna emisija u kojoj se predstavio na\u0161 grad. U \u201cNedjeljnom popodnevu\u201d gostovali [&hellip;]\" \/>\n<meta property=\"og:url\" content=\"https:\/\/www.prijedordanas.com\/?p=88505\" \/>\n<meta property=\"og:site_name\" content=\"PrijedorDanas.com - Prijedorski gradski portal\" \/>\n<meta property=\"article:publisher\" content=\"https:\/\/www.facebook.com\/PrijedorDanasCom\/\" \/>\n<meta property=\"article:published_time\" content=\"2017-09-04T19:39:07+00:00\" \/>\n<meta property=\"article:modified_time\" content=\"2017-09-04T20:26:03+00:00\" \/>\n<meta property=\"og:image\" content=\"https:\/\/www.prijedordanas.com\/wp-content\/uploads\/2017\/09\/nedjeljno-popodne-bn-tv-1-300x222.jpg\" \/>\n<meta name=\"author\" content=\"admin\" \/>\n<meta name=\"twitter:card\" content=\"summary_large_image\" \/>\n<meta name=\"twitter:label1\" content=\"Written by\" \/>\n\t<meta name=\"twitter:data1\" content=\"admin\" \/>\n\t<meta name=\"twitter:label2\" content=\"Est. reading time\" \/>\n\t<meta name=\"twitter:data2\" content=\"1 minute\" \/>\n<script type=\"application\/ld+json\" class=\"yoast-schema-graph\">{\"@context\":\"https:\/\/schema.org\",\"@graph\":[{\"@type\":\"Article\",\"@id\":\"https:\/\/www.prijedordanas.com\/?p=88505#article\",\"isPartOf\":{\"@id\":\"https:\/\/www.prijedordanas.com\/?p=88505\"},\"author\":{\"name\":\"admin\",\"@id\":\"https:\/\/www.prijedordanas.com\/#\/schema\/person\/4e08ccf29b506ca916ff86d46bb700e6\"},\"headline\":\"PRIJEDOR PREDSTAVLJEN U \u201eNEDJELJNOM POPODNEVU\u201c BN TELEVIZIJE &#8211; FOTO\",\"datePublished\":\"2017-09-04T19:39:07+00:00\",\"dateModified\":\"2017-09-04T20:26:03+00:00\",\"mainEntityOfPage\":{\"@id\":\"https:\/\/www.prijedordanas.com\/?p=88505\"},\"wordCount\":163,\"publisher\":{\"@id\":\"https:\/\/www.prijedordanas.com\/#organization\"},\"articleSection\":[\"\u017divot\"],\"inLanguage\":\"en-US\"},{\"@type\":\"WebPage\",\"@id\":\"https:\/\/www.prijedordanas.com\/?p=88505\",\"url\":\"https:\/\/www.prijedordanas.com\/?p=88505\",\"name\":\"PRIJEDOR PREDSTAVLJEN U \u201eNEDJELJNOM POPODNEVU\u201c BN TELEVIZIJE - FOTO - PrijedorDanas.com - Prijedorski gradski portal\",\"isPartOf\":{\"@id\":\"https:\/\/www.prijedordanas.com\/#website\"},\"datePublished\":\"2017-09-04T19:39:07+00:00\",\"dateModified\":\"2017-09-04T20:26:03+00:00\",\"breadcrumb\":{\"@id\":\"https:\/\/www.prijedordanas.com\/?p=88505#breadcrumb\"},\"inLanguage\":\"en-US\",\"potentialAction\":[{\"@type\":\"ReadAction\",\"target\":[\"https:\/\/www.prijedordanas.com\/?p=88505\"]}]},{\"@type\":\"BreadcrumbList\",\"@id\":\"https:\/\/www.prijedordanas.com\/?p=88505#breadcrumb\",\"itemListElement\":[{\"@type\":\"ListItem\",\"position\":1,\"name\":\"Home\",\"item\":\"https:\/\/www.prijedordanas.com\/\"},{\"@type\":\"ListItem\",\"position\":2,\"name\":\"PRIJEDOR PREDSTAVLJEN U \u201eNEDJELJNOM POPODNEVU\u201c BN TELEVIZIJE &#8211; FOTO\"}]},{\"@type\":\"WebSite\",\"@id\":\"https:\/\/www.prijedordanas.com\/#website\",\"url\":\"https:\/\/www.prijedordanas.com\/\",\"name\":\"PrijedorDanas.com - Prijedorski gradski portal\",\"description\":\"Portal o doga\u0111anjima u gradu Prijedoru\",\"publisher\":{\"@id\":\"https:\/\/www.prijedordanas.com\/#organization\"},\"potentialAction\":[{\"@type\":\"SearchAction\",\"target\":{\"@type\":\"EntryPoint\",\"urlTemplate\":\"https:\/\/www.prijedordanas.com\/?s={search_term_string}\"},\"query-input\":\"required name=search_term_string\"}],\"inLanguage\":\"en-US\"},{\"@type\":\"Organization\",\"@id\":\"https:\/\/www.prijedordanas.com\/#organization\",\"name\":\"PrijedorDanas.com\",\"url\":\"https:\/\/www.prijedordanas.com\/\",\"logo\":{\"@type\":\"ImageObject\",\"inLanguage\":\"en-US\",\"@id\":\"https:\/\/www.prijedordanas.com\/#\/schema\/logo\/image\/\",\"url\":\"http:\/\/www.prijedordanas.com\/wp-content\/uploads\/2021\/12\/logopng.png\",\"contentUrl\":\"http:\/\/www.prijedordanas.com\/wp-content\/uploads\/2021\/12\/logopng.png\",\"width\":1019,\"height\":776,\"caption\":\"PrijedorDanas.com\"},\"image\":{\"@id\":\"https:\/\/www.prijedordanas.com\/#\/schema\/logo\/image\/\"},\"sameAs\":[\"https:\/\/www.facebook.com\/PrijedorDanasCom\/\"]},{\"@type\":\"Person\",\"@id\":\"https:\/\/www.prijedordanas.com\/#\/schema\/person\/4e08ccf29b506ca916ff86d46bb700e6\",\"name\":\"admin\",\"image\":{\"@type\":\"ImageObject\",\"inLanguage\":\"en-US\",\"@id\":\"https:\/\/www.prijedordanas.com\/#\/schema\/person\/image\/\",\"url\":\"https:\/\/secure.gravatar.com\/avatar\/1d3fc949d550f0b53a5f0d51e06dfd79?s=96&d=mm&r=g\",\"contentUrl\":\"https:\/\/secure.gravatar.com\/avatar\/1d3fc949d550f0b53a5f0d51e06dfd79?s=96&d=mm&r=g\",\"caption\":\"admin\"},\"url\":\"https:\/\/www.prijedordanas.com\/?author=1\"}]}<\/script>\n<!-- \/ Yoast SEO plugin. -->","yoast_head_json":{"title":"PRIJEDOR PREDSTAVLJEN U \u201eNEDJELJNOM POPODNEVU\u201c BN TELEVIZIJE - FOTO - PrijedorDanas.com - Prijedorski gradski portal","robots":{"index":"index","follow":"follow","max-snippet":"max-snippet:-1","max-image-preview":"max-image-preview:large","max-video-preview":"max-video-preview:-1"},"canonical":"https:\/\/www.prijedordanas.com\/?p=88505","og_locale":"en_US","og_type":"article","og_title":"PRIJEDOR PREDSTAVLJEN U \u201eNEDJELJNOM POPODNEVU\u201c BN TELEVIZIJE - FOTO - PrijedorDanas.com - Prijedorski gradski portal","og_description":"Popularni karavan \u201cNedjeljnog popodneva\u201d BN Televizije gostovao je i u Prijedoru. U\u017eivo sa Malog gradskog trga emitovana je vi\u0161e\u010dasovna emisija u kojoj se predstavio na\u0161 grad. U \u201cNedjeljnom popodnevu\u201d gostovali [&hellip;]","og_url":"https:\/\/www.prijedordanas.com\/?p=88505","og_site_name":"PrijedorDanas.com - Prijedorski gradski portal","article_publisher":"https:\/\/www.facebook.com\/PrijedorDanasCom\/","article_published_time":"2017-09-04T19:39:07+00:00","article_modified_time":"2017-09-04T20:26:03+00:00","og_image":[{"url":"https:\/\/www.prijedordanas.com\/wp-content\/uploads\/2017\/09\/nedjeljno-popodne-bn-tv-1-300x222.jpg"}],"author":"admin","twitter_card":"summary_large_image","twitter_misc":{"Written by":"admin","Est. reading time":"1 minute"},"schema":{"@context":"https:\/\/schema.org","@graph":[{"@type":"Article","@id":"https:\/\/www.prijedordanas.com\/?p=88505#article","isPartOf":{"@id":"https:\/\/www.prijedordanas.com\/?p=88505"},"author":{"name":"admin","@id":"https:\/\/www.prijedordanas.com\/#\/schema\/person\/4e08ccf29b506ca916ff86d46bb700e6"},"headline":"PRIJEDOR PREDSTAVLJEN U \u201eNEDJELJNOM POPODNEVU\u201c BN TELEVIZIJE &#8211; FOTO","datePublished":"2017-09-04T19:39:07+00:00","dateModified":"2017-09-04T20:26:03+00:00","mainEntityOfPage":{"@id":"https:\/\/www.prijedordanas.com\/?p=88505"},"wordCount":163,"publisher":{"@id":"https:\/\/www.prijedordanas.com\/#organization"},"articleSection":["\u017divot"],"inLanguage":"en-US"},{"@type":"WebPage","@id":"https:\/\/www.prijedordanas.com\/?p=88505","url":"https:\/\/www.prijedordanas.com\/?p=88505","name":"PRIJEDOR PREDSTAVLJEN U \u201eNEDJELJNOM POPODNEVU\u201c BN TELEVIZIJE - FOTO - PrijedorDanas.com - Prijedorski gradski portal","isPartOf":{"@id":"https:\/\/www.prijedordanas.com\/#website"},"datePublished":"2017-09-04T19:39:07+00:00","dateModified":"2017-09-04T20:26:03+00:00","breadcrumb":{"@id":"https:\/\/www.prijedordanas.com\/?p=88505#breadcrumb"},"inLanguage":"en-US","potentialAction":[{"@type":"ReadAction","target":["https:\/\/www.prijedordanas.com\/?p=88505"]}]},{"@type":"BreadcrumbList","@id":"https:\/\/www.prijedordanas.com\/?p=88505#breadcrumb","itemListElement":[{"@type":"ListItem","position":1,"name":"Home","item":"https:\/\/www.prijedordanas.com\/"},{"@type":"ListItem","position":2,"name":"PRIJEDOR PREDSTAVLJEN U \u201eNEDJELJNOM POPODNEVU\u201c BN TELEVIZIJE &#8211; FOTO"}]},{"@type":"WebSite","@id":"https:\/\/www.prijedordanas.com\/#website","url":"https:\/\/www.prijedordanas.com\/","name":"PrijedorDanas.com - Prijedorski gradski portal","description":"Portal o doga\u0111anjima u gradu Prijedoru","publisher":{"@id":"https:\/\/www.prijedordanas.com\/#organization"},"potentialAction":[{"@type":"SearchAction","target":{"@type":"EntryPoint","urlTemplate":"https:\/\/www.prijedordanas.com\/?s={search_term_string}"},"query-input":"required name=search_term_string"}],"inLanguage":"en-US"},{"@type":"Organization","@id":"https:\/\/www.prijedordanas.com\/#organization","name":"PrijedorDanas.com","url":"https:\/\/www.prijedordanas.com\/","logo":{"@type":"ImageObject","inLanguage":"en-US","@id":"https:\/\/www.prijedordanas.com\/#\/schema\/logo\/image\/","url":"http:\/\/www.prijedordanas.com\/wp-content\/uploads\/2021\/12\/logopng.png","contentUrl":"http:\/\/www.prijedordanas.com\/wp-content\/uploads\/2021\/12\/logopng.png","width":1019,"height":776,"caption":"PrijedorDanas.com"},"image":{"@id":"https:\/\/www.prijedordanas.com\/#\/schema\/logo\/image\/"},"sameAs":["https:\/\/www.facebook.com\/PrijedorDanasCom\/"]},{"@type":"Person","@id":"https:\/\/www.prijedordanas.com\/#\/schema\/person\/4e08ccf29b506ca916ff86d46bb700e6","name":"admin","image":{"@type":"ImageObject","inLanguage":"en-US","@id":"https:\/\/www.prijedordanas.com\/#\/schema\/person\/image\/","url":"https:\/\/secure.gravatar.com\/avatar\/1d3fc949d550f0b53a5f0d51e06dfd79?s=96&d=mm&r=g","contentUrl":"https:\/\/secure.gravatar.com\/avatar\/1d3fc949d550f0b53a5f0d51e06dfd79?s=96&d=mm&r=g","caption":"admin"},"url":"https:\/\/www.prijedordanas.com\/?author=1"}]}},"_links":{"self":[{"href":"https:\/\/www.prijedordanas.com\/index.php?rest_route=\/wp\/v2\/posts\/88505"}],"collection":[{"href":"https:\/\/www.prijedordanas.com\/index.php?rest_route=\/wp\/v2\/posts"}],"about":[{"href":"https:\/\/www.prijedordanas.com\/index.php?rest_route=\/wp\/v2\/types\/post"}],"author":[{"embeddable":true,"href":"https:\/\/www.prijedordanas.com\/index.php?rest_route=\/wp\/v2\/users\/1"}],"replies":[{"embeddable":true,"href":"https:\/\/www.prijedordanas.com\/index.php?rest_route=%2Fwp%2Fv2%2Fcomments&post=88505"}],"version-history":[{"count":2,"href":"https:\/\/www.prijedordanas.com\/index.php?rest_route=\/wp\/v2\/posts\/88505\/revisions"}],"predecessor-version":[{"id":88514,"href":"https:\/\/www.prijedordanas.com\/index.php?rest_route=\/wp\/v2\/posts\/88505\/revisions\/88514"}],"wp:attachment":[{"href":"https:\/\/www.prijedordanas.com\/index.php?rest_route=%2Fwp%2Fv2%2Fmedia&parent=88505"}],"wp:term":[{"taxonomy":"category","embeddable":true,"href":"https:\/\/www.prijedordanas.com\/index.php?rest_route=%2Fwp%2Fv2%2Fcategories&post=88505"},{"taxonomy":"post_tag","embeddable":true,"href":"https:\/\/www.prijedordanas.com\/index.php?rest_route=%2Fwp%2Fv2%2Ftags&post=88505"}],"curies":[{"name":"wp","href":"https:\/\/api.w.org\/{rel}","templated":true}]}}