{"id":88042,"date":"2017-08-27T22:11:02","date_gmt":"2017-08-27T20:11:02","guid":{"rendered":"https:\/\/www.prijedordanas.com\/?p=88042"},"modified":"2017-08-27T22:11:02","modified_gmt":"2017-08-27T20:11:02","slug":"tekstilac-rudar-prijedor-11-foto","status":"publish","type":"post","link":"https:\/\/www.prijedordanas.com\/?p=88042","title":{"rendered":"TEKSTILAC: RUDAR-PRIJEDOR  1:1 \u2013 FOTO"},"content":{"rendered":"<p><a href=\"https:\/\/www.prijedordanas.com\/wp-content\/uploads\/2017\/08\/tekstilac-rudar-prijedor-avgust-1.jpg\"><img loading=\"lazy\" decoding=\"async\" src=\"https:\/\/www.prijedordanas.com\/wp-content\/uploads\/2017\/08\/tekstilac-rudar-prijedor-avgust-1-300x217.jpg\" alt=\"\" width=\"300\" height=\"217\" class=\"alignleft size-medium wp-image-88043\" srcset=\"https:\/\/www.prijedordanas.com\/wp-content\/uploads\/2017\/08\/tekstilac-rudar-prijedor-avgust-1-300x217.jpg 300w, https:\/\/www.prijedordanas.com\/wp-content\/uploads\/2017\/08\/tekstilac-rudar-prijedor-avgust-1-100x72.jpg 100w, https:\/\/www.prijedordanas.com\/wp-content\/uploads\/2017\/08\/tekstilac-rudar-prijedor-avgust-1.jpg 690w\" sizes=\"(max-width: 300px) 100vw, 300px\" \/><\/a>Derbi me\u010d 3.kola Prve lige Republike Srpske izme\u0111u doma\u0107eg Tekstilca i Rudar-Prijedora zavr\u0161en je podjelom bodova, 1:1 (0:0).<\/p>\n<p>U prvom dijelu me\u010da mre\u017ee su mirovale iako Derven\u0107ani imali odli\u010dnu priliku preko Peri\u0107a ali je Nemanja Petrovi\u0107 sjajno intervenisao u situaciji \u201e1 na 1\u201c.<\/p>\n<p>Iako su se obje ekipe trudile da do\u0111u do prenosti, golovi su vi\u0111eni tek u posljednjih desetak minuta susreta.<\/p>\n<p>Igrala se 84.minuta kada je za Prijedor\u010dane pogodio Ognjen Ja\u0107imovi\u0107 koji je postigao gol u sva tri dosada\u0161nja me\u010da nove sezone.<\/p>\n<p>Radost gostiju nije dugo trajala jer je svega tri minute kasnije izjedna\u010dio Tekstilac preko Peri\u0107a pa je ova utakmica zavr\u0161ena 1:1.<\/p>\n<p><a href=\"https:\/\/www.prijedordanas.com\/wp-content\/uploads\/2017\/08\/tekstilac-rudar-prijedor-avgust-2.jpg\"><img loading=\"lazy\" decoding=\"async\" src=\"https:\/\/www.prijedordanas.com\/wp-content\/uploads\/2017\/08\/tekstilac-rudar-prijedor-avgust-2-300x217.jpg\" alt=\"\" width=\"300\" height=\"217\" class=\"alignleft size-medium wp-image-88044\" srcset=\"https:\/\/www.prijedordanas.com\/wp-content\/uploads\/2017\/08\/tekstilac-rudar-prijedor-avgust-2-300x217.jpg 300w, https:\/\/www.prijedordanas.com\/wp-content\/uploads\/2017\/08\/tekstilac-rudar-prijedor-avgust-2-100x72.jpg 100w, https:\/\/www.prijedordanas.com\/wp-content\/uploads\/2017\/08\/tekstilac-rudar-prijedor-avgust-2.jpg 690w\" sizes=\"(max-width: 300px) 100vw, 300px\" \/><\/a>Tekstilac: Rudar-Prijedor  1:1 (0:0)<\/p>\n<p>Derventa<br \/>\nGradski stadion<br \/>\nSudija: Sla\u0111an Do\u0161lo<br \/>\nStirjelci: Peri\u0107 u 87. za Tekstilac i Ja\u0107imovi\u0107 u 84.minuti za Rudar-Prijedor<br \/>\n\u017duti kartoni: Mari\u0107, Simi\u0107, Kova\u010d (Tekstilac), Gavranovi\u0107, Vojnovi\u0107 (Rudar-Prijedor)<\/p>\n<p>Tekstilac:<br \/>\nPlisni\u0107, Mari\u0107, Rastovi\u0107, Jolovi\u0107, Kova\u010d, Komlenovi\u0107, \u0110uri\u010di\u0107 (Duspara), Milakovi\u0107, Zari\u0107 (Susakovi\u0107) Brkovi\u0107 (Simi\u0107), Peri\u0107<\/p>\n<p>Rudar-Prijedor:<br \/>\nNe.Petrovi\u0107, No.Petrovi\u0107 (Vejnovi\u0107), Jakupovi\u0107, Loli\u0107, \u0160aki\u0107 (Gavranovi\u0107), Vojnovi\u0107, Pekija, Pecelj, Ja\u0107imovi\u0107, Mari\u0107 (Jandri\u0107), Davidovi\u0107<\/p>\n<p>Tekst i foto \u2013 Aleksandar Drakuli\u0107 \u2013 <a href=\"https:\/\/www.prijedordanas.com\" target=\"_blank\" rel=\"noopener noreferrer\">www.prijedordanas.com<\/a><\/p>\n<p><a href=\"https:\/\/www.prijedordanas.com\/wp-content\/uploads\/2017\/08\/tekstilac-rudar-prijedor-avgust-3.jpg\"><img loading=\"lazy\" decoding=\"async\" src=\"https:\/\/www.prijedordanas.com\/wp-content\/uploads\/2017\/08\/tekstilac-rudar-prijedor-avgust-3-300x217.jpg\" alt=\"\" width=\"300\" height=\"217\" class=\"alignleft size-medium wp-image-88045\" srcset=\"https:\/\/www.prijedordanas.com\/wp-content\/uploads\/2017\/08\/tekstilac-rudar-prijedor-avgust-3-300x217.jpg 300w, https:\/\/www.prijedordanas.com\/wp-content\/uploads\/2017\/08\/tekstilac-rudar-prijedor-avgust-3-100x72.jpg 100w, https:\/\/www.prijedordanas.com\/wp-content\/uploads\/2017\/08\/tekstilac-rudar-prijedor-avgust-3.jpg 690w\" sizes=\"(max-width: 300px) 100vw, 300px\" \/><\/a> <a href=\"https:\/\/www.prijedordanas.com\/wp-content\/uploads\/2017\/08\/tekstilac-rudar-prijedor-avgust-4.jpg\"><img loading=\"lazy\" decoding=\"async\" src=\"https:\/\/www.prijedordanas.com\/wp-content\/uploads\/2017\/08\/tekstilac-rudar-prijedor-avgust-4-300x217.jpg\" alt=\"\" width=\"300\" height=\"217\" class=\"alignleft size-medium wp-image-88046\" srcset=\"https:\/\/www.prijedordanas.com\/wp-content\/uploads\/2017\/08\/tekstilac-rudar-prijedor-avgust-4-300x217.jpg 300w, https:\/\/www.prijedordanas.com\/wp-content\/uploads\/2017\/08\/tekstilac-rudar-prijedor-avgust-4-100x72.jpg 100w, https:\/\/www.prijedordanas.com\/wp-content\/uploads\/2017\/08\/tekstilac-rudar-prijedor-avgust-4.jpg 690w\" sizes=\"(max-width: 300px) 100vw, 300px\" \/><\/a><\/p>\n","protected":false},"excerpt":{"rendered":"<p>Derbi me\u010d 3.kola Prve lige Republike Srpske izme\u0111u doma\u0107eg Tekstilca i Rudar-Prijedora zavr\u0161en je podjelom bodova, 1:1 (0:0). U prvom dijelu me\u010da mre\u017ee su mirovale iako Derven\u0107ani imali odli\u010dnu priliku [&hellip;]<\/p>\n","protected":false},"author":1,"featured_media":0,"comment_status":"closed","ping_status":"open","sticky":false,"template":"","format":"standard","meta":{"_monsterinsights_skip_tracking":false,"_monsterinsights_sitenote_active":false,"_monsterinsights_sitenote_note":"","_monsterinsights_sitenote_category":0,"footnotes":""},"categories":[7],"tags":[],"yoast_head":"<!-- This site is optimized with the Yoast SEO plugin v21.6 - https:\/\/yoast.com\/wordpress\/plugins\/seo\/ -->\n<title>TEKSTILAC: RUDAR-PRIJEDOR 1:1 \u2013 FOTO - PrijedorDanas.com - Prijedorski gradski portal<\/title>\n<meta name=\"robots\" content=\"index, follow, max-snippet:-1, max-image-preview:large, max-video-preview:-1\" \/>\n<link rel=\"canonical\" href=\"https:\/\/www.prijedordanas.com\/?p=88042\" \/>\n<meta property=\"og:locale\" content=\"en_US\" \/>\n<meta property=\"og:type\" content=\"article\" \/>\n<meta property=\"og:title\" content=\"TEKSTILAC: RUDAR-PRIJEDOR 1:1 \u2013 FOTO - PrijedorDanas.com - Prijedorski gradski portal\" \/>\n<meta property=\"og:description\" content=\"Derbi me\u010d 3.kola Prve lige Republike Srpske izme\u0111u doma\u0107eg Tekstilca i Rudar-Prijedora zavr\u0161en je podjelom bodova, 1:1 (0:0). U prvom dijelu me\u010da mre\u017ee su mirovale iako Derven\u0107ani imali odli\u010dnu priliku [&hellip;]\" \/>\n<meta property=\"og:url\" content=\"https:\/\/www.prijedordanas.com\/?p=88042\" \/>\n<meta property=\"og:site_name\" content=\"PrijedorDanas.com - Prijedorski gradski portal\" \/>\n<meta property=\"article:publisher\" content=\"https:\/\/www.facebook.com\/PrijedorDanasCom\/\" \/>\n<meta property=\"article:published_time\" content=\"2017-08-27T20:11:02+00:00\" \/>\n<meta property=\"og:image\" content=\"https:\/\/www.prijedordanas.com\/wp-content\/uploads\/2017\/08\/tekstilac-rudar-prijedor-avgust-1-300x217.jpg\" \/>\n<meta name=\"author\" content=\"admin\" \/>\n<meta name=\"twitter:card\" content=\"summary_large_image\" \/>\n<meta name=\"twitter:label1\" content=\"Written by\" \/>\n\t<meta name=\"twitter:data1\" content=\"admin\" \/>\n\t<meta name=\"twitter:label2\" content=\"Est. reading time\" \/>\n\t<meta name=\"twitter:data2\" content=\"1 minute\" \/>\n<script type=\"application\/ld+json\" class=\"yoast-schema-graph\">{\"@context\":\"https:\/\/schema.org\",\"@graph\":[{\"@type\":\"Article\",\"@id\":\"https:\/\/www.prijedordanas.com\/?p=88042#article\",\"isPartOf\":{\"@id\":\"https:\/\/www.prijedordanas.com\/?p=88042\"},\"author\":{\"name\":\"admin\",\"@id\":\"https:\/\/www.prijedordanas.com\/#\/schema\/person\/4e08ccf29b506ca916ff86d46bb700e6\"},\"headline\":\"TEKSTILAC: RUDAR-PRIJEDOR 1:1 \u2013 FOTO\",\"datePublished\":\"2017-08-27T20:11:02+00:00\",\"dateModified\":\"2017-08-27T20:11:02+00:00\",\"mainEntityOfPage\":{\"@id\":\"https:\/\/www.prijedordanas.com\/?p=88042\"},\"wordCount\":192,\"publisher\":{\"@id\":\"https:\/\/www.prijedordanas.com\/#organization\"},\"articleSection\":[\"Sport\"],\"inLanguage\":\"en-US\"},{\"@type\":\"WebPage\",\"@id\":\"https:\/\/www.prijedordanas.com\/?p=88042\",\"url\":\"https:\/\/www.prijedordanas.com\/?p=88042\",\"name\":\"TEKSTILAC: RUDAR-PRIJEDOR 1:1 \u2013 FOTO - PrijedorDanas.com - Prijedorski gradski portal\",\"isPartOf\":{\"@id\":\"https:\/\/www.prijedordanas.com\/#website\"},\"datePublished\":\"2017-08-27T20:11:02+00:00\",\"dateModified\":\"2017-08-27T20:11:02+00:00\",\"breadcrumb\":{\"@id\":\"https:\/\/www.prijedordanas.com\/?p=88042#breadcrumb\"},\"inLanguage\":\"en-US\",\"potentialAction\":[{\"@type\":\"ReadAction\",\"target\":[\"https:\/\/www.prijedordanas.com\/?p=88042\"]}]},{\"@type\":\"BreadcrumbList\",\"@id\":\"https:\/\/www.prijedordanas.com\/?p=88042#breadcrumb\",\"itemListElement\":[{\"@type\":\"ListItem\",\"position\":1,\"name\":\"Home\",\"item\":\"https:\/\/www.prijedordanas.com\/\"},{\"@type\":\"ListItem\",\"position\":2,\"name\":\"TEKSTILAC: RUDAR-PRIJEDOR 1:1 \u2013 FOTO\"}]},{\"@type\":\"WebSite\",\"@id\":\"https:\/\/www.prijedordanas.com\/#website\",\"url\":\"https:\/\/www.prijedordanas.com\/\",\"name\":\"PrijedorDanas.com - Prijedorski gradski portal\",\"description\":\"Portal o doga\u0111anjima u gradu Prijedoru\",\"publisher\":{\"@id\":\"https:\/\/www.prijedordanas.com\/#organization\"},\"potentialAction\":[{\"@type\":\"SearchAction\",\"target\":{\"@type\":\"EntryPoint\",\"urlTemplate\":\"https:\/\/www.prijedordanas.com\/?s={search_term_string}\"},\"query-input\":\"required name=search_term_string\"}],\"inLanguage\":\"en-US\"},{\"@type\":\"Organization\",\"@id\":\"https:\/\/www.prijedordanas.com\/#organization\",\"name\":\"PrijedorDanas.com\",\"url\":\"https:\/\/www.prijedordanas.com\/\",\"logo\":{\"@type\":\"ImageObject\",\"inLanguage\":\"en-US\",\"@id\":\"https:\/\/www.prijedordanas.com\/#\/schema\/logo\/image\/\",\"url\":\"http:\/\/www.prijedordanas.com\/wp-content\/uploads\/2021\/12\/logopng.png\",\"contentUrl\":\"http:\/\/www.prijedordanas.com\/wp-content\/uploads\/2021\/12\/logopng.png\",\"width\":1019,\"height\":776,\"caption\":\"PrijedorDanas.com\"},\"image\":{\"@id\":\"https:\/\/www.prijedordanas.com\/#\/schema\/logo\/image\/\"},\"sameAs\":[\"https:\/\/www.facebook.com\/PrijedorDanasCom\/\"]},{\"@type\":\"Person\",\"@id\":\"https:\/\/www.prijedordanas.com\/#\/schema\/person\/4e08ccf29b506ca916ff86d46bb700e6\",\"name\":\"admin\",\"image\":{\"@type\":\"ImageObject\",\"inLanguage\":\"en-US\",\"@id\":\"https:\/\/www.prijedordanas.com\/#\/schema\/person\/image\/\",\"url\":\"https:\/\/secure.gravatar.com\/avatar\/1d3fc949d550f0b53a5f0d51e06dfd79?s=96&d=mm&r=g\",\"contentUrl\":\"https:\/\/secure.gravatar.com\/avatar\/1d3fc949d550f0b53a5f0d51e06dfd79?s=96&d=mm&r=g\",\"caption\":\"admin\"},\"url\":\"https:\/\/www.prijedordanas.com\/?author=1\"}]}<\/script>\n<!-- \/ Yoast SEO plugin. -->","yoast_head_json":{"title":"TEKSTILAC: RUDAR-PRIJEDOR 1:1 \u2013 FOTO - PrijedorDanas.com - Prijedorski gradski portal","robots":{"index":"index","follow":"follow","max-snippet":"max-snippet:-1","max-image-preview":"max-image-preview:large","max-video-preview":"max-video-preview:-1"},"canonical":"https:\/\/www.prijedordanas.com\/?p=88042","og_locale":"en_US","og_type":"article","og_title":"TEKSTILAC: RUDAR-PRIJEDOR 1:1 \u2013 FOTO - PrijedorDanas.com - Prijedorski gradski portal","og_description":"Derbi me\u010d 3.kola Prve lige Republike Srpske izme\u0111u doma\u0107eg Tekstilca i Rudar-Prijedora zavr\u0161en je podjelom bodova, 1:1 (0:0). U prvom dijelu me\u010da mre\u017ee su mirovale iako Derven\u0107ani imali odli\u010dnu priliku [&hellip;]","og_url":"https:\/\/www.prijedordanas.com\/?p=88042","og_site_name":"PrijedorDanas.com - Prijedorski gradski portal","article_publisher":"https:\/\/www.facebook.com\/PrijedorDanasCom\/","article_published_time":"2017-08-27T20:11:02+00:00","og_image":[{"url":"https:\/\/www.prijedordanas.com\/wp-content\/uploads\/2017\/08\/tekstilac-rudar-prijedor-avgust-1-300x217.jpg"}],"author":"admin","twitter_card":"summary_large_image","twitter_misc":{"Written by":"admin","Est. reading time":"1 minute"},"schema":{"@context":"https:\/\/schema.org","@graph":[{"@type":"Article","@id":"https:\/\/www.prijedordanas.com\/?p=88042#article","isPartOf":{"@id":"https:\/\/www.prijedordanas.com\/?p=88042"},"author":{"name":"admin","@id":"https:\/\/www.prijedordanas.com\/#\/schema\/person\/4e08ccf29b506ca916ff86d46bb700e6"},"headline":"TEKSTILAC: RUDAR-PRIJEDOR 1:1 \u2013 FOTO","datePublished":"2017-08-27T20:11:02+00:00","dateModified":"2017-08-27T20:11:02+00:00","mainEntityOfPage":{"@id":"https:\/\/www.prijedordanas.com\/?p=88042"},"wordCount":192,"publisher":{"@id":"https:\/\/www.prijedordanas.com\/#organization"},"articleSection":["Sport"],"inLanguage":"en-US"},{"@type":"WebPage","@id":"https:\/\/www.prijedordanas.com\/?p=88042","url":"https:\/\/www.prijedordanas.com\/?p=88042","name":"TEKSTILAC: RUDAR-PRIJEDOR 1:1 \u2013 FOTO - PrijedorDanas.com - Prijedorski gradski portal","isPartOf":{"@id":"https:\/\/www.prijedordanas.com\/#website"},"datePublished":"2017-08-27T20:11:02+00:00","dateModified":"2017-08-27T20:11:02+00:00","breadcrumb":{"@id":"https:\/\/www.prijedordanas.com\/?p=88042#breadcrumb"},"inLanguage":"en-US","potentialAction":[{"@type":"ReadAction","target":["https:\/\/www.prijedordanas.com\/?p=88042"]}]},{"@type":"BreadcrumbList","@id":"https:\/\/www.prijedordanas.com\/?p=88042#breadcrumb","itemListElement":[{"@type":"ListItem","position":1,"name":"Home","item":"https:\/\/www.prijedordanas.com\/"},{"@type":"ListItem","position":2,"name":"TEKSTILAC: RUDAR-PRIJEDOR 1:1 \u2013 FOTO"}]},{"@type":"WebSite","@id":"https:\/\/www.prijedordanas.com\/#website","url":"https:\/\/www.prijedordanas.com\/","name":"PrijedorDanas.com - Prijedorski gradski portal","description":"Portal o doga\u0111anjima u gradu Prijedoru","publisher":{"@id":"https:\/\/www.prijedordanas.com\/#organization"},"potentialAction":[{"@type":"SearchAction","target":{"@type":"EntryPoint","urlTemplate":"https:\/\/www.prijedordanas.com\/?s={search_term_string}"},"query-input":"required name=search_term_string"}],"inLanguage":"en-US"},{"@type":"Organization","@id":"https:\/\/www.prijedordanas.com\/#organization","name":"PrijedorDanas.com","url":"https:\/\/www.prijedordanas.com\/","logo":{"@type":"ImageObject","inLanguage":"en-US","@id":"https:\/\/www.prijedordanas.com\/#\/schema\/logo\/image\/","url":"http:\/\/www.prijedordanas.com\/wp-content\/uploads\/2021\/12\/logopng.png","contentUrl":"http:\/\/www.prijedordanas.com\/wp-content\/uploads\/2021\/12\/logopng.png","width":1019,"height":776,"caption":"PrijedorDanas.com"},"image":{"@id":"https:\/\/www.prijedordanas.com\/#\/schema\/logo\/image\/"},"sameAs":["https:\/\/www.facebook.com\/PrijedorDanasCom\/"]},{"@type":"Person","@id":"https:\/\/www.prijedordanas.com\/#\/schema\/person\/4e08ccf29b506ca916ff86d46bb700e6","name":"admin","image":{"@type":"ImageObject","inLanguage":"en-US","@id":"https:\/\/www.prijedordanas.com\/#\/schema\/person\/image\/","url":"https:\/\/secure.gravatar.com\/avatar\/1d3fc949d550f0b53a5f0d51e06dfd79?s=96&d=mm&r=g","contentUrl":"https:\/\/secure.gravatar.com\/avatar\/1d3fc949d550f0b53a5f0d51e06dfd79?s=96&d=mm&r=g","caption":"admin"},"url":"https:\/\/www.prijedordanas.com\/?author=1"}]}},"_links":{"self":[{"href":"https:\/\/www.prijedordanas.com\/index.php?rest_route=\/wp\/v2\/posts\/88042"}],"collection":[{"href":"https:\/\/www.prijedordanas.com\/index.php?rest_route=\/wp\/v2\/posts"}],"about":[{"href":"https:\/\/www.prijedordanas.com\/index.php?rest_route=\/wp\/v2\/types\/post"}],"author":[{"embeddable":true,"href":"https:\/\/www.prijedordanas.com\/index.php?rest_route=\/wp\/v2\/users\/1"}],"replies":[{"embeddable":true,"href":"https:\/\/www.prijedordanas.com\/index.php?rest_route=%2Fwp%2Fv2%2Fcomments&post=88042"}],"version-history":[{"count":1,"href":"https:\/\/www.prijedordanas.com\/index.php?rest_route=\/wp\/v2\/posts\/88042\/revisions"}],"predecessor-version":[{"id":88047,"href":"https:\/\/www.prijedordanas.com\/index.php?rest_route=\/wp\/v2\/posts\/88042\/revisions\/88047"}],"wp:attachment":[{"href":"https:\/\/www.prijedordanas.com\/index.php?rest_route=%2Fwp%2Fv2%2Fmedia&parent=88042"}],"wp:term":[{"taxonomy":"category","embeddable":true,"href":"https:\/\/www.prijedordanas.com\/index.php?rest_route=%2Fwp%2Fv2%2Fcategories&post=88042"},{"taxonomy":"post_tag","embeddable":true,"href":"https:\/\/www.prijedordanas.com\/index.php?rest_route=%2Fwp%2Fv2%2Ftags&post=88042"}],"curies":[{"name":"wp","href":"https:\/\/api.w.org\/{rel}","templated":true}]}}