{"id":87675,"date":"2017-08-21T20:49:47","date_gmt":"2017-08-21T18:49:47","guid":{"rendered":"https:\/\/www.prijedordanas.com\/?p=87675"},"modified":"2017-08-21T20:49:47","modified_gmt":"2017-08-21T18:49:47","slug":"trnovit-zivotni-put-mladog-prijedorcanina-harisa-amillija-zivim-americki-san-al-bosna-je-bosna-fotovideo","status":"publish","type":"post","link":"https:\/\/www.prijedordanas.com\/?p=87675","title":{"rendered":"TRNOVIT \u017dIVOTNI PUT MLADOG PRIJEDOR\u010cANINA HARISA AMILLIJA: \u017dIVIM AMERI\u010cKI SAN, AL&#8217; BOSNA JE BOSNA! \u2013 FOTO\/VIDEO"},"content":{"rendered":"<p><a href=\"https:\/\/www.prijedordanas.com\/wp-content\/uploads\/2017\/08\/haris-amilli-1.jpg\"><img loading=\"lazy\" decoding=\"async\" class=\"alignleft size-medium wp-image-87676\" src=\"https:\/\/www.prijedordanas.com\/wp-content\/uploads\/2017\/08\/haris-amilli-1-300x251.jpg\" alt=\"\" width=\"300\" height=\"251\" srcset=\"https:\/\/www.prijedordanas.com\/wp-content\/uploads\/2017\/08\/haris-amilli-1-300x251.jpg 300w, https:\/\/www.prijedordanas.com\/wp-content\/uploads\/2017\/08\/haris-amilli-1-100x84.jpg 100w, https:\/\/www.prijedordanas.com\/wp-content\/uploads\/2017\/08\/haris-amilli-1.jpg 598w\" sizes=\"(max-width: 300px) 100vw, 300px\" \/><\/a>Ovo je pri\u010da o 27-godi\u0161njem Prijedor\u010danu Harisu \u010cehi\u0107u poznatijem Haris Amilli koji je kao dje\u010dak 1995. godine oti\u0161ao sa sestrama i majkom prvo u Njema\u010dku, a nakon pet godina u Ameriku.<\/p>\n<p>Ka\u017ee bez oca je ostao kada je imao samo pet godina. Nastradao je u saobra\u0107ajnoj nesre\u0107i, a da stvar bude gora Haris i jedna od sestara bili su u tom trenutku u vozilu sa ocem. Nerado se prisje\u0107a tog traumati\u010dnog perioda u \u017eivotu i ne voli da pri\u010da o tome.<\/p>\n<p>&#8211; Ne mogu da izbacim taj trenutak iz glave. Imam osje\u0107aj kao da je ju\u010der bilo. Stra\u0161na trauma mi je ostala za cijeli \u017eivot &#8211; sje\u0107a se ovaj mladi pjeva\u010d.<\/p>\n<p>Sa 10 godina dolazi u Ameriku sa sestrama i majkom koja je u tom trenutku bila bolesna, a o njemu su se brinule sestre.<\/p>\n<p><a href=\"https:\/\/www.prijedordanas.com\/wp-content\/uploads\/2017\/08\/haris-amilli-2.jpg\"><img loading=\"lazy\" decoding=\"async\" class=\"alignleft size-medium wp-image-87677\" src=\"https:\/\/www.prijedordanas.com\/wp-content\/uploads\/2017\/08\/haris-amilli-2-300x222.jpg\" alt=\"\" width=\"300\" height=\"222\" srcset=\"https:\/\/www.prijedordanas.com\/wp-content\/uploads\/2017\/08\/haris-amilli-2-300x222.jpg 300w, https:\/\/www.prijedordanas.com\/wp-content\/uploads\/2017\/08\/haris-amilli-2-100x74.jpg 100w, https:\/\/www.prijedordanas.com\/wp-content\/uploads\/2017\/08\/haris-amilli-2.jpg 675w\" sizes=\"(max-width: 300px) 100vw, 300px\" \/><\/a>Dodaje da je sa 16 godina po\u010deo raditi i na sve mogu\u0107e na\u010dine poku\u0161avao da zaradi koji dolar kako bi pomogao svojoj porodici.<\/p>\n<p>&#8211; Sa porodicom doselio sam se u Connecticut blizu New Yorka. Tu je mnogo izbjeglica iz svih krajeva svijeta. Brzo sam se povezao sa mnogim afroamerikancima, kinezima, latinosima, poljacima.<\/p>\n<p>Dodaje da je \u201cfurka\u201d bila hip-hop muzika pa je polako upoznavao taj na\u010din izvo\u0111enja i kulturu te muzike.<\/p>\n<p>&#8211; Nakon nekog vremena odlu\u010dio sam se ozbiljnije baviti ameri\u010dkim hip-hopom. Jednostavno me krenulo. Prona\u0161ao sam se tu i u\u017eivao u stvaranju muzike koju volim- ka\u017ee Amilli.<\/p>\n<p>Otvorio je i svoju web stranicu gdje je prezentovao svoju muziku i tako se povezao sa mnogim slavnim ameri\u010dkim izvo\u0111a\u010dima.<\/p>\n<p><a href=\"https:\/\/www.prijedordanas.com\/wp-content\/uploads\/2017\/08\/haris-amilli-4.jpg\"><img loading=\"lazy\" decoding=\"async\" class=\"alignleft size-medium wp-image-87678\" src=\"https:\/\/www.prijedordanas.com\/wp-content\/uploads\/2017\/08\/haris-amilli-4-300x225.jpg\" alt=\"\" width=\"300\" height=\"225\" srcset=\"https:\/\/www.prijedordanas.com\/wp-content\/uploads\/2017\/08\/haris-amilli-4-300x225.jpg 300w, https:\/\/www.prijedordanas.com\/wp-content\/uploads\/2017\/08\/haris-amilli-4-100x75.jpg 100w, https:\/\/www.prijedordanas.com\/wp-content\/uploads\/2017\/08\/haris-amilli-4-640x480.jpg 640w, https:\/\/www.prijedordanas.com\/wp-content\/uploads\/2017\/08\/haris-amilli-4.jpg 667w\" sizes=\"(max-width: 300px) 100vw, 300px\" \/><\/a>Prije pet godina Harisu i njegovom prijatelju Jitti poznatiji kao \u201eJitta On The Track\u201c, pru\u017ea se nevjerovatna prilika &#8211; da sura\u0111uju sa ameri\u010dkim reperom Drake-om, J. Cole-om, Meek Millom, French Montanom, Waka Flockom i 2 Chainzom. Ka\u017ee da je prodavao oko 10 hiljada cd-ova u roku od mjesec-dva.<\/p>\n<p>&#8211; Jitta je tako\u0111er izvo\u0111a\u010d, producent i tekstopisac. Radio je a najve\u0107im muzi\u010dkim imenima u Americi. Novac je tu samo je bitno znati prave ljude.<\/p>\n<p>Trenutno se bavim vi\u0161e kreativnoim pravcem, promocijama i marketingom. \u017divim ameri\u010dki san- rekao je on.<\/p>\n<p>Naglasio je da razmatra nekoliko ugovora koje su mu predlo\u017eile neke muzi\u010dke producentske ku\u0107e.<\/p>\n<p>&#8211; Akobogda sve \u0107e do\u0107i na svoje mjesto i ima\u0107emo mogu\u0107nost da se popnemo na ve\u0107i nivo ovdje u Americi-tvrdi Amilli.<\/p>\n<p><a href=\"https:\/\/www.prijedordanas.com\/wp-content\/uploads\/2017\/08\/haris-amilli-3.jpg\"><img loading=\"lazy\" decoding=\"async\" class=\"alignleft size-medium wp-image-87679\" src=\"https:\/\/www.prijedordanas.com\/wp-content\/uploads\/2017\/08\/haris-amilli-3-300x222.jpg\" alt=\"\" width=\"300\" height=\"222\" srcset=\"https:\/\/www.prijedordanas.com\/wp-content\/uploads\/2017\/08\/haris-amilli-3-300x222.jpg 300w, https:\/\/www.prijedordanas.com\/wp-content\/uploads\/2017\/08\/haris-amilli-3-100x74.jpg 100w, https:\/\/www.prijedordanas.com\/wp-content\/uploads\/2017\/08\/haris-amilli-3.jpg 675w\" sizes=\"(max-width: 300px) 100vw, 300px\" \/><\/a>Ka\u017ee da mu jako nedostaje Bosna iako dugo nije dolazio. Ponesen osje\u0107ajem nostalgije po\u010deo je pisati pjesme na bosanskom.<\/p>\n<p>&#8211; Iako mi te\u0161ko ide bosanski dugo sam tu, po\u010deo sam pisati pjesme na svom jeziku, pa sam kombinovao sa engleskim. Mla\u0111oj raji se to svi\u0111a pa sam se odlu\u010dio ozbiljnije baviti tim- rekao je Haris.<\/p>\n<p>Sedmog jula izbacio je album \u201eTRAP LOVE EP\u201c i kako ka\u017ee zadovoljan je jer je album dobro prihva\u0107en.<\/p>\n<p>&#8211; Na albumu se nalaze \u010detiri pjesme, pola na bosanskom, pola na engleskom jeziku. Ganjam neki svoj zvuk ne pratim trendove sa Balkana. Cilj mi je da ne\u0161to totalno druga\u010dije napravim- ka\u017ee ovaj mladi muzi\u010dar.<\/p>\n<p>Fokus mu je kako tvrdi da radi ameri\u010dke pjesme po\u0161to ima razne mogu\u0107nosti i ve\u0107u zaradu neko kod nas.<\/p>\n<p><a href=\"https:\/\/www.prijedordanas.com\/wp-content\/uploads\/2017\/08\/haris-amilli-5.jpg\"><img loading=\"lazy\" decoding=\"async\" src=\"https:\/\/www.prijedordanas.com\/wp-content\/uploads\/2017\/08\/haris-amilli-5-300x222.jpg\" alt=\"\" width=\"300\" height=\"222\" class=\"alignleft size-medium wp-image-87680\" srcset=\"https:\/\/www.prijedordanas.com\/wp-content\/uploads\/2017\/08\/haris-amilli-5-300x222.jpg 300w, https:\/\/www.prijedordanas.com\/wp-content\/uploads\/2017\/08\/haris-amilli-5-100x74.jpg 100w, https:\/\/www.prijedordanas.com\/wp-content\/uploads\/2017\/08\/haris-amilli-5.jpg 675w\" sizes=\"(max-width: 300px) 100vw, 300px\" \/><\/a>&#8211; Imam nekoliko velikih projekata koje planiram realiziovati do kraja ove godine pa \u0107emo vidjeti \u0161ta \u0107e biti-zaklju\u010dio je Haris.<\/p>\n<p>Muziku osje\u0107a u srcu i to mu je kako re\u010de prva ljubav. Ono \u0161to je istakao jeste da cijeni rad Bube Corellija, Jale Brata, Raste te Cobya.<\/p>\n<p>&#8211; Volio bih sara\u0111ivati sa njima jako ih cijenim i ono \u0161to rade je veoma dobro. Sli\u010dno mom fazonu. Poslao sam nedavno e-mail Jalinom managmentnu ali ni\u0161ta se nije desilo. \u010cekam da mi odgovore, pa mo\u017eda i napravimo neku dobru pjesmu- ka\u017ee Haris.<\/p>\n<p>Dodaje da je u me\u0111uvremenu iz dosade sam uradio freestyle na engleskom koriste\u0107i Jalinu muziku za pjesmu \u201cBAD&#8221; i odu\u0161evljen je reakcijama svojih pratilaca na Instagramu.<\/p>\n<p>&#8211; Vidio je i Jala pa mi je ostavio komentar na Instagramu. Nisam to o\u010dekivao &#8211; zaklju\u010dio je Amilli.<\/p>\n<p>&#8211; Nedostaje mi Bosna iako sve imam u Americi. Ovaj grad je poseban to se opisati ne mo\u017ee. \u017delim kupiti stan ovdje. Nijedan grad nije sli\u010dan Sarajevu &#8211; tvrdi Haris.<\/p>\n<p>Expres Magazin<\/p>\n<p><iframe loading=\"lazy\" width=\"500\" height=\"281\" src=\"https:\/\/www.youtube.com\/embed\/7wOV2QXMPqo?feature=oembed\" frameborder=\"0\" allowfullscreen><\/iframe><\/p>\n<p><iframe loading=\"lazy\" width=\"500\" height=\"281\" src=\"https:\/\/www.youtube.com\/embed\/3ssFzPPyoFg?feature=oembed\" frameborder=\"0\" allowfullscreen><\/iframe><\/p>\n","protected":false},"excerpt":{"rendered":"<p>Ovo je pri\u010da o 27-godi\u0161njem Prijedor\u010danu Harisu \u010cehi\u0107u poznatijem Haris Amilli koji je kao dje\u010dak 1995. godine oti\u0161ao sa sestrama i majkom prvo u Njema\u010dku, a nakon pet godina u [&hellip;]<\/p>\n","protected":false},"author":1,"featured_media":0,"comment_status":"closed","ping_status":"open","sticky":false,"template":"","format":"standard","meta":{"_monsterinsights_skip_tracking":false,"_monsterinsights_sitenote_active":false,"_monsterinsights_sitenote_note":"","_monsterinsights_sitenote_category":0,"footnotes":""},"categories":[7518],"tags":[],"yoast_head":"<!-- This site is optimized with the Yoast SEO plugin v21.6 - https:\/\/yoast.com\/wordpress\/plugins\/seo\/ -->\n<title>TRNOVIT \u017dIVOTNI PUT MLADOG PRIJEDOR\u010cANINA HARISA AMILLIJA: \u017dIVIM AMERI\u010cKI SAN, AL&#039; BOSNA JE BOSNA! \u2013 FOTO\/VIDEO - PrijedorDanas.com - Prijedorski gradski portal<\/title>\n<meta name=\"robots\" content=\"index, follow, max-snippet:-1, max-image-preview:large, max-video-preview:-1\" \/>\n<link rel=\"canonical\" href=\"https:\/\/www.prijedordanas.com\/?p=87675\" \/>\n<meta property=\"og:locale\" content=\"en_US\" \/>\n<meta property=\"og:type\" content=\"article\" \/>\n<meta property=\"og:title\" content=\"TRNOVIT \u017dIVOTNI PUT MLADOG PRIJEDOR\u010cANINA HARISA AMILLIJA: \u017dIVIM AMERI\u010cKI SAN, AL&#039; BOSNA JE BOSNA! \u2013 FOTO\/VIDEO - PrijedorDanas.com - Prijedorski gradski portal\" \/>\n<meta property=\"og:description\" content=\"Ovo je pri\u010da o 27-godi\u0161njem Prijedor\u010danu Harisu \u010cehi\u0107u poznatijem Haris Amilli koji je kao dje\u010dak 1995. godine oti\u0161ao sa sestrama i majkom prvo u Njema\u010dku, a nakon pet godina u [&hellip;]\" \/>\n<meta property=\"og:url\" content=\"https:\/\/www.prijedordanas.com\/?p=87675\" \/>\n<meta property=\"og:site_name\" content=\"PrijedorDanas.com - Prijedorski gradski portal\" \/>\n<meta property=\"article:publisher\" content=\"https:\/\/www.facebook.com\/PrijedorDanasCom\/\" \/>\n<meta property=\"article:published_time\" content=\"2017-08-21T18:49:47+00:00\" \/>\n<meta property=\"og:image\" content=\"https:\/\/www.prijedordanas.com\/wp-content\/uploads\/2017\/08\/haris-amilli-1-300x251.jpg\" \/>\n<meta name=\"author\" content=\"admin\" \/>\n<meta name=\"twitter:card\" content=\"summary_large_image\" \/>\n<meta name=\"twitter:label1\" content=\"Written by\" \/>\n\t<meta name=\"twitter:data1\" content=\"admin\" \/>\n\t<meta name=\"twitter:label2\" content=\"Est. reading time\" \/>\n\t<meta name=\"twitter:data2\" content=\"4 minutes\" \/>\n<script type=\"application\/ld+json\" class=\"yoast-schema-graph\">{\"@context\":\"https:\/\/schema.org\",\"@graph\":[{\"@type\":\"Article\",\"@id\":\"https:\/\/www.prijedordanas.com\/?p=87675#article\",\"isPartOf\":{\"@id\":\"https:\/\/www.prijedordanas.com\/?p=87675\"},\"author\":{\"name\":\"admin\",\"@id\":\"https:\/\/www.prijedordanas.com\/#\/schema\/person\/4e08ccf29b506ca916ff86d46bb700e6\"},\"headline\":\"TRNOVIT \u017dIVOTNI PUT MLADOG PRIJEDOR\u010cANINA HARISA AMILLIJA: \u017dIVIM AMERI\u010cKI SAN, AL&#8217; BOSNA JE BOSNA! \u2013 FOTO\/VIDEO\",\"datePublished\":\"2017-08-21T18:49:47+00:00\",\"dateModified\":\"2017-08-21T18:49:47+00:00\",\"mainEntityOfPage\":{\"@id\":\"https:\/\/www.prijedordanas.com\/?p=87675\"},\"wordCount\":772,\"publisher\":{\"@id\":\"https:\/\/www.prijedordanas.com\/#organization\"},\"articleSection\":[\"Mladi\"],\"inLanguage\":\"en-US\"},{\"@type\":\"WebPage\",\"@id\":\"https:\/\/www.prijedordanas.com\/?p=87675\",\"url\":\"https:\/\/www.prijedordanas.com\/?p=87675\",\"name\":\"TRNOVIT \u017dIVOTNI PUT MLADOG PRIJEDOR\u010cANINA HARISA AMILLIJA: \u017dIVIM AMERI\u010cKI SAN, AL' BOSNA JE BOSNA! \u2013 FOTO\/VIDEO - PrijedorDanas.com - Prijedorski gradski portal\",\"isPartOf\":{\"@id\":\"https:\/\/www.prijedordanas.com\/#website\"},\"datePublished\":\"2017-08-21T18:49:47+00:00\",\"dateModified\":\"2017-08-21T18:49:47+00:00\",\"breadcrumb\":{\"@id\":\"https:\/\/www.prijedordanas.com\/?p=87675#breadcrumb\"},\"inLanguage\":\"en-US\",\"potentialAction\":[{\"@type\":\"ReadAction\",\"target\":[\"https:\/\/www.prijedordanas.com\/?p=87675\"]}]},{\"@type\":\"BreadcrumbList\",\"@id\":\"https:\/\/www.prijedordanas.com\/?p=87675#breadcrumb\",\"itemListElement\":[{\"@type\":\"ListItem\",\"position\":1,\"name\":\"Home\",\"item\":\"https:\/\/www.prijedordanas.com\/\"},{\"@type\":\"ListItem\",\"position\":2,\"name\":\"TRNOVIT \u017dIVOTNI PUT MLADOG PRIJEDOR\u010cANINA HARISA AMILLIJA: \u017dIVIM AMERI\u010cKI SAN, AL&#8217; BOSNA JE BOSNA! \u2013 FOTO\/VIDEO\"}]},{\"@type\":\"WebSite\",\"@id\":\"https:\/\/www.prijedordanas.com\/#website\",\"url\":\"https:\/\/www.prijedordanas.com\/\",\"name\":\"PrijedorDanas.com - Prijedorski gradski portal\",\"description\":\"Portal o doga\u0111anjima u gradu Prijedoru\",\"publisher\":{\"@id\":\"https:\/\/www.prijedordanas.com\/#organization\"},\"potentialAction\":[{\"@type\":\"SearchAction\",\"target\":{\"@type\":\"EntryPoint\",\"urlTemplate\":\"https:\/\/www.prijedordanas.com\/?s={search_term_string}\"},\"query-input\":\"required name=search_term_string\"}],\"inLanguage\":\"en-US\"},{\"@type\":\"Organization\",\"@id\":\"https:\/\/www.prijedordanas.com\/#organization\",\"name\":\"PrijedorDanas.com\",\"url\":\"https:\/\/www.prijedordanas.com\/\",\"logo\":{\"@type\":\"ImageObject\",\"inLanguage\":\"en-US\",\"@id\":\"https:\/\/www.prijedordanas.com\/#\/schema\/logo\/image\/\",\"url\":\"http:\/\/www.prijedordanas.com\/wp-content\/uploads\/2021\/12\/logopng.png\",\"contentUrl\":\"http:\/\/www.prijedordanas.com\/wp-content\/uploads\/2021\/12\/logopng.png\",\"width\":1019,\"height\":776,\"caption\":\"PrijedorDanas.com\"},\"image\":{\"@id\":\"https:\/\/www.prijedordanas.com\/#\/schema\/logo\/image\/\"},\"sameAs\":[\"https:\/\/www.facebook.com\/PrijedorDanasCom\/\"]},{\"@type\":\"Person\",\"@id\":\"https:\/\/www.prijedordanas.com\/#\/schema\/person\/4e08ccf29b506ca916ff86d46bb700e6\",\"name\":\"admin\",\"image\":{\"@type\":\"ImageObject\",\"inLanguage\":\"en-US\",\"@id\":\"https:\/\/www.prijedordanas.com\/#\/schema\/person\/image\/\",\"url\":\"https:\/\/secure.gravatar.com\/avatar\/1d3fc949d550f0b53a5f0d51e06dfd79?s=96&d=mm&r=g\",\"contentUrl\":\"https:\/\/secure.gravatar.com\/avatar\/1d3fc949d550f0b53a5f0d51e06dfd79?s=96&d=mm&r=g\",\"caption\":\"admin\"},\"url\":\"https:\/\/www.prijedordanas.com\/?author=1\"}]}<\/script>\n<!-- \/ Yoast SEO plugin. -->","yoast_head_json":{"title":"TRNOVIT \u017dIVOTNI PUT MLADOG PRIJEDOR\u010cANINA HARISA AMILLIJA: \u017dIVIM AMERI\u010cKI SAN, AL' BOSNA JE BOSNA! \u2013 FOTO\/VIDEO - PrijedorDanas.com - Prijedorski gradski portal","robots":{"index":"index","follow":"follow","max-snippet":"max-snippet:-1","max-image-preview":"max-image-preview:large","max-video-preview":"max-video-preview:-1"},"canonical":"https:\/\/www.prijedordanas.com\/?p=87675","og_locale":"en_US","og_type":"article","og_title":"TRNOVIT \u017dIVOTNI PUT MLADOG PRIJEDOR\u010cANINA HARISA AMILLIJA: \u017dIVIM AMERI\u010cKI SAN, AL' BOSNA JE BOSNA! \u2013 FOTO\/VIDEO - PrijedorDanas.com - Prijedorski gradski portal","og_description":"Ovo je pri\u010da o 27-godi\u0161njem Prijedor\u010danu Harisu \u010cehi\u0107u poznatijem Haris Amilli koji je kao dje\u010dak 1995. godine oti\u0161ao sa sestrama i majkom prvo u Njema\u010dku, a nakon pet godina u [&hellip;]","og_url":"https:\/\/www.prijedordanas.com\/?p=87675","og_site_name":"PrijedorDanas.com - Prijedorski gradski portal","article_publisher":"https:\/\/www.facebook.com\/PrijedorDanasCom\/","article_published_time":"2017-08-21T18:49:47+00:00","og_image":[{"url":"https:\/\/www.prijedordanas.com\/wp-content\/uploads\/2017\/08\/haris-amilli-1-300x251.jpg"}],"author":"admin","twitter_card":"summary_large_image","twitter_misc":{"Written by":"admin","Est. reading time":"4 minutes"},"schema":{"@context":"https:\/\/schema.org","@graph":[{"@type":"Article","@id":"https:\/\/www.prijedordanas.com\/?p=87675#article","isPartOf":{"@id":"https:\/\/www.prijedordanas.com\/?p=87675"},"author":{"name":"admin","@id":"https:\/\/www.prijedordanas.com\/#\/schema\/person\/4e08ccf29b506ca916ff86d46bb700e6"},"headline":"TRNOVIT \u017dIVOTNI PUT MLADOG PRIJEDOR\u010cANINA HARISA AMILLIJA: \u017dIVIM AMERI\u010cKI SAN, AL&#8217; BOSNA JE BOSNA! \u2013 FOTO\/VIDEO","datePublished":"2017-08-21T18:49:47+00:00","dateModified":"2017-08-21T18:49:47+00:00","mainEntityOfPage":{"@id":"https:\/\/www.prijedordanas.com\/?p=87675"},"wordCount":772,"publisher":{"@id":"https:\/\/www.prijedordanas.com\/#organization"},"articleSection":["Mladi"],"inLanguage":"en-US"},{"@type":"WebPage","@id":"https:\/\/www.prijedordanas.com\/?p=87675","url":"https:\/\/www.prijedordanas.com\/?p=87675","name":"TRNOVIT \u017dIVOTNI PUT MLADOG PRIJEDOR\u010cANINA HARISA AMILLIJA: \u017dIVIM AMERI\u010cKI SAN, AL' BOSNA JE BOSNA! \u2013 FOTO\/VIDEO - PrijedorDanas.com - Prijedorski gradski portal","isPartOf":{"@id":"https:\/\/www.prijedordanas.com\/#website"},"datePublished":"2017-08-21T18:49:47+00:00","dateModified":"2017-08-21T18:49:47+00:00","breadcrumb":{"@id":"https:\/\/www.prijedordanas.com\/?p=87675#breadcrumb"},"inLanguage":"en-US","potentialAction":[{"@type":"ReadAction","target":["https:\/\/www.prijedordanas.com\/?p=87675"]}]},{"@type":"BreadcrumbList","@id":"https:\/\/www.prijedordanas.com\/?p=87675#breadcrumb","itemListElement":[{"@type":"ListItem","position":1,"name":"Home","item":"https:\/\/www.prijedordanas.com\/"},{"@type":"ListItem","position":2,"name":"TRNOVIT \u017dIVOTNI PUT MLADOG PRIJEDOR\u010cANINA HARISA AMILLIJA: \u017dIVIM AMERI\u010cKI SAN, AL&#8217; BOSNA JE BOSNA! \u2013 FOTO\/VIDEO"}]},{"@type":"WebSite","@id":"https:\/\/www.prijedordanas.com\/#website","url":"https:\/\/www.prijedordanas.com\/","name":"PrijedorDanas.com - Prijedorski gradski portal","description":"Portal o doga\u0111anjima u gradu Prijedoru","publisher":{"@id":"https:\/\/www.prijedordanas.com\/#organization"},"potentialAction":[{"@type":"SearchAction","target":{"@type":"EntryPoint","urlTemplate":"https:\/\/www.prijedordanas.com\/?s={search_term_string}"},"query-input":"required name=search_term_string"}],"inLanguage":"en-US"},{"@type":"Organization","@id":"https:\/\/www.prijedordanas.com\/#organization","name":"PrijedorDanas.com","url":"https:\/\/www.prijedordanas.com\/","logo":{"@type":"ImageObject","inLanguage":"en-US","@id":"https:\/\/www.prijedordanas.com\/#\/schema\/logo\/image\/","url":"http:\/\/www.prijedordanas.com\/wp-content\/uploads\/2021\/12\/logopng.png","contentUrl":"http:\/\/www.prijedordanas.com\/wp-content\/uploads\/2021\/12\/logopng.png","width":1019,"height":776,"caption":"PrijedorDanas.com"},"image":{"@id":"https:\/\/www.prijedordanas.com\/#\/schema\/logo\/image\/"},"sameAs":["https:\/\/www.facebook.com\/PrijedorDanasCom\/"]},{"@type":"Person","@id":"https:\/\/www.prijedordanas.com\/#\/schema\/person\/4e08ccf29b506ca916ff86d46bb700e6","name":"admin","image":{"@type":"ImageObject","inLanguage":"en-US","@id":"https:\/\/www.prijedordanas.com\/#\/schema\/person\/image\/","url":"https:\/\/secure.gravatar.com\/avatar\/1d3fc949d550f0b53a5f0d51e06dfd79?s=96&d=mm&r=g","contentUrl":"https:\/\/secure.gravatar.com\/avatar\/1d3fc949d550f0b53a5f0d51e06dfd79?s=96&d=mm&r=g","caption":"admin"},"url":"https:\/\/www.prijedordanas.com\/?author=1"}]}},"_links":{"self":[{"href":"https:\/\/www.prijedordanas.com\/index.php?rest_route=\/wp\/v2\/posts\/87675"}],"collection":[{"href":"https:\/\/www.prijedordanas.com\/index.php?rest_route=\/wp\/v2\/posts"}],"about":[{"href":"https:\/\/www.prijedordanas.com\/index.php?rest_route=\/wp\/v2\/types\/post"}],"author":[{"embeddable":true,"href":"https:\/\/www.prijedordanas.com\/index.php?rest_route=\/wp\/v2\/users\/1"}],"replies":[{"embeddable":true,"href":"https:\/\/www.prijedordanas.com\/index.php?rest_route=%2Fwp%2Fv2%2Fcomments&post=87675"}],"version-history":[{"count":1,"href":"https:\/\/www.prijedordanas.com\/index.php?rest_route=\/wp\/v2\/posts\/87675\/revisions"}],"predecessor-version":[{"id":87681,"href":"https:\/\/www.prijedordanas.com\/index.php?rest_route=\/wp\/v2\/posts\/87675\/revisions\/87681"}],"wp:attachment":[{"href":"https:\/\/www.prijedordanas.com\/index.php?rest_route=%2Fwp%2Fv2%2Fmedia&parent=87675"}],"wp:term":[{"taxonomy":"category","embeddable":true,"href":"https:\/\/www.prijedordanas.com\/index.php?rest_route=%2Fwp%2Fv2%2Fcategories&post=87675"},{"taxonomy":"post_tag","embeddable":true,"href":"https:\/\/www.prijedordanas.com\/index.php?rest_route=%2Fwp%2Fv2%2Ftags&post=87675"}],"curies":[{"name":"wp","href":"https:\/\/api.w.org\/{rel}","templated":true}]}}