{"id":87276,"date":"2017-08-14T17:44:36","date_gmt":"2017-08-14T15:44:36","guid":{"rendered":"https:\/\/www.prijedordanas.com\/?p=87276"},"modified":"2017-08-14T17:44:36","modified_gmt":"2017-08-14T15:44:36","slug":"deratizacija-u-prijedoru-apel-gradanima-video","status":"publish","type":"post","link":"https:\/\/www.prijedordanas.com\/?p=87276","title":{"rendered":"DERATIZACIJA U PRIJEDORU: APEL GRA\u0110ANIMA \u2013 VIDEO"},"content":{"rendered":"<p><a href=\"https:\/\/www.prijedordanas.com\/wp-content\/uploads\/2017\/08\/rtrs-deratizacija.jpg\"><img loading=\"lazy\" decoding=\"async\" src=\"https:\/\/www.prijedordanas.com\/wp-content\/uploads\/2017\/08\/rtrs-deratizacija-300x225.jpg\" alt=\"\" width=\"300\" height=\"225\" class=\"alignleft size-medium wp-image-87277\" srcset=\"https:\/\/www.prijedordanas.com\/wp-content\/uploads\/2017\/08\/rtrs-deratizacija-300x225.jpg 300w, https:\/\/www.prijedordanas.com\/wp-content\/uploads\/2017\/08\/rtrs-deratizacija-100x75.jpg 100w, https:\/\/www.prijedordanas.com\/wp-content\/uploads\/2017\/08\/rtrs-deratizacija-640x480.jpg 640w, https:\/\/www.prijedordanas.com\/wp-content\/uploads\/2017\/08\/rtrs-deratizacija.jpg 666w\" sizes=\"(max-width: 300px) 100vw, 300px\" \/><\/a>U Prijedoru je u toku deratizacija koja \u0107e trajati do 25. avgusta. Preventivna deratizacija se sprovodi metodom zatvaranja lepeze, \u0161to zna\u010di od rubova grada prema centru.<\/p>\n<p>Prethodnih mjeseci u Prijedoru su zabilje\u017eena tri slu\u010daja zaraze mi\u0161ijom groznicom, dok danas nema razloga za paniku. Osim redovne deratizacije, mnogi gra\u0111ani u svojim doma\u0107instvima djeluju preventivno. Odr\u017eavaju higijenu u domovima, paze na odlaganje otpada i sami kupuju sredstva za za\u0161titu.<\/p>\n<p>Bolesti koje uzrokuju glodari mogu prenositi krpelji, buba\u0161vabe, \u017eohari i mravi, a oboljenja su bakterijska i virusna.<\/p>\n<p>&#8211; Rije\u010d je o sljede\u0107im oboljenjima &#8211; tuaremiji, leptospirozi, salmonelozi, te virusnim poput slinavke i \u0161apa, hemoradi\u010dne groznice sa bubre\u017enim sindromom i od parazitarnih oboljenja imamo trihinelozu i laj\u0161maniozu &#8211; ka\u017ee Milica Otkovi\u0107, na\u010delnica epidemiolo\u0161ke slu\u017ebe u Domu zdravlja.<\/p>\n<p>Deratizacija se finansira iz gradskog bud\u017eeta za objekte kojima gazduje grad, pred\u0161kolske, \u0161kolske ustanove, sakralne i vjerske objekte, javne i zelene povr\u0161ine i parkove, otvorene i zatvorene kanale, kanalizacione mre\u017ee i deponije sme\u0107a.<\/p>\n<p>&#8211; Apelujemo na gra\u0111ane da iza\u0111u u susret ekipama koje vr\u0161e preventivnu deratizaciju i da vode ra\u010duna o tome da djeca ili doma\u0107e \u017eivotinje ne dolaze u dodir sa zatrovanim masama &#8211; ka\u017ee Monja Kasalovi\u0107, na\u010delnica odjeljenja za dru\u0161tvene djelatnosti.<\/p>\n<p>Sistematska deratizacija je obavezna na svim javnim i privatnim povr\u0161inama radi spre\u010davanja oboljenja koje prenose glodari. Za dezinsekciju i deratizaciju, u gradskom bud\u017eetu planirano je 85.000 KM.<\/p>\n<p>RTRS<\/p>\n<p><iframe loading=\"lazy\" width=\"500\" height=\"375\" src=\"https:\/\/www.youtube.com\/embed\/xvbOnhrHQco?feature=oembed\" frameborder=\"0\" allowfullscreen><\/iframe><\/p>\n","protected":false},"excerpt":{"rendered":"<p>U Prijedoru je u toku deratizacija koja \u0107e trajati do 25. avgusta. Preventivna deratizacija se sprovodi metodom zatvaranja lepeze, \u0161to zna\u010di od rubova grada prema centru. Prethodnih mjeseci u Prijedoru [&hellip;]<\/p>\n","protected":false},"author":1,"featured_media":0,"comment_status":"closed","ping_status":"open","sticky":false,"template":"","format":"standard","meta":{"_monsterinsights_skip_tracking":false,"_monsterinsights_sitenote_active":false,"_monsterinsights_sitenote_note":"","_monsterinsights_sitenote_category":0,"footnotes":""},"categories":[8],"tags":[],"yoast_head":"<!-- This site is optimized with the Yoast SEO plugin v21.6 - https:\/\/yoast.com\/wordpress\/plugins\/seo\/ -->\n<title>DERATIZACIJA U PRIJEDORU: APEL GRA\u0110ANIMA \u2013 VIDEO - PrijedorDanas.com - Prijedorski gradski portal<\/title>\n<meta name=\"robots\" content=\"index, follow, max-snippet:-1, max-image-preview:large, max-video-preview:-1\" \/>\n<link rel=\"canonical\" href=\"https:\/\/www.prijedordanas.com\/?p=87276\" \/>\n<meta property=\"og:locale\" content=\"en_US\" \/>\n<meta property=\"og:type\" content=\"article\" \/>\n<meta property=\"og:title\" content=\"DERATIZACIJA U PRIJEDORU: APEL GRA\u0110ANIMA \u2013 VIDEO - PrijedorDanas.com - Prijedorski gradski portal\" \/>\n<meta property=\"og:description\" content=\"U Prijedoru je u toku deratizacija koja \u0107e trajati do 25. avgusta. Preventivna deratizacija se sprovodi metodom zatvaranja lepeze, \u0161to zna\u010di od rubova grada prema centru. Prethodnih mjeseci u Prijedoru [&hellip;]\" \/>\n<meta property=\"og:url\" content=\"https:\/\/www.prijedordanas.com\/?p=87276\" \/>\n<meta property=\"og:site_name\" content=\"PrijedorDanas.com - Prijedorski gradski portal\" \/>\n<meta property=\"article:publisher\" content=\"https:\/\/www.facebook.com\/PrijedorDanasCom\/\" \/>\n<meta property=\"article:published_time\" content=\"2017-08-14T15:44:36+00:00\" \/>\n<meta property=\"og:image\" content=\"https:\/\/www.prijedordanas.com\/wp-content\/uploads\/2017\/08\/rtrs-deratizacija-300x225.jpg\" \/>\n<meta name=\"author\" content=\"admin\" \/>\n<meta name=\"twitter:card\" content=\"summary_large_image\" \/>\n<meta name=\"twitter:label1\" content=\"Written by\" \/>\n\t<meta name=\"twitter:data1\" content=\"admin\" \/>\n\t<meta name=\"twitter:label2\" content=\"Est. reading time\" \/>\n\t<meta name=\"twitter:data2\" content=\"1 minute\" \/>\n<script type=\"application\/ld+json\" class=\"yoast-schema-graph\">{\"@context\":\"https:\/\/schema.org\",\"@graph\":[{\"@type\":\"Article\",\"@id\":\"https:\/\/www.prijedordanas.com\/?p=87276#article\",\"isPartOf\":{\"@id\":\"https:\/\/www.prijedordanas.com\/?p=87276\"},\"author\":{\"name\":\"admin\",\"@id\":\"https:\/\/www.prijedordanas.com\/#\/schema\/person\/4e08ccf29b506ca916ff86d46bb700e6\"},\"headline\":\"DERATIZACIJA U PRIJEDORU: APEL GRA\u0110ANIMA \u2013 VIDEO\",\"datePublished\":\"2017-08-14T15:44:36+00:00\",\"dateModified\":\"2017-08-14T15:44:36+00:00\",\"mainEntityOfPage\":{\"@id\":\"https:\/\/www.prijedordanas.com\/?p=87276\"},\"wordCount\":266,\"publisher\":{\"@id\":\"https:\/\/www.prijedordanas.com\/#organization\"},\"articleSection\":[\"Svakodnevno\"],\"inLanguage\":\"en-US\"},{\"@type\":\"WebPage\",\"@id\":\"https:\/\/www.prijedordanas.com\/?p=87276\",\"url\":\"https:\/\/www.prijedordanas.com\/?p=87276\",\"name\":\"DERATIZACIJA U PRIJEDORU: APEL GRA\u0110ANIMA \u2013 VIDEO - PrijedorDanas.com - Prijedorski gradski portal\",\"isPartOf\":{\"@id\":\"https:\/\/www.prijedordanas.com\/#website\"},\"datePublished\":\"2017-08-14T15:44:36+00:00\",\"dateModified\":\"2017-08-14T15:44:36+00:00\",\"breadcrumb\":{\"@id\":\"https:\/\/www.prijedordanas.com\/?p=87276#breadcrumb\"},\"inLanguage\":\"en-US\",\"potentialAction\":[{\"@type\":\"ReadAction\",\"target\":[\"https:\/\/www.prijedordanas.com\/?p=87276\"]}]},{\"@type\":\"BreadcrumbList\",\"@id\":\"https:\/\/www.prijedordanas.com\/?p=87276#breadcrumb\",\"itemListElement\":[{\"@type\":\"ListItem\",\"position\":1,\"name\":\"Home\",\"item\":\"https:\/\/www.prijedordanas.com\/\"},{\"@type\":\"ListItem\",\"position\":2,\"name\":\"DERATIZACIJA U PRIJEDORU: APEL GRA\u0110ANIMA \u2013 VIDEO\"}]},{\"@type\":\"WebSite\",\"@id\":\"https:\/\/www.prijedordanas.com\/#website\",\"url\":\"https:\/\/www.prijedordanas.com\/\",\"name\":\"PrijedorDanas.com - Prijedorski gradski portal\",\"description\":\"Portal o doga\u0111anjima u gradu Prijedoru\",\"publisher\":{\"@id\":\"https:\/\/www.prijedordanas.com\/#organization\"},\"potentialAction\":[{\"@type\":\"SearchAction\",\"target\":{\"@type\":\"EntryPoint\",\"urlTemplate\":\"https:\/\/www.prijedordanas.com\/?s={search_term_string}\"},\"query-input\":\"required name=search_term_string\"}],\"inLanguage\":\"en-US\"},{\"@type\":\"Organization\",\"@id\":\"https:\/\/www.prijedordanas.com\/#organization\",\"name\":\"PrijedorDanas.com\",\"url\":\"https:\/\/www.prijedordanas.com\/\",\"logo\":{\"@type\":\"ImageObject\",\"inLanguage\":\"en-US\",\"@id\":\"https:\/\/www.prijedordanas.com\/#\/schema\/logo\/image\/\",\"url\":\"http:\/\/www.prijedordanas.com\/wp-content\/uploads\/2021\/12\/logopng.png\",\"contentUrl\":\"http:\/\/www.prijedordanas.com\/wp-content\/uploads\/2021\/12\/logopng.png\",\"width\":1019,\"height\":776,\"caption\":\"PrijedorDanas.com\"},\"image\":{\"@id\":\"https:\/\/www.prijedordanas.com\/#\/schema\/logo\/image\/\"},\"sameAs\":[\"https:\/\/www.facebook.com\/PrijedorDanasCom\/\"]},{\"@type\":\"Person\",\"@id\":\"https:\/\/www.prijedordanas.com\/#\/schema\/person\/4e08ccf29b506ca916ff86d46bb700e6\",\"name\":\"admin\",\"image\":{\"@type\":\"ImageObject\",\"inLanguage\":\"en-US\",\"@id\":\"https:\/\/www.prijedordanas.com\/#\/schema\/person\/image\/\",\"url\":\"https:\/\/secure.gravatar.com\/avatar\/1d3fc949d550f0b53a5f0d51e06dfd79?s=96&d=mm&r=g\",\"contentUrl\":\"https:\/\/secure.gravatar.com\/avatar\/1d3fc949d550f0b53a5f0d51e06dfd79?s=96&d=mm&r=g\",\"caption\":\"admin\"},\"url\":\"https:\/\/www.prijedordanas.com\/?author=1\"}]}<\/script>\n<!-- \/ Yoast SEO plugin. -->","yoast_head_json":{"title":"DERATIZACIJA U PRIJEDORU: APEL GRA\u0110ANIMA \u2013 VIDEO - PrijedorDanas.com - Prijedorski gradski portal","robots":{"index":"index","follow":"follow","max-snippet":"max-snippet:-1","max-image-preview":"max-image-preview:large","max-video-preview":"max-video-preview:-1"},"canonical":"https:\/\/www.prijedordanas.com\/?p=87276","og_locale":"en_US","og_type":"article","og_title":"DERATIZACIJA U PRIJEDORU: APEL GRA\u0110ANIMA \u2013 VIDEO - PrijedorDanas.com - Prijedorski gradski portal","og_description":"U Prijedoru je u toku deratizacija koja \u0107e trajati do 25. avgusta. Preventivna deratizacija se sprovodi metodom zatvaranja lepeze, \u0161to zna\u010di od rubova grada prema centru. Prethodnih mjeseci u Prijedoru [&hellip;]","og_url":"https:\/\/www.prijedordanas.com\/?p=87276","og_site_name":"PrijedorDanas.com - Prijedorski gradski portal","article_publisher":"https:\/\/www.facebook.com\/PrijedorDanasCom\/","article_published_time":"2017-08-14T15:44:36+00:00","og_image":[{"url":"https:\/\/www.prijedordanas.com\/wp-content\/uploads\/2017\/08\/rtrs-deratizacija-300x225.jpg"}],"author":"admin","twitter_card":"summary_large_image","twitter_misc":{"Written by":"admin","Est. reading time":"1 minute"},"schema":{"@context":"https:\/\/schema.org","@graph":[{"@type":"Article","@id":"https:\/\/www.prijedordanas.com\/?p=87276#article","isPartOf":{"@id":"https:\/\/www.prijedordanas.com\/?p=87276"},"author":{"name":"admin","@id":"https:\/\/www.prijedordanas.com\/#\/schema\/person\/4e08ccf29b506ca916ff86d46bb700e6"},"headline":"DERATIZACIJA U PRIJEDORU: APEL GRA\u0110ANIMA \u2013 VIDEO","datePublished":"2017-08-14T15:44:36+00:00","dateModified":"2017-08-14T15:44:36+00:00","mainEntityOfPage":{"@id":"https:\/\/www.prijedordanas.com\/?p=87276"},"wordCount":266,"publisher":{"@id":"https:\/\/www.prijedordanas.com\/#organization"},"articleSection":["Svakodnevno"],"inLanguage":"en-US"},{"@type":"WebPage","@id":"https:\/\/www.prijedordanas.com\/?p=87276","url":"https:\/\/www.prijedordanas.com\/?p=87276","name":"DERATIZACIJA U PRIJEDORU: APEL GRA\u0110ANIMA \u2013 VIDEO - PrijedorDanas.com - Prijedorski gradski portal","isPartOf":{"@id":"https:\/\/www.prijedordanas.com\/#website"},"datePublished":"2017-08-14T15:44:36+00:00","dateModified":"2017-08-14T15:44:36+00:00","breadcrumb":{"@id":"https:\/\/www.prijedordanas.com\/?p=87276#breadcrumb"},"inLanguage":"en-US","potentialAction":[{"@type":"ReadAction","target":["https:\/\/www.prijedordanas.com\/?p=87276"]}]},{"@type":"BreadcrumbList","@id":"https:\/\/www.prijedordanas.com\/?p=87276#breadcrumb","itemListElement":[{"@type":"ListItem","position":1,"name":"Home","item":"https:\/\/www.prijedordanas.com\/"},{"@type":"ListItem","position":2,"name":"DERATIZACIJA U PRIJEDORU: APEL GRA\u0110ANIMA \u2013 VIDEO"}]},{"@type":"WebSite","@id":"https:\/\/www.prijedordanas.com\/#website","url":"https:\/\/www.prijedordanas.com\/","name":"PrijedorDanas.com - Prijedorski gradski portal","description":"Portal o doga\u0111anjima u gradu Prijedoru","publisher":{"@id":"https:\/\/www.prijedordanas.com\/#organization"},"potentialAction":[{"@type":"SearchAction","target":{"@type":"EntryPoint","urlTemplate":"https:\/\/www.prijedordanas.com\/?s={search_term_string}"},"query-input":"required name=search_term_string"}],"inLanguage":"en-US"},{"@type":"Organization","@id":"https:\/\/www.prijedordanas.com\/#organization","name":"PrijedorDanas.com","url":"https:\/\/www.prijedordanas.com\/","logo":{"@type":"ImageObject","inLanguage":"en-US","@id":"https:\/\/www.prijedordanas.com\/#\/schema\/logo\/image\/","url":"http:\/\/www.prijedordanas.com\/wp-content\/uploads\/2021\/12\/logopng.png","contentUrl":"http:\/\/www.prijedordanas.com\/wp-content\/uploads\/2021\/12\/logopng.png","width":1019,"height":776,"caption":"PrijedorDanas.com"},"image":{"@id":"https:\/\/www.prijedordanas.com\/#\/schema\/logo\/image\/"},"sameAs":["https:\/\/www.facebook.com\/PrijedorDanasCom\/"]},{"@type":"Person","@id":"https:\/\/www.prijedordanas.com\/#\/schema\/person\/4e08ccf29b506ca916ff86d46bb700e6","name":"admin","image":{"@type":"ImageObject","inLanguage":"en-US","@id":"https:\/\/www.prijedordanas.com\/#\/schema\/person\/image\/","url":"https:\/\/secure.gravatar.com\/avatar\/1d3fc949d550f0b53a5f0d51e06dfd79?s=96&d=mm&r=g","contentUrl":"https:\/\/secure.gravatar.com\/avatar\/1d3fc949d550f0b53a5f0d51e06dfd79?s=96&d=mm&r=g","caption":"admin"},"url":"https:\/\/www.prijedordanas.com\/?author=1"}]}},"_links":{"self":[{"href":"https:\/\/www.prijedordanas.com\/index.php?rest_route=\/wp\/v2\/posts\/87276"}],"collection":[{"href":"https:\/\/www.prijedordanas.com\/index.php?rest_route=\/wp\/v2\/posts"}],"about":[{"href":"https:\/\/www.prijedordanas.com\/index.php?rest_route=\/wp\/v2\/types\/post"}],"author":[{"embeddable":true,"href":"https:\/\/www.prijedordanas.com\/index.php?rest_route=\/wp\/v2\/users\/1"}],"replies":[{"embeddable":true,"href":"https:\/\/www.prijedordanas.com\/index.php?rest_route=%2Fwp%2Fv2%2Fcomments&post=87276"}],"version-history":[{"count":1,"href":"https:\/\/www.prijedordanas.com\/index.php?rest_route=\/wp\/v2\/posts\/87276\/revisions"}],"predecessor-version":[{"id":87278,"href":"https:\/\/www.prijedordanas.com\/index.php?rest_route=\/wp\/v2\/posts\/87276\/revisions\/87278"}],"wp:attachment":[{"href":"https:\/\/www.prijedordanas.com\/index.php?rest_route=%2Fwp%2Fv2%2Fmedia&parent=87276"}],"wp:term":[{"taxonomy":"category","embeddable":true,"href":"https:\/\/www.prijedordanas.com\/index.php?rest_route=%2Fwp%2Fv2%2Fcategories&post=87276"},{"taxonomy":"post_tag","embeddable":true,"href":"https:\/\/www.prijedordanas.com\/index.php?rest_route=%2Fwp%2Fv2%2Ftags&post=87276"}],"curies":[{"name":"wp","href":"https:\/\/api.w.org\/{rel}","templated":true}]}}