{"id":87274,"date":"2017-08-15T14:16:57","date_gmt":"2017-08-15T12:16:57","guid":{"rendered":"https:\/\/www.prijedordanas.com\/?p=87274"},"modified":"2017-08-15T14:16:57","modified_gmt":"2017-08-15T12:16:57","slug":"amerikanac-opet-u-akciji-maskiran-povrijedio-radnicu-sa-170-km-taksijem-krenuo-za-banjaluku","status":"publish","type":"post","link":"https:\/\/www.prijedordanas.com\/?p=87274","title":{"rendered":"AMERIKANAC OPET U AKCIJI: MASKIRAN POVRIJEDIO RADNICU I SA 170 KM TAKSIJEM KRENUO ZA BANJALUKU"},"content":{"rendered":"<p><a href=\"https:\/\/www.prijedordanas.com\/wp-content\/uploads\/2017\/07\/pu-prijedor-2017-2.jpg\"><img loading=\"lazy\" decoding=\"async\" class=\"alignleft size-medium wp-image-85090\" src=\"https:\/\/www.prijedordanas.com\/wp-content\/uploads\/2017\/07\/pu-prijedor-2017-2-300x250.jpg\" alt=\"\" width=\"300\" height=\"250\" srcset=\"https:\/\/www.prijedordanas.com\/wp-content\/uploads\/2017\/07\/pu-prijedor-2017-2-300x250.jpg 300w, https:\/\/www.prijedordanas.com\/wp-content\/uploads\/2017\/07\/pu-prijedor-2017-2-100x83.jpg 100w, https:\/\/www.prijedordanas.com\/wp-content\/uploads\/2017\/07\/pu-prijedor-2017-2.jpg 600w\" sizes=\"(max-width: 300px) 100vw, 300px\" \/><\/a>Edis Biondi\u0107 (31) zvani Amerikanac u subotu ve\u010de lak\u0161e je povrijedio radnicu prijedorske trgovine \u201eBio mio\u201c i sa 170 KM koje je uzeo iz kase, taksijem se uputio za Banjaluku.<\/p>\n<p>Naime, Biondi\u0107 je oko 21.15 maskiran s ka\u010dketom na glavi, do\u0161ao u trgovinu i iskoristiv\u0161i nepa\u017enju radnice iz kase uzeo pazar.<\/p>\n<p>Primjetiv\u0161i \u0161ta se de\u0161ava, trgovkinja je poku\u0161ala da zaustavi Biondi\u0107a u namjeri da sa novcem iza\u0111e iz radnje. Me\u0111utim, Biondi\u0107 ju je odgurnuo i ona je pala na pod pri \u010demu je zadobila povredu ruke i noge.<\/p>\n<p>Nakon toga, Biondi\u0107 je u\u0161ao u taksi i krenuo za Banjaluku.<\/p>\n<p>&#8211; U saradnji sa policijskim slu\u017ebenicima Policijske stanice za bezbjednost saobra\u0107aja Policijske Uprave Banjaluka, u mjestu Tunjice, zaustavljeno je taksi vozilo i nepoznati izvr\u0161ilac je uhap\u0161en. Kod njega je prona\u0111en i oduzet otu\u0111eni novac \u2013 saop\u0161tili su iz PU Prijedor.<\/p>\n<p><a href=\"https:\/\/www.prijedordanas.com\/wp-content\/uploads\/2017\/07\/pu-prijedor-2.jpg\"><img loading=\"lazy\" decoding=\"async\" class=\"alignleft size-medium wp-image-85089\" src=\"https:\/\/www.prijedordanas.com\/wp-content\/uploads\/2017\/07\/pu-prijedor-2-300x222.jpg\" alt=\"\" width=\"300\" height=\"222\" srcset=\"https:\/\/www.prijedordanas.com\/wp-content\/uploads\/2017\/07\/pu-prijedor-2-300x222.jpg 300w, https:\/\/www.prijedordanas.com\/wp-content\/uploads\/2017\/07\/pu-prijedor-2-100x74.jpg 100w, https:\/\/www.prijedordanas.com\/wp-content\/uploads\/2017\/07\/pu-prijedor-2.jpg 675w\" sizes=\"(max-width: 300px) 100vw, 300px\" \/><\/a>Dodaju da je kriminalisti\u010dkom obradom utvr\u0111eno da je krivi\u010dno djelo razbojni\u010dka kra\u0111a po\u010dionio E.B. i da \u0107e protiv njega biti predat izvje\u0161taj Okru\u017enom javnom tu\u017eila\u0161tvu Prijedor.<\/p>\n<p>Biondi\u0107 je unazad nekoliko godina po\u010dinio niz krivi\u010dnih djela kra\u0111a me\u0111u kojima su i kra\u0111a 600 KM iz jednog marketa, te kra\u0111a \u017eenske torbice sa 80 KM iz d\u017eamije.<\/p>\n<p>Policijski slu\u017ebenici su u njegovim objektima pro\u0161le godine prona\u0161li i 1,3 kilograma marihuane. Biondi\u0107 je prije pet godina zapalio i \u010detiri skupocjena automobila i stan u Prijedoru. Automobile vrijednosti oko 300.000 KM palio je benzinom i novinskim papirom.<\/p>\n<p>Ovaj kradljivac i piroman je pisao i uvredljive grafite u stubi\u0161tu zgrade u prijedorskom naselju Pe\u0107ani.<\/p>\n<p>Nadimak Amerikanac dobio je nakon \u0161to je protjeran iz ove zemlje, upravo zbog krivi\u010dnih djela koje je \u010dinio i tamo.<\/p>\n<p>EuroBlic<\/p>\n","protected":false},"excerpt":{"rendered":"<p>Edis Biondi\u0107 (31) zvani Amerikanac u subotu ve\u010de lak\u0161e je povrijedio radnicu prijedorske trgovine \u201eBio mio\u201c i sa 170 KM koje je uzeo iz kase, taksijem se uputio za Banjaluku. [&hellip;]<\/p>\n","protected":false},"author":1,"featured_media":0,"comment_status":"closed","ping_status":"open","sticky":false,"template":"","format":"standard","meta":{"_monsterinsights_skip_tracking":false,"_monsterinsights_sitenote_active":false,"_monsterinsights_sitenote_note":"","_monsterinsights_sitenote_category":0,"footnotes":""},"categories":[5],"tags":[],"yoast_head":"<!-- This site is optimized with the Yoast SEO plugin v21.6 - https:\/\/yoast.com\/wordpress\/plugins\/seo\/ -->\n<title>AMERIKANAC OPET U AKCIJI: MASKIRAN POVRIJEDIO RADNICU I SA 170 KM TAKSIJEM KRENUO ZA BANJALUKU - PrijedorDanas.com - Prijedorski gradski portal<\/title>\n<meta name=\"robots\" content=\"index, follow, max-snippet:-1, max-image-preview:large, max-video-preview:-1\" \/>\n<link rel=\"canonical\" href=\"https:\/\/www.prijedordanas.com\/?p=87274\" \/>\n<meta property=\"og:locale\" content=\"en_US\" \/>\n<meta property=\"og:type\" content=\"article\" \/>\n<meta property=\"og:title\" content=\"AMERIKANAC OPET U AKCIJI: MASKIRAN POVRIJEDIO RADNICU I SA 170 KM TAKSIJEM KRENUO ZA BANJALUKU - PrijedorDanas.com - Prijedorski gradski portal\" \/>\n<meta property=\"og:description\" content=\"Edis Biondi\u0107 (31) zvani Amerikanac u subotu ve\u010de lak\u0161e je povrijedio radnicu prijedorske trgovine \u201eBio mio\u201c i sa 170 KM koje je uzeo iz kase, taksijem se uputio za Banjaluku. [&hellip;]\" \/>\n<meta property=\"og:url\" content=\"https:\/\/www.prijedordanas.com\/?p=87274\" \/>\n<meta property=\"og:site_name\" content=\"PrijedorDanas.com - Prijedorski gradski portal\" \/>\n<meta property=\"article:publisher\" content=\"https:\/\/www.facebook.com\/PrijedorDanasCom\/\" \/>\n<meta property=\"article:published_time\" content=\"2017-08-15T12:16:57+00:00\" \/>\n<meta property=\"og:image\" content=\"https:\/\/www.prijedordanas.com\/wp-content\/uploads\/2017\/07\/pu-prijedor-2017-2-300x250.jpg\" \/>\n<meta name=\"author\" content=\"admin\" \/>\n<meta name=\"twitter:card\" content=\"summary_large_image\" \/>\n<meta name=\"twitter:label1\" content=\"Written by\" \/>\n\t<meta name=\"twitter:data1\" content=\"admin\" \/>\n\t<meta name=\"twitter:label2\" content=\"Est. reading time\" \/>\n\t<meta name=\"twitter:data2\" content=\"2 minutes\" \/>\n<script type=\"application\/ld+json\" class=\"yoast-schema-graph\">{\"@context\":\"https:\/\/schema.org\",\"@graph\":[{\"@type\":\"Article\",\"@id\":\"https:\/\/www.prijedordanas.com\/?p=87274#article\",\"isPartOf\":{\"@id\":\"https:\/\/www.prijedordanas.com\/?p=87274\"},\"author\":{\"name\":\"admin\",\"@id\":\"https:\/\/www.prijedordanas.com\/#\/schema\/person\/4e08ccf29b506ca916ff86d46bb700e6\"},\"headline\":\"AMERIKANAC OPET U AKCIJI: MASKIRAN POVRIJEDIO RADNICU I SA 170 KM TAKSIJEM KRENUO ZA BANJALUKU\",\"datePublished\":\"2017-08-15T12:16:57+00:00\",\"dateModified\":\"2017-08-15T12:16:57+00:00\",\"mainEntityOfPage\":{\"@id\":\"https:\/\/www.prijedordanas.com\/?p=87274\"},\"wordCount\":319,\"publisher\":{\"@id\":\"https:\/\/www.prijedordanas.com\/#organization\"},\"articleSection\":[\"Hronika\"],\"inLanguage\":\"en-US\"},{\"@type\":\"WebPage\",\"@id\":\"https:\/\/www.prijedordanas.com\/?p=87274\",\"url\":\"https:\/\/www.prijedordanas.com\/?p=87274\",\"name\":\"AMERIKANAC OPET U AKCIJI: MASKIRAN POVRIJEDIO RADNICU I SA 170 KM TAKSIJEM KRENUO ZA BANJALUKU - PrijedorDanas.com - Prijedorski gradski portal\",\"isPartOf\":{\"@id\":\"https:\/\/www.prijedordanas.com\/#website\"},\"datePublished\":\"2017-08-15T12:16:57+00:00\",\"dateModified\":\"2017-08-15T12:16:57+00:00\",\"breadcrumb\":{\"@id\":\"https:\/\/www.prijedordanas.com\/?p=87274#breadcrumb\"},\"inLanguage\":\"en-US\",\"potentialAction\":[{\"@type\":\"ReadAction\",\"target\":[\"https:\/\/www.prijedordanas.com\/?p=87274\"]}]},{\"@type\":\"BreadcrumbList\",\"@id\":\"https:\/\/www.prijedordanas.com\/?p=87274#breadcrumb\",\"itemListElement\":[{\"@type\":\"ListItem\",\"position\":1,\"name\":\"Home\",\"item\":\"https:\/\/www.prijedordanas.com\/\"},{\"@type\":\"ListItem\",\"position\":2,\"name\":\"AMERIKANAC OPET U AKCIJI: MASKIRAN POVRIJEDIO RADNICU I SA 170 KM TAKSIJEM KRENUO ZA BANJALUKU\"}]},{\"@type\":\"WebSite\",\"@id\":\"https:\/\/www.prijedordanas.com\/#website\",\"url\":\"https:\/\/www.prijedordanas.com\/\",\"name\":\"PrijedorDanas.com - Prijedorski gradski portal\",\"description\":\"Portal o doga\u0111anjima u gradu Prijedoru\",\"publisher\":{\"@id\":\"https:\/\/www.prijedordanas.com\/#organization\"},\"potentialAction\":[{\"@type\":\"SearchAction\",\"target\":{\"@type\":\"EntryPoint\",\"urlTemplate\":\"https:\/\/www.prijedordanas.com\/?s={search_term_string}\"},\"query-input\":\"required name=search_term_string\"}],\"inLanguage\":\"en-US\"},{\"@type\":\"Organization\",\"@id\":\"https:\/\/www.prijedordanas.com\/#organization\",\"name\":\"PrijedorDanas.com\",\"url\":\"https:\/\/www.prijedordanas.com\/\",\"logo\":{\"@type\":\"ImageObject\",\"inLanguage\":\"en-US\",\"@id\":\"https:\/\/www.prijedordanas.com\/#\/schema\/logo\/image\/\",\"url\":\"http:\/\/www.prijedordanas.com\/wp-content\/uploads\/2021\/12\/logopng.png\",\"contentUrl\":\"http:\/\/www.prijedordanas.com\/wp-content\/uploads\/2021\/12\/logopng.png\",\"width\":1019,\"height\":776,\"caption\":\"PrijedorDanas.com\"},\"image\":{\"@id\":\"https:\/\/www.prijedordanas.com\/#\/schema\/logo\/image\/\"},\"sameAs\":[\"https:\/\/www.facebook.com\/PrijedorDanasCom\/\"]},{\"@type\":\"Person\",\"@id\":\"https:\/\/www.prijedordanas.com\/#\/schema\/person\/4e08ccf29b506ca916ff86d46bb700e6\",\"name\":\"admin\",\"image\":{\"@type\":\"ImageObject\",\"inLanguage\":\"en-US\",\"@id\":\"https:\/\/www.prijedordanas.com\/#\/schema\/person\/image\/\",\"url\":\"https:\/\/secure.gravatar.com\/avatar\/1d3fc949d550f0b53a5f0d51e06dfd79?s=96&d=mm&r=g\",\"contentUrl\":\"https:\/\/secure.gravatar.com\/avatar\/1d3fc949d550f0b53a5f0d51e06dfd79?s=96&d=mm&r=g\",\"caption\":\"admin\"},\"url\":\"https:\/\/www.prijedordanas.com\/?author=1\"}]}<\/script>\n<!-- \/ Yoast SEO plugin. -->","yoast_head_json":{"title":"AMERIKANAC OPET U AKCIJI: MASKIRAN POVRIJEDIO RADNICU I SA 170 KM TAKSIJEM KRENUO ZA BANJALUKU - PrijedorDanas.com - Prijedorski gradski portal","robots":{"index":"index","follow":"follow","max-snippet":"max-snippet:-1","max-image-preview":"max-image-preview:large","max-video-preview":"max-video-preview:-1"},"canonical":"https:\/\/www.prijedordanas.com\/?p=87274","og_locale":"en_US","og_type":"article","og_title":"AMERIKANAC OPET U AKCIJI: MASKIRAN POVRIJEDIO RADNICU I SA 170 KM TAKSIJEM KRENUO ZA BANJALUKU - PrijedorDanas.com - Prijedorski gradski portal","og_description":"Edis Biondi\u0107 (31) zvani Amerikanac u subotu ve\u010de lak\u0161e je povrijedio radnicu prijedorske trgovine \u201eBio mio\u201c i sa 170 KM koje je uzeo iz kase, taksijem se uputio za Banjaluku. [&hellip;]","og_url":"https:\/\/www.prijedordanas.com\/?p=87274","og_site_name":"PrijedorDanas.com - Prijedorski gradski portal","article_publisher":"https:\/\/www.facebook.com\/PrijedorDanasCom\/","article_published_time":"2017-08-15T12:16:57+00:00","og_image":[{"url":"https:\/\/www.prijedordanas.com\/wp-content\/uploads\/2017\/07\/pu-prijedor-2017-2-300x250.jpg"}],"author":"admin","twitter_card":"summary_large_image","twitter_misc":{"Written by":"admin","Est. reading time":"2 minutes"},"schema":{"@context":"https:\/\/schema.org","@graph":[{"@type":"Article","@id":"https:\/\/www.prijedordanas.com\/?p=87274#article","isPartOf":{"@id":"https:\/\/www.prijedordanas.com\/?p=87274"},"author":{"name":"admin","@id":"https:\/\/www.prijedordanas.com\/#\/schema\/person\/4e08ccf29b506ca916ff86d46bb700e6"},"headline":"AMERIKANAC OPET U AKCIJI: MASKIRAN POVRIJEDIO RADNICU I SA 170 KM TAKSIJEM KRENUO ZA BANJALUKU","datePublished":"2017-08-15T12:16:57+00:00","dateModified":"2017-08-15T12:16:57+00:00","mainEntityOfPage":{"@id":"https:\/\/www.prijedordanas.com\/?p=87274"},"wordCount":319,"publisher":{"@id":"https:\/\/www.prijedordanas.com\/#organization"},"articleSection":["Hronika"],"inLanguage":"en-US"},{"@type":"WebPage","@id":"https:\/\/www.prijedordanas.com\/?p=87274","url":"https:\/\/www.prijedordanas.com\/?p=87274","name":"AMERIKANAC OPET U AKCIJI: MASKIRAN POVRIJEDIO RADNICU I SA 170 KM TAKSIJEM KRENUO ZA BANJALUKU - PrijedorDanas.com - Prijedorski gradski portal","isPartOf":{"@id":"https:\/\/www.prijedordanas.com\/#website"},"datePublished":"2017-08-15T12:16:57+00:00","dateModified":"2017-08-15T12:16:57+00:00","breadcrumb":{"@id":"https:\/\/www.prijedordanas.com\/?p=87274#breadcrumb"},"inLanguage":"en-US","potentialAction":[{"@type":"ReadAction","target":["https:\/\/www.prijedordanas.com\/?p=87274"]}]},{"@type":"BreadcrumbList","@id":"https:\/\/www.prijedordanas.com\/?p=87274#breadcrumb","itemListElement":[{"@type":"ListItem","position":1,"name":"Home","item":"https:\/\/www.prijedordanas.com\/"},{"@type":"ListItem","position":2,"name":"AMERIKANAC OPET U AKCIJI: MASKIRAN POVRIJEDIO RADNICU I SA 170 KM TAKSIJEM KRENUO ZA BANJALUKU"}]},{"@type":"WebSite","@id":"https:\/\/www.prijedordanas.com\/#website","url":"https:\/\/www.prijedordanas.com\/","name":"PrijedorDanas.com - Prijedorski gradski portal","description":"Portal o doga\u0111anjima u gradu Prijedoru","publisher":{"@id":"https:\/\/www.prijedordanas.com\/#organization"},"potentialAction":[{"@type":"SearchAction","target":{"@type":"EntryPoint","urlTemplate":"https:\/\/www.prijedordanas.com\/?s={search_term_string}"},"query-input":"required name=search_term_string"}],"inLanguage":"en-US"},{"@type":"Organization","@id":"https:\/\/www.prijedordanas.com\/#organization","name":"PrijedorDanas.com","url":"https:\/\/www.prijedordanas.com\/","logo":{"@type":"ImageObject","inLanguage":"en-US","@id":"https:\/\/www.prijedordanas.com\/#\/schema\/logo\/image\/","url":"http:\/\/www.prijedordanas.com\/wp-content\/uploads\/2021\/12\/logopng.png","contentUrl":"http:\/\/www.prijedordanas.com\/wp-content\/uploads\/2021\/12\/logopng.png","width":1019,"height":776,"caption":"PrijedorDanas.com"},"image":{"@id":"https:\/\/www.prijedordanas.com\/#\/schema\/logo\/image\/"},"sameAs":["https:\/\/www.facebook.com\/PrijedorDanasCom\/"]},{"@type":"Person","@id":"https:\/\/www.prijedordanas.com\/#\/schema\/person\/4e08ccf29b506ca916ff86d46bb700e6","name":"admin","image":{"@type":"ImageObject","inLanguage":"en-US","@id":"https:\/\/www.prijedordanas.com\/#\/schema\/person\/image\/","url":"https:\/\/secure.gravatar.com\/avatar\/1d3fc949d550f0b53a5f0d51e06dfd79?s=96&d=mm&r=g","contentUrl":"https:\/\/secure.gravatar.com\/avatar\/1d3fc949d550f0b53a5f0d51e06dfd79?s=96&d=mm&r=g","caption":"admin"},"url":"https:\/\/www.prijedordanas.com\/?author=1"}]}},"_links":{"self":[{"href":"https:\/\/www.prijedordanas.com\/index.php?rest_route=\/wp\/v2\/posts\/87274"}],"collection":[{"href":"https:\/\/www.prijedordanas.com\/index.php?rest_route=\/wp\/v2\/posts"}],"about":[{"href":"https:\/\/www.prijedordanas.com\/index.php?rest_route=\/wp\/v2\/types\/post"}],"author":[{"embeddable":true,"href":"https:\/\/www.prijedordanas.com\/index.php?rest_route=\/wp\/v2\/users\/1"}],"replies":[{"embeddable":true,"href":"https:\/\/www.prijedordanas.com\/index.php?rest_route=%2Fwp%2Fv2%2Fcomments&post=87274"}],"version-history":[{"count":2,"href":"https:\/\/www.prijedordanas.com\/index.php?rest_route=\/wp\/v2\/posts\/87274\/revisions"}],"predecessor-version":[{"id":87303,"href":"https:\/\/www.prijedordanas.com\/index.php?rest_route=\/wp\/v2\/posts\/87274\/revisions\/87303"}],"wp:attachment":[{"href":"https:\/\/www.prijedordanas.com\/index.php?rest_route=%2Fwp%2Fv2%2Fmedia&parent=87274"}],"wp:term":[{"taxonomy":"category","embeddable":true,"href":"https:\/\/www.prijedordanas.com\/index.php?rest_route=%2Fwp%2Fv2%2Fcategories&post=87274"},{"taxonomy":"post_tag","embeddable":true,"href":"https:\/\/www.prijedordanas.com\/index.php?rest_route=%2Fwp%2Fv2%2Ftags&post=87274"}],"curies":[{"name":"wp","href":"https:\/\/api.w.org\/{rel}","templated":true}]}}