{"id":87108,"date":"2017-08-11T20:50:47","date_gmt":"2017-08-11T18:50:47","guid":{"rendered":"https:\/\/www.prijedordanas.com\/?p=87108"},"modified":"2017-08-11T20:50:47","modified_gmt":"2017-08-11T18:50:47","slug":"juniori-rudar-prijedora-bolji-od-ofk-brdo-u-prijateljskoj-utakmici-foto","status":"publish","type":"post","link":"https:\/\/www.prijedordanas.com\/?p=87108","title":{"rendered":"JUNIORI RUDAR-PRIJEDORA BOLJI OD OFK BRDO U PRIJATELJSKOJ UTAKMICI &#8211; FOTO"},"content":{"rendered":"<p><a href=\"https:\/\/www.prijedordanas.com\/wp-content\/uploads\/2017\/08\/brdo-rudar-prijedor-juniori-prijateljska-ljeto-1.jpg\"><img loading=\"lazy\" decoding=\"async\" class=\"alignleft size-medium wp-image-87109\" src=\"https:\/\/www.prijedordanas.com\/wp-content\/uploads\/2017\/08\/brdo-rudar-prijedor-juniori-prijateljska-ljeto-1-300x222.jpg\" alt=\"\" width=\"300\" height=\"222\" srcset=\"https:\/\/www.prijedordanas.com\/wp-content\/uploads\/2017\/08\/brdo-rudar-prijedor-juniori-prijateljska-ljeto-1-300x222.jpg 300w, https:\/\/www.prijedordanas.com\/wp-content\/uploads\/2017\/08\/brdo-rudar-prijedor-juniori-prijateljska-ljeto-1-100x74.jpg 100w, https:\/\/www.prijedordanas.com\/wp-content\/uploads\/2017\/08\/brdo-rudar-prijedor-juniori-prijateljska-ljeto-1.jpg 675w\" sizes=\"(max-width: 300px) 100vw, 300px\" \/><\/a>U prijateljskom odmjeravanju snaga na stadionu \u201eVedro polje\u201c u Hambarinama regionalni liga\u0161 Republike Srpske OFK Brdo, do\u017eivjelo je poraz od juniorskog tima Rudar-Prijedora rezultatom 1:2.<\/p>\n<p>Vi\u0111ena je dobra utakmica, sa dosta tr\u010danja, a susret je obilje\u017eio i jedan nemio doga\u0111aj pred sam kraj prvog poluvremena.<\/p>\n<p>Nakon jednog duela igra\u010d juniora \u201erudara sa Sane\u201c Stefan Javoric\u0301 nezgodno je pao i ostao bez svijesti na travi.<\/p>\n<p>Pritr\u010dali su akteri, a najprisebniji je bio Ivan \u0160akic\u0301, koji mu je \u201e\u010dupao\u201c jezik da ne bi do\u0161lo do gu\u0161enja.<\/p>\n<p>Ubrzo je stiglo i vozilo \u201eHitne pomoc\u0301i\u201c i prevezlo ga u bolnicu gdje je, snimkom glave, ustanovljeno da je na kraju sve dobro pro\u0161lo.<\/p>\n<p><a href=\"https:\/\/www.prijedordanas.com\/wp-content\/uploads\/2017\/08\/brdo-rudar-prijedor-juniori-prijateljska-ljeto-2.jpg\"><img loading=\"lazy\" decoding=\"async\" class=\"alignleft size-medium wp-image-87110\" src=\"https:\/\/www.prijedordanas.com\/wp-content\/uploads\/2017\/08\/brdo-rudar-prijedor-juniori-prijateljska-ljeto-2-300x222.jpg\" alt=\"\" width=\"300\" height=\"222\" srcset=\"https:\/\/www.prijedordanas.com\/wp-content\/uploads\/2017\/08\/brdo-rudar-prijedor-juniori-prijateljska-ljeto-2-300x222.jpg 300w, https:\/\/www.prijedordanas.com\/wp-content\/uploads\/2017\/08\/brdo-rudar-prijedor-juniori-prijateljska-ljeto-2-100x74.jpg 100w, https:\/\/www.prijedordanas.com\/wp-content\/uploads\/2017\/08\/brdo-rudar-prijedor-juniori-prijateljska-ljeto-2.jpg 675w\" sizes=\"(max-width: 300px) 100vw, 300px\" \/><\/a>Izabranici novog-starog trenera \u201eBr\u0111ana\u201c Mirze Alkic\u0301a do\u0161li su u vo\u0111stvo u 51.minuti kada je Nikola Mili\u010devic\u0301 u \u010detvrtom susretu uspio sedmi put da se upi\u0161e u listu strijelaca, savladav\u0161i veoma dobrog golama Dejana Milinkovic\u0301a.<\/p>\n<p>Imali su domac\u0301i jo\u0161 pre\u010dku, ali ni rastr\u010dani dje\u010daci Sr\u0111ana Marjanovic\u0301a nisu ostajali du\u017eni, pa je i \u010duvar mre\u017ee Nedim Music\u0301 u nekoliko navrata bio na isku\u0161enjima.<\/p>\n<p>U 71.minuti Danilo Marmat je donio izjedna\u010denje 1:1, da bi sastav juniora prvoliga\u0161a RS dva minuta kasnije preko Ivana Topalovic\u0301a stigao do slavlja.<\/p>\n<p>&#8211; U procesu smo stvaranja juniorske selekcije, a cilj nam je da osvojimo prvo mjesto u Omladinskoj ligi BiH-grupa Zapad, koje bi nam omoguc\u0301ilo plasman u Premijer ligu BiH za juniore, jer to mogu od pro\u0161le sezone ostvariti nezavisno od ranga takmi\u010denja prvog tima svog kluba. Smatram da smo na dobrom putu i ukoliko budemo pru\u017eali partije kao u pripremnom periodu, na\u0161e ambicije za titulom su realne. Imali smo za protivnika odli\u010dnu ekipu i pru\u017eili smo joj dostojan otpor. U nekim momentima bili smo bolji, ali bilo je i trenutaka kada su oni bili dominantni, prije svega fizi\u010dki. Ipak, u tehni\u010dkim elementima smo kvalitetniji, nismo se predavali ni poslije primljenog gola, a drago mi je da su preokret unijeli de\u010daci kadetskog uzrasta &#8211; istakao je Marjanovic\u0301.<\/p>\n<p><a href=\"https:\/\/www.prijedordanas.com\/wp-content\/uploads\/2017\/08\/brdo-rudar-prijedor-juniori-prijateljska-ljeto-3.jpg\"><img loading=\"lazy\" decoding=\"async\" class=\"alignleft size-medium wp-image-87111\" src=\"https:\/\/www.prijedordanas.com\/wp-content\/uploads\/2017\/08\/brdo-rudar-prijedor-juniori-prijateljska-ljeto-3-300x222.jpg\" alt=\"\" width=\"300\" height=\"222\" srcset=\"https:\/\/www.prijedordanas.com\/wp-content\/uploads\/2017\/08\/brdo-rudar-prijedor-juniori-prijateljska-ljeto-3-300x222.jpg 300w, https:\/\/www.prijedordanas.com\/wp-content\/uploads\/2017\/08\/brdo-rudar-prijedor-juniori-prijateljska-ljeto-3-100x74.jpg 100w, https:\/\/www.prijedordanas.com\/wp-content\/uploads\/2017\/08\/brdo-rudar-prijedor-juniori-prijateljska-ljeto-3.jpg 675w\" sizes=\"(max-width: 300px) 100vw, 300px\" \/><\/a>S druge strane sportski direktor Bahrudin D\u017eamd\u017eic\u0301 je podsjetio da je OFK Brdo, izvr\u0161ilo odre\u0111ene kadrovske promjene, kaoko u Upravi sa ciljem da klub postane stabilan regionalni liga\u0161 i da se ne bori zaopstanak, dovo\u0111enjem novog trenera, ali i osvje\u017eili igra\u010dki kadar.<\/p>\n<p>&#8211; Doveli smo desetak novih fudbalera, a Uprava je pred ekipu postavila cilj-plasman me\u0111u \u0161est-sedam najboljih. Pripreme su zahvaljujuc\u0301i treneru Alkic\u0301u kvalitetno odra\u0111ene. Imali smo veliki odziv igra\u010da, gotovo na svakom treningu je bilo njih 18-20, iako su temperature bile izuzetno visoke. Nismo imali uslove da ih obavimo negdje na strani, a odigrali smo do ove utakmice jo\u0161 tri sa rivalima iz na\u0161eg ranga. Ostvarili smo dvije pobjede i jedan remi, a u ovoj posljednjoj provjeri dobili su neki momci \u0161ansu da osjete loptu, jer su i \u201etvrdi\u201c zbog napornog rada. Poja\u010dani smo i smatramo da c\u0301emo ostvariti zacrtani cilj, a vec\u0301 na gostovanju u Kostajnici u kompletnom sastavu protiv Partizana, trka\u010dki spremni i fizi\u010dki pripremljeni imamo pravo da se nadamo povoljnom rezultatu &#8211; istakao je D\u017eamd\u017eic\u0301.<\/p>\n<p><a href=\"https:\/\/www.prijedordanas.com\/wp-content\/uploads\/2017\/08\/brdo-rudar-prijedor-juniori-prijateljska-ljeto-4.jpg\"><img loading=\"lazy\" decoding=\"async\" src=\"https:\/\/www.prijedordanas.com\/wp-content\/uploads\/2017\/08\/brdo-rudar-prijedor-juniori-prijateljska-ljeto-4-300x222.jpg\" alt=\"\" width=\"300\" height=\"222\" class=\"alignleft size-medium wp-image-87112\" srcset=\"https:\/\/www.prijedordanas.com\/wp-content\/uploads\/2017\/08\/brdo-rudar-prijedor-juniori-prijateljska-ljeto-4-300x222.jpg 300w, https:\/\/www.prijedordanas.com\/wp-content\/uploads\/2017\/08\/brdo-rudar-prijedor-juniori-prijateljska-ljeto-4-100x74.jpg 100w, https:\/\/www.prijedordanas.com\/wp-content\/uploads\/2017\/08\/brdo-rudar-prijedor-juniori-prijateljska-ljeto-4.jpg 675w\" sizes=\"(max-width: 300px) 100vw, 300px\" \/><\/a>OFK Brdo: Rudar-Prijedor(juniori) 1:2(0:0)<\/p>\n<p>Hamnarine<br \/>\nStadion: \u201eVedro polje\u201c<br \/>\nGledalaca: 30<br \/>\nSudija: Nemanja Pilipovic\u0301 (Prijedor)<br \/>\nStrijelci: Mili\u010devic\u0301 u 51. za OFK Brdo, D.Marmat u 71. i Topalovic\u0301 u 73.minuti za juniore Rudar-Prijedora<\/p>\n<p>OFK BRDO:<br \/>\nN.Music\u0301, Stegic\u0301, Muzgonja, Tica, \u0160akic\u0301, Deumic\u0301, Me\u0161ic\u0301, Grahovac, Mili\u010devic\u0301, Haramba\u0161ic\u0301, R.Music\u0301<br \/>\nIgrali su jo\u0161: Kecman, Borovac, Kljajic\u0301, Karupovic\u0301, Miljevic\u0301<\/p>\n<p>RUDAR-PRIJEDOR(juniori):<br \/>\nMilinkovic\u0301, Rakovic\u0301, \u017divanic\u0301, Polovina, Janju\u0161ic\u0301, N.Marmat, Kovljen, Kova\u010devic\u0301, Radakovic\u0301, \u017deric\u0301, Javoric\u0301<br \/>\nIgrali su jo\u0161: Krneta, D.Marmat, Milinovic\u0301, Topalovic\u0301, Zmijanjac, Romanic\u0301, C\u0301oric\u0301.<\/p>\n<p>Tekst i foto \u2013 Nenad \u0110eri\u0107\/Aleksandar Drakuli\u0107 \u2013 <a href=\"https:\/\/www.prijedordanas.com\" target=\"_blank\" rel=\"noopener noreferrer\">www.prijedordanas.com<\/a><\/p>\n<p><a href=\"https:\/\/www.prijedordanas.com\/wp-content\/uploads\/2017\/08\/brdo-rudar-prijedor-juniori-prijateljska-ljeto-5.jpg\"><img loading=\"lazy\" decoding=\"async\" src=\"https:\/\/www.prijedordanas.com\/wp-content\/uploads\/2017\/08\/brdo-rudar-prijedor-juniori-prijateljska-ljeto-5-300x222.jpg\" alt=\"\" width=\"300\" height=\"222\" class=\"alignleft size-medium wp-image-87113\" srcset=\"https:\/\/www.prijedordanas.com\/wp-content\/uploads\/2017\/08\/brdo-rudar-prijedor-juniori-prijateljska-ljeto-5-300x222.jpg 300w, https:\/\/www.prijedordanas.com\/wp-content\/uploads\/2017\/08\/brdo-rudar-prijedor-juniori-prijateljska-ljeto-5-100x74.jpg 100w, https:\/\/www.prijedordanas.com\/wp-content\/uploads\/2017\/08\/brdo-rudar-prijedor-juniori-prijateljska-ljeto-5.jpg 675w\" sizes=\"(max-width: 300px) 100vw, 300px\" \/><\/a> <a href=\"https:\/\/www.prijedordanas.com\/wp-content\/uploads\/2017\/08\/brdo-rudar-prijedor-juniori-prijateljska-ljeto-6.jpg\"><img loading=\"lazy\" decoding=\"async\" src=\"https:\/\/www.prijedordanas.com\/wp-content\/uploads\/2017\/08\/brdo-rudar-prijedor-juniori-prijateljska-ljeto-6-300x222.jpg\" alt=\"\" width=\"300\" height=\"222\" class=\"alignleft size-medium wp-image-87114\" srcset=\"https:\/\/www.prijedordanas.com\/wp-content\/uploads\/2017\/08\/brdo-rudar-prijedor-juniori-prijateljska-ljeto-6-300x222.jpg 300w, https:\/\/www.prijedordanas.com\/wp-content\/uploads\/2017\/08\/brdo-rudar-prijedor-juniori-prijateljska-ljeto-6-100x74.jpg 100w, https:\/\/www.prijedordanas.com\/wp-content\/uploads\/2017\/08\/brdo-rudar-prijedor-juniori-prijateljska-ljeto-6.jpg 675w\" sizes=\"(max-width: 300px) 100vw, 300px\" \/><\/a><\/p>\n","protected":false},"excerpt":{"rendered":"<p>U prijateljskom odmjeravanju snaga na stadionu \u201eVedro polje\u201c u Hambarinama regionalni liga\u0161 Republike Srpske OFK Brdo, do\u017eivjelo je poraz od juniorskog tima Rudar-Prijedora rezultatom 1:2. Vi\u0111ena je dobra utakmica, sa [&hellip;]<\/p>\n","protected":false},"author":1,"featured_media":0,"comment_status":"closed","ping_status":"open","sticky":false,"template":"","format":"standard","meta":{"_monsterinsights_skip_tracking":false,"_monsterinsights_sitenote_active":false,"_monsterinsights_sitenote_note":"","_monsterinsights_sitenote_category":0,"footnotes":""},"categories":[7],"tags":[],"yoast_head":"<!-- This site is optimized with the Yoast SEO plugin v21.6 - https:\/\/yoast.com\/wordpress\/plugins\/seo\/ -->\n<title>JUNIORI RUDAR-PRIJEDORA BOLJI OD OFK BRDO U PRIJATELJSKOJ UTAKMICI - FOTO - PrijedorDanas.com - Prijedorski gradski portal<\/title>\n<meta name=\"robots\" content=\"index, follow, max-snippet:-1, max-image-preview:large, max-video-preview:-1\" \/>\n<link rel=\"canonical\" href=\"https:\/\/www.prijedordanas.com\/?p=87108\" \/>\n<meta property=\"og:locale\" content=\"en_US\" \/>\n<meta property=\"og:type\" content=\"article\" \/>\n<meta property=\"og:title\" content=\"JUNIORI RUDAR-PRIJEDORA BOLJI OD OFK BRDO U PRIJATELJSKOJ UTAKMICI - FOTO - PrijedorDanas.com - Prijedorski gradski portal\" \/>\n<meta property=\"og:description\" content=\"U prijateljskom odmjeravanju snaga na stadionu \u201eVedro polje\u201c u Hambarinama regionalni liga\u0161 Republike Srpske OFK Brdo, do\u017eivjelo je poraz od juniorskog tima Rudar-Prijedora rezultatom 1:2. Vi\u0111ena je dobra utakmica, sa [&hellip;]\" \/>\n<meta property=\"og:url\" content=\"https:\/\/www.prijedordanas.com\/?p=87108\" \/>\n<meta property=\"og:site_name\" content=\"PrijedorDanas.com - Prijedorski gradski portal\" \/>\n<meta property=\"article:publisher\" content=\"https:\/\/www.facebook.com\/PrijedorDanasCom\/\" \/>\n<meta property=\"article:published_time\" content=\"2017-08-11T18:50:47+00:00\" \/>\n<meta property=\"og:image\" content=\"https:\/\/www.prijedordanas.com\/wp-content\/uploads\/2017\/08\/brdo-rudar-prijedor-juniori-prijateljska-ljeto-1-300x222.jpg\" \/>\n<meta name=\"author\" content=\"admin\" \/>\n<meta name=\"twitter:card\" content=\"summary_large_image\" \/>\n<meta name=\"twitter:label1\" content=\"Written by\" \/>\n\t<meta name=\"twitter:data1\" content=\"admin\" \/>\n\t<meta name=\"twitter:label2\" content=\"Est. reading time\" \/>\n\t<meta name=\"twitter:data2\" content=\"3 minutes\" \/>\n<script type=\"application\/ld+json\" class=\"yoast-schema-graph\">{\"@context\":\"https:\/\/schema.org\",\"@graph\":[{\"@type\":\"Article\",\"@id\":\"https:\/\/www.prijedordanas.com\/?p=87108#article\",\"isPartOf\":{\"@id\":\"https:\/\/www.prijedordanas.com\/?p=87108\"},\"author\":{\"name\":\"admin\",\"@id\":\"https:\/\/www.prijedordanas.com\/#\/schema\/person\/4e08ccf29b506ca916ff86d46bb700e6\"},\"headline\":\"JUNIORI RUDAR-PRIJEDORA BOLJI OD OFK BRDO U PRIJATELJSKOJ UTAKMICI &#8211; FOTO\",\"datePublished\":\"2017-08-11T18:50:47+00:00\",\"dateModified\":\"2017-08-11T18:50:47+00:00\",\"mainEntityOfPage\":{\"@id\":\"https:\/\/www.prijedordanas.com\/?p=87108\"},\"wordCount\":649,\"publisher\":{\"@id\":\"https:\/\/www.prijedordanas.com\/#organization\"},\"articleSection\":[\"Sport\"],\"inLanguage\":\"en-US\"},{\"@type\":\"WebPage\",\"@id\":\"https:\/\/www.prijedordanas.com\/?p=87108\",\"url\":\"https:\/\/www.prijedordanas.com\/?p=87108\",\"name\":\"JUNIORI RUDAR-PRIJEDORA BOLJI OD OFK BRDO U PRIJATELJSKOJ UTAKMICI - FOTO - PrijedorDanas.com - Prijedorski gradski portal\",\"isPartOf\":{\"@id\":\"https:\/\/www.prijedordanas.com\/#website\"},\"datePublished\":\"2017-08-11T18:50:47+00:00\",\"dateModified\":\"2017-08-11T18:50:47+00:00\",\"breadcrumb\":{\"@id\":\"https:\/\/www.prijedordanas.com\/?p=87108#breadcrumb\"},\"inLanguage\":\"en-US\",\"potentialAction\":[{\"@type\":\"ReadAction\",\"target\":[\"https:\/\/www.prijedordanas.com\/?p=87108\"]}]},{\"@type\":\"BreadcrumbList\",\"@id\":\"https:\/\/www.prijedordanas.com\/?p=87108#breadcrumb\",\"itemListElement\":[{\"@type\":\"ListItem\",\"position\":1,\"name\":\"Home\",\"item\":\"https:\/\/www.prijedordanas.com\/\"},{\"@type\":\"ListItem\",\"position\":2,\"name\":\"JUNIORI RUDAR-PRIJEDORA BOLJI OD OFK BRDO U PRIJATELJSKOJ UTAKMICI &#8211; FOTO\"}]},{\"@type\":\"WebSite\",\"@id\":\"https:\/\/www.prijedordanas.com\/#website\",\"url\":\"https:\/\/www.prijedordanas.com\/\",\"name\":\"PrijedorDanas.com - Prijedorski gradski portal\",\"description\":\"Portal o doga\u0111anjima u gradu Prijedoru\",\"publisher\":{\"@id\":\"https:\/\/www.prijedordanas.com\/#organization\"},\"potentialAction\":[{\"@type\":\"SearchAction\",\"target\":{\"@type\":\"EntryPoint\",\"urlTemplate\":\"https:\/\/www.prijedordanas.com\/?s={search_term_string}\"},\"query-input\":\"required name=search_term_string\"}],\"inLanguage\":\"en-US\"},{\"@type\":\"Organization\",\"@id\":\"https:\/\/www.prijedordanas.com\/#organization\",\"name\":\"PrijedorDanas.com\",\"url\":\"https:\/\/www.prijedordanas.com\/\",\"logo\":{\"@type\":\"ImageObject\",\"inLanguage\":\"en-US\",\"@id\":\"https:\/\/www.prijedordanas.com\/#\/schema\/logo\/image\/\",\"url\":\"http:\/\/www.prijedordanas.com\/wp-content\/uploads\/2021\/12\/logopng.png\",\"contentUrl\":\"http:\/\/www.prijedordanas.com\/wp-content\/uploads\/2021\/12\/logopng.png\",\"width\":1019,\"height\":776,\"caption\":\"PrijedorDanas.com\"},\"image\":{\"@id\":\"https:\/\/www.prijedordanas.com\/#\/schema\/logo\/image\/\"},\"sameAs\":[\"https:\/\/www.facebook.com\/PrijedorDanasCom\/\"]},{\"@type\":\"Person\",\"@id\":\"https:\/\/www.prijedordanas.com\/#\/schema\/person\/4e08ccf29b506ca916ff86d46bb700e6\",\"name\":\"admin\",\"image\":{\"@type\":\"ImageObject\",\"inLanguage\":\"en-US\",\"@id\":\"https:\/\/www.prijedordanas.com\/#\/schema\/person\/image\/\",\"url\":\"https:\/\/secure.gravatar.com\/avatar\/1d3fc949d550f0b53a5f0d51e06dfd79?s=96&d=mm&r=g\",\"contentUrl\":\"https:\/\/secure.gravatar.com\/avatar\/1d3fc949d550f0b53a5f0d51e06dfd79?s=96&d=mm&r=g\",\"caption\":\"admin\"},\"url\":\"https:\/\/www.prijedordanas.com\/?author=1\"}]}<\/script>\n<!-- \/ Yoast SEO plugin. -->","yoast_head_json":{"title":"JUNIORI RUDAR-PRIJEDORA BOLJI OD OFK BRDO U PRIJATELJSKOJ UTAKMICI - FOTO - PrijedorDanas.com - Prijedorski gradski portal","robots":{"index":"index","follow":"follow","max-snippet":"max-snippet:-1","max-image-preview":"max-image-preview:large","max-video-preview":"max-video-preview:-1"},"canonical":"https:\/\/www.prijedordanas.com\/?p=87108","og_locale":"en_US","og_type":"article","og_title":"JUNIORI RUDAR-PRIJEDORA BOLJI OD OFK BRDO U PRIJATELJSKOJ UTAKMICI - FOTO - PrijedorDanas.com - Prijedorski gradski portal","og_description":"U prijateljskom odmjeravanju snaga na stadionu \u201eVedro polje\u201c u Hambarinama regionalni liga\u0161 Republike Srpske OFK Brdo, do\u017eivjelo je poraz od juniorskog tima Rudar-Prijedora rezultatom 1:2. Vi\u0111ena je dobra utakmica, sa [&hellip;]","og_url":"https:\/\/www.prijedordanas.com\/?p=87108","og_site_name":"PrijedorDanas.com - Prijedorski gradski portal","article_publisher":"https:\/\/www.facebook.com\/PrijedorDanasCom\/","article_published_time":"2017-08-11T18:50:47+00:00","og_image":[{"url":"https:\/\/www.prijedordanas.com\/wp-content\/uploads\/2017\/08\/brdo-rudar-prijedor-juniori-prijateljska-ljeto-1-300x222.jpg"}],"author":"admin","twitter_card":"summary_large_image","twitter_misc":{"Written by":"admin","Est. reading time":"3 minutes"},"schema":{"@context":"https:\/\/schema.org","@graph":[{"@type":"Article","@id":"https:\/\/www.prijedordanas.com\/?p=87108#article","isPartOf":{"@id":"https:\/\/www.prijedordanas.com\/?p=87108"},"author":{"name":"admin","@id":"https:\/\/www.prijedordanas.com\/#\/schema\/person\/4e08ccf29b506ca916ff86d46bb700e6"},"headline":"JUNIORI RUDAR-PRIJEDORA BOLJI OD OFK BRDO U PRIJATELJSKOJ UTAKMICI &#8211; FOTO","datePublished":"2017-08-11T18:50:47+00:00","dateModified":"2017-08-11T18:50:47+00:00","mainEntityOfPage":{"@id":"https:\/\/www.prijedordanas.com\/?p=87108"},"wordCount":649,"publisher":{"@id":"https:\/\/www.prijedordanas.com\/#organization"},"articleSection":["Sport"],"inLanguage":"en-US"},{"@type":"WebPage","@id":"https:\/\/www.prijedordanas.com\/?p=87108","url":"https:\/\/www.prijedordanas.com\/?p=87108","name":"JUNIORI RUDAR-PRIJEDORA BOLJI OD OFK BRDO U PRIJATELJSKOJ UTAKMICI - FOTO - PrijedorDanas.com - Prijedorski gradski portal","isPartOf":{"@id":"https:\/\/www.prijedordanas.com\/#website"},"datePublished":"2017-08-11T18:50:47+00:00","dateModified":"2017-08-11T18:50:47+00:00","breadcrumb":{"@id":"https:\/\/www.prijedordanas.com\/?p=87108#breadcrumb"},"inLanguage":"en-US","potentialAction":[{"@type":"ReadAction","target":["https:\/\/www.prijedordanas.com\/?p=87108"]}]},{"@type":"BreadcrumbList","@id":"https:\/\/www.prijedordanas.com\/?p=87108#breadcrumb","itemListElement":[{"@type":"ListItem","position":1,"name":"Home","item":"https:\/\/www.prijedordanas.com\/"},{"@type":"ListItem","position":2,"name":"JUNIORI RUDAR-PRIJEDORA BOLJI OD OFK BRDO U PRIJATELJSKOJ UTAKMICI &#8211; FOTO"}]},{"@type":"WebSite","@id":"https:\/\/www.prijedordanas.com\/#website","url":"https:\/\/www.prijedordanas.com\/","name":"PrijedorDanas.com - Prijedorski gradski portal","description":"Portal o doga\u0111anjima u gradu Prijedoru","publisher":{"@id":"https:\/\/www.prijedordanas.com\/#organization"},"potentialAction":[{"@type":"SearchAction","target":{"@type":"EntryPoint","urlTemplate":"https:\/\/www.prijedordanas.com\/?s={search_term_string}"},"query-input":"required name=search_term_string"}],"inLanguage":"en-US"},{"@type":"Organization","@id":"https:\/\/www.prijedordanas.com\/#organization","name":"PrijedorDanas.com","url":"https:\/\/www.prijedordanas.com\/","logo":{"@type":"ImageObject","inLanguage":"en-US","@id":"https:\/\/www.prijedordanas.com\/#\/schema\/logo\/image\/","url":"http:\/\/www.prijedordanas.com\/wp-content\/uploads\/2021\/12\/logopng.png","contentUrl":"http:\/\/www.prijedordanas.com\/wp-content\/uploads\/2021\/12\/logopng.png","width":1019,"height":776,"caption":"PrijedorDanas.com"},"image":{"@id":"https:\/\/www.prijedordanas.com\/#\/schema\/logo\/image\/"},"sameAs":["https:\/\/www.facebook.com\/PrijedorDanasCom\/"]},{"@type":"Person","@id":"https:\/\/www.prijedordanas.com\/#\/schema\/person\/4e08ccf29b506ca916ff86d46bb700e6","name":"admin","image":{"@type":"ImageObject","inLanguage":"en-US","@id":"https:\/\/www.prijedordanas.com\/#\/schema\/person\/image\/","url":"https:\/\/secure.gravatar.com\/avatar\/1d3fc949d550f0b53a5f0d51e06dfd79?s=96&d=mm&r=g","contentUrl":"https:\/\/secure.gravatar.com\/avatar\/1d3fc949d550f0b53a5f0d51e06dfd79?s=96&d=mm&r=g","caption":"admin"},"url":"https:\/\/www.prijedordanas.com\/?author=1"}]}},"_links":{"self":[{"href":"https:\/\/www.prijedordanas.com\/index.php?rest_route=\/wp\/v2\/posts\/87108"}],"collection":[{"href":"https:\/\/www.prijedordanas.com\/index.php?rest_route=\/wp\/v2\/posts"}],"about":[{"href":"https:\/\/www.prijedordanas.com\/index.php?rest_route=\/wp\/v2\/types\/post"}],"author":[{"embeddable":true,"href":"https:\/\/www.prijedordanas.com\/index.php?rest_route=\/wp\/v2\/users\/1"}],"replies":[{"embeddable":true,"href":"https:\/\/www.prijedordanas.com\/index.php?rest_route=%2Fwp%2Fv2%2Fcomments&post=87108"}],"version-history":[{"count":1,"href":"https:\/\/www.prijedordanas.com\/index.php?rest_route=\/wp\/v2\/posts\/87108\/revisions"}],"predecessor-version":[{"id":87115,"href":"https:\/\/www.prijedordanas.com\/index.php?rest_route=\/wp\/v2\/posts\/87108\/revisions\/87115"}],"wp:attachment":[{"href":"https:\/\/www.prijedordanas.com\/index.php?rest_route=%2Fwp%2Fv2%2Fmedia&parent=87108"}],"wp:term":[{"taxonomy":"category","embeddable":true,"href":"https:\/\/www.prijedordanas.com\/index.php?rest_route=%2Fwp%2Fv2%2Fcategories&post=87108"},{"taxonomy":"post_tag","embeddable":true,"href":"https:\/\/www.prijedordanas.com\/index.php?rest_route=%2Fwp%2Fv2%2Ftags&post=87108"}],"curies":[{"name":"wp","href":"https:\/\/api.w.org\/{rel}","templated":true}]}}