{"id":86968,"date":"2017-08-12T12:09:26","date_gmt":"2017-08-12T10:09:26","guid":{"rendered":"https:\/\/www.prijedordanas.com\/?p=86968"},"modified":"2017-08-12T12:09:27","modified_gmt":"2017-08-12T10:09:27","slug":"najveci-mali-grad-na-svijetu-kozarac-se-voli-u-vise-od-60-zemalja-svijeta-najvise-u-srcu-carsije-foto","status":"publish","type":"post","link":"https:\/\/www.prijedordanas.com\/?p=86968","title":{"rendered":"NAJVE\u0106I MALI GRAD NA SVIJETU: KOZARAC SE VOLI U VI\u0160E OD 60 ZEMALJA SVIJETA, A NAJVI\u0160E U SRCU \u010cAR\u0160IJE \u2013 FOTO"},"content":{"rendered":"<p><a href=\"https:\/\/www.prijedordanas.com\/wp-content\/uploads\/2017\/08\/kozarac-by-nijaz-1.jpg\"><img loading=\"lazy\" decoding=\"async\" class=\"alignleft size-medium wp-image-87134\" src=\"https:\/\/www.prijedordanas.com\/wp-content\/uploads\/2017\/08\/kozarac-by-nijaz-1-300x217.jpg\" alt=\"\" width=\"300\" height=\"217\" srcset=\"https:\/\/www.prijedordanas.com\/wp-content\/uploads\/2017\/08\/kozarac-by-nijaz-1-300x217.jpg 300w, https:\/\/www.prijedordanas.com\/wp-content\/uploads\/2017\/08\/kozarac-by-nijaz-1-100x72.jpg 100w, https:\/\/www.prijedordanas.com\/wp-content\/uploads\/2017\/08\/kozarac-by-nijaz-1.jpg 690w\" sizes=\"(max-width: 300px) 100vw, 300px\" \/><\/a>Ima neka tajna veza izme\u0111u najljep\u0161eg malog grada na svijetu Kozarca i njegovih mje\u0161tana. Vole se na dirljiv i onom ko nije iz Kozarca neshvatljiv na\u010din. Ma gdje bili, da li u nekoj od 60-tak zemalja svijeta, gdje danas \u017eive uspje\u0161ni i vrijedni Kozar\u010dani, a najvi\u0161e ipak u srcu \u010dar\u0161ije, kada se u tri ljetna mjeseca u najve\u0107i i najljep\u0161i mali grad na svijetu poput rijeke slije i pet puta vi\u0161e stanovnika od broja koji ina\u010de ima.<\/p>\n<p>Ostvaren san<\/p>\n<p>Prepune ulice, ba\u0161te, bazeni, o\u017eive svjetlom obasjane veleljepne ku\u0107e, izma\u0161tane u nekom tamo inozemstvu i ostvarene u nekom od kozara\u010dkih zaselaka&#8230; Da ih se ni \u010duveni Beverli Hils ne bi postidio.<\/p>\n<p>A kolika je ljubav Kozarca i njegovih mje\u0161tana, mo\u017eda najbolje ilustrira pri\u010da Mirzeta Softi\u0107a, uspje\u0161nog privrednika sa \u0161vicarskom adresom, koji posljednjih \u0161est godina nije propustio nijedan vikend da iz \u0160vicarske nije do\u0161ao u svoj Kozarac.<\/p>\n<p><a href=\"https:\/\/www.prijedordanas.com\/wp-content\/uploads\/2017\/08\/kozarac-by-nijaz-2.jpg\"><img loading=\"lazy\" decoding=\"async\" class=\"alignleft size-medium wp-image-87135\" src=\"https:\/\/www.prijedordanas.com\/wp-content\/uploads\/2017\/08\/kozarac-by-nijaz-2-300x217.jpg\" alt=\"\" width=\"300\" height=\"217\" srcset=\"https:\/\/www.prijedordanas.com\/wp-content\/uploads\/2017\/08\/kozarac-by-nijaz-2-300x217.jpg 300w, https:\/\/www.prijedordanas.com\/wp-content\/uploads\/2017\/08\/kozarac-by-nijaz-2-100x72.jpg 100w, https:\/\/www.prijedordanas.com\/wp-content\/uploads\/2017\/08\/kozarac-by-nijaz-2.jpg 690w\" sizes=\"(max-width: 300px) 100vw, 300px\" \/><\/a>Svaki vikend pre\u0111em hiljadu kilometara da bih stigao u Kozarac. \u0160est godina puta 52, pa ra\u010dunajte koliko je to kilometara &#8211; ka\u017ee Mirzet, koji je kozara\u010dko jutro i prvu jutarnju kafu, u vrijeme kad smo stigli, dijelio s prijateljima Jusufom i Husom.<\/p>\n<p>U \u0160vicarskoj je 25 godina i priznaje da za to vrijeme tamo nikad nije sjeo u kafanu da popije kafu. Ali je zato ostvario poslovni san mnogih. Ve\u0107 21 godinu je vlasnik po\u0161te koja pokriva jednu \u010detvrtinu \u0160vicarske. U Kozarcu je predsjednik Nadzornog odbora Biznis centra, a u susjednim Kami\u010danima predsjednik Savjeta Mjesne zajednice. U redovnim vikend dolascima poku\u0161ava da stvori ambijent u kojim \u0107e on i njegova porodica, jednog dana, kada do\u0111u ovdje, normalno \u017eivjeti..<\/p>\n<p>&#8211; Planiram ulaganja i jo\u0161 va\u017eem turizam ili neki servis. Jo\u0161 ne znam, vidjet \u0107u &#8211; ka\u017ee Mirzet, koji brojna putovanja po bijelom svijetu koristi opet za susrete sa svojim Kozar\u010danima.<\/p>\n<p>Poznatim i nepoznatim. Slikovito poja\u0161njava da je dovoljno samo na FB napisati poruku gdje je i \u201eoni dolaze kao pili\u0107i\u201c.<\/p>\n<p><a href=\"https:\/\/www.prijedordanas.com\/wp-content\/uploads\/2017\/08\/kozarac-by-nijaz-3.jpg\"><img loading=\"lazy\" decoding=\"async\" class=\"alignleft size-medium wp-image-87136\" src=\"https:\/\/www.prijedordanas.com\/wp-content\/uploads\/2017\/08\/kozarac-by-nijaz-3-300x217.jpg\" alt=\"\" width=\"300\" height=\"217\" srcset=\"https:\/\/www.prijedordanas.com\/wp-content\/uploads\/2017\/08\/kozarac-by-nijaz-3-300x217.jpg 300w, https:\/\/www.prijedordanas.com\/wp-content\/uploads\/2017\/08\/kozarac-by-nijaz-3-100x72.jpg 100w, https:\/\/www.prijedordanas.com\/wp-content\/uploads\/2017\/08\/kozarac-by-nijaz-3.jpg 690w\" sizes=\"(max-width: 300px) 100vw, 300px\" \/><\/a>Definicija \u017eivota<\/p>\n<p>A susreti na jutarnjoj kafi u centru \u010dar\u0161ije mnogo zna\u010de i Jusufu Arifagi\u0107u, vlasniku \u010duvene kompanije \u201eArifagi\u0107 Investment\u201c, sjajnom \u010dovjeku i privredniku, koji je ovih dana s prijateljima iz Biznis centra Kozarac poput poslovnog zemljotresa \u201eprotresao\u201c BiH. Otkriva nam da je uzeo pauzu, nekih desetak minuta, da obavi neki posao, a da je na kraju ispalo da je s dragim ljudima sjedio sat i po.<\/p>\n<p>&#8211; Bitno je da svaki pojedinac na\u0111e svoju definiciju \u017eivota. \u0160ta je \u017eivot? Je li \u017eivot mo\u017eda pola miliona eura na ra\u010dunu ili je mo\u017eda \u017eivot da ujutro s prijateljima popije\u0161 kafu u Kozarcu? Meni kafa u inozemstvu ne predstavlja ni\u0161ta. Mogu da sjedim u Londonu, u Parizu&#8230;, ta kafa mi je optere\u0107enje, jer sjedim i razmi\u0161ljam o Kozarcu. I ne znam kako sam popio kafu &#8211; iskren je Jusuf.<\/p>\n<p>Dodaje da su mu koferi jo\u0161 spakovani, ali da stalno, kad god sleti negdje na neki od svjetskih aerodroma, ima \u017eelju da se okrene i vrati u svoju sredinu.<\/p>\n<p><a href=\"https:\/\/www.prijedordanas.com\/wp-content\/uploads\/2017\/08\/kozarac-by-nijaz-4.jpg\"><img loading=\"lazy\" decoding=\"async\" class=\"alignleft size-medium wp-image-87137\" src=\"https:\/\/www.prijedordanas.com\/wp-content\/uploads\/2017\/08\/kozarac-by-nijaz-4-300x223.jpg\" alt=\"\" width=\"300\" height=\"223\" srcset=\"https:\/\/www.prijedordanas.com\/wp-content\/uploads\/2017\/08\/kozarac-by-nijaz-4-300x223.jpg 300w, https:\/\/www.prijedordanas.com\/wp-content\/uploads\/2017\/08\/kozarac-by-nijaz-4-100x74.jpg 100w, https:\/\/www.prijedordanas.com\/wp-content\/uploads\/2017\/08\/kozarac-by-nijaz-4.jpg 674w\" sizes=\"(max-width: 300px) 100vw, 300px\" \/><\/a>Uspje\u0161ni zetovi<\/p>\n<p>U tim ljubavnim formulama Kozarca i njegovih mje\u0161tana ima i prili\u010dno \u0161arma. Pa nam tako, opet na kafi u kafi\u0107u u centru \u010dar\u0161ije, u koji se, valjda, ide odmah nakon pid\u017eame, Huse Selimovi\u0107 otkriva da &#8221;mu ni doktor ne treba kad je u svom Kozarcu\u201c. Huse \u017eivi u \u0160vicarskoj, a u Kozarcu je redovan, svake godine, jer \u201emu je tu lijepo\u201c. Husin brat Emir \u017eivi u \u0160vedskoj, a tre\u0107i Selimovi\u0107 je u Norve\u0161koj.<\/p>\n<p>&#8211; Mislim da na svijetu nema ljudi koji vi\u0161e vole svoje mjesto od Kozar\u010dana &#8211; ka\u017ee Emir i s osmijehom nas, u maniru ljubaznih kozara\u010dkih doma\u0107ina, pita jesmo li \u017eedni, gladni.<\/p>\n<p>A posebna pri\u010da su kozara\u010dki zetovi. Jedan od njih je i Valid Kavam (Walid El-Kawam), ljekar, specijalista ginekologije, s ordinacijom u Zagrebu. Supruga Erna ro\u0111ena je Kozar\u010danka, pa je i Valid zbog nje zavolio Kozarac. Tu imaju imanje, veliku ku\u0107u koju su prije 14 godina napravili na Erninom porodi\u010dnom ognji\u0161tu.<\/p>\n<p>&#8211; Odande si odakle ti je \u017eena. I ne mo\u017ee druga\u010dije biti &#8211; ka\u017ee s osmijehom Erna.<\/p>\n<p>Supruga s kojim ima trojicu sinova upoznala je u Zagrebu, no Kozarac nije zaboravila te s ponosom isti\u010de da je deseta generacija Kozar\u010dana.<\/p>\n<p><a href=\"https:\/\/www.prijedordanas.com\/wp-content\/uploads\/2017\/08\/kozarac-by-nijaz-5.jpg\"><img loading=\"lazy\" decoding=\"async\" class=\"alignleft size-medium wp-image-87138\" src=\"https:\/\/www.prijedordanas.com\/wp-content\/uploads\/2017\/08\/kozarac-by-nijaz-5-300x217.jpg\" alt=\"\" width=\"300\" height=\"217\" srcset=\"https:\/\/www.prijedordanas.com\/wp-content\/uploads\/2017\/08\/kozarac-by-nijaz-5-300x217.jpg 300w, https:\/\/www.prijedordanas.com\/wp-content\/uploads\/2017\/08\/kozarac-by-nijaz-5-100x72.jpg 100w, https:\/\/www.prijedordanas.com\/wp-content\/uploads\/2017\/08\/kozarac-by-nijaz-5.jpg 690w\" sizes=\"(max-width: 300px) 100vw, 300px\" \/><\/a>Pri\u010da o ljubavi<\/p>\n<p>U Kozarac se iz inozemstva dolazi i zbog svadbi, jer vjen\u010danje i nije vjen\u010danje ako ga nije bilo u \u010dar\u0161iji. Nedjeljno ih ima barem nekoliko. Godinama se i precizno zna iz kojeg dijela svijeta sti\u017eu prvi Kozar\u010dani. Sezonu otvaraju oni koji \u017eive u Skandinaviji, potom dolaze oni iz Amerike, pa na kraju iz Njema\u010dke, Australije, sti\u017eu i s Novog Zelanda i sa svih strana svijeta. U jednom takvom valu prije devet godina u Kozarac je s porodicom iz Amerike stigao Hamdija Joldi\u0107. I ostao..<\/p>\n<p>Obnovio je rad mjesnog KUD-a \u201eKozara\u201c, ima cvje\u0107aru, bavi se pomalo poljoprivredom. Pri\u010da da Kozarac ima vrti\u0107, \u0161kolu \u010diji u\u010denici u\u010de bosanski jezik, Fudbalski klub \u201eBratstvo\u201c, planinarsko dru\u0161tvo, zemljoradni\u010dku zadrugu, dobrovoljne vatrogasce, Ku\u0107u mira&#8230;<\/p>\n<p><a href=\"https:\/\/www.prijedordanas.com\/wp-content\/uploads\/2017\/08\/avaz-kozarac-1.jpg\"><img loading=\"lazy\" decoding=\"async\" class=\"alignleft size-medium wp-image-87139\" src=\"https:\/\/www.prijedordanas.com\/wp-content\/uploads\/2017\/08\/avaz-kozarac-1-300x169.jpg\" alt=\"\" width=\"300\" height=\"169\" srcset=\"https:\/\/www.prijedordanas.com\/wp-content\/uploads\/2017\/08\/avaz-kozarac-1-300x169.jpg 300w, https:\/\/www.prijedordanas.com\/wp-content\/uploads\/2017\/08\/avaz-kozarac-1-100x56.jpg 100w, https:\/\/www.prijedordanas.com\/wp-content\/uploads\/2017\/08\/avaz-kozarac-1.jpg 600w\" sizes=\"(max-width: 300px) 100vw, 300px\" \/><\/a>Kozar\u010dani su obnovili i svoje d\u017eamije, u centru \u010dar\u0161ije izgradili spomen-obilje\u017eje s imenima 1.226 nevino ubijenih Bo\u0161njaka ovog kraja&#8230; Uradili su i elaborat po kojem bi Kozarac trebao vratiti status op\u0107ine koji je imao do daleke 1963. godine.<\/p>\n<p>&#8211; Bi\u0107e valjda i to, a u me\u0111uvremenu&#8230; pa valjalo bi jo\u0161 da imamo i Slu\u017ebu hitne pomo\u0107i &#8211; ka\u017ee Joldi\u0107.<\/p>\n<p>I sla\u017ee se s opaskom nekih od mje\u0161tana da i u Kozarcu ima tog \u0161to bi trebalo popraviti. Poput struje, vode, puteva koje treba asfaltirati&#8230; S osmijehom ka\u017ee \u201eo tome drugi put, jer ovo je pri\u010da o ljubavi izme\u0111u Kozar\u010dana i njihove jedine \u010dar\u0161ije\u201c.<\/p>\n<p><a href=\"https:\/\/www.prijedordanas.com\/wp-content\/uploads\/2017\/08\/avaz-kozarac-2.jpg\"><img loading=\"lazy\" decoding=\"async\" class=\"alignleft size-medium wp-image-87140\" src=\"https:\/\/www.prijedordanas.com\/wp-content\/uploads\/2017\/08\/avaz-kozarac-2-300x169.jpg\" alt=\"\" width=\"300\" height=\"169\" srcset=\"https:\/\/www.prijedordanas.com\/wp-content\/uploads\/2017\/08\/avaz-kozarac-2-300x169.jpg 300w, https:\/\/www.prijedordanas.com\/wp-content\/uploads\/2017\/08\/avaz-kozarac-2-100x56.jpg 100w, https:\/\/www.prijedordanas.com\/wp-content\/uploads\/2017\/08\/avaz-kozarac-2.jpg 600w\" sizes=\"(max-width: 300px) 100vw, 300px\" \/><\/a>Stanovi unaprijed prodati<\/p>\n<p>Ukoliko po\u017eelite da napravite ku\u0107u u Kozarcu, za jutro treba izdvojiti oko 50.000 maraka. U posljednje vrijeme ovdje je, uz hiljade novih ku\u0107a, izgra\u0111eno i 11 zgrada. Zanimljivo je da su stanovi uglavnom unaprijed prodati.<\/p>\n<p>Titova i \u201edirektorska\u201c ulica<\/p>\n<p>Naziv glavne ulice u Kozarcu, koja je mjesto svakodnevnog okupljanja, mala tr\u017enica sa \u0161tandovima vo\u0107a, knjiga i odje\u0107e po trotoarima, trg \u201emi\u0161i\u0107a\u201c gdje se tra\u017ei radna snaga, mjesto na\u010di\u010dkanih kafi\u0107a, restorana nije mijenjan. Jo\u0161 je to ulica Mar\u0161ala Tita. Ima i jedna koju Kozar\u010dani zovu \u201edirektorska\u201c, jer u njoj, prema Joldi\u0107evim rije\u010dima, stanuju svi biv\u0161i i sada\u0161nji direktori.<\/p>\n<p><a href=\"https:\/\/www.prijedordanas.com\/wp-content\/uploads\/2017\/08\/avaz-kozarac-3.jpg\"><img loading=\"lazy\" decoding=\"async\" class=\"alignleft size-medium wp-image-87141\" src=\"https:\/\/www.prijedordanas.com\/wp-content\/uploads\/2017\/08\/avaz-kozarac-3-300x169.jpg\" alt=\"\" width=\"300\" height=\"169\" srcset=\"https:\/\/www.prijedordanas.com\/wp-content\/uploads\/2017\/08\/avaz-kozarac-3-300x169.jpg 300w, https:\/\/www.prijedordanas.com\/wp-content\/uploads\/2017\/08\/avaz-kozarac-3-100x56.jpg 100w, https:\/\/www.prijedordanas.com\/wp-content\/uploads\/2017\/08\/avaz-kozarac-3.jpg 600w\" sizes=\"(max-width: 300px) 100vw, 300px\" \/><\/a>Vrijednost auta 2 milijarde eura<\/p>\n<p>Kozar\u010dani voze dobre i skupocjene automobile. Joldi\u0107 pri\u010da da se to najvi\u0161e vidi u ve\u010dernjim satima.<\/p>\n<p>&#8211; To su rijeke automobila. Mislim da vrijednost automobila u Kozarcu ovih dana dosti\u017ee oko dvije milijarde eura. U \u0160vicarskoj je objavljeno da je jedan Kozar\u010danin ovdje dovezao auto vrijedan 300.000 eura. Vidio sam ga, pro\u0161ao je glavnom ulicom, ali ne znam ni kako se to zove &#8211; ka\u017ee Joldi\u0107.<\/p>\n<p>Dnevni avaz<\/p>\n<p><a href=\"https:\/\/www.prijedordanas.com\/wp-content\/uploads\/2017\/08\/avaz-kozarac-4.jpg\"><img loading=\"lazy\" decoding=\"async\" class=\"alignleft size-medium wp-image-87142\" src=\"https:\/\/www.prijedordanas.com\/wp-content\/uploads\/2017\/08\/avaz-kozarac-4-176x300.jpg\" alt=\"\" width=\"176\" height=\"300\" srcset=\"https:\/\/www.prijedordanas.com\/wp-content\/uploads\/2017\/08\/avaz-kozarac-4-176x300.jpg 176w, https:\/\/www.prijedordanas.com\/wp-content\/uploads\/2017\/08\/avaz-kozarac-4-59x100.jpg 59w, https:\/\/www.prijedordanas.com\/wp-content\/uploads\/2017\/08\/avaz-kozarac-4.jpg 352w\" sizes=\"(max-width: 176px) 100vw, 176px\" \/><\/a><\/p>\n","protected":false},"excerpt":{"rendered":"<p>Ima neka tajna veza izme\u0111u najljep\u0161eg malog grada na svijetu Kozarca i njegovih mje\u0161tana. Vole se na dirljiv i onom ko nije iz Kozarca neshvatljiv na\u010din. Ma gdje bili, da [&hellip;]<\/p>\n","protected":false},"author":1,"featured_media":0,"comment_status":"closed","ping_status":"open","sticky":false,"template":"","format":"standard","meta":{"_monsterinsights_skip_tracking":false,"_monsterinsights_sitenote_active":false,"_monsterinsights_sitenote_note":"","_monsterinsights_sitenote_category":0,"footnotes":""},"categories":[3],"tags":[],"yoast_head":"<!-- This site is optimized with the Yoast SEO plugin v21.6 - https:\/\/yoast.com\/wordpress\/plugins\/seo\/ -->\n<title>NAJVE\u0106I MALI GRAD NA SVIJETU: KOZARAC SE VOLI U VI\u0160E OD 60 ZEMALJA SVIJETA, A NAJVI\u0160E U SRCU \u010cAR\u0160IJE \u2013 FOTO - PrijedorDanas.com - Prijedorski gradski portal<\/title>\n<meta name=\"robots\" content=\"index, follow, max-snippet:-1, max-image-preview:large, max-video-preview:-1\" \/>\n<link rel=\"canonical\" href=\"https:\/\/www.prijedordanas.com\/?p=86968\" \/>\n<meta property=\"og:locale\" content=\"en_US\" \/>\n<meta property=\"og:type\" content=\"article\" \/>\n<meta property=\"og:title\" content=\"NAJVE\u0106I MALI GRAD NA SVIJETU: KOZARAC SE VOLI U VI\u0160E OD 60 ZEMALJA SVIJETA, A NAJVI\u0160E U SRCU \u010cAR\u0160IJE \u2013 FOTO - PrijedorDanas.com - Prijedorski gradski portal\" \/>\n<meta property=\"og:description\" content=\"Ima neka tajna veza izme\u0111u najljep\u0161eg malog grada na svijetu Kozarca i njegovih mje\u0161tana. Vole se na dirljiv i onom ko nije iz Kozarca neshvatljiv na\u010din. Ma gdje bili, da [&hellip;]\" \/>\n<meta property=\"og:url\" content=\"https:\/\/www.prijedordanas.com\/?p=86968\" \/>\n<meta property=\"og:site_name\" content=\"PrijedorDanas.com - Prijedorski gradski portal\" \/>\n<meta property=\"article:publisher\" content=\"https:\/\/www.facebook.com\/PrijedorDanasCom\/\" \/>\n<meta property=\"article:published_time\" content=\"2017-08-12T10:09:26+00:00\" \/>\n<meta property=\"article:modified_time\" content=\"2017-08-12T10:09:27+00:00\" \/>\n<meta property=\"og:image\" content=\"https:\/\/www.prijedordanas.com\/wp-content\/uploads\/2017\/08\/kozarac-by-nijaz-1-300x217.jpg\" \/>\n<meta name=\"author\" content=\"admin\" \/>\n<meta name=\"twitter:card\" content=\"summary_large_image\" \/>\n<meta name=\"twitter:label1\" content=\"Written by\" \/>\n\t<meta name=\"twitter:data1\" content=\"admin\" \/>\n\t<meta name=\"twitter:label2\" content=\"Est. reading time\" \/>\n\t<meta name=\"twitter:data2\" content=\"6 minutes\" \/>\n<script type=\"application\/ld+json\" class=\"yoast-schema-graph\">{\"@context\":\"https:\/\/schema.org\",\"@graph\":[{\"@type\":\"Article\",\"@id\":\"https:\/\/www.prijedordanas.com\/?p=86968#article\",\"isPartOf\":{\"@id\":\"https:\/\/www.prijedordanas.com\/?p=86968\"},\"author\":{\"name\":\"admin\",\"@id\":\"https:\/\/www.prijedordanas.com\/#\/schema\/person\/4e08ccf29b506ca916ff86d46bb700e6\"},\"headline\":\"NAJVE\u0106I MALI GRAD NA SVIJETU: KOZARAC SE VOLI U VI\u0160E OD 60 ZEMALJA SVIJETA, A NAJVI\u0160E U SRCU \u010cAR\u0160IJE \u2013 FOTO\",\"datePublished\":\"2017-08-12T10:09:26+00:00\",\"dateModified\":\"2017-08-12T10:09:27+00:00\",\"mainEntityOfPage\":{\"@id\":\"https:\/\/www.prijedordanas.com\/?p=86968\"},\"wordCount\":1217,\"publisher\":{\"@id\":\"https:\/\/www.prijedordanas.com\/#organization\"},\"articleSection\":[\"\u017divot\"],\"inLanguage\":\"en-US\"},{\"@type\":\"WebPage\",\"@id\":\"https:\/\/www.prijedordanas.com\/?p=86968\",\"url\":\"https:\/\/www.prijedordanas.com\/?p=86968\",\"name\":\"NAJVE\u0106I MALI GRAD NA SVIJETU: KOZARAC SE VOLI U VI\u0160E OD 60 ZEMALJA SVIJETA, A NAJVI\u0160E U SRCU \u010cAR\u0160IJE \u2013 FOTO - PrijedorDanas.com - Prijedorski gradski portal\",\"isPartOf\":{\"@id\":\"https:\/\/www.prijedordanas.com\/#website\"},\"datePublished\":\"2017-08-12T10:09:26+00:00\",\"dateModified\":\"2017-08-12T10:09:27+00:00\",\"breadcrumb\":{\"@id\":\"https:\/\/www.prijedordanas.com\/?p=86968#breadcrumb\"},\"inLanguage\":\"en-US\",\"potentialAction\":[{\"@type\":\"ReadAction\",\"target\":[\"https:\/\/www.prijedordanas.com\/?p=86968\"]}]},{\"@type\":\"BreadcrumbList\",\"@id\":\"https:\/\/www.prijedordanas.com\/?p=86968#breadcrumb\",\"itemListElement\":[{\"@type\":\"ListItem\",\"position\":1,\"name\":\"Home\",\"item\":\"https:\/\/www.prijedordanas.com\/\"},{\"@type\":\"ListItem\",\"position\":2,\"name\":\"NAJVE\u0106I MALI GRAD NA SVIJETU: KOZARAC SE VOLI U VI\u0160E OD 60 ZEMALJA SVIJETA, A NAJVI\u0160E U SRCU \u010cAR\u0160IJE \u2013 FOTO\"}]},{\"@type\":\"WebSite\",\"@id\":\"https:\/\/www.prijedordanas.com\/#website\",\"url\":\"https:\/\/www.prijedordanas.com\/\",\"name\":\"PrijedorDanas.com - Prijedorski gradski portal\",\"description\":\"Portal o doga\u0111anjima u gradu Prijedoru\",\"publisher\":{\"@id\":\"https:\/\/www.prijedordanas.com\/#organization\"},\"potentialAction\":[{\"@type\":\"SearchAction\",\"target\":{\"@type\":\"EntryPoint\",\"urlTemplate\":\"https:\/\/www.prijedordanas.com\/?s={search_term_string}\"},\"query-input\":\"required name=search_term_string\"}],\"inLanguage\":\"en-US\"},{\"@type\":\"Organization\",\"@id\":\"https:\/\/www.prijedordanas.com\/#organization\",\"name\":\"PrijedorDanas.com\",\"url\":\"https:\/\/www.prijedordanas.com\/\",\"logo\":{\"@type\":\"ImageObject\",\"inLanguage\":\"en-US\",\"@id\":\"https:\/\/www.prijedordanas.com\/#\/schema\/logo\/image\/\",\"url\":\"http:\/\/www.prijedordanas.com\/wp-content\/uploads\/2021\/12\/logopng.png\",\"contentUrl\":\"http:\/\/www.prijedordanas.com\/wp-content\/uploads\/2021\/12\/logopng.png\",\"width\":1019,\"height\":776,\"caption\":\"PrijedorDanas.com\"},\"image\":{\"@id\":\"https:\/\/www.prijedordanas.com\/#\/schema\/logo\/image\/\"},\"sameAs\":[\"https:\/\/www.facebook.com\/PrijedorDanasCom\/\"]},{\"@type\":\"Person\",\"@id\":\"https:\/\/www.prijedordanas.com\/#\/schema\/person\/4e08ccf29b506ca916ff86d46bb700e6\",\"name\":\"admin\",\"image\":{\"@type\":\"ImageObject\",\"inLanguage\":\"en-US\",\"@id\":\"https:\/\/www.prijedordanas.com\/#\/schema\/person\/image\/\",\"url\":\"https:\/\/secure.gravatar.com\/avatar\/1d3fc949d550f0b53a5f0d51e06dfd79?s=96&d=mm&r=g\",\"contentUrl\":\"https:\/\/secure.gravatar.com\/avatar\/1d3fc949d550f0b53a5f0d51e06dfd79?s=96&d=mm&r=g\",\"caption\":\"admin\"},\"url\":\"https:\/\/www.prijedordanas.com\/?author=1\"}]}<\/script>\n<!-- \/ Yoast SEO plugin. -->","yoast_head_json":{"title":"NAJVE\u0106I MALI GRAD NA SVIJETU: KOZARAC SE VOLI U VI\u0160E OD 60 ZEMALJA SVIJETA, A NAJVI\u0160E U SRCU \u010cAR\u0160IJE \u2013 FOTO - PrijedorDanas.com - Prijedorski gradski portal","robots":{"index":"index","follow":"follow","max-snippet":"max-snippet:-1","max-image-preview":"max-image-preview:large","max-video-preview":"max-video-preview:-1"},"canonical":"https:\/\/www.prijedordanas.com\/?p=86968","og_locale":"en_US","og_type":"article","og_title":"NAJVE\u0106I MALI GRAD NA SVIJETU: KOZARAC SE VOLI U VI\u0160E OD 60 ZEMALJA SVIJETA, A NAJVI\u0160E U SRCU \u010cAR\u0160IJE \u2013 FOTO - PrijedorDanas.com - Prijedorski gradski portal","og_description":"Ima neka tajna veza izme\u0111u najljep\u0161eg malog grada na svijetu Kozarca i njegovih mje\u0161tana. Vole se na dirljiv i onom ko nije iz Kozarca neshvatljiv na\u010din. Ma gdje bili, da [&hellip;]","og_url":"https:\/\/www.prijedordanas.com\/?p=86968","og_site_name":"PrijedorDanas.com - Prijedorski gradski portal","article_publisher":"https:\/\/www.facebook.com\/PrijedorDanasCom\/","article_published_time":"2017-08-12T10:09:26+00:00","article_modified_time":"2017-08-12T10:09:27+00:00","og_image":[{"url":"https:\/\/www.prijedordanas.com\/wp-content\/uploads\/2017\/08\/kozarac-by-nijaz-1-300x217.jpg"}],"author":"admin","twitter_card":"summary_large_image","twitter_misc":{"Written by":"admin","Est. reading time":"6 minutes"},"schema":{"@context":"https:\/\/schema.org","@graph":[{"@type":"Article","@id":"https:\/\/www.prijedordanas.com\/?p=86968#article","isPartOf":{"@id":"https:\/\/www.prijedordanas.com\/?p=86968"},"author":{"name":"admin","@id":"https:\/\/www.prijedordanas.com\/#\/schema\/person\/4e08ccf29b506ca916ff86d46bb700e6"},"headline":"NAJVE\u0106I MALI GRAD NA SVIJETU: KOZARAC SE VOLI U VI\u0160E OD 60 ZEMALJA SVIJETA, A NAJVI\u0160E U SRCU \u010cAR\u0160IJE \u2013 FOTO","datePublished":"2017-08-12T10:09:26+00:00","dateModified":"2017-08-12T10:09:27+00:00","mainEntityOfPage":{"@id":"https:\/\/www.prijedordanas.com\/?p=86968"},"wordCount":1217,"publisher":{"@id":"https:\/\/www.prijedordanas.com\/#organization"},"articleSection":["\u017divot"],"inLanguage":"en-US"},{"@type":"WebPage","@id":"https:\/\/www.prijedordanas.com\/?p=86968","url":"https:\/\/www.prijedordanas.com\/?p=86968","name":"NAJVE\u0106I MALI GRAD NA SVIJETU: KOZARAC SE VOLI U VI\u0160E OD 60 ZEMALJA SVIJETA, A NAJVI\u0160E U SRCU \u010cAR\u0160IJE \u2013 FOTO - PrijedorDanas.com - Prijedorski gradski portal","isPartOf":{"@id":"https:\/\/www.prijedordanas.com\/#website"},"datePublished":"2017-08-12T10:09:26+00:00","dateModified":"2017-08-12T10:09:27+00:00","breadcrumb":{"@id":"https:\/\/www.prijedordanas.com\/?p=86968#breadcrumb"},"inLanguage":"en-US","potentialAction":[{"@type":"ReadAction","target":["https:\/\/www.prijedordanas.com\/?p=86968"]}]},{"@type":"BreadcrumbList","@id":"https:\/\/www.prijedordanas.com\/?p=86968#breadcrumb","itemListElement":[{"@type":"ListItem","position":1,"name":"Home","item":"https:\/\/www.prijedordanas.com\/"},{"@type":"ListItem","position":2,"name":"NAJVE\u0106I MALI GRAD NA SVIJETU: KOZARAC SE VOLI U VI\u0160E OD 60 ZEMALJA SVIJETA, A NAJVI\u0160E U SRCU \u010cAR\u0160IJE \u2013 FOTO"}]},{"@type":"WebSite","@id":"https:\/\/www.prijedordanas.com\/#website","url":"https:\/\/www.prijedordanas.com\/","name":"PrijedorDanas.com - Prijedorski gradski portal","description":"Portal o doga\u0111anjima u gradu Prijedoru","publisher":{"@id":"https:\/\/www.prijedordanas.com\/#organization"},"potentialAction":[{"@type":"SearchAction","target":{"@type":"EntryPoint","urlTemplate":"https:\/\/www.prijedordanas.com\/?s={search_term_string}"},"query-input":"required name=search_term_string"}],"inLanguage":"en-US"},{"@type":"Organization","@id":"https:\/\/www.prijedordanas.com\/#organization","name":"PrijedorDanas.com","url":"https:\/\/www.prijedordanas.com\/","logo":{"@type":"ImageObject","inLanguage":"en-US","@id":"https:\/\/www.prijedordanas.com\/#\/schema\/logo\/image\/","url":"http:\/\/www.prijedordanas.com\/wp-content\/uploads\/2021\/12\/logopng.png","contentUrl":"http:\/\/www.prijedordanas.com\/wp-content\/uploads\/2021\/12\/logopng.png","width":1019,"height":776,"caption":"PrijedorDanas.com"},"image":{"@id":"https:\/\/www.prijedordanas.com\/#\/schema\/logo\/image\/"},"sameAs":["https:\/\/www.facebook.com\/PrijedorDanasCom\/"]},{"@type":"Person","@id":"https:\/\/www.prijedordanas.com\/#\/schema\/person\/4e08ccf29b506ca916ff86d46bb700e6","name":"admin","image":{"@type":"ImageObject","inLanguage":"en-US","@id":"https:\/\/www.prijedordanas.com\/#\/schema\/person\/image\/","url":"https:\/\/secure.gravatar.com\/avatar\/1d3fc949d550f0b53a5f0d51e06dfd79?s=96&d=mm&r=g","contentUrl":"https:\/\/secure.gravatar.com\/avatar\/1d3fc949d550f0b53a5f0d51e06dfd79?s=96&d=mm&r=g","caption":"admin"},"url":"https:\/\/www.prijedordanas.com\/?author=1"}]}},"_links":{"self":[{"href":"https:\/\/www.prijedordanas.com\/index.php?rest_route=\/wp\/v2\/posts\/86968"}],"collection":[{"href":"https:\/\/www.prijedordanas.com\/index.php?rest_route=\/wp\/v2\/posts"}],"about":[{"href":"https:\/\/www.prijedordanas.com\/index.php?rest_route=\/wp\/v2\/types\/post"}],"author":[{"embeddable":true,"href":"https:\/\/www.prijedordanas.com\/index.php?rest_route=\/wp\/v2\/users\/1"}],"replies":[{"embeddable":true,"href":"https:\/\/www.prijedordanas.com\/index.php?rest_route=%2Fwp%2Fv2%2Fcomments&post=86968"}],"version-history":[{"count":2,"href":"https:\/\/www.prijedordanas.com\/index.php?rest_route=\/wp\/v2\/posts\/86968\/revisions"}],"predecessor-version":[{"id":87143,"href":"https:\/\/www.prijedordanas.com\/index.php?rest_route=\/wp\/v2\/posts\/86968\/revisions\/87143"}],"wp:attachment":[{"href":"https:\/\/www.prijedordanas.com\/index.php?rest_route=%2Fwp%2Fv2%2Fmedia&parent=86968"}],"wp:term":[{"taxonomy":"category","embeddable":true,"href":"https:\/\/www.prijedordanas.com\/index.php?rest_route=%2Fwp%2Fv2%2Fcategories&post=86968"},{"taxonomy":"post_tag","embeddable":true,"href":"https:\/\/www.prijedordanas.com\/index.php?rest_route=%2Fwp%2Fv2%2Ftags&post=86968"}],"curies":[{"name":"wp","href":"https:\/\/api.w.org\/{rel}","templated":true}]}}