{"id":86667,"date":"2017-08-03T15:36:15","date_gmt":"2017-08-03T13:36:15","guid":{"rendered":"https:\/\/www.prijedordanas.com\/?p=86667"},"modified":"2017-08-03T15:36:15","modified_gmt":"2017-08-03T13:36:15","slug":"starica-iz-prijedora-zivi-u-strasnim-uslovima-pacovi-je-grizu-otimaju-hljeb-iz-ruku-foto","status":"publish","type":"post","link":"https:\/\/www.prijedordanas.com\/?p=86667","title":{"rendered":"STARICA IZ PRIJEDORA \u017dIVI U STRA\u0160NIM USLOVIMA: PACOVI JE GRIZU I OTIMAJU HLJEB IZ RUKU &#8211; FOTO"},"content":{"rendered":"<p><a href=\"https:\/\/www.prijedordanas.com\/wp-content\/uploads\/2017\/08\/blic-anka-burazor-3.jpg\"><img loading=\"lazy\" decoding=\"async\" class=\"alignleft size-medium wp-image-86668\" src=\"https:\/\/www.prijedordanas.com\/wp-content\/uploads\/2017\/08\/blic-anka-burazor-3-300x225.jpg\" alt=\"\" width=\"300\" height=\"225\" srcset=\"https:\/\/www.prijedordanas.com\/wp-content\/uploads\/2017\/08\/blic-anka-burazor-3-300x225.jpg 300w, https:\/\/www.prijedordanas.com\/wp-content\/uploads\/2017\/08\/blic-anka-burazor-3-100x75.jpg 100w, https:\/\/www.prijedordanas.com\/wp-content\/uploads\/2017\/08\/blic-anka-burazor-3-640x480.jpg 640w, https:\/\/www.prijedordanas.com\/wp-content\/uploads\/2017\/08\/blic-anka-burazor-3.jpg 668w\" sizes=\"(max-width: 300px) 100vw, 300px\" \/><\/a>Mje\u0161tani Ulice bra\u0107e Krnete u prijedorskom naselju Svale tvrde da im zdravstvenu bezbjednost ugro\u017eavaju pacovi koji se legu u ku\u0107i njihove kom\u0161inice Anke Burazor (81).<\/p>\n<p>Ka\u017eu da su problemi po\u010deli kada je starica prije nekoliko godina, zbog naru\u0161enog zdravlja, prestala da vodi ra\u010duna o ku\u0107i i higijeni, a tvrde da je jedna od posljedica i najezda pacova u naselju. Njene prve kom\u0161ije, \u0110akovi\u0107i, pri\u010daju da u stari\u010dinoj ku\u0107i boravi najmanje 30 pacova.<\/p>\n<p>&#8211; Oni su ogromni, veliki su skoro kao ma\u010dke. Ponekad ih vidim na njenom prozoru, a mislim da ih Anka \u010dak i hrani. \u010cesto je izujedaju. Nedavno su joj sve noge bile u ranama. Pro\u0161le godine no\u0107u smo zvali hitnu, jer ju je pacov ugrizao za jezik &#8211; pri\u010da Slobodan \u0110akovi\u0107.<\/p>\n<p><a href=\"https:\/\/www.prijedordanas.com\/wp-content\/uploads\/2017\/08\/blic-anka-burazor-1.jpg\"><img loading=\"lazy\" decoding=\"async\" class=\"alignleft size-medium wp-image-86669\" src=\"https:\/\/www.prijedordanas.com\/wp-content\/uploads\/2017\/08\/blic-anka-burazor-1-300x217.jpg\" alt=\"\" width=\"300\" height=\"217\" srcset=\"https:\/\/www.prijedordanas.com\/wp-content\/uploads\/2017\/08\/blic-anka-burazor-1-300x217.jpg 300w, https:\/\/www.prijedordanas.com\/wp-content\/uploads\/2017\/08\/blic-anka-burazor-1-100x72.jpg 100w, https:\/\/www.prijedordanas.com\/wp-content\/uploads\/2017\/08\/blic-anka-burazor-1.jpg 690w\" sizes=\"(max-width: 300px) 100vw, 300px\" \/><\/a>U vrijeme na\u0161e posjete starici Anki nismo vidjeli pacove. Prostorija u kojoj boravi vi\u0161e li\u010di na deponiju. I sama starica, koja se kre\u0107e tako \u0161to se oslanja na dva plasti\u010dna kanistera priznaje da u ku\u0107i ima pacova.<\/p>\n<p>&#8211; Pojedu mi hranu, a jedan mi je oteo hljeb iz ruke, pa sada dr\u017eim hranu u fri\u017eideru. Jednom me ugrizao za obraz &#8211; ka\u017ee Anka.<\/p>\n<p>Ka\u017ee da ne\u0107e nigdje da ide iz ove ku\u0107e, ali ne dozvoljava ni deratizaciju.<\/p>\n<p>&#8211; Pacovi dolaze od nekog drugog i ulaze u moju ku\u0107u &#8211; tvrdi ona.<\/p>\n<p>Me\u0111utim, mje\u0161tani ove ulice ka\u017eu da se pacovi legu upravo u Ankinoj ku\u0107i.<\/p>\n<p><a href=\"https:\/\/www.prijedordanas.com\/wp-content\/uploads\/2017\/08\/blic-anka-burazor-2.jpg\"><img loading=\"lazy\" decoding=\"async\" class=\"alignleft size-medium wp-image-86670\" src=\"https:\/\/www.prijedordanas.com\/wp-content\/uploads\/2017\/08\/blic-anka-burazor-2-300x225.jpg\" alt=\"\" width=\"300\" height=\"225\" srcset=\"https:\/\/www.prijedordanas.com\/wp-content\/uploads\/2017\/08\/blic-anka-burazor-2-300x225.jpg 300w, https:\/\/www.prijedordanas.com\/wp-content\/uploads\/2017\/08\/blic-anka-burazor-2-100x75.jpg 100w, https:\/\/www.prijedordanas.com\/wp-content\/uploads\/2017\/08\/blic-anka-burazor-2-640x480.jpg 640w, https:\/\/www.prijedordanas.com\/wp-content\/uploads\/2017\/08\/blic-anka-burazor-2.jpg 668w\" sizes=\"(max-width: 300px) 100vw, 300px\" \/><\/a>Maja Ivanovi\u0107 pri\u010da da se zbog najezde pacova u posljednje vrijeme kada je u regiji epidemija mi\u0161je groznice, oni mogu vidjeti u dvori\u0161tima, ali i u unutra\u0161njosti njihovih ku\u0107a.<\/p>\n<p>&#8211; Ju\u010de smo vidjeli pacova u na\u0161oj ku\u0107i, a danas je bio u ormaru i oti\u0161ao u bazen. Ne smijemo da spavamo jer stalno mislimo kako pacovi hodaju oko nas. Ne smijemo ni da pu\u0161tamo djecu da idu dalje iz dvori\u0161ta, jer strahujemo da \u0107e se zaraziti &#8211; pri\u010da ogor\u010deno Ivanovi\u0107eva.<\/p>\n<p>Dodaje da je zvala nadle\u017ene inspekcijske slu\u017ebe i Centar za socijalni rad, koji je dodijelio ovu ku\u0107u Anki na kori\u0161tenje.<\/p>\n<p>&#8211; Iz Centra za socijalni rad su mi rekli da Anka ne da radnicima da u\u0111u u ku\u0107u i da obave deratizacije &#8211; isti\u010de Ivanovi\u0107eva.<\/p>\n<p><a href=\"https:\/\/www.prijedordanas.com\/wp-content\/uploads\/2017\/08\/blic-anka-burazor-4.jpg\"><img loading=\"lazy\" decoding=\"async\" class=\"alignleft size-medium wp-image-86671\" src=\"https:\/\/www.prijedordanas.com\/wp-content\/uploads\/2017\/08\/blic-anka-burazor-4-300x225.jpg\" alt=\"\" width=\"300\" height=\"225\" srcset=\"https:\/\/www.prijedordanas.com\/wp-content\/uploads\/2017\/08\/blic-anka-burazor-4-300x225.jpg 300w, https:\/\/www.prijedordanas.com\/wp-content\/uploads\/2017\/08\/blic-anka-burazor-4-100x75.jpg 100w, https:\/\/www.prijedordanas.com\/wp-content\/uploads\/2017\/08\/blic-anka-burazor-4-640x480.jpg 640w, https:\/\/www.prijedordanas.com\/wp-content\/uploads\/2017\/08\/blic-anka-burazor-4.jpg 668w\" sizes=\"(max-width: 300px) 100vw, 300px\" \/><\/a>Iz prijedorskog Centra za socijlani rad za \u201eEuroBlic\u201c ka\u017eu da su korisnici du\u017eni da odr\u017eavaju stanove koje dobiju od njih na kori\u0161tenje i da to nije u njihovom domenu djelatnosti.<\/p>\n<p>&#8211; Mje\u0161tani su nam se obratili sa informacijama o pove\u0107anom broju mi\u0161eva, \u0161to je prema na\u0161im nezvani\u010dnim informacijama problem koji se pojavljivao i u drugim dijelovima grada te se sti\u010de utisak da se radi o pojavi op\u0161tijeg karaktera &#8211; ka\u017eu u Centru.<\/p>\n<p>Dodaju da \u0107e na teren iza\u0107i ovla\u0161teno preduze\u0107e za deratizaciju te da je o svemu obavije\u0161tena i zdravstvena inspekcija. Iz Odsjeka za inspekcije poru\u010duju da neko mora finansirati tro\u0161kove deratizacije.<\/p>\n<p>&#8211; U ovom slu\u010daju to je Centar za socijalni rad, a onda \u0107emo stupiti u kontakt i sa preduze\u0107em za deratizaciju &#8211; obja\u0161njava Naida Stegi\u0107 iz ovog Odjseka.<\/p>\n<p><a href=\"https:\/\/www.prijedordanas.com\/wp-content\/uploads\/2017\/08\/blic-anka-burazor-5.jpg\"><img loading=\"lazy\" decoding=\"async\" src=\"https:\/\/www.prijedordanas.com\/wp-content\/uploads\/2017\/08\/blic-anka-burazor-5-300x225.jpg\" alt=\"\" width=\"300\" height=\"225\" class=\"alignleft size-medium wp-image-86672\" srcset=\"https:\/\/www.prijedordanas.com\/wp-content\/uploads\/2017\/08\/blic-anka-burazor-5-300x225.jpg 300w, https:\/\/www.prijedordanas.com\/wp-content\/uploads\/2017\/08\/blic-anka-burazor-5-100x75.jpg 100w, https:\/\/www.prijedordanas.com\/wp-content\/uploads\/2017\/08\/blic-anka-burazor-5-640x480.jpg 640w, https:\/\/www.prijedordanas.com\/wp-content\/uploads\/2017\/08\/blic-anka-burazor-5.jpg 668w\" sizes=\"(max-width: 300px) 100vw, 300px\" \/><\/a>Deratizacija nije rje\u0161enje<\/p>\n<p>Mje\u0161tani Ulice bra\u0107e Krnete ka\u017eu da deratizacijaca nije dugoro\u010dno rje\u0161enje.<\/p>\n<p>&#8211; I pro\u0161le godine je ura\u0111ena deratizacija u njenoj ku\u0107i, a i tada je branila radnicima da u\u0111u &#8211; ka\u017eu mje\u0161tani. Isti\u010du da je jedino rje\u0161enje da se Anka smjesti u odgovaraju\u0107u ustanovu, a ova zapu\u0161tena ku\u0107a poru\u0161i.<\/p>\n<p>EuroBlic<\/p>\n","protected":false},"excerpt":{"rendered":"<p>Mje\u0161tani Ulice bra\u0107e Krnete u prijedorskom naselju Svale tvrde da im zdravstvenu bezbjednost ugro\u017eavaju pacovi koji se legu u ku\u0107i njihove kom\u0161inice Anke Burazor (81). Ka\u017eu da su problemi po\u010deli [&hellip;]<\/p>\n","protected":false},"author":1,"featured_media":0,"comment_status":"closed","ping_status":"open","sticky":false,"template":"","format":"standard","meta":{"_monsterinsights_skip_tracking":false,"_monsterinsights_sitenote_active":false,"_monsterinsights_sitenote_note":"","_monsterinsights_sitenote_category":0,"footnotes":""},"categories":[3],"tags":[],"yoast_head":"<!-- This site is optimized with the Yoast SEO plugin v21.6 - https:\/\/yoast.com\/wordpress\/plugins\/seo\/ -->\n<title>STARICA IZ PRIJEDORA \u017dIVI U STRA\u0160NIM USLOVIMA: PACOVI JE GRIZU I OTIMAJU HLJEB IZ RUKU - FOTO - PrijedorDanas.com - Prijedorski gradski portal<\/title>\n<meta name=\"robots\" content=\"index, follow, max-snippet:-1, max-image-preview:large, max-video-preview:-1\" \/>\n<link rel=\"canonical\" href=\"https:\/\/www.prijedordanas.com\/?p=86667\" \/>\n<meta property=\"og:locale\" content=\"en_US\" \/>\n<meta property=\"og:type\" content=\"article\" \/>\n<meta property=\"og:title\" content=\"STARICA IZ PRIJEDORA \u017dIVI U STRA\u0160NIM USLOVIMA: PACOVI JE GRIZU I OTIMAJU HLJEB IZ RUKU - FOTO - PrijedorDanas.com - Prijedorski gradski portal\" \/>\n<meta property=\"og:description\" content=\"Mje\u0161tani Ulice bra\u0107e Krnete u prijedorskom naselju Svale tvrde da im zdravstvenu bezbjednost ugro\u017eavaju pacovi koji se legu u ku\u0107i njihove kom\u0161inice Anke Burazor (81). Ka\u017eu da su problemi po\u010deli [&hellip;]\" \/>\n<meta property=\"og:url\" content=\"https:\/\/www.prijedordanas.com\/?p=86667\" \/>\n<meta property=\"og:site_name\" content=\"PrijedorDanas.com - Prijedorski gradski portal\" \/>\n<meta property=\"article:publisher\" content=\"https:\/\/www.facebook.com\/PrijedorDanasCom\/\" \/>\n<meta property=\"article:published_time\" content=\"2017-08-03T13:36:15+00:00\" \/>\n<meta property=\"og:image\" content=\"https:\/\/www.prijedordanas.com\/wp-content\/uploads\/2017\/08\/blic-anka-burazor-3-300x225.jpg\" \/>\n<meta name=\"author\" content=\"admin\" \/>\n<meta name=\"twitter:card\" content=\"summary_large_image\" \/>\n<meta name=\"twitter:label1\" content=\"Written by\" \/>\n\t<meta name=\"twitter:data1\" content=\"admin\" \/>\n\t<meta name=\"twitter:label2\" content=\"Est. reading time\" \/>\n\t<meta name=\"twitter:data2\" content=\"3 minutes\" \/>\n<script type=\"application\/ld+json\" class=\"yoast-schema-graph\">{\"@context\":\"https:\/\/schema.org\",\"@graph\":[{\"@type\":\"Article\",\"@id\":\"https:\/\/www.prijedordanas.com\/?p=86667#article\",\"isPartOf\":{\"@id\":\"https:\/\/www.prijedordanas.com\/?p=86667\"},\"author\":{\"name\":\"admin\",\"@id\":\"https:\/\/www.prijedordanas.com\/#\/schema\/person\/4e08ccf29b506ca916ff86d46bb700e6\"},\"headline\":\"STARICA IZ PRIJEDORA \u017dIVI U STRA\u0160NIM USLOVIMA: PACOVI JE GRIZU I OTIMAJU HLJEB IZ RUKU &#8211; FOTO\",\"datePublished\":\"2017-08-03T13:36:15+00:00\",\"dateModified\":\"2017-08-03T13:36:15+00:00\",\"mainEntityOfPage\":{\"@id\":\"https:\/\/www.prijedordanas.com\/?p=86667\"},\"wordCount\":647,\"publisher\":{\"@id\":\"https:\/\/www.prijedordanas.com\/#organization\"},\"articleSection\":[\"\u017divot\"],\"inLanguage\":\"en-US\"},{\"@type\":\"WebPage\",\"@id\":\"https:\/\/www.prijedordanas.com\/?p=86667\",\"url\":\"https:\/\/www.prijedordanas.com\/?p=86667\",\"name\":\"STARICA IZ PRIJEDORA \u017dIVI U STRA\u0160NIM USLOVIMA: PACOVI JE GRIZU I OTIMAJU HLJEB IZ RUKU - FOTO - PrijedorDanas.com - Prijedorski gradski portal\",\"isPartOf\":{\"@id\":\"https:\/\/www.prijedordanas.com\/#website\"},\"datePublished\":\"2017-08-03T13:36:15+00:00\",\"dateModified\":\"2017-08-03T13:36:15+00:00\",\"breadcrumb\":{\"@id\":\"https:\/\/www.prijedordanas.com\/?p=86667#breadcrumb\"},\"inLanguage\":\"en-US\",\"potentialAction\":[{\"@type\":\"ReadAction\",\"target\":[\"https:\/\/www.prijedordanas.com\/?p=86667\"]}]},{\"@type\":\"BreadcrumbList\",\"@id\":\"https:\/\/www.prijedordanas.com\/?p=86667#breadcrumb\",\"itemListElement\":[{\"@type\":\"ListItem\",\"position\":1,\"name\":\"Home\",\"item\":\"https:\/\/www.prijedordanas.com\/\"},{\"@type\":\"ListItem\",\"position\":2,\"name\":\"STARICA IZ PRIJEDORA \u017dIVI U STRA\u0160NIM USLOVIMA: PACOVI JE GRIZU I OTIMAJU HLJEB IZ RUKU &#8211; FOTO\"}]},{\"@type\":\"WebSite\",\"@id\":\"https:\/\/www.prijedordanas.com\/#website\",\"url\":\"https:\/\/www.prijedordanas.com\/\",\"name\":\"PrijedorDanas.com - Prijedorski gradski portal\",\"description\":\"Portal o doga\u0111anjima u gradu Prijedoru\",\"publisher\":{\"@id\":\"https:\/\/www.prijedordanas.com\/#organization\"},\"potentialAction\":[{\"@type\":\"SearchAction\",\"target\":{\"@type\":\"EntryPoint\",\"urlTemplate\":\"https:\/\/www.prijedordanas.com\/?s={search_term_string}\"},\"query-input\":\"required name=search_term_string\"}],\"inLanguage\":\"en-US\"},{\"@type\":\"Organization\",\"@id\":\"https:\/\/www.prijedordanas.com\/#organization\",\"name\":\"PrijedorDanas.com\",\"url\":\"https:\/\/www.prijedordanas.com\/\",\"logo\":{\"@type\":\"ImageObject\",\"inLanguage\":\"en-US\",\"@id\":\"https:\/\/www.prijedordanas.com\/#\/schema\/logo\/image\/\",\"url\":\"http:\/\/www.prijedordanas.com\/wp-content\/uploads\/2021\/12\/logopng.png\",\"contentUrl\":\"http:\/\/www.prijedordanas.com\/wp-content\/uploads\/2021\/12\/logopng.png\",\"width\":1019,\"height\":776,\"caption\":\"PrijedorDanas.com\"},\"image\":{\"@id\":\"https:\/\/www.prijedordanas.com\/#\/schema\/logo\/image\/\"},\"sameAs\":[\"https:\/\/www.facebook.com\/PrijedorDanasCom\/\"]},{\"@type\":\"Person\",\"@id\":\"https:\/\/www.prijedordanas.com\/#\/schema\/person\/4e08ccf29b506ca916ff86d46bb700e6\",\"name\":\"admin\",\"image\":{\"@type\":\"ImageObject\",\"inLanguage\":\"en-US\",\"@id\":\"https:\/\/www.prijedordanas.com\/#\/schema\/person\/image\/\",\"url\":\"https:\/\/secure.gravatar.com\/avatar\/1d3fc949d550f0b53a5f0d51e06dfd79?s=96&d=mm&r=g\",\"contentUrl\":\"https:\/\/secure.gravatar.com\/avatar\/1d3fc949d550f0b53a5f0d51e06dfd79?s=96&d=mm&r=g\",\"caption\":\"admin\"},\"url\":\"https:\/\/www.prijedordanas.com\/?author=1\"}]}<\/script>\n<!-- \/ Yoast SEO plugin. -->","yoast_head_json":{"title":"STARICA IZ PRIJEDORA \u017dIVI U STRA\u0160NIM USLOVIMA: PACOVI JE GRIZU I OTIMAJU HLJEB IZ RUKU - FOTO - PrijedorDanas.com - Prijedorski gradski portal","robots":{"index":"index","follow":"follow","max-snippet":"max-snippet:-1","max-image-preview":"max-image-preview:large","max-video-preview":"max-video-preview:-1"},"canonical":"https:\/\/www.prijedordanas.com\/?p=86667","og_locale":"en_US","og_type":"article","og_title":"STARICA IZ PRIJEDORA \u017dIVI U STRA\u0160NIM USLOVIMA: PACOVI JE GRIZU I OTIMAJU HLJEB IZ RUKU - FOTO - PrijedorDanas.com - Prijedorski gradski portal","og_description":"Mje\u0161tani Ulice bra\u0107e Krnete u prijedorskom naselju Svale tvrde da im zdravstvenu bezbjednost ugro\u017eavaju pacovi koji se legu u ku\u0107i njihove kom\u0161inice Anke Burazor (81). Ka\u017eu da su problemi po\u010deli [&hellip;]","og_url":"https:\/\/www.prijedordanas.com\/?p=86667","og_site_name":"PrijedorDanas.com - Prijedorski gradski portal","article_publisher":"https:\/\/www.facebook.com\/PrijedorDanasCom\/","article_published_time":"2017-08-03T13:36:15+00:00","og_image":[{"url":"https:\/\/www.prijedordanas.com\/wp-content\/uploads\/2017\/08\/blic-anka-burazor-3-300x225.jpg"}],"author":"admin","twitter_card":"summary_large_image","twitter_misc":{"Written by":"admin","Est. reading time":"3 minutes"},"schema":{"@context":"https:\/\/schema.org","@graph":[{"@type":"Article","@id":"https:\/\/www.prijedordanas.com\/?p=86667#article","isPartOf":{"@id":"https:\/\/www.prijedordanas.com\/?p=86667"},"author":{"name":"admin","@id":"https:\/\/www.prijedordanas.com\/#\/schema\/person\/4e08ccf29b506ca916ff86d46bb700e6"},"headline":"STARICA IZ PRIJEDORA \u017dIVI U STRA\u0160NIM USLOVIMA: PACOVI JE GRIZU I OTIMAJU HLJEB IZ RUKU &#8211; FOTO","datePublished":"2017-08-03T13:36:15+00:00","dateModified":"2017-08-03T13:36:15+00:00","mainEntityOfPage":{"@id":"https:\/\/www.prijedordanas.com\/?p=86667"},"wordCount":647,"publisher":{"@id":"https:\/\/www.prijedordanas.com\/#organization"},"articleSection":["\u017divot"],"inLanguage":"en-US"},{"@type":"WebPage","@id":"https:\/\/www.prijedordanas.com\/?p=86667","url":"https:\/\/www.prijedordanas.com\/?p=86667","name":"STARICA IZ PRIJEDORA \u017dIVI U STRA\u0160NIM USLOVIMA: PACOVI JE GRIZU I OTIMAJU HLJEB IZ RUKU - FOTO - PrijedorDanas.com - Prijedorski gradski portal","isPartOf":{"@id":"https:\/\/www.prijedordanas.com\/#website"},"datePublished":"2017-08-03T13:36:15+00:00","dateModified":"2017-08-03T13:36:15+00:00","breadcrumb":{"@id":"https:\/\/www.prijedordanas.com\/?p=86667#breadcrumb"},"inLanguage":"en-US","potentialAction":[{"@type":"ReadAction","target":["https:\/\/www.prijedordanas.com\/?p=86667"]}]},{"@type":"BreadcrumbList","@id":"https:\/\/www.prijedordanas.com\/?p=86667#breadcrumb","itemListElement":[{"@type":"ListItem","position":1,"name":"Home","item":"https:\/\/www.prijedordanas.com\/"},{"@type":"ListItem","position":2,"name":"STARICA IZ PRIJEDORA \u017dIVI U STRA\u0160NIM USLOVIMA: PACOVI JE GRIZU I OTIMAJU HLJEB IZ RUKU &#8211; FOTO"}]},{"@type":"WebSite","@id":"https:\/\/www.prijedordanas.com\/#website","url":"https:\/\/www.prijedordanas.com\/","name":"PrijedorDanas.com - Prijedorski gradski portal","description":"Portal o doga\u0111anjima u gradu Prijedoru","publisher":{"@id":"https:\/\/www.prijedordanas.com\/#organization"},"potentialAction":[{"@type":"SearchAction","target":{"@type":"EntryPoint","urlTemplate":"https:\/\/www.prijedordanas.com\/?s={search_term_string}"},"query-input":"required name=search_term_string"}],"inLanguage":"en-US"},{"@type":"Organization","@id":"https:\/\/www.prijedordanas.com\/#organization","name":"PrijedorDanas.com","url":"https:\/\/www.prijedordanas.com\/","logo":{"@type":"ImageObject","inLanguage":"en-US","@id":"https:\/\/www.prijedordanas.com\/#\/schema\/logo\/image\/","url":"http:\/\/www.prijedordanas.com\/wp-content\/uploads\/2021\/12\/logopng.png","contentUrl":"http:\/\/www.prijedordanas.com\/wp-content\/uploads\/2021\/12\/logopng.png","width":1019,"height":776,"caption":"PrijedorDanas.com"},"image":{"@id":"https:\/\/www.prijedordanas.com\/#\/schema\/logo\/image\/"},"sameAs":["https:\/\/www.facebook.com\/PrijedorDanasCom\/"]},{"@type":"Person","@id":"https:\/\/www.prijedordanas.com\/#\/schema\/person\/4e08ccf29b506ca916ff86d46bb700e6","name":"admin","image":{"@type":"ImageObject","inLanguage":"en-US","@id":"https:\/\/www.prijedordanas.com\/#\/schema\/person\/image\/","url":"https:\/\/secure.gravatar.com\/avatar\/1d3fc949d550f0b53a5f0d51e06dfd79?s=96&d=mm&r=g","contentUrl":"https:\/\/secure.gravatar.com\/avatar\/1d3fc949d550f0b53a5f0d51e06dfd79?s=96&d=mm&r=g","caption":"admin"},"url":"https:\/\/www.prijedordanas.com\/?author=1"}]}},"_links":{"self":[{"href":"https:\/\/www.prijedordanas.com\/index.php?rest_route=\/wp\/v2\/posts\/86667"}],"collection":[{"href":"https:\/\/www.prijedordanas.com\/index.php?rest_route=\/wp\/v2\/posts"}],"about":[{"href":"https:\/\/www.prijedordanas.com\/index.php?rest_route=\/wp\/v2\/types\/post"}],"author":[{"embeddable":true,"href":"https:\/\/www.prijedordanas.com\/index.php?rest_route=\/wp\/v2\/users\/1"}],"replies":[{"embeddable":true,"href":"https:\/\/www.prijedordanas.com\/index.php?rest_route=%2Fwp%2Fv2%2Fcomments&post=86667"}],"version-history":[{"count":1,"href":"https:\/\/www.prijedordanas.com\/index.php?rest_route=\/wp\/v2\/posts\/86667\/revisions"}],"predecessor-version":[{"id":86673,"href":"https:\/\/www.prijedordanas.com\/index.php?rest_route=\/wp\/v2\/posts\/86667\/revisions\/86673"}],"wp:attachment":[{"href":"https:\/\/www.prijedordanas.com\/index.php?rest_route=%2Fwp%2Fv2%2Fmedia&parent=86667"}],"wp:term":[{"taxonomy":"category","embeddable":true,"href":"https:\/\/www.prijedordanas.com\/index.php?rest_route=%2Fwp%2Fv2%2Fcategories&post=86667"},{"taxonomy":"post_tag","embeddable":true,"href":"https:\/\/www.prijedordanas.com\/index.php?rest_route=%2Fwp%2Fv2%2Ftags&post=86667"}],"curies":[{"name":"wp","href":"https:\/\/api.w.org\/{rel}","templated":true}]}}