{"id":86503,"date":"2017-07-31T21:58:41","date_gmt":"2017-07-31T19:58:41","guid":{"rendered":"https:\/\/www.prijedordanas.com\/?p=86503"},"modified":"2017-07-31T21:58:41","modified_gmt":"2017-07-31T19:58:41","slug":"knez-egic-ne-strahuje-za-funkciju-knezevina-gornja-dragotinja-kod-prijedora-spremna-za-izbore","status":"publish","type":"post","link":"https:\/\/www.prijedordanas.com\/?p=86503","title":{"rendered":"KNEZ EGI\u0106 NE STRAHUJE ZA FUNKCIJU: KNE\u017dEVINA GORNJA DRAGOTINJA KOD PRIJEDORA SPREMNA ZA IZBORE"},"content":{"rendered":"<p><a href=\"https:\/\/www.prijedordanas.com\/wp-content\/uploads\/2017\/07\/blic-dragotinjski-knez-1.jpg\"><img loading=\"lazy\" decoding=\"async\" class=\"alignleft size-medium wp-image-86504\" src=\"https:\/\/www.prijedordanas.com\/wp-content\/uploads\/2017\/07\/blic-dragotinjski-knez-1-300x225.jpg\" alt=\"\" width=\"300\" height=\"225\" srcset=\"https:\/\/www.prijedordanas.com\/wp-content\/uploads\/2017\/07\/blic-dragotinjski-knez-1-300x225.jpg 300w, https:\/\/www.prijedordanas.com\/wp-content\/uploads\/2017\/07\/blic-dragotinjski-knez-1-100x75.jpg 100w, https:\/\/www.prijedordanas.com\/wp-content\/uploads\/2017\/07\/blic-dragotinjski-knez-1-640x480.jpg 640w, https:\/\/www.prijedordanas.com\/wp-content\/uploads\/2017\/07\/blic-dragotinjski-knez-1.jpg 668w\" sizes=\"(max-width: 300px) 100vw, 300px\" \/><\/a>U jedinoj kne\u017eevini na Balkanu, Gornjoj Dragotinji kod Prijedora, na tradicionalnoj manifestaciji Dragotinjske ve\u010deri, 12. avgusta, trebalo bi da bude izabran novi knez.<\/p>\n<p>Prema saznanjima \u201eEuroBlica\u201c, Sovjet kne\u017eevine odlu\u010dio je da jo\u0161 jedan mandat poveri aktuelnom knezu Radovanu Egi\u0107u (31).<\/p>\n<p>Me\u0111utim, knez Egi\u0107 ka\u017ee da je o\u010dekivao ovakvu odluku.<\/p>\n<p>&#8211; Od kada je Sovjet osnovan, svim knezovima je nakon jedne godine produ\u017eio mandat jo\u0161 jednu godinu, takav izbor je predvi\u0111en i na\u0161im ustavom \u2013 obja\u0161njava Egi\u0107.<\/p>\n<p>Pored ustava, Dragotinjci moraju da po\u0161tuju i svog kneza, te kne\u017eevina ima svoj grb, zastavu, himnu, kne\u017eevu gardu pa \u010dak i paso\u0161.<\/p>\n<p><a href=\"https:\/\/www.prijedordanas.com\/wp-content\/uploads\/2017\/07\/blic-dragotinjski-knez-2.jpg\"><img loading=\"lazy\" decoding=\"async\" class=\"alignleft size-medium wp-image-86505\" src=\"https:\/\/www.prijedordanas.com\/wp-content\/uploads\/2017\/07\/blic-dragotinjski-knez-2-300x225.jpg\" alt=\"\" width=\"300\" height=\"225\" srcset=\"https:\/\/www.prijedordanas.com\/wp-content\/uploads\/2017\/07\/blic-dragotinjski-knez-2-300x225.jpg 300w, https:\/\/www.prijedordanas.com\/wp-content\/uploads\/2017\/07\/blic-dragotinjski-knez-2-100x75.jpg 100w, https:\/\/www.prijedordanas.com\/wp-content\/uploads\/2017\/07\/blic-dragotinjski-knez-2-640x480.jpg 640w, https:\/\/www.prijedordanas.com\/wp-content\/uploads\/2017\/07\/blic-dragotinjski-knez-2.jpg 668w\" sizes=\"(max-width: 300px) 100vw, 300px\" \/><\/a>Proteklu godinu mandata, najmla\u0111i knez do sada, Egi\u0107 ocenjuje uspe\u0161nom. Svoje zadatke, me\u0111u kojima su mirenje posva\u0111anih kom\u0161ija, \u017eenidba ne\u017eenja i pozitivno predstavljanje Dragotinje, obavljao je savesno.<\/p>\n<p>&#8211; Nije bilo posla na mirenju Dragotinjaca. Imali smo samo nedavno jedan manji incident ispred zadruge, ljudi su se posva\u0111ali pa potukli, ali spre\u010dili smo da do\u0111e do ve\u0107eg sukoba. Radimo na tome da se pomire, ali jo\u0161 je to sve\u017ee \u2013 obja\u0161njava prvi \u010dovek Dragotinje.<\/p>\n<p>Isti\u010de da je pomirio i dva \u010doveka iz drugog sela, Ljeskara kod Prijedora. Pri\u010da da je mnogo te\u017ei zadatak kneza, \u017eenidba ne\u017eenja.<\/p>\n<p>&#8211; Ima mnogo momaka i svi bi se \u017eenili, ali problem je \u0161to oni \u017eele bolje uslove za \u017eivot. Mladi \u017eele stabilan posao kako bi mogli podi\u0107i kredit i kupiti stan ili nadograditi ku\u0107u, pa da \u017eive odvojeno od porodice sa svojom \u017eenom \u2013 tvrdi knez.<\/p>\n<p><a href=\"https:\/\/www.prijedordanas.com\/wp-content\/uploads\/2017\/07\/zlatne-ruke-potkozarja-2017-prvi-dan-3.jpg\"><img loading=\"lazy\" decoding=\"async\" src=\"https:\/\/www.prijedordanas.com\/wp-content\/uploads\/2017\/07\/zlatne-ruke-potkozarja-2017-prvi-dan-3-300x222.jpg\" alt=\"\" width=\"300\" height=\"222\" class=\"alignleft size-medium wp-image-86283\" srcset=\"https:\/\/www.prijedordanas.com\/wp-content\/uploads\/2017\/07\/zlatne-ruke-potkozarja-2017-prvi-dan-3-300x222.jpg 300w, https:\/\/www.prijedordanas.com\/wp-content\/uploads\/2017\/07\/zlatne-ruke-potkozarja-2017-prvi-dan-3-100x74.jpg 100w, https:\/\/www.prijedordanas.com\/wp-content\/uploads\/2017\/07\/zlatne-ruke-potkozarja-2017-prvi-dan-3.jpg 675w\" sizes=\"(max-width: 300px) 100vw, 300px\" \/><\/a>Smatra da je takvo razmi\u0161ljanje delimi\u010dno doprinelo beloj kugi.<\/p>\n<p>&#8211; Nekada su ljudi \u017eiveli u ku\u0107ama povr\u0161ine 25 kvadrata, sa kuhinjom i jednom sobom, i tu je spavalo po devetoro dece. Svi su se mogli hraniti, \u017eiveti, \u0161kolovati se. Mnogi od njih su tako zavr\u0161avali i fakultete i danas su uspe\u0161ni ljudi \u2013 ka\u017ee Egi\u0107.<\/p>\n<p>Dodaje da nedostatak posla nije opravdan izgovor mladih za nesticanje najve\u0107eg bogatstva, dece.<\/p>\n<p>Knez Egi\u0107, koji je ina\u010de in\u017eenjer \u0161umarstva i \u010dlan izvorne grupe \u201eNovo Potkozarje\u201c, planira da razvije jedinu kne\u017eevinu na Balkanu.<\/p>\n<p>&#8211; Planiramo da uz pomo\u0107 Italijana pokrenemo proizvodnju organske hrane. U kne\u017eevini mo\u017ee da uspeva i lekovito bilje, kao \u0161to su lavanda, ruzmarin i smilje. Ima i lekovitog drve\u0107a, kao \u0161to su breza i glog \u2013 ka\u017ee on.<\/p>\n<p>Navodi da \u0107e pokrenuti proizvoditi bundavu uljaricu.<\/p>\n<p>Ova kne\u017eevina ima 460 stanovnika, a pro\u0161le godine u prvi razred krenula su samo dva mali\u0161ana.<\/p>\n<p>Kne\u017eevina postojala i pre 150 godina<\/p>\n<p>Manifestacija \u201eDragotinjske ve\u010deri\u201c organizuju se po 35. put od 10. do 12. avgusta. U okviru nje bira se knez, a prema nekim podacima na ovom mestu bila je kne\u017eevina i pre oko 150 godina.<\/p>\n<p>&#8211; Postoji legenda da je poslednji knez bio iz porodice Kne\u017eevi\u0107. Bio je bahat \u010dovek pa su ga Brdari uhvatili, pretukli i oteli mu prsten koji je bio simbol mo\u0107i kneza. On nije vi\u0161e vratio svoj prsten, pa je kne\u017eevina uga\u0161ena &#8211; pri\u010da Egi\u0107 i dodaje da su me\u0161tani ponovo uspostavili kne\u017eevinu pre 14 godina.<\/p>\n<p>EuroBlic<\/p>\n","protected":false},"excerpt":{"rendered":"<p>U jedinoj kne\u017eevini na Balkanu, Gornjoj Dragotinji kod Prijedora, na tradicionalnoj manifestaciji Dragotinjske ve\u010deri, 12. avgusta, trebalo bi da bude izabran novi knez. Prema saznanjima \u201eEuroBlica\u201c, Sovjet kne\u017eevine odlu\u010dio je [&hellip;]<\/p>\n","protected":false},"author":1,"featured_media":0,"comment_status":"closed","ping_status":"open","sticky":false,"template":"","format":"standard","meta":{"_monsterinsights_skip_tracking":false,"_monsterinsights_sitenote_active":false,"_monsterinsights_sitenote_note":"","_monsterinsights_sitenote_category":0,"footnotes":""},"categories":[3],"tags":[],"yoast_head":"<!-- This site is optimized with the Yoast SEO plugin v21.6 - https:\/\/yoast.com\/wordpress\/plugins\/seo\/ -->\n<title>KNEZ EGI\u0106 NE STRAHUJE ZA FUNKCIJU: KNE\u017dEVINA GORNJA DRAGOTINJA KOD PRIJEDORA SPREMNA ZA IZBORE - PrijedorDanas.com - Prijedorski gradski portal<\/title>\n<meta name=\"robots\" content=\"index, follow, max-snippet:-1, max-image-preview:large, max-video-preview:-1\" \/>\n<link rel=\"canonical\" href=\"https:\/\/www.prijedordanas.com\/?p=86503\" \/>\n<meta property=\"og:locale\" content=\"en_US\" \/>\n<meta property=\"og:type\" content=\"article\" \/>\n<meta property=\"og:title\" content=\"KNEZ EGI\u0106 NE STRAHUJE ZA FUNKCIJU: KNE\u017dEVINA GORNJA DRAGOTINJA KOD PRIJEDORA SPREMNA ZA IZBORE - PrijedorDanas.com - Prijedorski gradski portal\" \/>\n<meta property=\"og:description\" content=\"U jedinoj kne\u017eevini na Balkanu, Gornjoj Dragotinji kod Prijedora, na tradicionalnoj manifestaciji Dragotinjske ve\u010deri, 12. avgusta, trebalo bi da bude izabran novi knez. Prema saznanjima \u201eEuroBlica\u201c, Sovjet kne\u017eevine odlu\u010dio je [&hellip;]\" \/>\n<meta property=\"og:url\" content=\"https:\/\/www.prijedordanas.com\/?p=86503\" \/>\n<meta property=\"og:site_name\" content=\"PrijedorDanas.com - Prijedorski gradski portal\" \/>\n<meta property=\"article:publisher\" content=\"https:\/\/www.facebook.com\/PrijedorDanasCom\/\" \/>\n<meta property=\"article:published_time\" content=\"2017-07-31T19:58:41+00:00\" \/>\n<meta property=\"og:image\" content=\"https:\/\/www.prijedordanas.com\/wp-content\/uploads\/2017\/07\/blic-dragotinjski-knez-1-300x225.jpg\" \/>\n<meta name=\"author\" content=\"admin\" \/>\n<meta name=\"twitter:card\" content=\"summary_large_image\" \/>\n<meta name=\"twitter:label1\" content=\"Written by\" \/>\n\t<meta name=\"twitter:data1\" content=\"admin\" \/>\n\t<meta name=\"twitter:label2\" content=\"Est. reading time\" \/>\n\t<meta name=\"twitter:data2\" content=\"3 minutes\" \/>\n<script type=\"application\/ld+json\" class=\"yoast-schema-graph\">{\"@context\":\"https:\/\/schema.org\",\"@graph\":[{\"@type\":\"Article\",\"@id\":\"https:\/\/www.prijedordanas.com\/?p=86503#article\",\"isPartOf\":{\"@id\":\"https:\/\/www.prijedordanas.com\/?p=86503\"},\"author\":{\"name\":\"admin\",\"@id\":\"https:\/\/www.prijedordanas.com\/#\/schema\/person\/4e08ccf29b506ca916ff86d46bb700e6\"},\"headline\":\"KNEZ EGI\u0106 NE STRAHUJE ZA FUNKCIJU: KNE\u017dEVINA GORNJA DRAGOTINJA KOD PRIJEDORA SPREMNA ZA IZBORE\",\"datePublished\":\"2017-07-31T19:58:41+00:00\",\"dateModified\":\"2017-07-31T19:58:41+00:00\",\"mainEntityOfPage\":{\"@id\":\"https:\/\/www.prijedordanas.com\/?p=86503\"},\"wordCount\":546,\"publisher\":{\"@id\":\"https:\/\/www.prijedordanas.com\/#organization\"},\"articleSection\":[\"\u017divot\"],\"inLanguage\":\"en-US\"},{\"@type\":\"WebPage\",\"@id\":\"https:\/\/www.prijedordanas.com\/?p=86503\",\"url\":\"https:\/\/www.prijedordanas.com\/?p=86503\",\"name\":\"KNEZ EGI\u0106 NE STRAHUJE ZA FUNKCIJU: KNE\u017dEVINA GORNJA DRAGOTINJA KOD PRIJEDORA SPREMNA ZA IZBORE - PrijedorDanas.com - Prijedorski gradski portal\",\"isPartOf\":{\"@id\":\"https:\/\/www.prijedordanas.com\/#website\"},\"datePublished\":\"2017-07-31T19:58:41+00:00\",\"dateModified\":\"2017-07-31T19:58:41+00:00\",\"breadcrumb\":{\"@id\":\"https:\/\/www.prijedordanas.com\/?p=86503#breadcrumb\"},\"inLanguage\":\"en-US\",\"potentialAction\":[{\"@type\":\"ReadAction\",\"target\":[\"https:\/\/www.prijedordanas.com\/?p=86503\"]}]},{\"@type\":\"BreadcrumbList\",\"@id\":\"https:\/\/www.prijedordanas.com\/?p=86503#breadcrumb\",\"itemListElement\":[{\"@type\":\"ListItem\",\"position\":1,\"name\":\"Home\",\"item\":\"https:\/\/www.prijedordanas.com\/\"},{\"@type\":\"ListItem\",\"position\":2,\"name\":\"KNEZ EGI\u0106 NE STRAHUJE ZA FUNKCIJU: KNE\u017dEVINA GORNJA DRAGOTINJA KOD PRIJEDORA SPREMNA ZA IZBORE\"}]},{\"@type\":\"WebSite\",\"@id\":\"https:\/\/www.prijedordanas.com\/#website\",\"url\":\"https:\/\/www.prijedordanas.com\/\",\"name\":\"PrijedorDanas.com - Prijedorski gradski portal\",\"description\":\"Portal o doga\u0111anjima u gradu Prijedoru\",\"publisher\":{\"@id\":\"https:\/\/www.prijedordanas.com\/#organization\"},\"potentialAction\":[{\"@type\":\"SearchAction\",\"target\":{\"@type\":\"EntryPoint\",\"urlTemplate\":\"https:\/\/www.prijedordanas.com\/?s={search_term_string}\"},\"query-input\":\"required name=search_term_string\"}],\"inLanguage\":\"en-US\"},{\"@type\":\"Organization\",\"@id\":\"https:\/\/www.prijedordanas.com\/#organization\",\"name\":\"PrijedorDanas.com\",\"url\":\"https:\/\/www.prijedordanas.com\/\",\"logo\":{\"@type\":\"ImageObject\",\"inLanguage\":\"en-US\",\"@id\":\"https:\/\/www.prijedordanas.com\/#\/schema\/logo\/image\/\",\"url\":\"http:\/\/www.prijedordanas.com\/wp-content\/uploads\/2021\/12\/logopng.png\",\"contentUrl\":\"http:\/\/www.prijedordanas.com\/wp-content\/uploads\/2021\/12\/logopng.png\",\"width\":1019,\"height\":776,\"caption\":\"PrijedorDanas.com\"},\"image\":{\"@id\":\"https:\/\/www.prijedordanas.com\/#\/schema\/logo\/image\/\"},\"sameAs\":[\"https:\/\/www.facebook.com\/PrijedorDanasCom\/\"]},{\"@type\":\"Person\",\"@id\":\"https:\/\/www.prijedordanas.com\/#\/schema\/person\/4e08ccf29b506ca916ff86d46bb700e6\",\"name\":\"admin\",\"image\":{\"@type\":\"ImageObject\",\"inLanguage\":\"en-US\",\"@id\":\"https:\/\/www.prijedordanas.com\/#\/schema\/person\/image\/\",\"url\":\"https:\/\/secure.gravatar.com\/avatar\/1d3fc949d550f0b53a5f0d51e06dfd79?s=96&d=mm&r=g\",\"contentUrl\":\"https:\/\/secure.gravatar.com\/avatar\/1d3fc949d550f0b53a5f0d51e06dfd79?s=96&d=mm&r=g\",\"caption\":\"admin\"},\"url\":\"https:\/\/www.prijedordanas.com\/?author=1\"}]}<\/script>\n<!-- \/ Yoast SEO plugin. -->","yoast_head_json":{"title":"KNEZ EGI\u0106 NE STRAHUJE ZA FUNKCIJU: KNE\u017dEVINA GORNJA DRAGOTINJA KOD PRIJEDORA SPREMNA ZA IZBORE - PrijedorDanas.com - Prijedorski gradski portal","robots":{"index":"index","follow":"follow","max-snippet":"max-snippet:-1","max-image-preview":"max-image-preview:large","max-video-preview":"max-video-preview:-1"},"canonical":"https:\/\/www.prijedordanas.com\/?p=86503","og_locale":"en_US","og_type":"article","og_title":"KNEZ EGI\u0106 NE STRAHUJE ZA FUNKCIJU: KNE\u017dEVINA GORNJA DRAGOTINJA KOD PRIJEDORA SPREMNA ZA IZBORE - PrijedorDanas.com - Prijedorski gradski portal","og_description":"U jedinoj kne\u017eevini na Balkanu, Gornjoj Dragotinji kod Prijedora, na tradicionalnoj manifestaciji Dragotinjske ve\u010deri, 12. avgusta, trebalo bi da bude izabran novi knez. Prema saznanjima \u201eEuroBlica\u201c, Sovjet kne\u017eevine odlu\u010dio je [&hellip;]","og_url":"https:\/\/www.prijedordanas.com\/?p=86503","og_site_name":"PrijedorDanas.com - Prijedorski gradski portal","article_publisher":"https:\/\/www.facebook.com\/PrijedorDanasCom\/","article_published_time":"2017-07-31T19:58:41+00:00","og_image":[{"url":"https:\/\/www.prijedordanas.com\/wp-content\/uploads\/2017\/07\/blic-dragotinjski-knez-1-300x225.jpg"}],"author":"admin","twitter_card":"summary_large_image","twitter_misc":{"Written by":"admin","Est. reading time":"3 minutes"},"schema":{"@context":"https:\/\/schema.org","@graph":[{"@type":"Article","@id":"https:\/\/www.prijedordanas.com\/?p=86503#article","isPartOf":{"@id":"https:\/\/www.prijedordanas.com\/?p=86503"},"author":{"name":"admin","@id":"https:\/\/www.prijedordanas.com\/#\/schema\/person\/4e08ccf29b506ca916ff86d46bb700e6"},"headline":"KNEZ EGI\u0106 NE STRAHUJE ZA FUNKCIJU: KNE\u017dEVINA GORNJA DRAGOTINJA KOD PRIJEDORA SPREMNA ZA IZBORE","datePublished":"2017-07-31T19:58:41+00:00","dateModified":"2017-07-31T19:58:41+00:00","mainEntityOfPage":{"@id":"https:\/\/www.prijedordanas.com\/?p=86503"},"wordCount":546,"publisher":{"@id":"https:\/\/www.prijedordanas.com\/#organization"},"articleSection":["\u017divot"],"inLanguage":"en-US"},{"@type":"WebPage","@id":"https:\/\/www.prijedordanas.com\/?p=86503","url":"https:\/\/www.prijedordanas.com\/?p=86503","name":"KNEZ EGI\u0106 NE STRAHUJE ZA FUNKCIJU: KNE\u017dEVINA GORNJA DRAGOTINJA KOD PRIJEDORA SPREMNA ZA IZBORE - PrijedorDanas.com - Prijedorski gradski portal","isPartOf":{"@id":"https:\/\/www.prijedordanas.com\/#website"},"datePublished":"2017-07-31T19:58:41+00:00","dateModified":"2017-07-31T19:58:41+00:00","breadcrumb":{"@id":"https:\/\/www.prijedordanas.com\/?p=86503#breadcrumb"},"inLanguage":"en-US","potentialAction":[{"@type":"ReadAction","target":["https:\/\/www.prijedordanas.com\/?p=86503"]}]},{"@type":"BreadcrumbList","@id":"https:\/\/www.prijedordanas.com\/?p=86503#breadcrumb","itemListElement":[{"@type":"ListItem","position":1,"name":"Home","item":"https:\/\/www.prijedordanas.com\/"},{"@type":"ListItem","position":2,"name":"KNEZ EGI\u0106 NE STRAHUJE ZA FUNKCIJU: KNE\u017dEVINA GORNJA DRAGOTINJA KOD PRIJEDORA SPREMNA ZA IZBORE"}]},{"@type":"WebSite","@id":"https:\/\/www.prijedordanas.com\/#website","url":"https:\/\/www.prijedordanas.com\/","name":"PrijedorDanas.com - Prijedorski gradski portal","description":"Portal o doga\u0111anjima u gradu Prijedoru","publisher":{"@id":"https:\/\/www.prijedordanas.com\/#organization"},"potentialAction":[{"@type":"SearchAction","target":{"@type":"EntryPoint","urlTemplate":"https:\/\/www.prijedordanas.com\/?s={search_term_string}"},"query-input":"required name=search_term_string"}],"inLanguage":"en-US"},{"@type":"Organization","@id":"https:\/\/www.prijedordanas.com\/#organization","name":"PrijedorDanas.com","url":"https:\/\/www.prijedordanas.com\/","logo":{"@type":"ImageObject","inLanguage":"en-US","@id":"https:\/\/www.prijedordanas.com\/#\/schema\/logo\/image\/","url":"http:\/\/www.prijedordanas.com\/wp-content\/uploads\/2021\/12\/logopng.png","contentUrl":"http:\/\/www.prijedordanas.com\/wp-content\/uploads\/2021\/12\/logopng.png","width":1019,"height":776,"caption":"PrijedorDanas.com"},"image":{"@id":"https:\/\/www.prijedordanas.com\/#\/schema\/logo\/image\/"},"sameAs":["https:\/\/www.facebook.com\/PrijedorDanasCom\/"]},{"@type":"Person","@id":"https:\/\/www.prijedordanas.com\/#\/schema\/person\/4e08ccf29b506ca916ff86d46bb700e6","name":"admin","image":{"@type":"ImageObject","inLanguage":"en-US","@id":"https:\/\/www.prijedordanas.com\/#\/schema\/person\/image\/","url":"https:\/\/secure.gravatar.com\/avatar\/1d3fc949d550f0b53a5f0d51e06dfd79?s=96&d=mm&r=g","contentUrl":"https:\/\/secure.gravatar.com\/avatar\/1d3fc949d550f0b53a5f0d51e06dfd79?s=96&d=mm&r=g","caption":"admin"},"url":"https:\/\/www.prijedordanas.com\/?author=1"}]}},"_links":{"self":[{"href":"https:\/\/www.prijedordanas.com\/index.php?rest_route=\/wp\/v2\/posts\/86503"}],"collection":[{"href":"https:\/\/www.prijedordanas.com\/index.php?rest_route=\/wp\/v2\/posts"}],"about":[{"href":"https:\/\/www.prijedordanas.com\/index.php?rest_route=\/wp\/v2\/types\/post"}],"author":[{"embeddable":true,"href":"https:\/\/www.prijedordanas.com\/index.php?rest_route=\/wp\/v2\/users\/1"}],"replies":[{"embeddable":true,"href":"https:\/\/www.prijedordanas.com\/index.php?rest_route=%2Fwp%2Fv2%2Fcomments&post=86503"}],"version-history":[{"count":1,"href":"https:\/\/www.prijedordanas.com\/index.php?rest_route=\/wp\/v2\/posts\/86503\/revisions"}],"predecessor-version":[{"id":86506,"href":"https:\/\/www.prijedordanas.com\/index.php?rest_route=\/wp\/v2\/posts\/86503\/revisions\/86506"}],"wp:attachment":[{"href":"https:\/\/www.prijedordanas.com\/index.php?rest_route=%2Fwp%2Fv2%2Fmedia&parent=86503"}],"wp:term":[{"taxonomy":"category","embeddable":true,"href":"https:\/\/www.prijedordanas.com\/index.php?rest_route=%2Fwp%2Fv2%2Fcategories&post=86503"},{"taxonomy":"post_tag","embeddable":true,"href":"https:\/\/www.prijedordanas.com\/index.php?rest_route=%2Fwp%2Fv2%2Ftags&post=86503"}],"curies":[{"name":"wp","href":"https:\/\/api.w.org\/{rel}","templated":true}]}}