{"id":86450,"date":"2017-07-31T18:53:23","date_gmt":"2017-07-31T16:53:23","guid":{"rendered":"https:\/\/www.prijedordanas.com\/?p=86450"},"modified":"2017-07-31T18:53:23","modified_gmt":"2017-07-31T16:53:23","slug":"rudar-prijedor-nemanja-vejnovic-posljednje-pojacanje","status":"publish","type":"post","link":"https:\/\/www.prijedordanas.com\/?p=86450","title":{"rendered":"RUDAR-PRIJEDOR: NEMANJA VEJNOVIC\u0301 POSLJEDNJE POJA\u010cANJE"},"content":{"rendered":"<p><a href=\"https:\/\/www.prijedordanas.com\/wp-content\/uploads\/2017\/07\/nemanja-vejnovic.jpg\"><img loading=\"lazy\" decoding=\"async\" src=\"https:\/\/www.prijedordanas.com\/wp-content\/uploads\/2017\/07\/nemanja-vejnovic-300x300.jpg\" alt=\"\" width=\"300\" height=\"300\" class=\"alignleft size-medium wp-image-86451\" srcset=\"https:\/\/www.prijedordanas.com\/wp-content\/uploads\/2017\/07\/nemanja-vejnovic-300x300.jpg 300w, https:\/\/www.prijedordanas.com\/wp-content\/uploads\/2017\/07\/nemanja-vejnovic-150x150.jpg 150w, https:\/\/www.prijedordanas.com\/wp-content\/uploads\/2017\/07\/nemanja-vejnovic-100x100.jpg 100w, https:\/\/www.prijedordanas.com\/wp-content\/uploads\/2017\/07\/nemanja-vejnovic-50x50.jpg 50w, https:\/\/www.prijedordanas.com\/wp-content\/uploads\/2017\/07\/nemanja-vejnovic.jpg 600w\" sizes=\"(max-width: 300px) 100vw, 300px\" \/><\/a>Prijedor\u010dani su dobili jo\u0161 jedno vrijedno poja\u010danje. <\/p>\n<p>Dosada\u0161nji \u010dlan ovogodi\u0161njeg \u0161ampiona i povratnika u premijerliga\u0161ko dru\u0161tvo, banjalu\u010dkog Borca, \u201e\u0161toper\u201c Nemanja Vejnovic\u0301 (25), koji uspje\u0161no mo\u017ee da igra u veznoj liniji, a opasan je i u napadu, ponovo je me\u0111u \u201erudarima sa Sane\u201c, \u010dije je boje branio u bh.eliti u sezoni 2011\/2012, a nastupao je jo\u0161 za mati\u010dnu Slobodu iz Novog Grada, Tekstilac Kort (Derventa), Slaviju (Isto\u010dno Sarajevo) i Jedinstvo (Ub) u Srbiji.<\/p>\n<p>&#8211; Postigli smo dogovor i Vejnovic\u0301 bi trebao da se uklju\u010di u rad. \u017deljeli smo da poja\u010damo konkurenciju, a ujedno i ostanemo dosljedni u namjeri da okosnicu igra\u010dkog kadra \u010dine momci ponikli u na\u0161em Omladinskom pogonu i regiji &#8211; rekao je predsjednik kluba Dalibor Majkic\u0301.<\/p>\n<p>Tekst \u2013 Nenad \u0110eri\u0107\/Aleksandar Drakuli\u0107 \u2013 <a href=\"https:\/\/www.prijedordanas.com\" target=\"_blank\" rel=\"noopener noreferrer\">www.prijedordanas.com<\/a><br \/>\nFoto \u2013 FK Borac<\/p>\n","protected":false},"excerpt":{"rendered":"<p>Prijedor\u010dani su dobili jo\u0161 jedno vrijedno poja\u010danje. Dosada\u0161nji \u010dlan ovogodi\u0161njeg \u0161ampiona i povratnika u premijerliga\u0161ko dru\u0161tvo, banjalu\u010dkog Borca, \u201e\u0161toper\u201c Nemanja Vejnovic\u0301 (25), koji uspje\u0161no mo\u017ee da igra u veznoj liniji, [&hellip;]<\/p>\n","protected":false},"author":1,"featured_media":0,"comment_status":"closed","ping_status":"open","sticky":false,"template":"","format":"standard","meta":{"_monsterinsights_skip_tracking":false,"_monsterinsights_sitenote_active":false,"_monsterinsights_sitenote_note":"","_monsterinsights_sitenote_category":0,"footnotes":""},"categories":[7],"tags":[],"yoast_head":"<!-- This site is optimized with the Yoast SEO plugin v21.6 - https:\/\/yoast.com\/wordpress\/plugins\/seo\/ -->\n<title>RUDAR-PRIJEDOR: NEMANJA VEJNOVIC\u0301 POSLJEDNJE POJA\u010cANJE - PrijedorDanas.com - Prijedorski gradski portal<\/title>\n<meta name=\"robots\" content=\"index, follow, max-snippet:-1, max-image-preview:large, max-video-preview:-1\" \/>\n<link rel=\"canonical\" href=\"https:\/\/www.prijedordanas.com\/?p=86450\" \/>\n<meta property=\"og:locale\" content=\"en_US\" \/>\n<meta property=\"og:type\" content=\"article\" \/>\n<meta property=\"og:title\" content=\"RUDAR-PRIJEDOR: NEMANJA VEJNOVIC\u0301 POSLJEDNJE POJA\u010cANJE - PrijedorDanas.com - Prijedorski gradski portal\" \/>\n<meta property=\"og:description\" content=\"Prijedor\u010dani su dobili jo\u0161 jedno vrijedno poja\u010danje. Dosada\u0161nji \u010dlan ovogodi\u0161njeg \u0161ampiona i povratnika u premijerliga\u0161ko dru\u0161tvo, banjalu\u010dkog Borca, \u201e\u0161toper\u201c Nemanja Vejnovic\u0301 (25), koji uspje\u0161no mo\u017ee da igra u veznoj liniji, [&hellip;]\" \/>\n<meta property=\"og:url\" content=\"https:\/\/www.prijedordanas.com\/?p=86450\" \/>\n<meta property=\"og:site_name\" content=\"PrijedorDanas.com - Prijedorski gradski portal\" \/>\n<meta property=\"article:publisher\" content=\"https:\/\/www.facebook.com\/PrijedorDanasCom\/\" \/>\n<meta property=\"article:published_time\" content=\"2017-07-31T16:53:23+00:00\" \/>\n<meta property=\"og:image\" content=\"https:\/\/www.prijedordanas.com\/wp-content\/uploads\/2017\/07\/nemanja-vejnovic-300x300.jpg\" \/>\n<meta name=\"author\" content=\"admin\" \/>\n<meta name=\"twitter:card\" content=\"summary_large_image\" \/>\n<meta name=\"twitter:label1\" content=\"Written by\" \/>\n\t<meta name=\"twitter:data1\" content=\"admin\" \/>\n\t<meta name=\"twitter:label2\" content=\"Est. reading time\" \/>\n\t<meta name=\"twitter:data2\" content=\"1 minute\" \/>\n<script type=\"application\/ld+json\" class=\"yoast-schema-graph\">{\"@context\":\"https:\/\/schema.org\",\"@graph\":[{\"@type\":\"Article\",\"@id\":\"https:\/\/www.prijedordanas.com\/?p=86450#article\",\"isPartOf\":{\"@id\":\"https:\/\/www.prijedordanas.com\/?p=86450\"},\"author\":{\"name\":\"admin\",\"@id\":\"https:\/\/www.prijedordanas.com\/#\/schema\/person\/4e08ccf29b506ca916ff86d46bb700e6\"},\"headline\":\"RUDAR-PRIJEDOR: NEMANJA VEJNOVIC\u0301 POSLJEDNJE POJA\u010cANJE\",\"datePublished\":\"2017-07-31T16:53:23+00:00\",\"dateModified\":\"2017-07-31T16:53:23+00:00\",\"mainEntityOfPage\":{\"@id\":\"https:\/\/www.prijedordanas.com\/?p=86450\"},\"wordCount\":149,\"publisher\":{\"@id\":\"https:\/\/www.prijedordanas.com\/#organization\"},\"articleSection\":[\"Sport\"],\"inLanguage\":\"en-US\"},{\"@type\":\"WebPage\",\"@id\":\"https:\/\/www.prijedordanas.com\/?p=86450\",\"url\":\"https:\/\/www.prijedordanas.com\/?p=86450\",\"name\":\"RUDAR-PRIJEDOR: NEMANJA VEJNOVIC\u0301 POSLJEDNJE POJA\u010cANJE - PrijedorDanas.com - Prijedorski gradski portal\",\"isPartOf\":{\"@id\":\"https:\/\/www.prijedordanas.com\/#website\"},\"datePublished\":\"2017-07-31T16:53:23+00:00\",\"dateModified\":\"2017-07-31T16:53:23+00:00\",\"breadcrumb\":{\"@id\":\"https:\/\/www.prijedordanas.com\/?p=86450#breadcrumb\"},\"inLanguage\":\"en-US\",\"potentialAction\":[{\"@type\":\"ReadAction\",\"target\":[\"https:\/\/www.prijedordanas.com\/?p=86450\"]}]},{\"@type\":\"BreadcrumbList\",\"@id\":\"https:\/\/www.prijedordanas.com\/?p=86450#breadcrumb\",\"itemListElement\":[{\"@type\":\"ListItem\",\"position\":1,\"name\":\"Home\",\"item\":\"https:\/\/www.prijedordanas.com\/\"},{\"@type\":\"ListItem\",\"position\":2,\"name\":\"RUDAR-PRIJEDOR: NEMANJA VEJNOVIC\u0301 POSLJEDNJE POJA\u010cANJE\"}]},{\"@type\":\"WebSite\",\"@id\":\"https:\/\/www.prijedordanas.com\/#website\",\"url\":\"https:\/\/www.prijedordanas.com\/\",\"name\":\"PrijedorDanas.com - Prijedorski gradski portal\",\"description\":\"Portal o doga\u0111anjima u gradu Prijedoru\",\"publisher\":{\"@id\":\"https:\/\/www.prijedordanas.com\/#organization\"},\"potentialAction\":[{\"@type\":\"SearchAction\",\"target\":{\"@type\":\"EntryPoint\",\"urlTemplate\":\"https:\/\/www.prijedordanas.com\/?s={search_term_string}\"},\"query-input\":\"required name=search_term_string\"}],\"inLanguage\":\"en-US\"},{\"@type\":\"Organization\",\"@id\":\"https:\/\/www.prijedordanas.com\/#organization\",\"name\":\"PrijedorDanas.com\",\"url\":\"https:\/\/www.prijedordanas.com\/\",\"logo\":{\"@type\":\"ImageObject\",\"inLanguage\":\"en-US\",\"@id\":\"https:\/\/www.prijedordanas.com\/#\/schema\/logo\/image\/\",\"url\":\"http:\/\/www.prijedordanas.com\/wp-content\/uploads\/2021\/12\/logopng.png\",\"contentUrl\":\"http:\/\/www.prijedordanas.com\/wp-content\/uploads\/2021\/12\/logopng.png\",\"width\":1019,\"height\":776,\"caption\":\"PrijedorDanas.com\"},\"image\":{\"@id\":\"https:\/\/www.prijedordanas.com\/#\/schema\/logo\/image\/\"},\"sameAs\":[\"https:\/\/www.facebook.com\/PrijedorDanasCom\/\"]},{\"@type\":\"Person\",\"@id\":\"https:\/\/www.prijedordanas.com\/#\/schema\/person\/4e08ccf29b506ca916ff86d46bb700e6\",\"name\":\"admin\",\"image\":{\"@type\":\"ImageObject\",\"inLanguage\":\"en-US\",\"@id\":\"https:\/\/www.prijedordanas.com\/#\/schema\/person\/image\/\",\"url\":\"https:\/\/secure.gravatar.com\/avatar\/1d3fc949d550f0b53a5f0d51e06dfd79?s=96&d=mm&r=g\",\"contentUrl\":\"https:\/\/secure.gravatar.com\/avatar\/1d3fc949d550f0b53a5f0d51e06dfd79?s=96&d=mm&r=g\",\"caption\":\"admin\"},\"url\":\"https:\/\/www.prijedordanas.com\/?author=1\"}]}<\/script>\n<!-- \/ Yoast SEO plugin. -->","yoast_head_json":{"title":"RUDAR-PRIJEDOR: NEMANJA VEJNOVIC\u0301 POSLJEDNJE POJA\u010cANJE - PrijedorDanas.com - Prijedorski gradski portal","robots":{"index":"index","follow":"follow","max-snippet":"max-snippet:-1","max-image-preview":"max-image-preview:large","max-video-preview":"max-video-preview:-1"},"canonical":"https:\/\/www.prijedordanas.com\/?p=86450","og_locale":"en_US","og_type":"article","og_title":"RUDAR-PRIJEDOR: NEMANJA VEJNOVIC\u0301 POSLJEDNJE POJA\u010cANJE - PrijedorDanas.com - Prijedorski gradski portal","og_description":"Prijedor\u010dani su dobili jo\u0161 jedno vrijedno poja\u010danje. Dosada\u0161nji \u010dlan ovogodi\u0161njeg \u0161ampiona i povratnika u premijerliga\u0161ko dru\u0161tvo, banjalu\u010dkog Borca, \u201e\u0161toper\u201c Nemanja Vejnovic\u0301 (25), koji uspje\u0161no mo\u017ee da igra u veznoj liniji, [&hellip;]","og_url":"https:\/\/www.prijedordanas.com\/?p=86450","og_site_name":"PrijedorDanas.com - Prijedorski gradski portal","article_publisher":"https:\/\/www.facebook.com\/PrijedorDanasCom\/","article_published_time":"2017-07-31T16:53:23+00:00","og_image":[{"url":"https:\/\/www.prijedordanas.com\/wp-content\/uploads\/2017\/07\/nemanja-vejnovic-300x300.jpg"}],"author":"admin","twitter_card":"summary_large_image","twitter_misc":{"Written by":"admin","Est. reading time":"1 minute"},"schema":{"@context":"https:\/\/schema.org","@graph":[{"@type":"Article","@id":"https:\/\/www.prijedordanas.com\/?p=86450#article","isPartOf":{"@id":"https:\/\/www.prijedordanas.com\/?p=86450"},"author":{"name":"admin","@id":"https:\/\/www.prijedordanas.com\/#\/schema\/person\/4e08ccf29b506ca916ff86d46bb700e6"},"headline":"RUDAR-PRIJEDOR: NEMANJA VEJNOVIC\u0301 POSLJEDNJE POJA\u010cANJE","datePublished":"2017-07-31T16:53:23+00:00","dateModified":"2017-07-31T16:53:23+00:00","mainEntityOfPage":{"@id":"https:\/\/www.prijedordanas.com\/?p=86450"},"wordCount":149,"publisher":{"@id":"https:\/\/www.prijedordanas.com\/#organization"},"articleSection":["Sport"],"inLanguage":"en-US"},{"@type":"WebPage","@id":"https:\/\/www.prijedordanas.com\/?p=86450","url":"https:\/\/www.prijedordanas.com\/?p=86450","name":"RUDAR-PRIJEDOR: NEMANJA VEJNOVIC\u0301 POSLJEDNJE POJA\u010cANJE - PrijedorDanas.com - Prijedorski gradski portal","isPartOf":{"@id":"https:\/\/www.prijedordanas.com\/#website"},"datePublished":"2017-07-31T16:53:23+00:00","dateModified":"2017-07-31T16:53:23+00:00","breadcrumb":{"@id":"https:\/\/www.prijedordanas.com\/?p=86450#breadcrumb"},"inLanguage":"en-US","potentialAction":[{"@type":"ReadAction","target":["https:\/\/www.prijedordanas.com\/?p=86450"]}]},{"@type":"BreadcrumbList","@id":"https:\/\/www.prijedordanas.com\/?p=86450#breadcrumb","itemListElement":[{"@type":"ListItem","position":1,"name":"Home","item":"https:\/\/www.prijedordanas.com\/"},{"@type":"ListItem","position":2,"name":"RUDAR-PRIJEDOR: NEMANJA VEJNOVIC\u0301 POSLJEDNJE POJA\u010cANJE"}]},{"@type":"WebSite","@id":"https:\/\/www.prijedordanas.com\/#website","url":"https:\/\/www.prijedordanas.com\/","name":"PrijedorDanas.com - Prijedorski gradski portal","description":"Portal o doga\u0111anjima u gradu Prijedoru","publisher":{"@id":"https:\/\/www.prijedordanas.com\/#organization"},"potentialAction":[{"@type":"SearchAction","target":{"@type":"EntryPoint","urlTemplate":"https:\/\/www.prijedordanas.com\/?s={search_term_string}"},"query-input":"required name=search_term_string"}],"inLanguage":"en-US"},{"@type":"Organization","@id":"https:\/\/www.prijedordanas.com\/#organization","name":"PrijedorDanas.com","url":"https:\/\/www.prijedordanas.com\/","logo":{"@type":"ImageObject","inLanguage":"en-US","@id":"https:\/\/www.prijedordanas.com\/#\/schema\/logo\/image\/","url":"http:\/\/www.prijedordanas.com\/wp-content\/uploads\/2021\/12\/logopng.png","contentUrl":"http:\/\/www.prijedordanas.com\/wp-content\/uploads\/2021\/12\/logopng.png","width":1019,"height":776,"caption":"PrijedorDanas.com"},"image":{"@id":"https:\/\/www.prijedordanas.com\/#\/schema\/logo\/image\/"},"sameAs":["https:\/\/www.facebook.com\/PrijedorDanasCom\/"]},{"@type":"Person","@id":"https:\/\/www.prijedordanas.com\/#\/schema\/person\/4e08ccf29b506ca916ff86d46bb700e6","name":"admin","image":{"@type":"ImageObject","inLanguage":"en-US","@id":"https:\/\/www.prijedordanas.com\/#\/schema\/person\/image\/","url":"https:\/\/secure.gravatar.com\/avatar\/1d3fc949d550f0b53a5f0d51e06dfd79?s=96&d=mm&r=g","contentUrl":"https:\/\/secure.gravatar.com\/avatar\/1d3fc949d550f0b53a5f0d51e06dfd79?s=96&d=mm&r=g","caption":"admin"},"url":"https:\/\/www.prijedordanas.com\/?author=1"}]}},"_links":{"self":[{"href":"https:\/\/www.prijedordanas.com\/index.php?rest_route=\/wp\/v2\/posts\/86450"}],"collection":[{"href":"https:\/\/www.prijedordanas.com\/index.php?rest_route=\/wp\/v2\/posts"}],"about":[{"href":"https:\/\/www.prijedordanas.com\/index.php?rest_route=\/wp\/v2\/types\/post"}],"author":[{"embeddable":true,"href":"https:\/\/www.prijedordanas.com\/index.php?rest_route=\/wp\/v2\/users\/1"}],"replies":[{"embeddable":true,"href":"https:\/\/www.prijedordanas.com\/index.php?rest_route=%2Fwp%2Fv2%2Fcomments&post=86450"}],"version-history":[{"count":1,"href":"https:\/\/www.prijedordanas.com\/index.php?rest_route=\/wp\/v2\/posts\/86450\/revisions"}],"predecessor-version":[{"id":86452,"href":"https:\/\/www.prijedordanas.com\/index.php?rest_route=\/wp\/v2\/posts\/86450\/revisions\/86452"}],"wp:attachment":[{"href":"https:\/\/www.prijedordanas.com\/index.php?rest_route=%2Fwp%2Fv2%2Fmedia&parent=86450"}],"wp:term":[{"taxonomy":"category","embeddable":true,"href":"https:\/\/www.prijedordanas.com\/index.php?rest_route=%2Fwp%2Fv2%2Fcategories&post=86450"},{"taxonomy":"post_tag","embeddable":true,"href":"https:\/\/www.prijedordanas.com\/index.php?rest_route=%2Fwp%2Fv2%2Ftags&post=86450"}],"curies":[{"name":"wp","href":"https:\/\/api.w.org\/{rel}","templated":true}]}}