{"id":86409,"date":"2017-07-30T18:31:59","date_gmt":"2017-07-30T16:31:59","guid":{"rendered":"https:\/\/www.prijedordanas.com\/?p=86409"},"modified":"2017-07-30T18:31:59","modified_gmt":"2017-07-30T16:31:59","slug":"manifestacija-kilometri-prijateljstva-okupila-vise-desetina-biciklista-video","status":"publish","type":"post","link":"https:\/\/www.prijedordanas.com\/?p=86409","title":{"rendered":"MANIFESTACIJA \u201eKILOMETRI PRIJATELJSTVA\u201c OKUPILA VI\u0160E DESETINA BICIKLISTA \u2013 VIDEO"},"content":{"rendered":"<p><a href=\"https:\/\/www.prijedordanas.com\/wp-content\/uploads\/2017\/07\/kilometri-prijateljstva-1.jpg\"><img loading=\"lazy\" decoding=\"async\" class=\"alignleft size-medium wp-image-86410\" src=\"https:\/\/www.prijedordanas.com\/wp-content\/uploads\/2017\/07\/kilometri-prijateljstva-1-300x225.jpg\" alt=\"\" width=\"300\" height=\"225\" srcset=\"https:\/\/www.prijedordanas.com\/wp-content\/uploads\/2017\/07\/kilometri-prijateljstva-1-300x225.jpg 300w, https:\/\/www.prijedordanas.com\/wp-content\/uploads\/2017\/07\/kilometri-prijateljstva-1-100x75.jpg 100w, https:\/\/www.prijedordanas.com\/wp-content\/uploads\/2017\/07\/kilometri-prijateljstva-1-640x480.jpg 640w, https:\/\/www.prijedordanas.com\/wp-content\/uploads\/2017\/07\/kilometri-prijateljstva-1.jpg 667w\" sizes=\"(max-width: 300px) 100vw, 300px\" \/><\/a>Manifestacija &#8220;Kilometri prijateljstva&#8221; okupila je vi\u0161e desetina biciklista iz Prijedora i prijateljske op\u0161tine \u0160en\u010dur iz Slovenije.<\/p>\n<p>Slovenci, poznati kao veliki rekreativci, do Prijedora su stigli biciklima, a me\u0111u njima i \u017eupan ove op\u0161tine.<\/p>\n<p>Iza njih je tri stotine pre\u0111enih kilometara na dva to\u010dka. Biciklizam, ne samo u mi\u0161i\u0107ima, nego i u &#8220;venama ostavlja trag'&#8221; i to u tre\u0107oj deceniji \u017eivota Tine U\u0161ini\u010dki.<\/p>\n<p>Dvanaest penzionerskih godina pretvorila je u pravu biciklisti\u010dku avanturu.<\/p>\n<p>&#8211; Pro\u0161le godine smo kazali kako je bilo i fotografije. Ka\u017eem mojim prijateljima da se isplati i\u0107i na izlet i da se obi\u0111e Kozara &#8211; ka\u017ee U\u0161ini\u010dki.<\/p>\n<p><a href=\"https:\/\/www.prijedordanas.com\/wp-content\/uploads\/2017\/07\/bambi-kilometri-prijateljstva.jpg\"><img loading=\"lazy\" decoding=\"async\" class=\"alignleft size-medium wp-image-86411\" src=\"https:\/\/www.prijedordanas.com\/wp-content\/uploads\/2017\/07\/bambi-kilometri-prijateljstva-300x225.jpg\" alt=\"\" width=\"300\" height=\"225\" srcset=\"https:\/\/www.prijedordanas.com\/wp-content\/uploads\/2017\/07\/bambi-kilometri-prijateljstva-300x225.jpg 300w, https:\/\/www.prijedordanas.com\/wp-content\/uploads\/2017\/07\/bambi-kilometri-prijateljstva-100x75.jpg 100w, https:\/\/www.prijedordanas.com\/wp-content\/uploads\/2017\/07\/bambi-kilometri-prijateljstva-640x480.jpg 640w, https:\/\/www.prijedordanas.com\/wp-content\/uploads\/2017\/07\/bambi-kilometri-prijateljstva.jpg 667w\" sizes=\"(max-width: 300px) 100vw, 300px\" \/><\/a>Dionicu iz Slovenije pre\u0161li su za devet sati, a umjesto umora u Prijedor su donijeli samo pozitivnu energiju koja je odu\u0161evila bicikliste, doma\u0107ine.<\/p>\n<p>&#8211; Zna\u010di mi dosta trening sa ljudima iz druge dr\u017eave, zemlje, ljudi od kojih mo\u017eemo puno nau\u010diti &#8211; istakao je biciklista iz Prijedora Sini\u0161a Luki\u0107.<\/p>\n<p>Kilometre prijateljstva potvrdio je i \u017eupan slovena\u010dke op\u0161tine \u0160en\u010dur.<\/p>\n<p>&#8211; \u0408a sam veoma zadovoljan po\u0161to su svi sretno do\u0161li i da se jo\u0161 sretnije vratimo, tako da \u0107e biti saradnja na tom podru\u010dju koji smo pomenuli i na dalje dobra &#8211; izjavio je \u017eupan Ciril Kozijek.<\/p>\n<p>&#8211; Ovo nije vi\u0161e pri\u010da bicikliranja, ovo je pri\u010da i privrednog razvoja i turizma i ne\u0161to \u0161to \u0107e se izroditi vjerovatno i sa ovim dana\u0161njim sastankom dva gradona\u010delnika &#8211; dodala je direktorka Udru\u017eenja gra\u0111ana &#8220;Don&#8221; Prijedor Murisa Mari\u0107.<\/p>\n<p>Sportska manifestacija, u organizaciji Udru\u017eenja gra\u0111ana &#8220;Don&#8221;, zavr\u0161ena je na Kozari mini-sajmom proizvoda potkozarskog kraja, a sve u cilju ja\u010danja prijateljstva kojim \u0107e za\u017eivjeti turisti\u010dka i privredna saradnja \u0160en\u010dura i Prijedora.<\/p>\n<p>RTRS<\/p>\n<p><iframe loading=\"lazy\" width=\"500\" height=\"375\" src=\"https:\/\/www.youtube.com\/embed\/9-LCwveg8IU?feature=oembed\" frameborder=\"0\" allowfullscreen><\/iframe><\/p>\n<p><a href=\"https:\/\/www.prijedordanas.com\/wp-content\/uploads\/2017\/07\/kilometri-prijateljstva-2.jpg\"><img loading=\"lazy\" decoding=\"async\" src=\"https:\/\/www.prijedordanas.com\/wp-content\/uploads\/2017\/07\/kilometri-prijateljstva-2-300x225.jpg\" alt=\"\" width=\"300\" height=\"225\" class=\"alignleft size-medium wp-image-86412\" srcset=\"https:\/\/www.prijedordanas.com\/wp-content\/uploads\/2017\/07\/kilometri-prijateljstva-2-300x225.jpg 300w, https:\/\/www.prijedordanas.com\/wp-content\/uploads\/2017\/07\/kilometri-prijateljstva-2-100x75.jpg 100w, https:\/\/www.prijedordanas.com\/wp-content\/uploads\/2017\/07\/kilometri-prijateljstva-2-640x480.jpg 640w, https:\/\/www.prijedordanas.com\/wp-content\/uploads\/2017\/07\/kilometri-prijateljstva-2.jpg 667w\" sizes=\"(max-width: 300px) 100vw, 300px\" \/><\/a> <a href=\"https:\/\/www.prijedordanas.com\/wp-content\/uploads\/2017\/07\/kilometri-prijateljstva-3.jpg\"><img loading=\"lazy\" decoding=\"async\" src=\"https:\/\/www.prijedordanas.com\/wp-content\/uploads\/2017\/07\/kilometri-prijateljstva-3-300x225.jpg\" alt=\"\" width=\"300\" height=\"225\" class=\"alignleft size-medium wp-image-86413\" srcset=\"https:\/\/www.prijedordanas.com\/wp-content\/uploads\/2017\/07\/kilometri-prijateljstva-3-300x225.jpg 300w, https:\/\/www.prijedordanas.com\/wp-content\/uploads\/2017\/07\/kilometri-prijateljstva-3-100x75.jpg 100w, https:\/\/www.prijedordanas.com\/wp-content\/uploads\/2017\/07\/kilometri-prijateljstva-3-640x480.jpg 640w, https:\/\/www.prijedordanas.com\/wp-content\/uploads\/2017\/07\/kilometri-prijateljstva-3.jpg 667w\" sizes=\"(max-width: 300px) 100vw, 300px\" \/><\/a><\/p>\n","protected":false},"excerpt":{"rendered":"<p>Manifestacija &#8220;Kilometri prijateljstva&#8221; okupila je vi\u0161e desetina biciklista iz Prijedora i prijateljske op\u0161tine \u0160en\u010dur iz Slovenije. Slovenci, poznati kao veliki rekreativci, do Prijedora su stigli biciklima, a me\u0111u njima i [&hellip;]<\/p>\n","protected":false},"author":1,"featured_media":0,"comment_status":"closed","ping_status":"open","sticky":false,"template":"","format":"standard","meta":{"_monsterinsights_skip_tracking":false,"_monsterinsights_sitenote_active":false,"_monsterinsights_sitenote_note":"","_monsterinsights_sitenote_category":0,"footnotes":""},"categories":[3],"tags":[],"yoast_head":"<!-- This site is optimized with the Yoast SEO plugin v21.6 - https:\/\/yoast.com\/wordpress\/plugins\/seo\/ -->\n<title>MANIFESTACIJA \u201eKILOMETRI PRIJATELJSTVA\u201c OKUPILA VI\u0160E DESETINA BICIKLISTA \u2013 VIDEO - PrijedorDanas.com - Prijedorski gradski portal<\/title>\n<meta name=\"robots\" content=\"index, follow, max-snippet:-1, max-image-preview:large, max-video-preview:-1\" \/>\n<link rel=\"canonical\" href=\"https:\/\/www.prijedordanas.com\/?p=86409\" \/>\n<meta property=\"og:locale\" content=\"en_US\" \/>\n<meta property=\"og:type\" content=\"article\" \/>\n<meta property=\"og:title\" content=\"MANIFESTACIJA \u201eKILOMETRI PRIJATELJSTVA\u201c OKUPILA VI\u0160E DESETINA BICIKLISTA \u2013 VIDEO - PrijedorDanas.com - Prijedorski gradski portal\" \/>\n<meta property=\"og:description\" content=\"Manifestacija &#8220;Kilometri prijateljstva&#8221; okupila je vi\u0161e desetina biciklista iz Prijedora i prijateljske op\u0161tine \u0160en\u010dur iz Slovenije. Slovenci, poznati kao veliki rekreativci, do Prijedora su stigli biciklima, a me\u0111u njima i [&hellip;]\" \/>\n<meta property=\"og:url\" content=\"https:\/\/www.prijedordanas.com\/?p=86409\" \/>\n<meta property=\"og:site_name\" content=\"PrijedorDanas.com - Prijedorski gradski portal\" \/>\n<meta property=\"article:publisher\" content=\"https:\/\/www.facebook.com\/PrijedorDanasCom\/\" \/>\n<meta property=\"article:published_time\" content=\"2017-07-30T16:31:59+00:00\" \/>\n<meta property=\"og:image\" content=\"https:\/\/www.prijedordanas.com\/wp-content\/uploads\/2017\/07\/kilometri-prijateljstva-1-300x225.jpg\" \/>\n<meta name=\"author\" content=\"admin\" \/>\n<meta name=\"twitter:card\" content=\"summary_large_image\" \/>\n<meta name=\"twitter:label1\" content=\"Written by\" \/>\n\t<meta name=\"twitter:data1\" content=\"admin\" \/>\n\t<meta name=\"twitter:label2\" content=\"Est. reading time\" \/>\n\t<meta name=\"twitter:data2\" content=\"2 minutes\" \/>\n<script type=\"application\/ld+json\" class=\"yoast-schema-graph\">{\"@context\":\"https:\/\/schema.org\",\"@graph\":[{\"@type\":\"Article\",\"@id\":\"https:\/\/www.prijedordanas.com\/?p=86409#article\",\"isPartOf\":{\"@id\":\"https:\/\/www.prijedordanas.com\/?p=86409\"},\"author\":{\"name\":\"admin\",\"@id\":\"https:\/\/www.prijedordanas.com\/#\/schema\/person\/4e08ccf29b506ca916ff86d46bb700e6\"},\"headline\":\"MANIFESTACIJA \u201eKILOMETRI PRIJATELJSTVA\u201c OKUPILA VI\u0160E DESETINA BICIKLISTA \u2013 VIDEO\",\"datePublished\":\"2017-07-30T16:31:59+00:00\",\"dateModified\":\"2017-07-30T16:31:59+00:00\",\"mainEntityOfPage\":{\"@id\":\"https:\/\/www.prijedordanas.com\/?p=86409\"},\"wordCount\":325,\"publisher\":{\"@id\":\"https:\/\/www.prijedordanas.com\/#organization\"},\"articleSection\":[\"\u017divot\"],\"inLanguage\":\"en-US\"},{\"@type\":\"WebPage\",\"@id\":\"https:\/\/www.prijedordanas.com\/?p=86409\",\"url\":\"https:\/\/www.prijedordanas.com\/?p=86409\",\"name\":\"MANIFESTACIJA \u201eKILOMETRI PRIJATELJSTVA\u201c OKUPILA VI\u0160E DESETINA BICIKLISTA \u2013 VIDEO - PrijedorDanas.com - Prijedorski gradski portal\",\"isPartOf\":{\"@id\":\"https:\/\/www.prijedordanas.com\/#website\"},\"datePublished\":\"2017-07-30T16:31:59+00:00\",\"dateModified\":\"2017-07-30T16:31:59+00:00\",\"breadcrumb\":{\"@id\":\"https:\/\/www.prijedordanas.com\/?p=86409#breadcrumb\"},\"inLanguage\":\"en-US\",\"potentialAction\":[{\"@type\":\"ReadAction\",\"target\":[\"https:\/\/www.prijedordanas.com\/?p=86409\"]}]},{\"@type\":\"BreadcrumbList\",\"@id\":\"https:\/\/www.prijedordanas.com\/?p=86409#breadcrumb\",\"itemListElement\":[{\"@type\":\"ListItem\",\"position\":1,\"name\":\"Home\",\"item\":\"https:\/\/www.prijedordanas.com\/\"},{\"@type\":\"ListItem\",\"position\":2,\"name\":\"MANIFESTACIJA \u201eKILOMETRI PRIJATELJSTVA\u201c OKUPILA VI\u0160E DESETINA BICIKLISTA \u2013 VIDEO\"}]},{\"@type\":\"WebSite\",\"@id\":\"https:\/\/www.prijedordanas.com\/#website\",\"url\":\"https:\/\/www.prijedordanas.com\/\",\"name\":\"PrijedorDanas.com - Prijedorski gradski portal\",\"description\":\"Portal o doga\u0111anjima u gradu Prijedoru\",\"publisher\":{\"@id\":\"https:\/\/www.prijedordanas.com\/#organization\"},\"potentialAction\":[{\"@type\":\"SearchAction\",\"target\":{\"@type\":\"EntryPoint\",\"urlTemplate\":\"https:\/\/www.prijedordanas.com\/?s={search_term_string}\"},\"query-input\":\"required name=search_term_string\"}],\"inLanguage\":\"en-US\"},{\"@type\":\"Organization\",\"@id\":\"https:\/\/www.prijedordanas.com\/#organization\",\"name\":\"PrijedorDanas.com\",\"url\":\"https:\/\/www.prijedordanas.com\/\",\"logo\":{\"@type\":\"ImageObject\",\"inLanguage\":\"en-US\",\"@id\":\"https:\/\/www.prijedordanas.com\/#\/schema\/logo\/image\/\",\"url\":\"http:\/\/www.prijedordanas.com\/wp-content\/uploads\/2021\/12\/logopng.png\",\"contentUrl\":\"http:\/\/www.prijedordanas.com\/wp-content\/uploads\/2021\/12\/logopng.png\",\"width\":1019,\"height\":776,\"caption\":\"PrijedorDanas.com\"},\"image\":{\"@id\":\"https:\/\/www.prijedordanas.com\/#\/schema\/logo\/image\/\"},\"sameAs\":[\"https:\/\/www.facebook.com\/PrijedorDanasCom\/\"]},{\"@type\":\"Person\",\"@id\":\"https:\/\/www.prijedordanas.com\/#\/schema\/person\/4e08ccf29b506ca916ff86d46bb700e6\",\"name\":\"admin\",\"image\":{\"@type\":\"ImageObject\",\"inLanguage\":\"en-US\",\"@id\":\"https:\/\/www.prijedordanas.com\/#\/schema\/person\/image\/\",\"url\":\"https:\/\/secure.gravatar.com\/avatar\/1d3fc949d550f0b53a5f0d51e06dfd79?s=96&d=mm&r=g\",\"contentUrl\":\"https:\/\/secure.gravatar.com\/avatar\/1d3fc949d550f0b53a5f0d51e06dfd79?s=96&d=mm&r=g\",\"caption\":\"admin\"},\"url\":\"https:\/\/www.prijedordanas.com\/?author=1\"}]}<\/script>\n<!-- \/ Yoast SEO plugin. -->","yoast_head_json":{"title":"MANIFESTACIJA \u201eKILOMETRI PRIJATELJSTVA\u201c OKUPILA VI\u0160E DESETINA BICIKLISTA \u2013 VIDEO - PrijedorDanas.com - Prijedorski gradski portal","robots":{"index":"index","follow":"follow","max-snippet":"max-snippet:-1","max-image-preview":"max-image-preview:large","max-video-preview":"max-video-preview:-1"},"canonical":"https:\/\/www.prijedordanas.com\/?p=86409","og_locale":"en_US","og_type":"article","og_title":"MANIFESTACIJA \u201eKILOMETRI PRIJATELJSTVA\u201c OKUPILA VI\u0160E DESETINA BICIKLISTA \u2013 VIDEO - PrijedorDanas.com - Prijedorski gradski portal","og_description":"Manifestacija &#8220;Kilometri prijateljstva&#8221; okupila je vi\u0161e desetina biciklista iz Prijedora i prijateljske op\u0161tine \u0160en\u010dur iz Slovenije. Slovenci, poznati kao veliki rekreativci, do Prijedora su stigli biciklima, a me\u0111u njima i [&hellip;]","og_url":"https:\/\/www.prijedordanas.com\/?p=86409","og_site_name":"PrijedorDanas.com - Prijedorski gradski portal","article_publisher":"https:\/\/www.facebook.com\/PrijedorDanasCom\/","article_published_time":"2017-07-30T16:31:59+00:00","og_image":[{"url":"https:\/\/www.prijedordanas.com\/wp-content\/uploads\/2017\/07\/kilometri-prijateljstva-1-300x225.jpg"}],"author":"admin","twitter_card":"summary_large_image","twitter_misc":{"Written by":"admin","Est. reading time":"2 minutes"},"schema":{"@context":"https:\/\/schema.org","@graph":[{"@type":"Article","@id":"https:\/\/www.prijedordanas.com\/?p=86409#article","isPartOf":{"@id":"https:\/\/www.prijedordanas.com\/?p=86409"},"author":{"name":"admin","@id":"https:\/\/www.prijedordanas.com\/#\/schema\/person\/4e08ccf29b506ca916ff86d46bb700e6"},"headline":"MANIFESTACIJA \u201eKILOMETRI PRIJATELJSTVA\u201c OKUPILA VI\u0160E DESETINA BICIKLISTA \u2013 VIDEO","datePublished":"2017-07-30T16:31:59+00:00","dateModified":"2017-07-30T16:31:59+00:00","mainEntityOfPage":{"@id":"https:\/\/www.prijedordanas.com\/?p=86409"},"wordCount":325,"publisher":{"@id":"https:\/\/www.prijedordanas.com\/#organization"},"articleSection":["\u017divot"],"inLanguage":"en-US"},{"@type":"WebPage","@id":"https:\/\/www.prijedordanas.com\/?p=86409","url":"https:\/\/www.prijedordanas.com\/?p=86409","name":"MANIFESTACIJA \u201eKILOMETRI PRIJATELJSTVA\u201c OKUPILA VI\u0160E DESETINA BICIKLISTA \u2013 VIDEO - PrijedorDanas.com - Prijedorski gradski portal","isPartOf":{"@id":"https:\/\/www.prijedordanas.com\/#website"},"datePublished":"2017-07-30T16:31:59+00:00","dateModified":"2017-07-30T16:31:59+00:00","breadcrumb":{"@id":"https:\/\/www.prijedordanas.com\/?p=86409#breadcrumb"},"inLanguage":"en-US","potentialAction":[{"@type":"ReadAction","target":["https:\/\/www.prijedordanas.com\/?p=86409"]}]},{"@type":"BreadcrumbList","@id":"https:\/\/www.prijedordanas.com\/?p=86409#breadcrumb","itemListElement":[{"@type":"ListItem","position":1,"name":"Home","item":"https:\/\/www.prijedordanas.com\/"},{"@type":"ListItem","position":2,"name":"MANIFESTACIJA \u201eKILOMETRI PRIJATELJSTVA\u201c OKUPILA VI\u0160E DESETINA BICIKLISTA \u2013 VIDEO"}]},{"@type":"WebSite","@id":"https:\/\/www.prijedordanas.com\/#website","url":"https:\/\/www.prijedordanas.com\/","name":"PrijedorDanas.com - Prijedorski gradski portal","description":"Portal o doga\u0111anjima u gradu Prijedoru","publisher":{"@id":"https:\/\/www.prijedordanas.com\/#organization"},"potentialAction":[{"@type":"SearchAction","target":{"@type":"EntryPoint","urlTemplate":"https:\/\/www.prijedordanas.com\/?s={search_term_string}"},"query-input":"required name=search_term_string"}],"inLanguage":"en-US"},{"@type":"Organization","@id":"https:\/\/www.prijedordanas.com\/#organization","name":"PrijedorDanas.com","url":"https:\/\/www.prijedordanas.com\/","logo":{"@type":"ImageObject","inLanguage":"en-US","@id":"https:\/\/www.prijedordanas.com\/#\/schema\/logo\/image\/","url":"http:\/\/www.prijedordanas.com\/wp-content\/uploads\/2021\/12\/logopng.png","contentUrl":"http:\/\/www.prijedordanas.com\/wp-content\/uploads\/2021\/12\/logopng.png","width":1019,"height":776,"caption":"PrijedorDanas.com"},"image":{"@id":"https:\/\/www.prijedordanas.com\/#\/schema\/logo\/image\/"},"sameAs":["https:\/\/www.facebook.com\/PrijedorDanasCom\/"]},{"@type":"Person","@id":"https:\/\/www.prijedordanas.com\/#\/schema\/person\/4e08ccf29b506ca916ff86d46bb700e6","name":"admin","image":{"@type":"ImageObject","inLanguage":"en-US","@id":"https:\/\/www.prijedordanas.com\/#\/schema\/person\/image\/","url":"https:\/\/secure.gravatar.com\/avatar\/1d3fc949d550f0b53a5f0d51e06dfd79?s=96&d=mm&r=g","contentUrl":"https:\/\/secure.gravatar.com\/avatar\/1d3fc949d550f0b53a5f0d51e06dfd79?s=96&d=mm&r=g","caption":"admin"},"url":"https:\/\/www.prijedordanas.com\/?author=1"}]}},"_links":{"self":[{"href":"https:\/\/www.prijedordanas.com\/index.php?rest_route=\/wp\/v2\/posts\/86409"}],"collection":[{"href":"https:\/\/www.prijedordanas.com\/index.php?rest_route=\/wp\/v2\/posts"}],"about":[{"href":"https:\/\/www.prijedordanas.com\/index.php?rest_route=\/wp\/v2\/types\/post"}],"author":[{"embeddable":true,"href":"https:\/\/www.prijedordanas.com\/index.php?rest_route=\/wp\/v2\/users\/1"}],"replies":[{"embeddable":true,"href":"https:\/\/www.prijedordanas.com\/index.php?rest_route=%2Fwp%2Fv2%2Fcomments&post=86409"}],"version-history":[{"count":1,"href":"https:\/\/www.prijedordanas.com\/index.php?rest_route=\/wp\/v2\/posts\/86409\/revisions"}],"predecessor-version":[{"id":86414,"href":"https:\/\/www.prijedordanas.com\/index.php?rest_route=\/wp\/v2\/posts\/86409\/revisions\/86414"}],"wp:attachment":[{"href":"https:\/\/www.prijedordanas.com\/index.php?rest_route=%2Fwp%2Fv2%2Fmedia&parent=86409"}],"wp:term":[{"taxonomy":"category","embeddable":true,"href":"https:\/\/www.prijedordanas.com\/index.php?rest_route=%2Fwp%2Fv2%2Fcategories&post=86409"},{"taxonomy":"post_tag","embeddable":true,"href":"https:\/\/www.prijedordanas.com\/index.php?rest_route=%2Fwp%2Fv2%2Ftags&post=86409"}],"curies":[{"name":"wp","href":"https:\/\/api.w.org\/{rel}","templated":true}]}}