{"id":86407,"date":"2017-07-30T18:20:49","date_gmt":"2017-07-30T16:20:49","guid":{"rendered":"https:\/\/www.prijedordanas.com\/?p=86407"},"modified":"2017-07-30T18:20:49","modified_gmt":"2017-07-30T16:20:49","slug":"manifestacijama-vracaju-drustveni-zivot-mjestima-u-okolini-prijedora-mladi-rado-dolaze-na-selo-veselo","status":"publish","type":"post","link":"https:\/\/www.prijedordanas.com\/?p=86407","title":{"rendered":"MANIFESTACIJAMA VRA\u0106AJU DRU\u0160TVENI \u017dIVOT MJESTIMA U OKOLINI PRIJEDORA: MLADI RADO DOLAZE NA \u201eSELO VESELO\u201c"},"content":{"rendered":"<p><a href=\"https:\/\/www.prijedordanas.com\/wp-content\/uploads\/2017\/06\/selo-veselo-2017-donja-dragotinja-2.jpg\"><img loading=\"lazy\" decoding=\"async\" class=\"alignleft size-medium wp-image-84037\" src=\"https:\/\/www.prijedordanas.com\/wp-content\/uploads\/2017\/06\/selo-veselo-2017-donja-dragotinja-2-300x225.jpg\" alt=\"\" width=\"300\" height=\"225\" srcset=\"https:\/\/www.prijedordanas.com\/wp-content\/uploads\/2017\/06\/selo-veselo-2017-donja-dragotinja-2-300x225.jpg 300w, https:\/\/www.prijedordanas.com\/wp-content\/uploads\/2017\/06\/selo-veselo-2017-donja-dragotinja-2-100x75.jpg 100w, https:\/\/www.prijedordanas.com\/wp-content\/uploads\/2017\/06\/selo-veselo-2017-donja-dragotinja-2-640x480.jpg 640w, https:\/\/www.prijedordanas.com\/wp-content\/uploads\/2017\/06\/selo-veselo-2017-donja-dragotinja-2.jpg 667w\" sizes=\"(max-width: 300px) 100vw, 300px\" \/><\/a>Kulturno-zabavna manifestacija \u201cSelo veselo\u201d godinama o\u017eivljava dru\u0161tveni \u017eivot u prijedorskim selima i vra\u0107a osmijeh na lica njegovim \u017eiteljima. \u201cSelo veselo\u201d je od 2010. godine postalo i sastavni dio manifestacije prijedorsko \u201cKulturno ljeto\u201d, koja traje od po\u010detka juna.<\/p>\n<p>Autor i voditelj \u201cSela veselog\u201d Sa\u0161a Goronja ka\u017ee da je cilj da se o\u017eive sela.<\/p>\n<p>&#8211; Htjeli smo da vratimo dru\u0161tveni \u017eivot u sela, i mislim da smo u tome i uspjeli, a dokaz je \u0161to manifestacija traje unazad 11 godina. Ima brojne posjetioce ne samo iz sela ve\u0107 i iz grada, jer bez veselog sela nema ni veselog grada \u2013 pri\u010da Goronja.<\/p>\n<p>U kulturnom dijelu manifestacije nastupaju kulturno\u2013umetni\u010dka dru\u0161tva, grupe koje izvode tradicionalne pjesme iz ovog kraja, ojka\u010de, ali i pojedinci koji su razvili svoj muzi\u010dki talenat.<\/p>\n<p><a href=\"https:\/\/www.prijedordanas.com\/wp-content\/uploads\/2017\/07\/selo-veselo-gornja-lamovita-7.jpg\"><img loading=\"lazy\" decoding=\"async\" class=\"alignleft size-medium wp-image-85629\" src=\"https:\/\/www.prijedordanas.com\/wp-content\/uploads\/2017\/07\/selo-veselo-gornja-lamovita-7-300x225.jpg\" alt=\"\" width=\"300\" height=\"225\" srcset=\"https:\/\/www.prijedordanas.com\/wp-content\/uploads\/2017\/07\/selo-veselo-gornja-lamovita-7-300x225.jpg 300w, https:\/\/www.prijedordanas.com\/wp-content\/uploads\/2017\/07\/selo-veselo-gornja-lamovita-7-100x75.jpg 100w, https:\/\/www.prijedordanas.com\/wp-content\/uploads\/2017\/07\/selo-veselo-gornja-lamovita-7.jpg 600w\" sizes=\"(max-width: 300px) 100vw, 300px\" \/><\/a>&#8211; To je idealna prilika da se oni koji imaju muzi\u010dkog dara predstave na ovim okupljanjima, a ponekad i pozitivno iznenade prisutne, koji tek tada upoznaju talente svoga kom\u0161ije \u2013 tvrdi Goronja.<\/p>\n<p>Dodaje da je posebno zabavno i veselo takmi\u010denje u sportskim disciplinama.<\/p>\n<p>&#8211; To su razne tradicionalne igre, bacanje kamena sa ramena, tr\u010danje u vre\u0107i, povla\u010denje konopca i nabacivanje obru\u010da. Praksa je pokazala da mje\u0161tani posebno vole povla\u010denje konopca. Pobjeda u ovoj disciplini, za pojedine je bitnija od sveukupne pobjede na kraju manifestacije \u2013 ka\u017ee on. Dio takmi\u010denja je i kviz znanja iz poljoprivrede.<\/p>\n<p>&#8211; Takmi\u010dari su i u tom dijelu pokazali zavidno znanje. Bilo je i primjera da nam takmi\u010dari tra\u017ee unaprijed odgovore, ali to nismo radili, jer uz svako pitanje ve\u0107 dobijaju ponu\u0111ene odgovore, i moraju da izaberu onaj koji je ta\u010dan \u2013 obja\u0161njava on. Dodaje da dru\u017eenje traje i po nekoliko sati, a da su Prijedor\u010dani nepresu\u0161an izvor kreativnosti.<\/p>\n<p><a href=\"https:\/\/www.prijedordanas.com\/wp-content\/uploads\/2017\/07\/selo-veselo-gornja-lamovita-1.jpg\"><img loading=\"lazy\" decoding=\"async\" class=\"alignleft size-medium wp-image-85623\" src=\"https:\/\/www.prijedordanas.com\/wp-content\/uploads\/2017\/07\/selo-veselo-gornja-lamovita-1-300x225.jpg\" alt=\"\" width=\"300\" height=\"225\" srcset=\"https:\/\/www.prijedordanas.com\/wp-content\/uploads\/2017\/07\/selo-veselo-gornja-lamovita-1-300x225.jpg 300w, https:\/\/www.prijedordanas.com\/wp-content\/uploads\/2017\/07\/selo-veselo-gornja-lamovita-1-100x75.jpg 100w, https:\/\/www.prijedordanas.com\/wp-content\/uploads\/2017\/07\/selo-veselo-gornja-lamovita-1-640x480.jpg 640w, https:\/\/www.prijedordanas.com\/wp-content\/uploads\/2017\/07\/selo-veselo-gornja-lamovita-1.jpg 667w\" sizes=\"(max-width: 300px) 100vw, 300px\" \/><\/a>&#8211; Na manifestaciji izla\u017eu razne rukotvorine, kao i tradicionalne predmete, koji polako nestaju iz upotrebe. U nekim mjestima su mje\u0161tani dovozili i svoju poljoprivrednu mehanizaciju i radne ma\u0161ine, kako bi pokazali okupljenima sa \u010dime raspola\u017eu \u2013 pri\u010da Goronja. Dodaje da je \u201eSelo veselo\u201c i na\u010din za zadr\u017eavanje mladih na selima.<\/p>\n<p>&#8211; Sve vi\u0161e mladi odlaze sa sela, a prete\u017eno ostaju stariji. Me\u0111utim, zbog \u201eSela veselog\u201c sada i mladi dolaze iz grada kod svoje rodbine u okolna sela ili imanja koja tamo imaju, dru\u017ee se i razvijaju dru\u0161tvene odnose na selu, a ne samo u gradu \u2013 obja\u0161njava on.<\/p>\n<p>Navodi i da se svake godine u takmi\u010denju u\u010destvuje 16 sela koja se takmi\u010de u \u010detiri grupe. Kod jednog sela koje je doma\u0107in, dolaze gosti iz susjedna tri mjesta. Gost pobjednik preuzima ulogu narednog doma\u0107ina. U ovogodi\u0161nje finale plasirali su se Ga\u0107ani, Donja Dragotinja i Gornja Lamovita.<\/p>\n<p>&#8211; Naredni zabavni karneval sti\u017ee u Gradinu kod Omarske, 30. jula, kada \u0107e biti poznati i \u010detvrti finalisti \u2013 obja\u0161njava on.<\/p>\n<p>Sela ni zimi nisu zanemarena<\/p>\n<p>Pored ove ljetnje manifestacije, zimi se u prijedorskim selima odr\u017eava \u201eVe\u010de kulturnog stvarala\u0161tva\u201c, \u010diji je autor tako\u0111e Goronja.<\/p>\n<p>&#8211; U zimskim mjesecima, organizujemo dru\u017eenja u seoskim domovima kulture. Na \u201eVe\u010derima kulturnog stvarala\u0161tva\u201c mje\u0161tani, svih generacija, se dru\u017ee i predstavljaju svoja kulturna djela \u2013 ka\u017ee on.<\/p>\n<p>EuroBlic<\/p>\n","protected":false},"excerpt":{"rendered":"<p>Kulturno-zabavna manifestacija \u201cSelo veselo\u201d godinama o\u017eivljava dru\u0161tveni \u017eivot u prijedorskim selima i vra\u0107a osmijeh na lica njegovim \u017eiteljima. \u201cSelo veselo\u201d je od 2010. godine postalo i sastavni dio manifestacije prijedorsko [&hellip;]<\/p>\n","protected":false},"author":1,"featured_media":0,"comment_status":"closed","ping_status":"open","sticky":false,"template":"","format":"standard","meta":{"_monsterinsights_skip_tracking":false,"_monsterinsights_sitenote_active":false,"_monsterinsights_sitenote_note":"","_monsterinsights_sitenote_category":0,"footnotes":""},"categories":[3],"tags":[],"yoast_head":"<!-- This site is optimized with the Yoast SEO plugin v21.6 - https:\/\/yoast.com\/wordpress\/plugins\/seo\/ -->\n<title>MANIFESTACIJAMA VRA\u0106AJU DRU\u0160TVENI \u017dIVOT MJESTIMA U OKOLINI PRIJEDORA: MLADI RADO DOLAZE NA \u201eSELO VESELO\u201c - PrijedorDanas.com - Prijedorski gradski portal<\/title>\n<meta name=\"robots\" content=\"index, follow, max-snippet:-1, max-image-preview:large, max-video-preview:-1\" \/>\n<link rel=\"canonical\" href=\"https:\/\/www.prijedordanas.com\/?p=86407\" \/>\n<meta property=\"og:locale\" content=\"en_US\" \/>\n<meta property=\"og:type\" content=\"article\" \/>\n<meta property=\"og:title\" content=\"MANIFESTACIJAMA VRA\u0106AJU DRU\u0160TVENI \u017dIVOT MJESTIMA U OKOLINI PRIJEDORA: MLADI RADO DOLAZE NA \u201eSELO VESELO\u201c - PrijedorDanas.com - Prijedorski gradski portal\" \/>\n<meta property=\"og:description\" content=\"Kulturno-zabavna manifestacija \u201cSelo veselo\u201d godinama o\u017eivljava dru\u0161tveni \u017eivot u prijedorskim selima i vra\u0107a osmijeh na lica njegovim \u017eiteljima. \u201cSelo veselo\u201d je od 2010. godine postalo i sastavni dio manifestacije prijedorsko [&hellip;]\" \/>\n<meta property=\"og:url\" content=\"https:\/\/www.prijedordanas.com\/?p=86407\" \/>\n<meta property=\"og:site_name\" content=\"PrijedorDanas.com - Prijedorski gradski portal\" \/>\n<meta property=\"article:publisher\" content=\"https:\/\/www.facebook.com\/PrijedorDanasCom\/\" \/>\n<meta property=\"article:published_time\" content=\"2017-07-30T16:20:49+00:00\" \/>\n<meta property=\"og:image\" content=\"https:\/\/www.prijedordanas.com\/wp-content\/uploads\/2017\/06\/selo-veselo-2017-donja-dragotinja-2-300x225.jpg\" \/>\n<meta name=\"author\" content=\"admin\" \/>\n<meta name=\"twitter:card\" content=\"summary_large_image\" \/>\n<meta name=\"twitter:label1\" content=\"Written by\" \/>\n\t<meta name=\"twitter:data1\" content=\"admin\" \/>\n\t<meta name=\"twitter:label2\" content=\"Est. reading time\" \/>\n\t<meta name=\"twitter:data2\" content=\"3 minutes\" \/>\n<script type=\"application\/ld+json\" class=\"yoast-schema-graph\">{\"@context\":\"https:\/\/schema.org\",\"@graph\":[{\"@type\":\"Article\",\"@id\":\"https:\/\/www.prijedordanas.com\/?p=86407#article\",\"isPartOf\":{\"@id\":\"https:\/\/www.prijedordanas.com\/?p=86407\"},\"author\":{\"name\":\"admin\",\"@id\":\"https:\/\/www.prijedordanas.com\/#\/schema\/person\/4e08ccf29b506ca916ff86d46bb700e6\"},\"headline\":\"MANIFESTACIJAMA VRA\u0106AJU DRU\u0160TVENI \u017dIVOT MJESTIMA U OKOLINI PRIJEDORA: MLADI RADO DOLAZE NA \u201eSELO VESELO\u201c\",\"datePublished\":\"2017-07-30T16:20:49+00:00\",\"dateModified\":\"2017-07-30T16:20:49+00:00\",\"mainEntityOfPage\":{\"@id\":\"https:\/\/www.prijedordanas.com\/?p=86407\"},\"wordCount\":565,\"publisher\":{\"@id\":\"https:\/\/www.prijedordanas.com\/#organization\"},\"articleSection\":[\"\u017divot\"],\"inLanguage\":\"en-US\"},{\"@type\":\"WebPage\",\"@id\":\"https:\/\/www.prijedordanas.com\/?p=86407\",\"url\":\"https:\/\/www.prijedordanas.com\/?p=86407\",\"name\":\"MANIFESTACIJAMA VRA\u0106AJU DRU\u0160TVENI \u017dIVOT MJESTIMA U OKOLINI PRIJEDORA: MLADI RADO DOLAZE NA \u201eSELO VESELO\u201c - PrijedorDanas.com - Prijedorski gradski portal\",\"isPartOf\":{\"@id\":\"https:\/\/www.prijedordanas.com\/#website\"},\"datePublished\":\"2017-07-30T16:20:49+00:00\",\"dateModified\":\"2017-07-30T16:20:49+00:00\",\"breadcrumb\":{\"@id\":\"https:\/\/www.prijedordanas.com\/?p=86407#breadcrumb\"},\"inLanguage\":\"en-US\",\"potentialAction\":[{\"@type\":\"ReadAction\",\"target\":[\"https:\/\/www.prijedordanas.com\/?p=86407\"]}]},{\"@type\":\"BreadcrumbList\",\"@id\":\"https:\/\/www.prijedordanas.com\/?p=86407#breadcrumb\",\"itemListElement\":[{\"@type\":\"ListItem\",\"position\":1,\"name\":\"Home\",\"item\":\"https:\/\/www.prijedordanas.com\/\"},{\"@type\":\"ListItem\",\"position\":2,\"name\":\"MANIFESTACIJAMA VRA\u0106AJU DRU\u0160TVENI \u017dIVOT MJESTIMA U OKOLINI PRIJEDORA: MLADI RADO DOLAZE NA \u201eSELO VESELO\u201c\"}]},{\"@type\":\"WebSite\",\"@id\":\"https:\/\/www.prijedordanas.com\/#website\",\"url\":\"https:\/\/www.prijedordanas.com\/\",\"name\":\"PrijedorDanas.com - Prijedorski gradski portal\",\"description\":\"Portal o doga\u0111anjima u gradu Prijedoru\",\"publisher\":{\"@id\":\"https:\/\/www.prijedordanas.com\/#organization\"},\"potentialAction\":[{\"@type\":\"SearchAction\",\"target\":{\"@type\":\"EntryPoint\",\"urlTemplate\":\"https:\/\/www.prijedordanas.com\/?s={search_term_string}\"},\"query-input\":\"required name=search_term_string\"}],\"inLanguage\":\"en-US\"},{\"@type\":\"Organization\",\"@id\":\"https:\/\/www.prijedordanas.com\/#organization\",\"name\":\"PrijedorDanas.com\",\"url\":\"https:\/\/www.prijedordanas.com\/\",\"logo\":{\"@type\":\"ImageObject\",\"inLanguage\":\"en-US\",\"@id\":\"https:\/\/www.prijedordanas.com\/#\/schema\/logo\/image\/\",\"url\":\"http:\/\/www.prijedordanas.com\/wp-content\/uploads\/2021\/12\/logopng.png\",\"contentUrl\":\"http:\/\/www.prijedordanas.com\/wp-content\/uploads\/2021\/12\/logopng.png\",\"width\":1019,\"height\":776,\"caption\":\"PrijedorDanas.com\"},\"image\":{\"@id\":\"https:\/\/www.prijedordanas.com\/#\/schema\/logo\/image\/\"},\"sameAs\":[\"https:\/\/www.facebook.com\/PrijedorDanasCom\/\"]},{\"@type\":\"Person\",\"@id\":\"https:\/\/www.prijedordanas.com\/#\/schema\/person\/4e08ccf29b506ca916ff86d46bb700e6\",\"name\":\"admin\",\"image\":{\"@type\":\"ImageObject\",\"inLanguage\":\"en-US\",\"@id\":\"https:\/\/www.prijedordanas.com\/#\/schema\/person\/image\/\",\"url\":\"https:\/\/secure.gravatar.com\/avatar\/1d3fc949d550f0b53a5f0d51e06dfd79?s=96&d=mm&r=g\",\"contentUrl\":\"https:\/\/secure.gravatar.com\/avatar\/1d3fc949d550f0b53a5f0d51e06dfd79?s=96&d=mm&r=g\",\"caption\":\"admin\"},\"url\":\"https:\/\/www.prijedordanas.com\/?author=1\"}]}<\/script>\n<!-- \/ Yoast SEO plugin. -->","yoast_head_json":{"title":"MANIFESTACIJAMA VRA\u0106AJU DRU\u0160TVENI \u017dIVOT MJESTIMA U OKOLINI PRIJEDORA: MLADI RADO DOLAZE NA \u201eSELO VESELO\u201c - PrijedorDanas.com - Prijedorski gradski portal","robots":{"index":"index","follow":"follow","max-snippet":"max-snippet:-1","max-image-preview":"max-image-preview:large","max-video-preview":"max-video-preview:-1"},"canonical":"https:\/\/www.prijedordanas.com\/?p=86407","og_locale":"en_US","og_type":"article","og_title":"MANIFESTACIJAMA VRA\u0106AJU DRU\u0160TVENI \u017dIVOT MJESTIMA U OKOLINI PRIJEDORA: MLADI RADO DOLAZE NA \u201eSELO VESELO\u201c - PrijedorDanas.com - Prijedorski gradski portal","og_description":"Kulturno-zabavna manifestacija \u201cSelo veselo\u201d godinama o\u017eivljava dru\u0161tveni \u017eivot u prijedorskim selima i vra\u0107a osmijeh na lica njegovim \u017eiteljima. \u201cSelo veselo\u201d je od 2010. godine postalo i sastavni dio manifestacije prijedorsko [&hellip;]","og_url":"https:\/\/www.prijedordanas.com\/?p=86407","og_site_name":"PrijedorDanas.com - Prijedorski gradski portal","article_publisher":"https:\/\/www.facebook.com\/PrijedorDanasCom\/","article_published_time":"2017-07-30T16:20:49+00:00","og_image":[{"url":"https:\/\/www.prijedordanas.com\/wp-content\/uploads\/2017\/06\/selo-veselo-2017-donja-dragotinja-2-300x225.jpg"}],"author":"admin","twitter_card":"summary_large_image","twitter_misc":{"Written by":"admin","Est. reading time":"3 minutes"},"schema":{"@context":"https:\/\/schema.org","@graph":[{"@type":"Article","@id":"https:\/\/www.prijedordanas.com\/?p=86407#article","isPartOf":{"@id":"https:\/\/www.prijedordanas.com\/?p=86407"},"author":{"name":"admin","@id":"https:\/\/www.prijedordanas.com\/#\/schema\/person\/4e08ccf29b506ca916ff86d46bb700e6"},"headline":"MANIFESTACIJAMA VRA\u0106AJU DRU\u0160TVENI \u017dIVOT MJESTIMA U OKOLINI PRIJEDORA: MLADI RADO DOLAZE NA \u201eSELO VESELO\u201c","datePublished":"2017-07-30T16:20:49+00:00","dateModified":"2017-07-30T16:20:49+00:00","mainEntityOfPage":{"@id":"https:\/\/www.prijedordanas.com\/?p=86407"},"wordCount":565,"publisher":{"@id":"https:\/\/www.prijedordanas.com\/#organization"},"articleSection":["\u017divot"],"inLanguage":"en-US"},{"@type":"WebPage","@id":"https:\/\/www.prijedordanas.com\/?p=86407","url":"https:\/\/www.prijedordanas.com\/?p=86407","name":"MANIFESTACIJAMA VRA\u0106AJU DRU\u0160TVENI \u017dIVOT MJESTIMA U OKOLINI PRIJEDORA: MLADI RADO DOLAZE NA \u201eSELO VESELO\u201c - PrijedorDanas.com - Prijedorski gradski portal","isPartOf":{"@id":"https:\/\/www.prijedordanas.com\/#website"},"datePublished":"2017-07-30T16:20:49+00:00","dateModified":"2017-07-30T16:20:49+00:00","breadcrumb":{"@id":"https:\/\/www.prijedordanas.com\/?p=86407#breadcrumb"},"inLanguage":"en-US","potentialAction":[{"@type":"ReadAction","target":["https:\/\/www.prijedordanas.com\/?p=86407"]}]},{"@type":"BreadcrumbList","@id":"https:\/\/www.prijedordanas.com\/?p=86407#breadcrumb","itemListElement":[{"@type":"ListItem","position":1,"name":"Home","item":"https:\/\/www.prijedordanas.com\/"},{"@type":"ListItem","position":2,"name":"MANIFESTACIJAMA VRA\u0106AJU DRU\u0160TVENI \u017dIVOT MJESTIMA U OKOLINI PRIJEDORA: MLADI RADO DOLAZE NA \u201eSELO VESELO\u201c"}]},{"@type":"WebSite","@id":"https:\/\/www.prijedordanas.com\/#website","url":"https:\/\/www.prijedordanas.com\/","name":"PrijedorDanas.com - Prijedorski gradski portal","description":"Portal o doga\u0111anjima u gradu Prijedoru","publisher":{"@id":"https:\/\/www.prijedordanas.com\/#organization"},"potentialAction":[{"@type":"SearchAction","target":{"@type":"EntryPoint","urlTemplate":"https:\/\/www.prijedordanas.com\/?s={search_term_string}"},"query-input":"required name=search_term_string"}],"inLanguage":"en-US"},{"@type":"Organization","@id":"https:\/\/www.prijedordanas.com\/#organization","name":"PrijedorDanas.com","url":"https:\/\/www.prijedordanas.com\/","logo":{"@type":"ImageObject","inLanguage":"en-US","@id":"https:\/\/www.prijedordanas.com\/#\/schema\/logo\/image\/","url":"http:\/\/www.prijedordanas.com\/wp-content\/uploads\/2021\/12\/logopng.png","contentUrl":"http:\/\/www.prijedordanas.com\/wp-content\/uploads\/2021\/12\/logopng.png","width":1019,"height":776,"caption":"PrijedorDanas.com"},"image":{"@id":"https:\/\/www.prijedordanas.com\/#\/schema\/logo\/image\/"},"sameAs":["https:\/\/www.facebook.com\/PrijedorDanasCom\/"]},{"@type":"Person","@id":"https:\/\/www.prijedordanas.com\/#\/schema\/person\/4e08ccf29b506ca916ff86d46bb700e6","name":"admin","image":{"@type":"ImageObject","inLanguage":"en-US","@id":"https:\/\/www.prijedordanas.com\/#\/schema\/person\/image\/","url":"https:\/\/secure.gravatar.com\/avatar\/1d3fc949d550f0b53a5f0d51e06dfd79?s=96&d=mm&r=g","contentUrl":"https:\/\/secure.gravatar.com\/avatar\/1d3fc949d550f0b53a5f0d51e06dfd79?s=96&d=mm&r=g","caption":"admin"},"url":"https:\/\/www.prijedordanas.com\/?author=1"}]}},"_links":{"self":[{"href":"https:\/\/www.prijedordanas.com\/index.php?rest_route=\/wp\/v2\/posts\/86407"}],"collection":[{"href":"https:\/\/www.prijedordanas.com\/index.php?rest_route=\/wp\/v2\/posts"}],"about":[{"href":"https:\/\/www.prijedordanas.com\/index.php?rest_route=\/wp\/v2\/types\/post"}],"author":[{"embeddable":true,"href":"https:\/\/www.prijedordanas.com\/index.php?rest_route=\/wp\/v2\/users\/1"}],"replies":[{"embeddable":true,"href":"https:\/\/www.prijedordanas.com\/index.php?rest_route=%2Fwp%2Fv2%2Fcomments&post=86407"}],"version-history":[{"count":1,"href":"https:\/\/www.prijedordanas.com\/index.php?rest_route=\/wp\/v2\/posts\/86407\/revisions"}],"predecessor-version":[{"id":86408,"href":"https:\/\/www.prijedordanas.com\/index.php?rest_route=\/wp\/v2\/posts\/86407\/revisions\/86408"}],"wp:attachment":[{"href":"https:\/\/www.prijedordanas.com\/index.php?rest_route=%2Fwp%2Fv2%2Fmedia&parent=86407"}],"wp:term":[{"taxonomy":"category","embeddable":true,"href":"https:\/\/www.prijedordanas.com\/index.php?rest_route=%2Fwp%2Fv2%2Fcategories&post=86407"},{"taxonomy":"post_tag","embeddable":true,"href":"https:\/\/www.prijedordanas.com\/index.php?rest_route=%2Fwp%2Fv2%2Ftags&post=86407"}],"curies":[{"name":"wp","href":"https:\/\/api.w.org\/{rel}","templated":true}]}}