{"id":85772,"date":"2017-07-19T19:09:59","date_gmt":"2017-07-19T17:09:59","guid":{"rendered":"https:\/\/www.prijedordanas.com\/?p=85772"},"modified":"2017-07-19T19:09:59","modified_gmt":"2017-07-19T17:09:59","slug":"kolektivna-dzenaza-prijedor-spisak-za-ukop-20-jula-2017","status":"publish","type":"post","link":"https:\/\/www.prijedordanas.com\/?p=85772","title":{"rendered":"KOLEKTIVNA D\u017dENAZA PRIJEDOR: SPISAK ZA UKOP 20. JULA 2017."},"content":{"rendered":"<p><a href=\"https:\/\/www.prijedordanas.com\/wp-content\/uploads\/2017\/07\/kolektivna-dzenaza-arhiva-1.jpg\"><img loading=\"lazy\" decoding=\"async\" class=\"alignleft size-medium wp-image-85773\" src=\"https:\/\/www.prijedordanas.com\/wp-content\/uploads\/2017\/07\/kolektivna-dzenaza-arhiva-1-300x222.jpg\" alt=\"\" width=\"300\" height=\"222\" srcset=\"https:\/\/www.prijedordanas.com\/wp-content\/uploads\/2017\/07\/kolektivna-dzenaza-arhiva-1-300x222.jpg 300w, https:\/\/www.prijedordanas.com\/wp-content\/uploads\/2017\/07\/kolektivna-dzenaza-arhiva-1-100x74.jpg 100w, https:\/\/www.prijedordanas.com\/wp-content\/uploads\/2017\/07\/kolektivna-dzenaza-arhiva-1.jpg 675w\" sizes=\"(max-width: 300px) 100vw, 300px\" \/><\/a>Ovogodi\u0161nja kolektivna d\u017eenaza i ispra\u0107aj posmrtnih ostataka Prijedor\u010dana stradalih u proteklom ratu bi\u0107e odr\u017eani na stadionu \u201cPoljana\u201d (Berek) u prijedorskom naselju Ra\u0161kovac, ovoga \u010detvrtka, 20. jula sa po\u010detkom u 9:00 \u010dasova.<\/p>\n<p>Organizatori d\u017eenaze su Med\u017elisi Islamske zajednice Prijedor i Kozarac, a predvodi\u0107e je reisu-l-ulema Husein ef. Kavazovi\u0107.<\/p>\n<p>Nakon kolektivne d\u017eenaze posmrtni ostaci 23 lica bi\u0107e ukopani na mezarjima Skela, Kami\u010dani, Rizvanovi\u0107i, Rakov\u010dani, Bi\u0161\u0107ani, Zecovi i \u010carakovo.<\/p>\n<p><a href=\"https:\/\/www.prijedordanas.com\/wp-content\/uploads\/2017\/07\/dzenaza-prijedor-plakat-spisak.jpg\"><img loading=\"lazy\" decoding=\"async\" class=\"alignleft size-medium wp-image-85774\" src=\"https:\/\/www.prijedordanas.com\/wp-content\/uploads\/2017\/07\/dzenaza-prijedor-plakat-spisak-300x222.jpg\" alt=\"\" width=\"300\" height=\"222\" srcset=\"https:\/\/www.prijedordanas.com\/wp-content\/uploads\/2017\/07\/dzenaza-prijedor-plakat-spisak-300x222.jpg 300w, https:\/\/www.prijedordanas.com\/wp-content\/uploads\/2017\/07\/dzenaza-prijedor-plakat-spisak-100x74.jpg 100w, https:\/\/www.prijedordanas.com\/wp-content\/uploads\/2017\/07\/dzenaza-prijedor-plakat-spisak.jpg 677w\" sizes=\"(max-width: 300px) 100vw, 300px\" \/><\/a>Spisak identifikovanih za ukop 20.jula 2017. godine.<br \/>\n1. Ifet (Fahrudin) Vojnikovi\u0107 (1973) \u2013 Bi\u0161\u0107ani<br \/>\n2. Velid (Ramo) Maro\u0161li\u0107 (1972) &#8211; Kami\u010dani<br \/>\n3. Adem (Sefer) Ke\u0161i\u0107 (1969) &#8211; Kami\u010dani<br \/>\n4. Kemal (Sefer) Ke\u0161i\u0107 (1962) &#8211; Kami\u010dani<br \/>\n5. Edin (Ahmet) Dedi\u0107 (1969) &#8211; Rizvanovi\u0107i<br \/>\n6. Fikret (Rahum) Duratovi\u0107 (1968) &#8211; Rizvanovi\u0107i<br \/>\n7. Ermin (Rahim) Duratovi\u0107 (1968) &#8211; Rizvanovi\u0107i<br \/>\n8. Safet (Hamed) Avdi\u0107 (1967) &#8211; Rakov\u010dani<br \/>\n9. Sakib (Fehim) Kahrimanovi\u0107 (1966) &#8211; Kami\u010dani<br \/>\n10. Mustafa (Mehmed) Karagi\u0107 (1966) &#8211; Rizvanovi\u0107i<br \/>\n11. Edin (Be\u0107ir) Rizvanovi\u0107 (1964) &#8211; Rizvanovi\u0107i<br \/>\n12. Suvad (Sadik) Keki\u0107 (1963) \u2013 Bi\u0161\u0107ani<br \/>\n13. Suad (Husnija) Maro\u0161li\u0107 (1962) &#8211; Kami\u010dani<br \/>\n14. Kemal (Abdulah) Hod\u017ei\u0107 (1960) &#8211; Kami\u010dani<br \/>\n15. Bajro (Ago) Braki\u0107 (1941) &#8211; Zecovi<br \/>\n16. Fehim (Bajro) Braki\u0107 (1962) &#8211; Zecovi<br \/>\n17. Emsud (Alija) Keki\u0107 (1957) \u2013 Bi\u0161\u0107ani<br \/>\n18. Teufik (Tahir) Kljaji\u0107 (1949) &#8211; \u010carakovo<br \/>\n19. Smail (Osman) Reki\u0107 (1943) \u2013 Bi\u0161\u0107ani<br \/>\n20. Abdulah (Jasim) Kadiri\u0107 (1942) \u2013 Bi\u0161\u0107ani<br \/>\n21. Ibrahim (Karanfil) Ba\u010di\u0107 (1927) &#8211; Zecovi<br \/>\n22. D\u017eehva (Hase) Had\u017ei\u0107 (1925) &#8211; Skela<br \/>\n23. \u0160erif (Hasan) Hegi\u0107 (1920) \u2013 Bi\u0161\u0107ani<\/p>\n<p>Priredio &#8211; Aleksandar Drakuli\u0107 \u2013 <a href=\"https:\/\/www.prijedordanas.com\" target=\"_blank\" rel=\"noopener noreferrer\">www.prijedordanas.com<\/a><\/p>\n<p><a href=\"https:\/\/www.prijedordanas.com\/wp-content\/uploads\/2017\/07\/kolektivna-dzenaza-arhiva-2.jpg\"><img loading=\"lazy\" decoding=\"async\" class=\"alignleft size-medium wp-image-85775\" src=\"https:\/\/www.prijedordanas.com\/wp-content\/uploads\/2017\/07\/kolektivna-dzenaza-arhiva-2-300x222.jpg\" alt=\"\" width=\"300\" height=\"222\" srcset=\"https:\/\/www.prijedordanas.com\/wp-content\/uploads\/2017\/07\/kolektivna-dzenaza-arhiva-2-300x222.jpg 300w, https:\/\/www.prijedordanas.com\/wp-content\/uploads\/2017\/07\/kolektivna-dzenaza-arhiva-2-100x74.jpg 100w, https:\/\/www.prijedordanas.com\/wp-content\/uploads\/2017\/07\/kolektivna-dzenaza-arhiva-2.jpg 675w\" sizes=\"(max-width: 300px) 100vw, 300px\" \/><\/a><\/p>\n","protected":false},"excerpt":{"rendered":"<p>Ovogodi\u0161nja kolektivna d\u017eenaza i ispra\u0107aj posmrtnih ostataka Prijedor\u010dana stradalih u proteklom ratu bi\u0107e odr\u017eani na stadionu \u201cPoljana\u201d (Berek) u prijedorskom naselju Ra\u0161kovac, ovoga \u010detvrtka, 20. jula sa po\u010detkom u 9:00 [&hellip;]<\/p>\n","protected":false},"author":1,"featured_media":0,"comment_status":"closed","ping_status":"open","sticky":false,"template":"","format":"standard","meta":{"_monsterinsights_skip_tracking":false,"_monsterinsights_sitenote_active":false,"_monsterinsights_sitenote_note":"","_monsterinsights_sitenote_category":0,"footnotes":""},"categories":[8],"tags":[],"yoast_head":"<!-- This site is optimized with the Yoast SEO plugin v21.6 - https:\/\/yoast.com\/wordpress\/plugins\/seo\/ -->\n<title>KOLEKTIVNA D\u017dENAZA PRIJEDOR: SPISAK ZA UKOP 20. JULA 2017. - PrijedorDanas.com - Prijedorski gradski portal<\/title>\n<meta name=\"robots\" content=\"index, follow, max-snippet:-1, max-image-preview:large, max-video-preview:-1\" \/>\n<link rel=\"canonical\" href=\"https:\/\/www.prijedordanas.com\/?p=85772\" \/>\n<meta property=\"og:locale\" content=\"en_US\" \/>\n<meta property=\"og:type\" content=\"article\" \/>\n<meta property=\"og:title\" content=\"KOLEKTIVNA D\u017dENAZA PRIJEDOR: SPISAK ZA UKOP 20. JULA 2017. - PrijedorDanas.com - Prijedorski gradski portal\" \/>\n<meta property=\"og:description\" content=\"Ovogodi\u0161nja kolektivna d\u017eenaza i ispra\u0107aj posmrtnih ostataka Prijedor\u010dana stradalih u proteklom ratu bi\u0107e odr\u017eani na stadionu \u201cPoljana\u201d (Berek) u prijedorskom naselju Ra\u0161kovac, ovoga \u010detvrtka, 20. jula sa po\u010detkom u 9:00 [&hellip;]\" \/>\n<meta property=\"og:url\" content=\"https:\/\/www.prijedordanas.com\/?p=85772\" \/>\n<meta property=\"og:site_name\" content=\"PrijedorDanas.com - Prijedorski gradski portal\" \/>\n<meta property=\"article:publisher\" content=\"https:\/\/www.facebook.com\/PrijedorDanasCom\/\" \/>\n<meta property=\"article:published_time\" content=\"2017-07-19T17:09:59+00:00\" \/>\n<meta property=\"og:image\" content=\"https:\/\/www.prijedordanas.com\/wp-content\/uploads\/2017\/07\/kolektivna-dzenaza-arhiva-1-300x222.jpg\" \/>\n<meta name=\"author\" content=\"admin\" \/>\n<meta name=\"twitter:card\" content=\"summary_large_image\" \/>\n<meta name=\"twitter:label1\" content=\"Written by\" \/>\n\t<meta name=\"twitter:data1\" content=\"admin\" \/>\n\t<meta name=\"twitter:label2\" content=\"Est. reading time\" \/>\n\t<meta name=\"twitter:data2\" content=\"1 minute\" \/>\n<script type=\"application\/ld+json\" class=\"yoast-schema-graph\">{\"@context\":\"https:\/\/schema.org\",\"@graph\":[{\"@type\":\"Article\",\"@id\":\"https:\/\/www.prijedordanas.com\/?p=85772#article\",\"isPartOf\":{\"@id\":\"https:\/\/www.prijedordanas.com\/?p=85772\"},\"author\":{\"name\":\"admin\",\"@id\":\"https:\/\/www.prijedordanas.com\/#\/schema\/person\/4e08ccf29b506ca916ff86d46bb700e6\"},\"headline\":\"KOLEKTIVNA D\u017dENAZA PRIJEDOR: SPISAK ZA UKOP 20. JULA 2017.\",\"datePublished\":\"2017-07-19T17:09:59+00:00\",\"dateModified\":\"2017-07-19T17:09:59+00:00\",\"mainEntityOfPage\":{\"@id\":\"https:\/\/www.prijedordanas.com\/?p=85772\"},\"wordCount\":237,\"publisher\":{\"@id\":\"https:\/\/www.prijedordanas.com\/#organization\"},\"articleSection\":[\"Svakodnevno\"],\"inLanguage\":\"en-US\"},{\"@type\":\"WebPage\",\"@id\":\"https:\/\/www.prijedordanas.com\/?p=85772\",\"url\":\"https:\/\/www.prijedordanas.com\/?p=85772\",\"name\":\"KOLEKTIVNA D\u017dENAZA PRIJEDOR: SPISAK ZA UKOP 20. JULA 2017. - PrijedorDanas.com - Prijedorski gradski portal\",\"isPartOf\":{\"@id\":\"https:\/\/www.prijedordanas.com\/#website\"},\"datePublished\":\"2017-07-19T17:09:59+00:00\",\"dateModified\":\"2017-07-19T17:09:59+00:00\",\"breadcrumb\":{\"@id\":\"https:\/\/www.prijedordanas.com\/?p=85772#breadcrumb\"},\"inLanguage\":\"en-US\",\"potentialAction\":[{\"@type\":\"ReadAction\",\"target\":[\"https:\/\/www.prijedordanas.com\/?p=85772\"]}]},{\"@type\":\"BreadcrumbList\",\"@id\":\"https:\/\/www.prijedordanas.com\/?p=85772#breadcrumb\",\"itemListElement\":[{\"@type\":\"ListItem\",\"position\":1,\"name\":\"Home\",\"item\":\"https:\/\/www.prijedordanas.com\/\"},{\"@type\":\"ListItem\",\"position\":2,\"name\":\"KOLEKTIVNA D\u017dENAZA PRIJEDOR: SPISAK ZA UKOP 20. JULA 2017.\"}]},{\"@type\":\"WebSite\",\"@id\":\"https:\/\/www.prijedordanas.com\/#website\",\"url\":\"https:\/\/www.prijedordanas.com\/\",\"name\":\"PrijedorDanas.com - Prijedorski gradski portal\",\"description\":\"Portal o doga\u0111anjima u gradu Prijedoru\",\"publisher\":{\"@id\":\"https:\/\/www.prijedordanas.com\/#organization\"},\"potentialAction\":[{\"@type\":\"SearchAction\",\"target\":{\"@type\":\"EntryPoint\",\"urlTemplate\":\"https:\/\/www.prijedordanas.com\/?s={search_term_string}\"},\"query-input\":\"required name=search_term_string\"}],\"inLanguage\":\"en-US\"},{\"@type\":\"Organization\",\"@id\":\"https:\/\/www.prijedordanas.com\/#organization\",\"name\":\"PrijedorDanas.com\",\"url\":\"https:\/\/www.prijedordanas.com\/\",\"logo\":{\"@type\":\"ImageObject\",\"inLanguage\":\"en-US\",\"@id\":\"https:\/\/www.prijedordanas.com\/#\/schema\/logo\/image\/\",\"url\":\"http:\/\/www.prijedordanas.com\/wp-content\/uploads\/2021\/12\/logopng.png\",\"contentUrl\":\"http:\/\/www.prijedordanas.com\/wp-content\/uploads\/2021\/12\/logopng.png\",\"width\":1019,\"height\":776,\"caption\":\"PrijedorDanas.com\"},\"image\":{\"@id\":\"https:\/\/www.prijedordanas.com\/#\/schema\/logo\/image\/\"},\"sameAs\":[\"https:\/\/www.facebook.com\/PrijedorDanasCom\/\"]},{\"@type\":\"Person\",\"@id\":\"https:\/\/www.prijedordanas.com\/#\/schema\/person\/4e08ccf29b506ca916ff86d46bb700e6\",\"name\":\"admin\",\"image\":{\"@type\":\"ImageObject\",\"inLanguage\":\"en-US\",\"@id\":\"https:\/\/www.prijedordanas.com\/#\/schema\/person\/image\/\",\"url\":\"https:\/\/secure.gravatar.com\/avatar\/1d3fc949d550f0b53a5f0d51e06dfd79?s=96&d=mm&r=g\",\"contentUrl\":\"https:\/\/secure.gravatar.com\/avatar\/1d3fc949d550f0b53a5f0d51e06dfd79?s=96&d=mm&r=g\",\"caption\":\"admin\"},\"url\":\"https:\/\/www.prijedordanas.com\/?author=1\"}]}<\/script>\n<!-- \/ Yoast SEO plugin. -->","yoast_head_json":{"title":"KOLEKTIVNA D\u017dENAZA PRIJEDOR: SPISAK ZA UKOP 20. JULA 2017. - PrijedorDanas.com - Prijedorski gradski portal","robots":{"index":"index","follow":"follow","max-snippet":"max-snippet:-1","max-image-preview":"max-image-preview:large","max-video-preview":"max-video-preview:-1"},"canonical":"https:\/\/www.prijedordanas.com\/?p=85772","og_locale":"en_US","og_type":"article","og_title":"KOLEKTIVNA D\u017dENAZA PRIJEDOR: SPISAK ZA UKOP 20. JULA 2017. - PrijedorDanas.com - Prijedorski gradski portal","og_description":"Ovogodi\u0161nja kolektivna d\u017eenaza i ispra\u0107aj posmrtnih ostataka Prijedor\u010dana stradalih u proteklom ratu bi\u0107e odr\u017eani na stadionu \u201cPoljana\u201d (Berek) u prijedorskom naselju Ra\u0161kovac, ovoga \u010detvrtka, 20. jula sa po\u010detkom u 9:00 [&hellip;]","og_url":"https:\/\/www.prijedordanas.com\/?p=85772","og_site_name":"PrijedorDanas.com - Prijedorski gradski portal","article_publisher":"https:\/\/www.facebook.com\/PrijedorDanasCom\/","article_published_time":"2017-07-19T17:09:59+00:00","og_image":[{"url":"https:\/\/www.prijedordanas.com\/wp-content\/uploads\/2017\/07\/kolektivna-dzenaza-arhiva-1-300x222.jpg"}],"author":"admin","twitter_card":"summary_large_image","twitter_misc":{"Written by":"admin","Est. reading time":"1 minute"},"schema":{"@context":"https:\/\/schema.org","@graph":[{"@type":"Article","@id":"https:\/\/www.prijedordanas.com\/?p=85772#article","isPartOf":{"@id":"https:\/\/www.prijedordanas.com\/?p=85772"},"author":{"name":"admin","@id":"https:\/\/www.prijedordanas.com\/#\/schema\/person\/4e08ccf29b506ca916ff86d46bb700e6"},"headline":"KOLEKTIVNA D\u017dENAZA PRIJEDOR: SPISAK ZA UKOP 20. JULA 2017.","datePublished":"2017-07-19T17:09:59+00:00","dateModified":"2017-07-19T17:09:59+00:00","mainEntityOfPage":{"@id":"https:\/\/www.prijedordanas.com\/?p=85772"},"wordCount":237,"publisher":{"@id":"https:\/\/www.prijedordanas.com\/#organization"},"articleSection":["Svakodnevno"],"inLanguage":"en-US"},{"@type":"WebPage","@id":"https:\/\/www.prijedordanas.com\/?p=85772","url":"https:\/\/www.prijedordanas.com\/?p=85772","name":"KOLEKTIVNA D\u017dENAZA PRIJEDOR: SPISAK ZA UKOP 20. JULA 2017. - PrijedorDanas.com - Prijedorski gradski portal","isPartOf":{"@id":"https:\/\/www.prijedordanas.com\/#website"},"datePublished":"2017-07-19T17:09:59+00:00","dateModified":"2017-07-19T17:09:59+00:00","breadcrumb":{"@id":"https:\/\/www.prijedordanas.com\/?p=85772#breadcrumb"},"inLanguage":"en-US","potentialAction":[{"@type":"ReadAction","target":["https:\/\/www.prijedordanas.com\/?p=85772"]}]},{"@type":"BreadcrumbList","@id":"https:\/\/www.prijedordanas.com\/?p=85772#breadcrumb","itemListElement":[{"@type":"ListItem","position":1,"name":"Home","item":"https:\/\/www.prijedordanas.com\/"},{"@type":"ListItem","position":2,"name":"KOLEKTIVNA D\u017dENAZA PRIJEDOR: SPISAK ZA UKOP 20. JULA 2017."}]},{"@type":"WebSite","@id":"https:\/\/www.prijedordanas.com\/#website","url":"https:\/\/www.prijedordanas.com\/","name":"PrijedorDanas.com - Prijedorski gradski portal","description":"Portal o doga\u0111anjima u gradu Prijedoru","publisher":{"@id":"https:\/\/www.prijedordanas.com\/#organization"},"potentialAction":[{"@type":"SearchAction","target":{"@type":"EntryPoint","urlTemplate":"https:\/\/www.prijedordanas.com\/?s={search_term_string}"},"query-input":"required name=search_term_string"}],"inLanguage":"en-US"},{"@type":"Organization","@id":"https:\/\/www.prijedordanas.com\/#organization","name":"PrijedorDanas.com","url":"https:\/\/www.prijedordanas.com\/","logo":{"@type":"ImageObject","inLanguage":"en-US","@id":"https:\/\/www.prijedordanas.com\/#\/schema\/logo\/image\/","url":"http:\/\/www.prijedordanas.com\/wp-content\/uploads\/2021\/12\/logopng.png","contentUrl":"http:\/\/www.prijedordanas.com\/wp-content\/uploads\/2021\/12\/logopng.png","width":1019,"height":776,"caption":"PrijedorDanas.com"},"image":{"@id":"https:\/\/www.prijedordanas.com\/#\/schema\/logo\/image\/"},"sameAs":["https:\/\/www.facebook.com\/PrijedorDanasCom\/"]},{"@type":"Person","@id":"https:\/\/www.prijedordanas.com\/#\/schema\/person\/4e08ccf29b506ca916ff86d46bb700e6","name":"admin","image":{"@type":"ImageObject","inLanguage":"en-US","@id":"https:\/\/www.prijedordanas.com\/#\/schema\/person\/image\/","url":"https:\/\/secure.gravatar.com\/avatar\/1d3fc949d550f0b53a5f0d51e06dfd79?s=96&d=mm&r=g","contentUrl":"https:\/\/secure.gravatar.com\/avatar\/1d3fc949d550f0b53a5f0d51e06dfd79?s=96&d=mm&r=g","caption":"admin"},"url":"https:\/\/www.prijedordanas.com\/?author=1"}]}},"_links":{"self":[{"href":"https:\/\/www.prijedordanas.com\/index.php?rest_route=\/wp\/v2\/posts\/85772"}],"collection":[{"href":"https:\/\/www.prijedordanas.com\/index.php?rest_route=\/wp\/v2\/posts"}],"about":[{"href":"https:\/\/www.prijedordanas.com\/index.php?rest_route=\/wp\/v2\/types\/post"}],"author":[{"embeddable":true,"href":"https:\/\/www.prijedordanas.com\/index.php?rest_route=\/wp\/v2\/users\/1"}],"replies":[{"embeddable":true,"href":"https:\/\/www.prijedordanas.com\/index.php?rest_route=%2Fwp%2Fv2%2Fcomments&post=85772"}],"version-history":[{"count":1,"href":"https:\/\/www.prijedordanas.com\/index.php?rest_route=\/wp\/v2\/posts\/85772\/revisions"}],"predecessor-version":[{"id":85776,"href":"https:\/\/www.prijedordanas.com\/index.php?rest_route=\/wp\/v2\/posts\/85772\/revisions\/85776"}],"wp:attachment":[{"href":"https:\/\/www.prijedordanas.com\/index.php?rest_route=%2Fwp%2Fv2%2Fmedia&parent=85772"}],"wp:term":[{"taxonomy":"category","embeddable":true,"href":"https:\/\/www.prijedordanas.com\/index.php?rest_route=%2Fwp%2Fv2%2Fcategories&post=85772"},{"taxonomy":"post_tag","embeddable":true,"href":"https:\/\/www.prijedordanas.com\/index.php?rest_route=%2Fwp%2Fv2%2Ftags&post=85772"}],"curies":[{"name":"wp","href":"https:\/\/api.w.org\/{rel}","templated":true}]}}