{"id":85765,"date":"2017-07-19T15:54:00","date_gmt":"2017-07-19T13:54:00","guid":{"rendered":"https:\/\/www.prijedordanas.com\/?p=85765"},"modified":"2017-07-19T15:54:00","modified_gmt":"2017-07-19T13:54:00","slug":"poziv-mladima-za-ucesce-u-projektu-unasana-connect-2017","status":"publish","type":"post","link":"https:\/\/www.prijedordanas.com\/?p=85765","title":{"rendered":"POZIV MLADIMA ZA U\u010cE\u0160\u0106E U PROJEKTU UNA\/SANA CONNECT 2017"},"content":{"rendered":"<p><a href=\"https:\/\/www.prijedordanas.com\/wp-content\/uploads\/2017\/07\/ug-dar-prirode.jpg\"><img loading=\"lazy\" decoding=\"async\" class=\"alignleft size-medium wp-image-85766\" src=\"https:\/\/www.prijedordanas.com\/wp-content\/uploads\/2017\/07\/ug-dar-prirode-300x276.jpg\" alt=\"\" width=\"300\" height=\"276\" srcset=\"https:\/\/www.prijedordanas.com\/wp-content\/uploads\/2017\/07\/ug-dar-prirode-300x276.jpg 300w, https:\/\/www.prijedordanas.com\/wp-content\/uploads\/2017\/07\/ug-dar-prirode-100x92.jpg 100w, https:\/\/www.prijedordanas.com\/wp-content\/uploads\/2017\/07\/ug-dar-prirode.jpg 544w\" sizes=\"(max-width: 300px) 100vw, 300px\" \/><\/a>Pozivamo mlade starosti od 17 &#8211; 20 godina sa podru\u010dja Novog Grada, Bosanske Krupe, Sanskog Mosta i Prijedora da se prijave za u\u010de\u0161\u0107e u projektu Una\/Sana Connect 2017 kojeg finansira Ambasada Sjedinjenih Ameri\u010dkih Dr\u017eava u Bosni i Hercegovini a implementira Udru\u017eenje gra\u0111ana \u201cDar prirode\u201d iz Novog Grada.<\/p>\n<p>Projekat je prevenstveno namijenjen mladima ljudima koji imaju \u017eelju da se upoznaju sa osnovama web dizajna, content system management-a i obrade digitalnih fotografija ali i koji \u017eele da putuju i upoznaju nove prijatelje i mjesta.<\/p>\n<p>Projekat \u010dini vi\u0161e aktivnosti, u trajanju od 7 mjeseci, od kojih izdvajamo ljetni kamp kod Bosanske Otoke (Camp Colony &#8211; https:\/\/www.facebook.com\/CampColony ), organizacija IT edukacija u sva 4 grada obuhva\u0107ena projektom, realizacija 4 lokalne akcije kao i 4 grupne posjete mladih gradovima uklju\u010denim u projekat.<\/p>\n<p>Iz svakoga grada se mo\u017ee prijaviti maksimalno 13 mladih a posebna pa\u017enja prilikom odabira u\u010desnika \u0107e se voditi o polnoj zastupljenosti.<\/p>\n<p>Za u\u010de\u0161\u0107e u projektu posebno ohrabrujemo mlade aktivne u svojoj zajednici, djelovanjem u organizacijama civilnog dru\u0161tva ili koji su na neki drugi na\u010din dru\u0161tveno aktivni.<\/p>\n<p>Za prijavu je potrebno popuniti dokument &#8220;Prijava Una-Sana&#8221; koji mo\u017eete preuzeti <a href=\"https:\/\/www.prijedordanas.com\/wp-content\/uploads\/2017\/07\/Prijava-Una-Sana.pdf\">OVDJE<\/a> te ga proslijediti na e-mail smiric.ng@gmail.com ili ga kao poruku poslati na facebook stranicu <a href=\"https:\/\/www.facebook.com\/UnaSana-Connect-2017-259727444528037\/\" target=\"_blank\" rel=\"noopener\">Una\/Sana Connect 2017<\/a> .<\/p>\n<p>Rok za prijavu je 7.8.2017. godine.<\/p>\n<p>Za vi\u0161e informacija mo\u017eete pogledati facebook stranicu projekta, obratiti se porukom na istoj stranici ili direktno na telefon 065\/695-924 (Sa\u0161a Miri\u0107 \u2013 Koordinator projekta).<\/p>\n","protected":false},"excerpt":{"rendered":"<p>Pozivamo mlade starosti od 17 &#8211; 20 godina sa podru\u010dja Novog Grada, Bosanske Krupe, Sanskog Mosta i Prijedora da se prijave za u\u010de\u0161\u0107e u projektu Una\/Sana Connect 2017 kojeg finansira [&hellip;]<\/p>\n","protected":false},"author":1,"featured_media":0,"comment_status":"closed","ping_status":"open","sticky":false,"template":"","format":"standard","meta":{"_monsterinsights_skip_tracking":false,"_monsterinsights_sitenote_active":false,"_monsterinsights_sitenote_note":"","_monsterinsights_sitenote_category":0,"footnotes":""},"categories":[7518],"tags":[],"yoast_head":"<!-- This site is optimized with the Yoast SEO plugin v21.6 - https:\/\/yoast.com\/wordpress\/plugins\/seo\/ -->\n<title>POZIV MLADIMA ZA U\u010cE\u0160\u0106E U PROJEKTU UNA\/SANA CONNECT 2017 - PrijedorDanas.com - Prijedorski gradski portal<\/title>\n<meta name=\"robots\" content=\"index, follow, max-snippet:-1, max-image-preview:large, max-video-preview:-1\" \/>\n<link rel=\"canonical\" href=\"https:\/\/www.prijedordanas.com\/?p=85765\" \/>\n<meta property=\"og:locale\" content=\"en_US\" \/>\n<meta property=\"og:type\" content=\"article\" \/>\n<meta property=\"og:title\" content=\"POZIV MLADIMA ZA U\u010cE\u0160\u0106E U PROJEKTU UNA\/SANA CONNECT 2017 - PrijedorDanas.com - Prijedorski gradski portal\" \/>\n<meta property=\"og:description\" content=\"Pozivamo mlade starosti od 17 &#8211; 20 godina sa podru\u010dja Novog Grada, Bosanske Krupe, Sanskog Mosta i Prijedora da se prijave za u\u010de\u0161\u0107e u projektu Una\/Sana Connect 2017 kojeg finansira [&hellip;]\" \/>\n<meta property=\"og:url\" content=\"https:\/\/www.prijedordanas.com\/?p=85765\" \/>\n<meta property=\"og:site_name\" content=\"PrijedorDanas.com - Prijedorski gradski portal\" \/>\n<meta property=\"article:publisher\" content=\"https:\/\/www.facebook.com\/PrijedorDanasCom\/\" \/>\n<meta property=\"article:published_time\" content=\"2017-07-19T13:54:00+00:00\" \/>\n<meta property=\"og:image\" content=\"https:\/\/www.prijedordanas.com\/wp-content\/uploads\/2017\/07\/ug-dar-prirode-300x276.jpg\" \/>\n<meta name=\"author\" content=\"admin\" \/>\n<meta name=\"twitter:card\" content=\"summary_large_image\" \/>\n<meta name=\"twitter:label1\" content=\"Written by\" \/>\n\t<meta name=\"twitter:data1\" content=\"admin\" \/>\n\t<meta name=\"twitter:label2\" content=\"Est. reading time\" \/>\n\t<meta name=\"twitter:data2\" content=\"1 minute\" \/>\n<script type=\"application\/ld+json\" class=\"yoast-schema-graph\">{\"@context\":\"https:\/\/schema.org\",\"@graph\":[{\"@type\":\"Article\",\"@id\":\"https:\/\/www.prijedordanas.com\/?p=85765#article\",\"isPartOf\":{\"@id\":\"https:\/\/www.prijedordanas.com\/?p=85765\"},\"author\":{\"name\":\"admin\",\"@id\":\"https:\/\/www.prijedordanas.com\/#\/schema\/person\/4e08ccf29b506ca916ff86d46bb700e6\"},\"headline\":\"POZIV MLADIMA ZA U\u010cE\u0160\u0106E U PROJEKTU UNA\/SANA CONNECT 2017\",\"datePublished\":\"2017-07-19T13:54:00+00:00\",\"dateModified\":\"2017-07-19T13:54:00+00:00\",\"mainEntityOfPage\":{\"@id\":\"https:\/\/www.prijedordanas.com\/?p=85765\"},\"wordCount\":262,\"publisher\":{\"@id\":\"https:\/\/www.prijedordanas.com\/#organization\"},\"articleSection\":[\"Mladi\"],\"inLanguage\":\"en-US\"},{\"@type\":\"WebPage\",\"@id\":\"https:\/\/www.prijedordanas.com\/?p=85765\",\"url\":\"https:\/\/www.prijedordanas.com\/?p=85765\",\"name\":\"POZIV MLADIMA ZA U\u010cE\u0160\u0106E U PROJEKTU UNA\/SANA CONNECT 2017 - PrijedorDanas.com - Prijedorski gradski portal\",\"isPartOf\":{\"@id\":\"https:\/\/www.prijedordanas.com\/#website\"},\"datePublished\":\"2017-07-19T13:54:00+00:00\",\"dateModified\":\"2017-07-19T13:54:00+00:00\",\"breadcrumb\":{\"@id\":\"https:\/\/www.prijedordanas.com\/?p=85765#breadcrumb\"},\"inLanguage\":\"en-US\",\"potentialAction\":[{\"@type\":\"ReadAction\",\"target\":[\"https:\/\/www.prijedordanas.com\/?p=85765\"]}]},{\"@type\":\"BreadcrumbList\",\"@id\":\"https:\/\/www.prijedordanas.com\/?p=85765#breadcrumb\",\"itemListElement\":[{\"@type\":\"ListItem\",\"position\":1,\"name\":\"Home\",\"item\":\"https:\/\/www.prijedordanas.com\/\"},{\"@type\":\"ListItem\",\"position\":2,\"name\":\"POZIV MLADIMA ZA U\u010cE\u0160\u0106E U PROJEKTU UNA\/SANA CONNECT 2017\"}]},{\"@type\":\"WebSite\",\"@id\":\"https:\/\/www.prijedordanas.com\/#website\",\"url\":\"https:\/\/www.prijedordanas.com\/\",\"name\":\"PrijedorDanas.com - Prijedorski gradski portal\",\"description\":\"Portal o doga\u0111anjima u gradu Prijedoru\",\"publisher\":{\"@id\":\"https:\/\/www.prijedordanas.com\/#organization\"},\"potentialAction\":[{\"@type\":\"SearchAction\",\"target\":{\"@type\":\"EntryPoint\",\"urlTemplate\":\"https:\/\/www.prijedordanas.com\/?s={search_term_string}\"},\"query-input\":\"required name=search_term_string\"}],\"inLanguage\":\"en-US\"},{\"@type\":\"Organization\",\"@id\":\"https:\/\/www.prijedordanas.com\/#organization\",\"name\":\"PrijedorDanas.com\",\"url\":\"https:\/\/www.prijedordanas.com\/\",\"logo\":{\"@type\":\"ImageObject\",\"inLanguage\":\"en-US\",\"@id\":\"https:\/\/www.prijedordanas.com\/#\/schema\/logo\/image\/\",\"url\":\"http:\/\/www.prijedordanas.com\/wp-content\/uploads\/2021\/12\/logopng.png\",\"contentUrl\":\"http:\/\/www.prijedordanas.com\/wp-content\/uploads\/2021\/12\/logopng.png\",\"width\":1019,\"height\":776,\"caption\":\"PrijedorDanas.com\"},\"image\":{\"@id\":\"https:\/\/www.prijedordanas.com\/#\/schema\/logo\/image\/\"},\"sameAs\":[\"https:\/\/www.facebook.com\/PrijedorDanasCom\/\"]},{\"@type\":\"Person\",\"@id\":\"https:\/\/www.prijedordanas.com\/#\/schema\/person\/4e08ccf29b506ca916ff86d46bb700e6\",\"name\":\"admin\",\"image\":{\"@type\":\"ImageObject\",\"inLanguage\":\"en-US\",\"@id\":\"https:\/\/www.prijedordanas.com\/#\/schema\/person\/image\/\",\"url\":\"https:\/\/secure.gravatar.com\/avatar\/1d3fc949d550f0b53a5f0d51e06dfd79?s=96&d=mm&r=g\",\"contentUrl\":\"https:\/\/secure.gravatar.com\/avatar\/1d3fc949d550f0b53a5f0d51e06dfd79?s=96&d=mm&r=g\",\"caption\":\"admin\"},\"url\":\"https:\/\/www.prijedordanas.com\/?author=1\"}]}<\/script>\n<!-- \/ Yoast SEO plugin. -->","yoast_head_json":{"title":"POZIV MLADIMA ZA U\u010cE\u0160\u0106E U PROJEKTU UNA\/SANA CONNECT 2017 - PrijedorDanas.com - Prijedorski gradski portal","robots":{"index":"index","follow":"follow","max-snippet":"max-snippet:-1","max-image-preview":"max-image-preview:large","max-video-preview":"max-video-preview:-1"},"canonical":"https:\/\/www.prijedordanas.com\/?p=85765","og_locale":"en_US","og_type":"article","og_title":"POZIV MLADIMA ZA U\u010cE\u0160\u0106E U PROJEKTU UNA\/SANA CONNECT 2017 - PrijedorDanas.com - Prijedorski gradski portal","og_description":"Pozivamo mlade starosti od 17 &#8211; 20 godina sa podru\u010dja Novog Grada, Bosanske Krupe, Sanskog Mosta i Prijedora da se prijave za u\u010de\u0161\u0107e u projektu Una\/Sana Connect 2017 kojeg finansira [&hellip;]","og_url":"https:\/\/www.prijedordanas.com\/?p=85765","og_site_name":"PrijedorDanas.com - Prijedorski gradski portal","article_publisher":"https:\/\/www.facebook.com\/PrijedorDanasCom\/","article_published_time":"2017-07-19T13:54:00+00:00","og_image":[{"url":"https:\/\/www.prijedordanas.com\/wp-content\/uploads\/2017\/07\/ug-dar-prirode-300x276.jpg"}],"author":"admin","twitter_card":"summary_large_image","twitter_misc":{"Written by":"admin","Est. reading time":"1 minute"},"schema":{"@context":"https:\/\/schema.org","@graph":[{"@type":"Article","@id":"https:\/\/www.prijedordanas.com\/?p=85765#article","isPartOf":{"@id":"https:\/\/www.prijedordanas.com\/?p=85765"},"author":{"name":"admin","@id":"https:\/\/www.prijedordanas.com\/#\/schema\/person\/4e08ccf29b506ca916ff86d46bb700e6"},"headline":"POZIV MLADIMA ZA U\u010cE\u0160\u0106E U PROJEKTU UNA\/SANA CONNECT 2017","datePublished":"2017-07-19T13:54:00+00:00","dateModified":"2017-07-19T13:54:00+00:00","mainEntityOfPage":{"@id":"https:\/\/www.prijedordanas.com\/?p=85765"},"wordCount":262,"publisher":{"@id":"https:\/\/www.prijedordanas.com\/#organization"},"articleSection":["Mladi"],"inLanguage":"en-US"},{"@type":"WebPage","@id":"https:\/\/www.prijedordanas.com\/?p=85765","url":"https:\/\/www.prijedordanas.com\/?p=85765","name":"POZIV MLADIMA ZA U\u010cE\u0160\u0106E U PROJEKTU UNA\/SANA CONNECT 2017 - PrijedorDanas.com - Prijedorski gradski portal","isPartOf":{"@id":"https:\/\/www.prijedordanas.com\/#website"},"datePublished":"2017-07-19T13:54:00+00:00","dateModified":"2017-07-19T13:54:00+00:00","breadcrumb":{"@id":"https:\/\/www.prijedordanas.com\/?p=85765#breadcrumb"},"inLanguage":"en-US","potentialAction":[{"@type":"ReadAction","target":["https:\/\/www.prijedordanas.com\/?p=85765"]}]},{"@type":"BreadcrumbList","@id":"https:\/\/www.prijedordanas.com\/?p=85765#breadcrumb","itemListElement":[{"@type":"ListItem","position":1,"name":"Home","item":"https:\/\/www.prijedordanas.com\/"},{"@type":"ListItem","position":2,"name":"POZIV MLADIMA ZA U\u010cE\u0160\u0106E U PROJEKTU UNA\/SANA CONNECT 2017"}]},{"@type":"WebSite","@id":"https:\/\/www.prijedordanas.com\/#website","url":"https:\/\/www.prijedordanas.com\/","name":"PrijedorDanas.com - Prijedorski gradski portal","description":"Portal o doga\u0111anjima u gradu Prijedoru","publisher":{"@id":"https:\/\/www.prijedordanas.com\/#organization"},"potentialAction":[{"@type":"SearchAction","target":{"@type":"EntryPoint","urlTemplate":"https:\/\/www.prijedordanas.com\/?s={search_term_string}"},"query-input":"required name=search_term_string"}],"inLanguage":"en-US"},{"@type":"Organization","@id":"https:\/\/www.prijedordanas.com\/#organization","name":"PrijedorDanas.com","url":"https:\/\/www.prijedordanas.com\/","logo":{"@type":"ImageObject","inLanguage":"en-US","@id":"https:\/\/www.prijedordanas.com\/#\/schema\/logo\/image\/","url":"http:\/\/www.prijedordanas.com\/wp-content\/uploads\/2021\/12\/logopng.png","contentUrl":"http:\/\/www.prijedordanas.com\/wp-content\/uploads\/2021\/12\/logopng.png","width":1019,"height":776,"caption":"PrijedorDanas.com"},"image":{"@id":"https:\/\/www.prijedordanas.com\/#\/schema\/logo\/image\/"},"sameAs":["https:\/\/www.facebook.com\/PrijedorDanasCom\/"]},{"@type":"Person","@id":"https:\/\/www.prijedordanas.com\/#\/schema\/person\/4e08ccf29b506ca916ff86d46bb700e6","name":"admin","image":{"@type":"ImageObject","inLanguage":"en-US","@id":"https:\/\/www.prijedordanas.com\/#\/schema\/person\/image\/","url":"https:\/\/secure.gravatar.com\/avatar\/1d3fc949d550f0b53a5f0d51e06dfd79?s=96&d=mm&r=g","contentUrl":"https:\/\/secure.gravatar.com\/avatar\/1d3fc949d550f0b53a5f0d51e06dfd79?s=96&d=mm&r=g","caption":"admin"},"url":"https:\/\/www.prijedordanas.com\/?author=1"}]}},"_links":{"self":[{"href":"https:\/\/www.prijedordanas.com\/index.php?rest_route=\/wp\/v2\/posts\/85765"}],"collection":[{"href":"https:\/\/www.prijedordanas.com\/index.php?rest_route=\/wp\/v2\/posts"}],"about":[{"href":"https:\/\/www.prijedordanas.com\/index.php?rest_route=\/wp\/v2\/types\/post"}],"author":[{"embeddable":true,"href":"https:\/\/www.prijedordanas.com\/index.php?rest_route=\/wp\/v2\/users\/1"}],"replies":[{"embeddable":true,"href":"https:\/\/www.prijedordanas.com\/index.php?rest_route=%2Fwp%2Fv2%2Fcomments&post=85765"}],"version-history":[{"count":1,"href":"https:\/\/www.prijedordanas.com\/index.php?rest_route=\/wp\/v2\/posts\/85765\/revisions"}],"predecessor-version":[{"id":85768,"href":"https:\/\/www.prijedordanas.com\/index.php?rest_route=\/wp\/v2\/posts\/85765\/revisions\/85768"}],"wp:attachment":[{"href":"https:\/\/www.prijedordanas.com\/index.php?rest_route=%2Fwp%2Fv2%2Fmedia&parent=85765"}],"wp:term":[{"taxonomy":"category","embeddable":true,"href":"https:\/\/www.prijedordanas.com\/index.php?rest_route=%2Fwp%2Fv2%2Fcategories&post=85765"},{"taxonomy":"post_tag","embeddable":true,"href":"https:\/\/www.prijedordanas.com\/index.php?rest_route=%2Fwp%2Fv2%2Ftags&post=85765"}],"curies":[{"name":"wp","href":"https:\/\/api.w.org\/{rel}","templated":true}]}}