{"id":85747,"date":"2017-07-19T13:17:39","date_gmt":"2017-07-19T11:17:39","guid":{"rendered":"https:\/\/www.prijedordanas.com\/?p=85747"},"modified":"2017-07-19T13:17:39","modified_gmt":"2017-07-19T11:17:39","slug":"prijedorcanin-zadobio-kontuzije-grudnog-kosa-karlice-abdomena-u-nesreci-na-gradilistu-povrijedenog-radnika-sa-stuba-skidali-dizalicom","status":"publish","type":"post","link":"https:\/\/www.prijedordanas.com\/?p=85747","title":{"rendered":"PRIJEDOR\u010cANIN ZADOBIO KONTUZIJE GRUDNOG KO\u0160A, KARLICE I ABDOMENA U NESRE\u0106I NA GRADILI\u0160TU: POVRIJE\u0110ENOG RADNIKA SA STUBA SKIDALI DIZALICOM"},"content":{"rendered":"<p><a href=\"https:\/\/www.prijedordanas.com\/wp-content\/uploads\/2017\/07\/blic-gradiliste-nesreca.jpg\"><img loading=\"lazy\" decoding=\"async\" src=\"https:\/\/www.prijedordanas.com\/wp-content\/uploads\/2017\/07\/blic-gradiliste-nesreca-300x222.jpg\" alt=\"\" width=\"300\" height=\"222\" class=\"alignleft size-medium wp-image-85748\" srcset=\"https:\/\/www.prijedordanas.com\/wp-content\/uploads\/2017\/07\/blic-gradiliste-nesreca-300x222.jpg 300w, https:\/\/www.prijedordanas.com\/wp-content\/uploads\/2017\/07\/blic-gradiliste-nesreca-100x74.jpg 100w, https:\/\/www.prijedordanas.com\/wp-content\/uploads\/2017\/07\/blic-gradiliste-nesreca.jpg 675w\" sizes=\"(max-width: 300px) 100vw, 300px\" \/><\/a>Trojica radnika preduze\u0107a \u201eBM Gradnja\u201c povrije\u0111ena su u ponedjeljak prilikom radova na zgradi u Ulici Ive Andri\u0107a u Banjaluci. Kako \u201cEuroBlic\u201d nezvani\u010dno saznaje, povrije\u0111eni su radnici Du\u0161ko Vukobrat (33) iz Prijedora, Zdravko Drlja\u010da (66) i Rajko \u0106opi\u0107 (52) iz Banjaluke.<\/p>\n<p>U Policijskoj upravi Banjaluka rekli su da im je u 16.20 prijavljeno da je na gradili\u0161tu usljed izlivanja betona do\u0161lo do pucanja stubova, a zatim i do uru\u0161enja plo\u010de. Tom prilikom su tri osobe zadobile povrede.<\/p>\n<p>&#8211; Uvi\u0111aju je prisustvovao i inspektor Inspektorata Republike Srpske, a o svim okolnostima je upoznat de\u017eurni tu\u017eilac koji je nalo\u017eio da se ispitaju sve okolnosti zbog sumnje da je izvr\u0161eno krivi\u010dno djelo stvaranje opasnosti nepropisnim izvo\u0111enjem gra\u0111evinskih radova &#8211; rekla je portparol PU Banjaluka, Marija Markanovi\u0107.<\/p>\n<p>Jedan od stanara Ulice Ivo Andri\u0107 ispri\u010dao je da na ovom gradili\u0161tu ve\u0107 mjesecima skoro svaki dan ima desetak radnika koji prave zgradu.<\/p>\n<p>&#8211; Ne\u0161to poslije 16 \u010dasova \u010dula se neka lomljavina i iza\u0161ao sam iz ku\u0107e da vidim \u0161ta se de\u0161ava. \u010cim sam iza\u0161ao video sam da su radnici popadali sa gradili\u0161ta i da ih je nekoliko povrije\u0111eno. Jedan od povrije\u0111enih radnika, ostao je da visi na stubu i nije mogao nikako si\u0107i kada je do\u0161la ekipa Hitne pomo\u0107i \u2013 ispri\u010dao je ovaj o\u010devidac.<\/p>\n<p>On ka\u017ee da su ga zatim uz pomo\u0107 dizalice spustili sa stuba i da su ga odvezla kola Hitne pomo\u0107i. Prema njegovim re\u010dima niko od radnika nije izgledao kao da je \u017eivotno ugro\u017een.<\/p>\n<p>&#8211; Vidio sam da su jednom od radnika ljekari stavili okovratnik i da su mu pomogli da sjedne u njihovo vozilo. Ostali radnici su sami u\u0161li u kola Hitne pomo\u0107i  i zatim su oti\u0161li u bolnicu \u2013 ispri\u010dao je na\u0161 sagovornik.<\/p>\n<p>On je istakao da je \u010duo da je neko pri\u010dao da je uzrok nesre\u0107e to \u0161to je pukla oplata prilikom izlijevanja betona i da ona nije bila dobro obezbje\u0111ena.<\/p>\n<p>Ju\u010de na mjestu gdje se desila nesre\u0107a nismo zatekli radnike, ve\u0107 samo uru\u0161enu gra\u0111evinu, a brojni prolaznici su zastajali i raspitivali se o tome \u0161ta se desilo i u kakvom stanju su radnici.<\/p>\n<p>Vlasnik firme \u201eGM gradnja\u201c, Dragan Grbi\u0107, ispri\u010dao je da su u ovoj nesre\u0107i lak\u0161e povrije\u0111ena tri radnika, koji su po njegovim re\u010dima, samo ogrebani.<\/p>\n<p>&#8211; Ni\u0161ta stra\u0161no se nije desilo i odmah nastavljamo sa radovima. Ovo je prva nesre\u0107a koju sam imao u 17 godina rada mog preduze\u0107a \u2013 istakao je Grbi\u0107.<\/p>\n<p>Me\u0111utim, u UKC RS su rekli, navode\u0107i inicijale, da je Vukobrat u ovoj nesre\u0107i zadobio kontuzije grudnog ko\u0161a, karlice i abdomena.<\/p>\n<p>&#8211; Pacijent \u0106opi\u0107 je zadobio i\u0161\u010da\u0161enje lijevog stopala, kontuzije lijevog lakta, lijevog kuka i lumbalne ki\u010dme, dok je Drlja\u010da pro\u0161ao sa povredom lijevog sko\u010dnog zgloba \u2013 rekli su u bolnici.<\/p>\n<p>Zabranjeno dalje izvo\u0111enje radova<\/p>\n<p>Republi\u010dki inspektor rada je zapo\u010deo kontrolu na gradili\u0161tu i zabranio dalje izvo\u0111enje radova dok se ne utvrdi \u010dinjeni\u010dno stanje.<\/p>\n<p>&#8211; U oblasti za\u0161tite na radu ove godine smo obavili 1.240 kontrola u razli\u010ditim djelatnostima. Kao jedna od najrizi\u010dnih delatnosti izdvaja se gra\u0111evinarstvo i toj oblasti posve\u0107ujemo posebnu pa\u017enju. Naj\u010de\u0161\u010di propusti su se odnosili na organizovanje poslova za\u0161tite na radu, periodi\u010dni pregledi opreme, osposobljavanja radnika i sli\u010dno \u2013 rekli su u Inspektoratu RS.<\/p>\n<p>EuroBlic<\/p>\n","protected":false},"excerpt":{"rendered":"<p>Trojica radnika preduze\u0107a \u201eBM Gradnja\u201c povrije\u0111ena su u ponedjeljak prilikom radova na zgradi u Ulici Ive Andri\u0107a u Banjaluci. Kako \u201cEuroBlic\u201d nezvani\u010dno saznaje, povrije\u0111eni su radnici Du\u0161ko Vukobrat (33) iz [&hellip;]<\/p>\n","protected":false},"author":1,"featured_media":0,"comment_status":"closed","ping_status":"open","sticky":false,"template":"","format":"standard","meta":{"_monsterinsights_skip_tracking":false,"_monsterinsights_sitenote_active":false,"_monsterinsights_sitenote_note":"","_monsterinsights_sitenote_category":0,"footnotes":""},"categories":[5],"tags":[],"yoast_head":"<!-- This site is optimized with the Yoast SEO plugin v21.6 - https:\/\/yoast.com\/wordpress\/plugins\/seo\/ -->\n<title>PRIJEDOR\u010cANIN ZADOBIO KONTUZIJE GRUDNOG KO\u0160A, KARLICE I ABDOMENA U NESRE\u0106I NA GRADILI\u0160TU: POVRIJE\u0110ENOG RADNIKA SA STUBA SKIDALI DIZALICOM - PrijedorDanas.com - Prijedorski gradski portal<\/title>\n<meta name=\"robots\" content=\"index, follow, max-snippet:-1, max-image-preview:large, max-video-preview:-1\" \/>\n<link rel=\"canonical\" href=\"https:\/\/www.prijedordanas.com\/?p=85747\" \/>\n<meta property=\"og:locale\" content=\"en_US\" \/>\n<meta property=\"og:type\" content=\"article\" \/>\n<meta property=\"og:title\" content=\"PRIJEDOR\u010cANIN ZADOBIO KONTUZIJE GRUDNOG KO\u0160A, KARLICE I ABDOMENA U NESRE\u0106I NA GRADILI\u0160TU: POVRIJE\u0110ENOG RADNIKA SA STUBA SKIDALI DIZALICOM - PrijedorDanas.com - Prijedorski gradski portal\" \/>\n<meta property=\"og:description\" content=\"Trojica radnika preduze\u0107a \u201eBM Gradnja\u201c povrije\u0111ena su u ponedjeljak prilikom radova na zgradi u Ulici Ive Andri\u0107a u Banjaluci. Kako \u201cEuroBlic\u201d nezvani\u010dno saznaje, povrije\u0111eni su radnici Du\u0161ko Vukobrat (33) iz [&hellip;]\" \/>\n<meta property=\"og:url\" content=\"https:\/\/www.prijedordanas.com\/?p=85747\" \/>\n<meta property=\"og:site_name\" content=\"PrijedorDanas.com - Prijedorski gradski portal\" \/>\n<meta property=\"article:publisher\" content=\"https:\/\/www.facebook.com\/PrijedorDanasCom\/\" \/>\n<meta property=\"article:published_time\" content=\"2017-07-19T11:17:39+00:00\" \/>\n<meta property=\"og:image\" content=\"https:\/\/www.prijedordanas.com\/wp-content\/uploads\/2017\/07\/blic-gradiliste-nesreca-300x222.jpg\" \/>\n<meta name=\"author\" content=\"admin\" \/>\n<meta name=\"twitter:card\" content=\"summary_large_image\" \/>\n<meta name=\"twitter:label1\" content=\"Written by\" \/>\n\t<meta name=\"twitter:data1\" content=\"admin\" \/>\n\t<meta name=\"twitter:label2\" content=\"Est. reading time\" \/>\n\t<meta name=\"twitter:data2\" content=\"3 minutes\" \/>\n<script type=\"application\/ld+json\" class=\"yoast-schema-graph\">{\"@context\":\"https:\/\/schema.org\",\"@graph\":[{\"@type\":\"Article\",\"@id\":\"https:\/\/www.prijedordanas.com\/?p=85747#article\",\"isPartOf\":{\"@id\":\"https:\/\/www.prijedordanas.com\/?p=85747\"},\"author\":{\"name\":\"admin\",\"@id\":\"https:\/\/www.prijedordanas.com\/#\/schema\/person\/4e08ccf29b506ca916ff86d46bb700e6\"},\"headline\":\"PRIJEDOR\u010cANIN ZADOBIO KONTUZIJE GRUDNOG KO\u0160A, KARLICE I ABDOMENA U NESRE\u0106I NA GRADILI\u0160TU: POVRIJE\u0110ENOG RADNIKA SA STUBA SKIDALI DIZALICOM\",\"datePublished\":\"2017-07-19T11:17:39+00:00\",\"dateModified\":\"2017-07-19T11:17:39+00:00\",\"mainEntityOfPage\":{\"@id\":\"https:\/\/www.prijedordanas.com\/?p=85747\"},\"wordCount\":619,\"publisher\":{\"@id\":\"https:\/\/www.prijedordanas.com\/#organization\"},\"articleSection\":[\"Hronika\"],\"inLanguage\":\"en-US\"},{\"@type\":\"WebPage\",\"@id\":\"https:\/\/www.prijedordanas.com\/?p=85747\",\"url\":\"https:\/\/www.prijedordanas.com\/?p=85747\",\"name\":\"PRIJEDOR\u010cANIN ZADOBIO KONTUZIJE GRUDNOG KO\u0160A, KARLICE I ABDOMENA U NESRE\u0106I NA GRADILI\u0160TU: POVRIJE\u0110ENOG RADNIKA SA STUBA SKIDALI DIZALICOM - PrijedorDanas.com - Prijedorski gradski portal\",\"isPartOf\":{\"@id\":\"https:\/\/www.prijedordanas.com\/#website\"},\"datePublished\":\"2017-07-19T11:17:39+00:00\",\"dateModified\":\"2017-07-19T11:17:39+00:00\",\"breadcrumb\":{\"@id\":\"https:\/\/www.prijedordanas.com\/?p=85747#breadcrumb\"},\"inLanguage\":\"en-US\",\"potentialAction\":[{\"@type\":\"ReadAction\",\"target\":[\"https:\/\/www.prijedordanas.com\/?p=85747\"]}]},{\"@type\":\"BreadcrumbList\",\"@id\":\"https:\/\/www.prijedordanas.com\/?p=85747#breadcrumb\",\"itemListElement\":[{\"@type\":\"ListItem\",\"position\":1,\"name\":\"Home\",\"item\":\"https:\/\/www.prijedordanas.com\/\"},{\"@type\":\"ListItem\",\"position\":2,\"name\":\"PRIJEDOR\u010cANIN ZADOBIO KONTUZIJE GRUDNOG KO\u0160A, KARLICE I ABDOMENA U NESRE\u0106I NA GRADILI\u0160TU: POVRIJE\u0110ENOG RADNIKA SA STUBA SKIDALI DIZALICOM\"}]},{\"@type\":\"WebSite\",\"@id\":\"https:\/\/www.prijedordanas.com\/#website\",\"url\":\"https:\/\/www.prijedordanas.com\/\",\"name\":\"PrijedorDanas.com - Prijedorski gradski portal\",\"description\":\"Portal o doga\u0111anjima u gradu Prijedoru\",\"publisher\":{\"@id\":\"https:\/\/www.prijedordanas.com\/#organization\"},\"potentialAction\":[{\"@type\":\"SearchAction\",\"target\":{\"@type\":\"EntryPoint\",\"urlTemplate\":\"https:\/\/www.prijedordanas.com\/?s={search_term_string}\"},\"query-input\":\"required name=search_term_string\"}],\"inLanguage\":\"en-US\"},{\"@type\":\"Organization\",\"@id\":\"https:\/\/www.prijedordanas.com\/#organization\",\"name\":\"PrijedorDanas.com\",\"url\":\"https:\/\/www.prijedordanas.com\/\",\"logo\":{\"@type\":\"ImageObject\",\"inLanguage\":\"en-US\",\"@id\":\"https:\/\/www.prijedordanas.com\/#\/schema\/logo\/image\/\",\"url\":\"http:\/\/www.prijedordanas.com\/wp-content\/uploads\/2021\/12\/logopng.png\",\"contentUrl\":\"http:\/\/www.prijedordanas.com\/wp-content\/uploads\/2021\/12\/logopng.png\",\"width\":1019,\"height\":776,\"caption\":\"PrijedorDanas.com\"},\"image\":{\"@id\":\"https:\/\/www.prijedordanas.com\/#\/schema\/logo\/image\/\"},\"sameAs\":[\"https:\/\/www.facebook.com\/PrijedorDanasCom\/\"]},{\"@type\":\"Person\",\"@id\":\"https:\/\/www.prijedordanas.com\/#\/schema\/person\/4e08ccf29b506ca916ff86d46bb700e6\",\"name\":\"admin\",\"image\":{\"@type\":\"ImageObject\",\"inLanguage\":\"en-US\",\"@id\":\"https:\/\/www.prijedordanas.com\/#\/schema\/person\/image\/\",\"url\":\"https:\/\/secure.gravatar.com\/avatar\/1d3fc949d550f0b53a5f0d51e06dfd79?s=96&d=mm&r=g\",\"contentUrl\":\"https:\/\/secure.gravatar.com\/avatar\/1d3fc949d550f0b53a5f0d51e06dfd79?s=96&d=mm&r=g\",\"caption\":\"admin\"},\"url\":\"https:\/\/www.prijedordanas.com\/?author=1\"}]}<\/script>\n<!-- \/ Yoast SEO plugin. -->","yoast_head_json":{"title":"PRIJEDOR\u010cANIN ZADOBIO KONTUZIJE GRUDNOG KO\u0160A, KARLICE I ABDOMENA U NESRE\u0106I NA GRADILI\u0160TU: POVRIJE\u0110ENOG RADNIKA SA STUBA SKIDALI DIZALICOM - PrijedorDanas.com - Prijedorski gradski portal","robots":{"index":"index","follow":"follow","max-snippet":"max-snippet:-1","max-image-preview":"max-image-preview:large","max-video-preview":"max-video-preview:-1"},"canonical":"https:\/\/www.prijedordanas.com\/?p=85747","og_locale":"en_US","og_type":"article","og_title":"PRIJEDOR\u010cANIN ZADOBIO KONTUZIJE GRUDNOG KO\u0160A, KARLICE I ABDOMENA U NESRE\u0106I NA GRADILI\u0160TU: POVRIJE\u0110ENOG RADNIKA SA STUBA SKIDALI DIZALICOM - PrijedorDanas.com - Prijedorski gradski portal","og_description":"Trojica radnika preduze\u0107a \u201eBM Gradnja\u201c povrije\u0111ena su u ponedjeljak prilikom radova na zgradi u Ulici Ive Andri\u0107a u Banjaluci. Kako \u201cEuroBlic\u201d nezvani\u010dno saznaje, povrije\u0111eni su radnici Du\u0161ko Vukobrat (33) iz [&hellip;]","og_url":"https:\/\/www.prijedordanas.com\/?p=85747","og_site_name":"PrijedorDanas.com - Prijedorski gradski portal","article_publisher":"https:\/\/www.facebook.com\/PrijedorDanasCom\/","article_published_time":"2017-07-19T11:17:39+00:00","og_image":[{"url":"https:\/\/www.prijedordanas.com\/wp-content\/uploads\/2017\/07\/blic-gradiliste-nesreca-300x222.jpg"}],"author":"admin","twitter_card":"summary_large_image","twitter_misc":{"Written by":"admin","Est. reading time":"3 minutes"},"schema":{"@context":"https:\/\/schema.org","@graph":[{"@type":"Article","@id":"https:\/\/www.prijedordanas.com\/?p=85747#article","isPartOf":{"@id":"https:\/\/www.prijedordanas.com\/?p=85747"},"author":{"name":"admin","@id":"https:\/\/www.prijedordanas.com\/#\/schema\/person\/4e08ccf29b506ca916ff86d46bb700e6"},"headline":"PRIJEDOR\u010cANIN ZADOBIO KONTUZIJE GRUDNOG KO\u0160A, KARLICE I ABDOMENA U NESRE\u0106I NA GRADILI\u0160TU: POVRIJE\u0110ENOG RADNIKA SA STUBA SKIDALI DIZALICOM","datePublished":"2017-07-19T11:17:39+00:00","dateModified":"2017-07-19T11:17:39+00:00","mainEntityOfPage":{"@id":"https:\/\/www.prijedordanas.com\/?p=85747"},"wordCount":619,"publisher":{"@id":"https:\/\/www.prijedordanas.com\/#organization"},"articleSection":["Hronika"],"inLanguage":"en-US"},{"@type":"WebPage","@id":"https:\/\/www.prijedordanas.com\/?p=85747","url":"https:\/\/www.prijedordanas.com\/?p=85747","name":"PRIJEDOR\u010cANIN ZADOBIO KONTUZIJE GRUDNOG KO\u0160A, KARLICE I ABDOMENA U NESRE\u0106I NA GRADILI\u0160TU: POVRIJE\u0110ENOG RADNIKA SA STUBA SKIDALI DIZALICOM - PrijedorDanas.com - Prijedorski gradski portal","isPartOf":{"@id":"https:\/\/www.prijedordanas.com\/#website"},"datePublished":"2017-07-19T11:17:39+00:00","dateModified":"2017-07-19T11:17:39+00:00","breadcrumb":{"@id":"https:\/\/www.prijedordanas.com\/?p=85747#breadcrumb"},"inLanguage":"en-US","potentialAction":[{"@type":"ReadAction","target":["https:\/\/www.prijedordanas.com\/?p=85747"]}]},{"@type":"BreadcrumbList","@id":"https:\/\/www.prijedordanas.com\/?p=85747#breadcrumb","itemListElement":[{"@type":"ListItem","position":1,"name":"Home","item":"https:\/\/www.prijedordanas.com\/"},{"@type":"ListItem","position":2,"name":"PRIJEDOR\u010cANIN ZADOBIO KONTUZIJE GRUDNOG KO\u0160A, KARLICE I ABDOMENA U NESRE\u0106I NA GRADILI\u0160TU: POVRIJE\u0110ENOG RADNIKA SA STUBA SKIDALI DIZALICOM"}]},{"@type":"WebSite","@id":"https:\/\/www.prijedordanas.com\/#website","url":"https:\/\/www.prijedordanas.com\/","name":"PrijedorDanas.com - Prijedorski gradski portal","description":"Portal o doga\u0111anjima u gradu Prijedoru","publisher":{"@id":"https:\/\/www.prijedordanas.com\/#organization"},"potentialAction":[{"@type":"SearchAction","target":{"@type":"EntryPoint","urlTemplate":"https:\/\/www.prijedordanas.com\/?s={search_term_string}"},"query-input":"required name=search_term_string"}],"inLanguage":"en-US"},{"@type":"Organization","@id":"https:\/\/www.prijedordanas.com\/#organization","name":"PrijedorDanas.com","url":"https:\/\/www.prijedordanas.com\/","logo":{"@type":"ImageObject","inLanguage":"en-US","@id":"https:\/\/www.prijedordanas.com\/#\/schema\/logo\/image\/","url":"http:\/\/www.prijedordanas.com\/wp-content\/uploads\/2021\/12\/logopng.png","contentUrl":"http:\/\/www.prijedordanas.com\/wp-content\/uploads\/2021\/12\/logopng.png","width":1019,"height":776,"caption":"PrijedorDanas.com"},"image":{"@id":"https:\/\/www.prijedordanas.com\/#\/schema\/logo\/image\/"},"sameAs":["https:\/\/www.facebook.com\/PrijedorDanasCom\/"]},{"@type":"Person","@id":"https:\/\/www.prijedordanas.com\/#\/schema\/person\/4e08ccf29b506ca916ff86d46bb700e6","name":"admin","image":{"@type":"ImageObject","inLanguage":"en-US","@id":"https:\/\/www.prijedordanas.com\/#\/schema\/person\/image\/","url":"https:\/\/secure.gravatar.com\/avatar\/1d3fc949d550f0b53a5f0d51e06dfd79?s=96&d=mm&r=g","contentUrl":"https:\/\/secure.gravatar.com\/avatar\/1d3fc949d550f0b53a5f0d51e06dfd79?s=96&d=mm&r=g","caption":"admin"},"url":"https:\/\/www.prijedordanas.com\/?author=1"}]}},"_links":{"self":[{"href":"https:\/\/www.prijedordanas.com\/index.php?rest_route=\/wp\/v2\/posts\/85747"}],"collection":[{"href":"https:\/\/www.prijedordanas.com\/index.php?rest_route=\/wp\/v2\/posts"}],"about":[{"href":"https:\/\/www.prijedordanas.com\/index.php?rest_route=\/wp\/v2\/types\/post"}],"author":[{"embeddable":true,"href":"https:\/\/www.prijedordanas.com\/index.php?rest_route=\/wp\/v2\/users\/1"}],"replies":[{"embeddable":true,"href":"https:\/\/www.prijedordanas.com\/index.php?rest_route=%2Fwp%2Fv2%2Fcomments&post=85747"}],"version-history":[{"count":1,"href":"https:\/\/www.prijedordanas.com\/index.php?rest_route=\/wp\/v2\/posts\/85747\/revisions"}],"predecessor-version":[{"id":85749,"href":"https:\/\/www.prijedordanas.com\/index.php?rest_route=\/wp\/v2\/posts\/85747\/revisions\/85749"}],"wp:attachment":[{"href":"https:\/\/www.prijedordanas.com\/index.php?rest_route=%2Fwp%2Fv2%2Fmedia&parent=85747"}],"wp:term":[{"taxonomy":"category","embeddable":true,"href":"https:\/\/www.prijedordanas.com\/index.php?rest_route=%2Fwp%2Fv2%2Fcategories&post=85747"},{"taxonomy":"post_tag","embeddable":true,"href":"https:\/\/www.prijedordanas.com\/index.php?rest_route=%2Fwp%2Fv2%2Ftags&post=85747"}],"curies":[{"name":"wp","href":"https:\/\/api.w.org\/{rel}","templated":true}]}}