{"id":8528,"date":"2014-09-28T10:35:56","date_gmt":"2014-09-28T09:35:56","guid":{"rendered":"https:\/\/www.prijedordanas.com\/?p=8528"},"modified":"2014-09-28T10:35:56","modified_gmt":"2014-09-28T09:35:56","slug":"obiljezen-jedan-vijek-bijelog-sporta-u-gradu-na-sani","status":"publish","type":"post","link":"https:\/\/www.prijedordanas.com\/?p=8528","title":{"rendered":"OBILJE\u017dEN JEDAN VIJEK BIJELOG SPORTA U GRADU NA SANI"},"content":{"rendered":"<p><a href=\"https:\/\/www.prijedordanas.com\/wp-content\/uploads\/2014\/09\/turnir-bijelih-100-godina-1.jpg\"><img loading=\"lazy\" decoding=\"async\" class=\"alignleft size-medium wp-image-8529\" src=\"https:\/\/www.prijedordanas.com\/wp-content\/uploads\/2014\/09\/turnir-bijelih-100-godina-1-300x198.jpg\" alt=\"turnir bijelih 100 godina (1)\" width=\"300\" height=\"198\" srcset=\"https:\/\/www.prijedordanas.com\/wp-content\/uploads\/2014\/09\/turnir-bijelih-100-godina-1-300x198.jpg 300w, https:\/\/www.prijedordanas.com\/wp-content\/uploads\/2014\/09\/turnir-bijelih-100-godina-1-624x413.jpg 624w, https:\/\/www.prijedordanas.com\/wp-content\/uploads\/2014\/09\/turnir-bijelih-100-godina-1.jpg 1000w\" sizes=\"(max-width: 300px) 100vw, 300px\" \/><\/a>Revijalnim turnirom &#8220;Bijelih 100 godina tenisa&#8221; u Prijedoru je ju\u010de obilje\u017eeno sto godina igranja ovog sporta u gradu na Sani.<\/p>\n<p>U\u010destvovalo je 56 takmi\u010dara iz Slovenije, Hrvatske, BiH, Srbije i Italije, a me\u0111u takmi\u010darima bio je i jedan Indijac &#8211; Murari Mukard\u017ei, biv\u0161i generalni direktor &#8220;ArselorMitala&#8221; Prijedor koji danas radi za istu kompaniju u Kazahstanu.<\/p>\n<p>U neobi\u010dnom turniru parovi su bili obu\u010deni u retro stilu u igrali su drvenim reketovima. Najdosljedniji me\u0111u teniserima bili su obu\u010deni u duge bijele pantalone i bijele ko\u0161ulje sa obaveznim leptir ma\u0161nama, a teniserke u duge ili poluduge bijele suknje i bijele \u0161e\u0161ire.<\/p>\n<p>Pomoc\u0301nik ministra za sport u Vladi Republike Srpske Goran Raca rekao je da je poznato da je tenis sport u ekspanziji u cijelome svijetu, da je dijeli mjesto broj jedan s fudbalom i jo\u0161 nekim sportovima i da je time va\u017eniji jubilej koji je obilj\u017een u Prijedoru.<\/p>\n<p>&#8220;Organizatoru ove manifestacije, Tenis klubu `Doktor Mladen Stojanovic\u0301` \u010destitam jubilej, \u017eelim svu srec\u0301u u buduc\u0301em radu i o\u010dekujem da i ubuduc\u0301e imaju podr\u0161ku Ministarstva za porodicu, omladinu i sport Republike Srpske kakvu su i do sada imali&#8221;, poru\u010dio je Raca.<\/p>\n<p>On je podsjetio da je zahvaljujuc\u0301i rezultatima Novaka \u0110okovic\u0301a tenis postao vrlo popularan na ovim prostorima i da treba dati do znanja da se ovaj sport u Prijedoru igra \u010ditav jedan vijek, a da sam klub domac\u0301in postoji pune 82 godine.<\/p>\n<p>&#8220;Zato je ovaj jubilej bitan i za sam klub i za grad Prijedor i za resorno ministarstvo. Zahvaljujuc\u0301i radu Teniskog saveza Republike Srpske i ovakvih klubova u Republici Srpskoj se i organizuje mno\u0161to me\u0111unarodnih teniskih turnira, ITF-a, fju\u010dersa i \u010delend\u017eera&#8221;, kazao je Raca.<\/p>\n<p><a href=\"https:\/\/www.prijedordanas.com\/wp-content\/uploads\/2014\/09\/turnir-bijelih-100-godina-2.jpg\"><img loading=\"lazy\" decoding=\"async\" src=\"https:\/\/www.prijedordanas.com\/wp-content\/uploads\/2014\/09\/turnir-bijelih-100-godina-2-300x198.jpg\" alt=\"turnir bijelih 100 godina (2)\" width=\"300\" height=\"198\" class=\"alignleft size-medium wp-image-8530\" srcset=\"https:\/\/www.prijedordanas.com\/wp-content\/uploads\/2014\/09\/turnir-bijelih-100-godina-2-300x198.jpg 300w, https:\/\/www.prijedordanas.com\/wp-content\/uploads\/2014\/09\/turnir-bijelih-100-godina-2-624x413.jpg 624w, https:\/\/www.prijedordanas.com\/wp-content\/uploads\/2014\/09\/turnir-bijelih-100-godina-2.jpg 800w\" sizes=\"(max-width: 300px) 100vw, 300px\" \/><\/a>U mu\u0161koj konkurenciji prvo mjesto osvojili su Marin Lazanic\u0301 iz Hrvatske i Igor Medic\u0301 iz Prijedora, drugo Leonard Samard\u017eija iz Prijedora i Zoran Markovic\u0301 iz Slovenije, dok su trec\u0301e podijelili Goran Medic\u0301 i Sini\u0161a Drlja\u010da i Mladen Zdjelar i Sandro Lazanic\u0301.<\/p>\n<p>U \u017eenskoj konkurenciji prvo mjesto su osvojile Jelena Medic\u0301 i Ljiljana Boromisa iz Prijedora, drugo Dijana Pav\u010dnik iz Slovenije i Svetlana Ni\u0161ic\u0301 iz Beograda, a trec\u0301e su podijelile Venera Jandric\u0301 i Jelena \u0110ukanovic\u0301 iz Prijedora i Ana Vokic\u0301 i Mojca Blum iz Slovenije.<\/p>\n<p>Vrhovni sudija turnira Nenad Jandric\u0301 rekao je da je nagradu za najbolje obu\u010denu teniserku osvojila Dijana Pav\u010dnik iz Izole, a za najbolje obu\u010denog tenisera Mi\u0161o Rodic\u0301 iz Prijedora.<\/p>\n<p>Turnir je jutros otvorio gradona\u010delnik Prijedora Marko Pavic\u0301 koji je udario prvi reket i prebacio nekoliko loptica sa najboljim teniserom Teniskog kluba &#8220;Doktor Mladen Stojanovic\u0301&#8221; Aleksom Milojicom.<\/p>\n<p>Prijedor\u010dane su sa tenisom upoznali austrougarski oficiri koji su 1914. godine donijeli prve teniske rekete i loptice i igrali na improvizovanom igrali\u0161tu u tada\u0161njem i sada\u0161njem centru grada.<\/p>\n<p>Sport je privukao pa\u017enju mladic\u0301a i djevojaka iz bogatijih porodica koji su ga igrali rekreativno, a omasovljavanje je uslijedilo nakon osnivanja Teniskog kluba &#8220;Prijedor&#8221; 1932. godine \u010diji prvi predsjednik je bio doktor Mladen Stojanovic\u0301 po kojem taj klub danas nosi ime.<\/p>\n<p>Klub danas ima pet zemljanih terena, od kojih su \u010detiri na otvorenom, a jedan u zatvorenoj balon hali. Broji 200 \u010dlanova, a ove godine je po 41. put bio domac\u0301in i organizator memorijalnog teniskog turnira &#8220;Doktor Mladen Stojanovic\u0301&#8221; koji ima rang fju\u010dersa.<\/p>\n<p>Tekst \u2013 SRNA<br \/>\nFoto \u2013 Aleksandar Drakuli\u0107<\/p>\n","protected":false},"excerpt":{"rendered":"<p>Revijalnim turnirom &#8220;Bijelih 100 godina tenisa&#8221; u Prijedoru je ju\u010de obilje\u017eeno sto godina igranja ovog sporta u gradu na Sani. U\u010destvovalo je 56 takmi\u010dara iz Slovenije, Hrvatske, BiH, Srbije i [&hellip;]<\/p>\n","protected":false},"author":1,"featured_media":0,"comment_status":"closed","ping_status":"open","sticky":false,"template":"","format":"standard","meta":{"_monsterinsights_skip_tracking":false,"_monsterinsights_sitenote_active":false,"_monsterinsights_sitenote_note":"","_monsterinsights_sitenote_category":0,"footnotes":""},"categories":[7],"tags":[617],"yoast_head":"<!-- This site is optimized with the Yoast SEO plugin v21.6 - https:\/\/yoast.com\/wordpress\/plugins\/seo\/ -->\n<title>OBILJE\u017dEN JEDAN VIJEK BIJELOG SPORTA U GRADU NA SANI - PrijedorDanas.com - Prijedorski gradski portal<\/title>\n<meta name=\"robots\" content=\"index, follow, max-snippet:-1, max-image-preview:large, max-video-preview:-1\" \/>\n<link rel=\"canonical\" href=\"https:\/\/www.prijedordanas.com\/?p=8528\" \/>\n<meta property=\"og:locale\" content=\"en_US\" \/>\n<meta property=\"og:type\" content=\"article\" \/>\n<meta property=\"og:title\" content=\"OBILJE\u017dEN JEDAN VIJEK BIJELOG SPORTA U GRADU NA SANI - PrijedorDanas.com - Prijedorski gradski portal\" \/>\n<meta property=\"og:description\" content=\"Revijalnim turnirom &#8220;Bijelih 100 godina tenisa&#8221; u Prijedoru je ju\u010de obilje\u017eeno sto godina igranja ovog sporta u gradu na Sani. U\u010destvovalo je 56 takmi\u010dara iz Slovenije, Hrvatske, BiH, Srbije i [&hellip;]\" \/>\n<meta property=\"og:url\" content=\"https:\/\/www.prijedordanas.com\/?p=8528\" \/>\n<meta property=\"og:site_name\" content=\"PrijedorDanas.com - Prijedorski gradski portal\" \/>\n<meta property=\"article:publisher\" content=\"https:\/\/www.facebook.com\/PrijedorDanasCom\/\" \/>\n<meta property=\"article:published_time\" content=\"2014-09-28T09:35:56+00:00\" \/>\n<meta property=\"og:image\" content=\"https:\/\/www.prijedordanas.com\/wp-content\/uploads\/2014\/09\/turnir-bijelih-100-godina-1-300x198.jpg\" \/>\n<meta name=\"author\" content=\"admin\" \/>\n<meta name=\"twitter:card\" content=\"summary_large_image\" \/>\n<meta name=\"twitter:label1\" content=\"Written by\" \/>\n\t<meta name=\"twitter:data1\" content=\"admin\" \/>\n\t<meta name=\"twitter:label2\" content=\"Est. reading time\" \/>\n\t<meta name=\"twitter:data2\" content=\"3 minutes\" \/>\n<script type=\"application\/ld+json\" class=\"yoast-schema-graph\">{\"@context\":\"https:\/\/schema.org\",\"@graph\":[{\"@type\":\"Article\",\"@id\":\"https:\/\/www.prijedordanas.com\/?p=8528#article\",\"isPartOf\":{\"@id\":\"https:\/\/www.prijedordanas.com\/?p=8528\"},\"author\":{\"name\":\"admin\",\"@id\":\"https:\/\/www.prijedordanas.com\/#\/schema\/person\/4e08ccf29b506ca916ff86d46bb700e6\"},\"headline\":\"OBILJE\u017dEN JEDAN VIJEK BIJELOG SPORTA U GRADU NA SANI\",\"datePublished\":\"2014-09-28T09:35:56+00:00\",\"dateModified\":\"2014-09-28T09:35:56+00:00\",\"mainEntityOfPage\":{\"@id\":\"https:\/\/www.prijedordanas.com\/?p=8528\"},\"wordCount\":580,\"publisher\":{\"@id\":\"https:\/\/www.prijedordanas.com\/#organization\"},\"keywords\":[\"tenis\"],\"articleSection\":[\"Sport\"],\"inLanguage\":\"en-US\"},{\"@type\":\"WebPage\",\"@id\":\"https:\/\/www.prijedordanas.com\/?p=8528\",\"url\":\"https:\/\/www.prijedordanas.com\/?p=8528\",\"name\":\"OBILJE\u017dEN JEDAN VIJEK BIJELOG SPORTA U GRADU NA SANI - PrijedorDanas.com - Prijedorski gradski portal\",\"isPartOf\":{\"@id\":\"https:\/\/www.prijedordanas.com\/#website\"},\"datePublished\":\"2014-09-28T09:35:56+00:00\",\"dateModified\":\"2014-09-28T09:35:56+00:00\",\"breadcrumb\":{\"@id\":\"https:\/\/www.prijedordanas.com\/?p=8528#breadcrumb\"},\"inLanguage\":\"en-US\",\"potentialAction\":[{\"@type\":\"ReadAction\",\"target\":[\"https:\/\/www.prijedordanas.com\/?p=8528\"]}]},{\"@type\":\"BreadcrumbList\",\"@id\":\"https:\/\/www.prijedordanas.com\/?p=8528#breadcrumb\",\"itemListElement\":[{\"@type\":\"ListItem\",\"position\":1,\"name\":\"Home\",\"item\":\"https:\/\/www.prijedordanas.com\/\"},{\"@type\":\"ListItem\",\"position\":2,\"name\":\"OBILJE\u017dEN JEDAN VIJEK BIJELOG SPORTA U GRADU NA SANI\"}]},{\"@type\":\"WebSite\",\"@id\":\"https:\/\/www.prijedordanas.com\/#website\",\"url\":\"https:\/\/www.prijedordanas.com\/\",\"name\":\"PrijedorDanas.com - Prijedorski gradski portal\",\"description\":\"Portal o doga\u0111anjima u gradu Prijedoru\",\"publisher\":{\"@id\":\"https:\/\/www.prijedordanas.com\/#organization\"},\"potentialAction\":[{\"@type\":\"SearchAction\",\"target\":{\"@type\":\"EntryPoint\",\"urlTemplate\":\"https:\/\/www.prijedordanas.com\/?s={search_term_string}\"},\"query-input\":\"required name=search_term_string\"}],\"inLanguage\":\"en-US\"},{\"@type\":\"Organization\",\"@id\":\"https:\/\/www.prijedordanas.com\/#organization\",\"name\":\"PrijedorDanas.com\",\"url\":\"https:\/\/www.prijedordanas.com\/\",\"logo\":{\"@type\":\"ImageObject\",\"inLanguage\":\"en-US\",\"@id\":\"https:\/\/www.prijedordanas.com\/#\/schema\/logo\/image\/\",\"url\":\"http:\/\/www.prijedordanas.com\/wp-content\/uploads\/2021\/12\/logopng.png\",\"contentUrl\":\"http:\/\/www.prijedordanas.com\/wp-content\/uploads\/2021\/12\/logopng.png\",\"width\":1019,\"height\":776,\"caption\":\"PrijedorDanas.com\"},\"image\":{\"@id\":\"https:\/\/www.prijedordanas.com\/#\/schema\/logo\/image\/\"},\"sameAs\":[\"https:\/\/www.facebook.com\/PrijedorDanasCom\/\"]},{\"@type\":\"Person\",\"@id\":\"https:\/\/www.prijedordanas.com\/#\/schema\/person\/4e08ccf29b506ca916ff86d46bb700e6\",\"name\":\"admin\",\"image\":{\"@type\":\"ImageObject\",\"inLanguage\":\"en-US\",\"@id\":\"https:\/\/www.prijedordanas.com\/#\/schema\/person\/image\/\",\"url\":\"https:\/\/secure.gravatar.com\/avatar\/1d3fc949d550f0b53a5f0d51e06dfd79?s=96&d=mm&r=g\",\"contentUrl\":\"https:\/\/secure.gravatar.com\/avatar\/1d3fc949d550f0b53a5f0d51e06dfd79?s=96&d=mm&r=g\",\"caption\":\"admin\"},\"url\":\"https:\/\/www.prijedordanas.com\/?author=1\"}]}<\/script>\n<!-- \/ Yoast SEO plugin. -->","yoast_head_json":{"title":"OBILJE\u017dEN JEDAN VIJEK BIJELOG SPORTA U GRADU NA SANI - PrijedorDanas.com - Prijedorski gradski portal","robots":{"index":"index","follow":"follow","max-snippet":"max-snippet:-1","max-image-preview":"max-image-preview:large","max-video-preview":"max-video-preview:-1"},"canonical":"https:\/\/www.prijedordanas.com\/?p=8528","og_locale":"en_US","og_type":"article","og_title":"OBILJE\u017dEN JEDAN VIJEK BIJELOG SPORTA U GRADU NA SANI - PrijedorDanas.com - Prijedorski gradski portal","og_description":"Revijalnim turnirom &#8220;Bijelih 100 godina tenisa&#8221; u Prijedoru je ju\u010de obilje\u017eeno sto godina igranja ovog sporta u gradu na Sani. U\u010destvovalo je 56 takmi\u010dara iz Slovenije, Hrvatske, BiH, Srbije i [&hellip;]","og_url":"https:\/\/www.prijedordanas.com\/?p=8528","og_site_name":"PrijedorDanas.com - Prijedorski gradski portal","article_publisher":"https:\/\/www.facebook.com\/PrijedorDanasCom\/","article_published_time":"2014-09-28T09:35:56+00:00","og_image":[{"url":"https:\/\/www.prijedordanas.com\/wp-content\/uploads\/2014\/09\/turnir-bijelih-100-godina-1-300x198.jpg"}],"author":"admin","twitter_card":"summary_large_image","twitter_misc":{"Written by":"admin","Est. reading time":"3 minutes"},"schema":{"@context":"https:\/\/schema.org","@graph":[{"@type":"Article","@id":"https:\/\/www.prijedordanas.com\/?p=8528#article","isPartOf":{"@id":"https:\/\/www.prijedordanas.com\/?p=8528"},"author":{"name":"admin","@id":"https:\/\/www.prijedordanas.com\/#\/schema\/person\/4e08ccf29b506ca916ff86d46bb700e6"},"headline":"OBILJE\u017dEN JEDAN VIJEK BIJELOG SPORTA U GRADU NA SANI","datePublished":"2014-09-28T09:35:56+00:00","dateModified":"2014-09-28T09:35:56+00:00","mainEntityOfPage":{"@id":"https:\/\/www.prijedordanas.com\/?p=8528"},"wordCount":580,"publisher":{"@id":"https:\/\/www.prijedordanas.com\/#organization"},"keywords":["tenis"],"articleSection":["Sport"],"inLanguage":"en-US"},{"@type":"WebPage","@id":"https:\/\/www.prijedordanas.com\/?p=8528","url":"https:\/\/www.prijedordanas.com\/?p=8528","name":"OBILJE\u017dEN JEDAN VIJEK BIJELOG SPORTA U GRADU NA SANI - PrijedorDanas.com - Prijedorski gradski portal","isPartOf":{"@id":"https:\/\/www.prijedordanas.com\/#website"},"datePublished":"2014-09-28T09:35:56+00:00","dateModified":"2014-09-28T09:35:56+00:00","breadcrumb":{"@id":"https:\/\/www.prijedordanas.com\/?p=8528#breadcrumb"},"inLanguage":"en-US","potentialAction":[{"@type":"ReadAction","target":["https:\/\/www.prijedordanas.com\/?p=8528"]}]},{"@type":"BreadcrumbList","@id":"https:\/\/www.prijedordanas.com\/?p=8528#breadcrumb","itemListElement":[{"@type":"ListItem","position":1,"name":"Home","item":"https:\/\/www.prijedordanas.com\/"},{"@type":"ListItem","position":2,"name":"OBILJE\u017dEN JEDAN VIJEK BIJELOG SPORTA U GRADU NA SANI"}]},{"@type":"WebSite","@id":"https:\/\/www.prijedordanas.com\/#website","url":"https:\/\/www.prijedordanas.com\/","name":"PrijedorDanas.com - Prijedorski gradski portal","description":"Portal o doga\u0111anjima u gradu Prijedoru","publisher":{"@id":"https:\/\/www.prijedordanas.com\/#organization"},"potentialAction":[{"@type":"SearchAction","target":{"@type":"EntryPoint","urlTemplate":"https:\/\/www.prijedordanas.com\/?s={search_term_string}"},"query-input":"required name=search_term_string"}],"inLanguage":"en-US"},{"@type":"Organization","@id":"https:\/\/www.prijedordanas.com\/#organization","name":"PrijedorDanas.com","url":"https:\/\/www.prijedordanas.com\/","logo":{"@type":"ImageObject","inLanguage":"en-US","@id":"https:\/\/www.prijedordanas.com\/#\/schema\/logo\/image\/","url":"http:\/\/www.prijedordanas.com\/wp-content\/uploads\/2021\/12\/logopng.png","contentUrl":"http:\/\/www.prijedordanas.com\/wp-content\/uploads\/2021\/12\/logopng.png","width":1019,"height":776,"caption":"PrijedorDanas.com"},"image":{"@id":"https:\/\/www.prijedordanas.com\/#\/schema\/logo\/image\/"},"sameAs":["https:\/\/www.facebook.com\/PrijedorDanasCom\/"]},{"@type":"Person","@id":"https:\/\/www.prijedordanas.com\/#\/schema\/person\/4e08ccf29b506ca916ff86d46bb700e6","name":"admin","image":{"@type":"ImageObject","inLanguage":"en-US","@id":"https:\/\/www.prijedordanas.com\/#\/schema\/person\/image\/","url":"https:\/\/secure.gravatar.com\/avatar\/1d3fc949d550f0b53a5f0d51e06dfd79?s=96&d=mm&r=g","contentUrl":"https:\/\/secure.gravatar.com\/avatar\/1d3fc949d550f0b53a5f0d51e06dfd79?s=96&d=mm&r=g","caption":"admin"},"url":"https:\/\/www.prijedordanas.com\/?author=1"}]}},"_links":{"self":[{"href":"https:\/\/www.prijedordanas.com\/index.php?rest_route=\/wp\/v2\/posts\/8528"}],"collection":[{"href":"https:\/\/www.prijedordanas.com\/index.php?rest_route=\/wp\/v2\/posts"}],"about":[{"href":"https:\/\/www.prijedordanas.com\/index.php?rest_route=\/wp\/v2\/types\/post"}],"author":[{"embeddable":true,"href":"https:\/\/www.prijedordanas.com\/index.php?rest_route=\/wp\/v2\/users\/1"}],"replies":[{"embeddable":true,"href":"https:\/\/www.prijedordanas.com\/index.php?rest_route=%2Fwp%2Fv2%2Fcomments&post=8528"}],"version-history":[{"count":1,"href":"https:\/\/www.prijedordanas.com\/index.php?rest_route=\/wp\/v2\/posts\/8528\/revisions"}],"predecessor-version":[{"id":8531,"href":"https:\/\/www.prijedordanas.com\/index.php?rest_route=\/wp\/v2\/posts\/8528\/revisions\/8531"}],"wp:attachment":[{"href":"https:\/\/www.prijedordanas.com\/index.php?rest_route=%2Fwp%2Fv2%2Fmedia&parent=8528"}],"wp:term":[{"taxonomy":"category","embeddable":true,"href":"https:\/\/www.prijedordanas.com\/index.php?rest_route=%2Fwp%2Fv2%2Fcategories&post=8528"},{"taxonomy":"post_tag","embeddable":true,"href":"https:\/\/www.prijedordanas.com\/index.php?rest_route=%2Fwp%2Fv2%2Ftags&post=8528"}],"curies":[{"name":"wp","href":"https:\/\/api.w.org\/{rel}","templated":true}]}}