{"id":84982,"date":"2017-07-14T08:06:40","date_gmt":"2017-07-14T06:06:40","guid":{"rendered":"https:\/\/www.prijedordanas.com\/?p=84982"},"modified":"2017-07-14T08:06:40","modified_gmt":"2017-07-14T06:06:40","slug":"pu-prijedor-u-akciji-vozac-pjesak-kaznjeno-96-vozaca-17-pjesaka","status":"publish","type":"post","link":"https:\/\/www.prijedordanas.com\/?p=84982","title":{"rendered":"PU PRIJEDOR: U AKCIJI VOZA\u010c-PJE\u0160AK KA\u017dNJENO 96 VOZA\u010cA I 17 PJE\u0160AKA"},"content":{"rendered":"<p><a href=\"https:\/\/www.prijedordanas.com\/wp-content\/uploads\/2017\/03\/cjbpd-policijska-kontrola.jpg\"><img loading=\"lazy\" decoding=\"async\" class=\"alignleft size-medium wp-image-75656\" src=\"https:\/\/www.prijedordanas.com\/wp-content\/uploads\/2017\/03\/cjbpd-policijska-kontrola-300x231.jpg\" alt=\"\" width=\"300\" height=\"231\" srcset=\"https:\/\/www.prijedordanas.com\/wp-content\/uploads\/2017\/03\/cjbpd-policijska-kontrola-300x231.jpg 300w, https:\/\/www.prijedordanas.com\/wp-content\/uploads\/2017\/03\/cjbpd-policijska-kontrola-100x77.jpg 100w, https:\/\/www.prijedordanas.com\/wp-content\/uploads\/2017\/03\/cjbpd-policijska-kontrola.jpg 650w\" sizes=\"(max-width: 300px) 100vw, 300px\" \/><\/a>Nastavljajuc\u0301i sa kontinuiranim planskim aktivnostima koje se preduzimaju radi stvaranja \u0161to bezbjednijeg ambijenta za odvijanje saobrac\u0301aja, Policijska uprava Prijedor je u dane 29. i 30.06.2017. godine na podru\u010dju Grada Prijedora provela akciju poja\u010dane kontrole saobrac\u0301aja sa posebnim akcentom na prekr\u0161aje koji nastaju kao posljedica nepo\u0161tovanja obaveza voza\u010da prema pje\u0161acima, kao i prekr\u0161aje koji se ogledaju u nepropisnom kretanju pje\u0161aka.<\/p>\n<p>Akcija poja\u010dane kontrole planirana je i realizovana kako bi se represivnim i preventivnim mjerama uticalo na bezbjednosna kretanja u oblasti saobrac\u0301aja, prvenstveno u cilju povec\u0301anja stepena bezbjednosti pje\u0161aka kao jedne od najugro\u017eenijih kategorija u\u010desnika u saobrac\u0301aju, a imajuc\u0301u vidu predstojec\u0301i period turisti\u010dke sezone kada se o\u010dekuje zna\u010dajno povec\u0301anje obima i intenziteta saobrac\u0301aja \u0161to c\u0301e neminovno uticati i na povec\u0301anje stepena ugro\u017eenosti ove kategorije u\u010desnika u saobrac\u0301aju.<\/p>\n<p><a href=\"https:\/\/www.prijedordanas.com\/wp-content\/uploads\/2016\/11\/cjbpd-jesen-2016-3.jpg\"><img loading=\"lazy\" decoding=\"async\" src=\"https:\/\/www.prijedordanas.com\/wp-content\/uploads\/2016\/11\/cjbpd-jesen-2016-3-300x250.jpg\" alt=\"\" width=\"300\" height=\"250\" class=\"alignleft size-medium wp-image-67085\" srcset=\"https:\/\/www.prijedordanas.com\/wp-content\/uploads\/2016\/11\/cjbpd-jesen-2016-3-300x250.jpg 300w, https:\/\/www.prijedordanas.com\/wp-content\/uploads\/2016\/11\/cjbpd-jesen-2016-3-100x83.jpg 100w, https:\/\/www.prijedordanas.com\/wp-content\/uploads\/2016\/11\/cjbpd-jesen-2016-3.jpg 600w\" sizes=\"(max-width: 300px) 100vw, 300px\" \/><\/a>Tokom navedene akcije ukupno su kontrolisana 104 voza\u010da i 17 pje\u0161aka. Policijski slu\u017ebenici su uo\u010dili i evidentirali 113 prekr\u0161aja, odnosno nov\u010dane kazne su izre\u010dene za 96 voza\u010da i 17 pje\u0161aka. Vec\u0301ina od ukupnog broja prekr\u0161aja za koje su sankcionisani voza\u010di odnosila se na nepropu\u0161tanje pje\u0161aka na obilje\u017eenom pje\u0161a\u010dkom prelazu, dok je najvec\u0301i broj pje\u0161aka sankcionisan zbog prelaska kolovoza mimo obilje\u017eenog pje\u0161a\u010dkog prelaza.<\/p>\n<p>Policijska uprava Prijedor apeluje na voza\u010de da se prilikom kretanja vozilom pridr\u017eavaju zakonom propisanih obaveza prema pje\u0161acima, posebno prema djeci, a istovremeno skrec\u0301emo pa\u017enju pje\u0161acima da se strogo pridr\u017eavaju zakonskih pravila o kretanju na putu jer samo na taj na\u010din mogu bezbjedno da u\u010destvuju u saobrac\u0301aju.<\/p>\n<p>Policijski slu\u017ebenici ove Policijske uprave i u narednom periodu nastavic\u0301e sa prac\u0301enjem stanja u ovoj oblasti i preduzimanjem potrebnih mjera i aktivnosti iz svoje nadle\u017enosti na o\u010duvanju i podizanju dostignutog nivoa bezbjednosti saobrac\u0301aja.<\/p>\n<p>PU Prijedor<\/p>\n","protected":false},"excerpt":{"rendered":"<p>Nastavljajuc\u0301i sa kontinuiranim planskim aktivnostima koje se preduzimaju radi stvaranja \u0161to bezbjednijeg ambijenta za odvijanje saobrac\u0301aja, Policijska uprava Prijedor je u dane 29. i 30.06.2017. godine na podru\u010dju Grada Prijedora [&hellip;]<\/p>\n","protected":false},"author":1,"featured_media":0,"comment_status":"closed","ping_status":"open","sticky":false,"template":"","format":"standard","meta":{"_monsterinsights_skip_tracking":false,"_monsterinsights_sitenote_active":false,"_monsterinsights_sitenote_note":"","_monsterinsights_sitenote_category":0,"footnotes":""},"categories":[5],"tags":[],"yoast_head":"<!-- This site is optimized with the Yoast SEO plugin v21.6 - https:\/\/yoast.com\/wordpress\/plugins\/seo\/ -->\n<title>PU PRIJEDOR: U AKCIJI VOZA\u010c-PJE\u0160AK KA\u017dNJENO 96 VOZA\u010cA I 17 PJE\u0160AKA - PrijedorDanas.com - Prijedorski gradski portal<\/title>\n<meta name=\"robots\" content=\"index, follow, max-snippet:-1, max-image-preview:large, max-video-preview:-1\" \/>\n<link rel=\"canonical\" href=\"https:\/\/www.prijedordanas.com\/?p=84982\" \/>\n<meta property=\"og:locale\" content=\"en_US\" \/>\n<meta property=\"og:type\" content=\"article\" \/>\n<meta property=\"og:title\" content=\"PU PRIJEDOR: U AKCIJI VOZA\u010c-PJE\u0160AK KA\u017dNJENO 96 VOZA\u010cA I 17 PJE\u0160AKA - PrijedorDanas.com - Prijedorski gradski portal\" \/>\n<meta property=\"og:description\" content=\"Nastavljajuc\u0301i sa kontinuiranim planskim aktivnostima koje se preduzimaju radi stvaranja \u0161to bezbjednijeg ambijenta za odvijanje saobrac\u0301aja, Policijska uprava Prijedor je u dane 29. i 30.06.2017. godine na podru\u010dju Grada Prijedora [&hellip;]\" \/>\n<meta property=\"og:url\" content=\"https:\/\/www.prijedordanas.com\/?p=84982\" \/>\n<meta property=\"og:site_name\" content=\"PrijedorDanas.com - Prijedorski gradski portal\" \/>\n<meta property=\"article:publisher\" content=\"https:\/\/www.facebook.com\/PrijedorDanasCom\/\" \/>\n<meta property=\"article:published_time\" content=\"2017-07-14T06:06:40+00:00\" \/>\n<meta property=\"og:image\" content=\"https:\/\/www.prijedordanas.com\/wp-content\/uploads\/2017\/03\/cjbpd-policijska-kontrola-300x231.jpg\" \/>\n<meta name=\"author\" content=\"admin\" \/>\n<meta name=\"twitter:card\" content=\"summary_large_image\" \/>\n<meta name=\"twitter:label1\" content=\"Written by\" \/>\n\t<meta name=\"twitter:data1\" content=\"admin\" \/>\n\t<meta name=\"twitter:label2\" content=\"Est. reading time\" \/>\n\t<meta name=\"twitter:data2\" content=\"2 minutes\" \/>\n<script type=\"application\/ld+json\" class=\"yoast-schema-graph\">{\"@context\":\"https:\/\/schema.org\",\"@graph\":[{\"@type\":\"Article\",\"@id\":\"https:\/\/www.prijedordanas.com\/?p=84982#article\",\"isPartOf\":{\"@id\":\"https:\/\/www.prijedordanas.com\/?p=84982\"},\"author\":{\"name\":\"admin\",\"@id\":\"https:\/\/www.prijedordanas.com\/#\/schema\/person\/4e08ccf29b506ca916ff86d46bb700e6\"},\"headline\":\"PU PRIJEDOR: U AKCIJI VOZA\u010c-PJE\u0160AK KA\u017dNJENO 96 VOZA\u010cA I 17 PJE\u0160AKA\",\"datePublished\":\"2017-07-14T06:06:40+00:00\",\"dateModified\":\"2017-07-14T06:06:40+00:00\",\"mainEntityOfPage\":{\"@id\":\"https:\/\/www.prijedordanas.com\/?p=84982\"},\"wordCount\":343,\"publisher\":{\"@id\":\"https:\/\/www.prijedordanas.com\/#organization\"},\"articleSection\":[\"Hronika\"],\"inLanguage\":\"en-US\"},{\"@type\":\"WebPage\",\"@id\":\"https:\/\/www.prijedordanas.com\/?p=84982\",\"url\":\"https:\/\/www.prijedordanas.com\/?p=84982\",\"name\":\"PU PRIJEDOR: U AKCIJI VOZA\u010c-PJE\u0160AK KA\u017dNJENO 96 VOZA\u010cA I 17 PJE\u0160AKA - PrijedorDanas.com - Prijedorski gradski portal\",\"isPartOf\":{\"@id\":\"https:\/\/www.prijedordanas.com\/#website\"},\"datePublished\":\"2017-07-14T06:06:40+00:00\",\"dateModified\":\"2017-07-14T06:06:40+00:00\",\"breadcrumb\":{\"@id\":\"https:\/\/www.prijedordanas.com\/?p=84982#breadcrumb\"},\"inLanguage\":\"en-US\",\"potentialAction\":[{\"@type\":\"ReadAction\",\"target\":[\"https:\/\/www.prijedordanas.com\/?p=84982\"]}]},{\"@type\":\"BreadcrumbList\",\"@id\":\"https:\/\/www.prijedordanas.com\/?p=84982#breadcrumb\",\"itemListElement\":[{\"@type\":\"ListItem\",\"position\":1,\"name\":\"Home\",\"item\":\"https:\/\/www.prijedordanas.com\/\"},{\"@type\":\"ListItem\",\"position\":2,\"name\":\"PU PRIJEDOR: U AKCIJI VOZA\u010c-PJE\u0160AK KA\u017dNJENO 96 VOZA\u010cA I 17 PJE\u0160AKA\"}]},{\"@type\":\"WebSite\",\"@id\":\"https:\/\/www.prijedordanas.com\/#website\",\"url\":\"https:\/\/www.prijedordanas.com\/\",\"name\":\"PrijedorDanas.com - Prijedorski gradski portal\",\"description\":\"Portal o doga\u0111anjima u gradu Prijedoru\",\"publisher\":{\"@id\":\"https:\/\/www.prijedordanas.com\/#organization\"},\"potentialAction\":[{\"@type\":\"SearchAction\",\"target\":{\"@type\":\"EntryPoint\",\"urlTemplate\":\"https:\/\/www.prijedordanas.com\/?s={search_term_string}\"},\"query-input\":\"required name=search_term_string\"}],\"inLanguage\":\"en-US\"},{\"@type\":\"Organization\",\"@id\":\"https:\/\/www.prijedordanas.com\/#organization\",\"name\":\"PrijedorDanas.com\",\"url\":\"https:\/\/www.prijedordanas.com\/\",\"logo\":{\"@type\":\"ImageObject\",\"inLanguage\":\"en-US\",\"@id\":\"https:\/\/www.prijedordanas.com\/#\/schema\/logo\/image\/\",\"url\":\"http:\/\/www.prijedordanas.com\/wp-content\/uploads\/2021\/12\/logopng.png\",\"contentUrl\":\"http:\/\/www.prijedordanas.com\/wp-content\/uploads\/2021\/12\/logopng.png\",\"width\":1019,\"height\":776,\"caption\":\"PrijedorDanas.com\"},\"image\":{\"@id\":\"https:\/\/www.prijedordanas.com\/#\/schema\/logo\/image\/\"},\"sameAs\":[\"https:\/\/www.facebook.com\/PrijedorDanasCom\/\"]},{\"@type\":\"Person\",\"@id\":\"https:\/\/www.prijedordanas.com\/#\/schema\/person\/4e08ccf29b506ca916ff86d46bb700e6\",\"name\":\"admin\",\"image\":{\"@type\":\"ImageObject\",\"inLanguage\":\"en-US\",\"@id\":\"https:\/\/www.prijedordanas.com\/#\/schema\/person\/image\/\",\"url\":\"https:\/\/secure.gravatar.com\/avatar\/1d3fc949d550f0b53a5f0d51e06dfd79?s=96&d=mm&r=g\",\"contentUrl\":\"https:\/\/secure.gravatar.com\/avatar\/1d3fc949d550f0b53a5f0d51e06dfd79?s=96&d=mm&r=g\",\"caption\":\"admin\"},\"url\":\"https:\/\/www.prijedordanas.com\/?author=1\"}]}<\/script>\n<!-- \/ Yoast SEO plugin. -->","yoast_head_json":{"title":"PU PRIJEDOR: U AKCIJI VOZA\u010c-PJE\u0160AK KA\u017dNJENO 96 VOZA\u010cA I 17 PJE\u0160AKA - PrijedorDanas.com - Prijedorski gradski portal","robots":{"index":"index","follow":"follow","max-snippet":"max-snippet:-1","max-image-preview":"max-image-preview:large","max-video-preview":"max-video-preview:-1"},"canonical":"https:\/\/www.prijedordanas.com\/?p=84982","og_locale":"en_US","og_type":"article","og_title":"PU PRIJEDOR: U AKCIJI VOZA\u010c-PJE\u0160AK KA\u017dNJENO 96 VOZA\u010cA I 17 PJE\u0160AKA - PrijedorDanas.com - Prijedorski gradski portal","og_description":"Nastavljajuc\u0301i sa kontinuiranim planskim aktivnostima koje se preduzimaju radi stvaranja \u0161to bezbjednijeg ambijenta za odvijanje saobrac\u0301aja, Policijska uprava Prijedor je u dane 29. i 30.06.2017. godine na podru\u010dju Grada Prijedora [&hellip;]","og_url":"https:\/\/www.prijedordanas.com\/?p=84982","og_site_name":"PrijedorDanas.com - Prijedorski gradski portal","article_publisher":"https:\/\/www.facebook.com\/PrijedorDanasCom\/","article_published_time":"2017-07-14T06:06:40+00:00","og_image":[{"url":"https:\/\/www.prijedordanas.com\/wp-content\/uploads\/2017\/03\/cjbpd-policijska-kontrola-300x231.jpg"}],"author":"admin","twitter_card":"summary_large_image","twitter_misc":{"Written by":"admin","Est. reading time":"2 minutes"},"schema":{"@context":"https:\/\/schema.org","@graph":[{"@type":"Article","@id":"https:\/\/www.prijedordanas.com\/?p=84982#article","isPartOf":{"@id":"https:\/\/www.prijedordanas.com\/?p=84982"},"author":{"name":"admin","@id":"https:\/\/www.prijedordanas.com\/#\/schema\/person\/4e08ccf29b506ca916ff86d46bb700e6"},"headline":"PU PRIJEDOR: U AKCIJI VOZA\u010c-PJE\u0160AK KA\u017dNJENO 96 VOZA\u010cA I 17 PJE\u0160AKA","datePublished":"2017-07-14T06:06:40+00:00","dateModified":"2017-07-14T06:06:40+00:00","mainEntityOfPage":{"@id":"https:\/\/www.prijedordanas.com\/?p=84982"},"wordCount":343,"publisher":{"@id":"https:\/\/www.prijedordanas.com\/#organization"},"articleSection":["Hronika"],"inLanguage":"en-US"},{"@type":"WebPage","@id":"https:\/\/www.prijedordanas.com\/?p=84982","url":"https:\/\/www.prijedordanas.com\/?p=84982","name":"PU PRIJEDOR: U AKCIJI VOZA\u010c-PJE\u0160AK KA\u017dNJENO 96 VOZA\u010cA I 17 PJE\u0160AKA - PrijedorDanas.com - Prijedorski gradski portal","isPartOf":{"@id":"https:\/\/www.prijedordanas.com\/#website"},"datePublished":"2017-07-14T06:06:40+00:00","dateModified":"2017-07-14T06:06:40+00:00","breadcrumb":{"@id":"https:\/\/www.prijedordanas.com\/?p=84982#breadcrumb"},"inLanguage":"en-US","potentialAction":[{"@type":"ReadAction","target":["https:\/\/www.prijedordanas.com\/?p=84982"]}]},{"@type":"BreadcrumbList","@id":"https:\/\/www.prijedordanas.com\/?p=84982#breadcrumb","itemListElement":[{"@type":"ListItem","position":1,"name":"Home","item":"https:\/\/www.prijedordanas.com\/"},{"@type":"ListItem","position":2,"name":"PU PRIJEDOR: U AKCIJI VOZA\u010c-PJE\u0160AK KA\u017dNJENO 96 VOZA\u010cA I 17 PJE\u0160AKA"}]},{"@type":"WebSite","@id":"https:\/\/www.prijedordanas.com\/#website","url":"https:\/\/www.prijedordanas.com\/","name":"PrijedorDanas.com - Prijedorski gradski portal","description":"Portal o doga\u0111anjima u gradu Prijedoru","publisher":{"@id":"https:\/\/www.prijedordanas.com\/#organization"},"potentialAction":[{"@type":"SearchAction","target":{"@type":"EntryPoint","urlTemplate":"https:\/\/www.prijedordanas.com\/?s={search_term_string}"},"query-input":"required name=search_term_string"}],"inLanguage":"en-US"},{"@type":"Organization","@id":"https:\/\/www.prijedordanas.com\/#organization","name":"PrijedorDanas.com","url":"https:\/\/www.prijedordanas.com\/","logo":{"@type":"ImageObject","inLanguage":"en-US","@id":"https:\/\/www.prijedordanas.com\/#\/schema\/logo\/image\/","url":"http:\/\/www.prijedordanas.com\/wp-content\/uploads\/2021\/12\/logopng.png","contentUrl":"http:\/\/www.prijedordanas.com\/wp-content\/uploads\/2021\/12\/logopng.png","width":1019,"height":776,"caption":"PrijedorDanas.com"},"image":{"@id":"https:\/\/www.prijedordanas.com\/#\/schema\/logo\/image\/"},"sameAs":["https:\/\/www.facebook.com\/PrijedorDanasCom\/"]},{"@type":"Person","@id":"https:\/\/www.prijedordanas.com\/#\/schema\/person\/4e08ccf29b506ca916ff86d46bb700e6","name":"admin","image":{"@type":"ImageObject","inLanguage":"en-US","@id":"https:\/\/www.prijedordanas.com\/#\/schema\/person\/image\/","url":"https:\/\/secure.gravatar.com\/avatar\/1d3fc949d550f0b53a5f0d51e06dfd79?s=96&d=mm&r=g","contentUrl":"https:\/\/secure.gravatar.com\/avatar\/1d3fc949d550f0b53a5f0d51e06dfd79?s=96&d=mm&r=g","caption":"admin"},"url":"https:\/\/www.prijedordanas.com\/?author=1"}]}},"_links":{"self":[{"href":"https:\/\/www.prijedordanas.com\/index.php?rest_route=\/wp\/v2\/posts\/84982"}],"collection":[{"href":"https:\/\/www.prijedordanas.com\/index.php?rest_route=\/wp\/v2\/posts"}],"about":[{"href":"https:\/\/www.prijedordanas.com\/index.php?rest_route=\/wp\/v2\/types\/post"}],"author":[{"embeddable":true,"href":"https:\/\/www.prijedordanas.com\/index.php?rest_route=\/wp\/v2\/users\/1"}],"replies":[{"embeddable":true,"href":"https:\/\/www.prijedordanas.com\/index.php?rest_route=%2Fwp%2Fv2%2Fcomments&post=84982"}],"version-history":[{"count":1,"href":"https:\/\/www.prijedordanas.com\/index.php?rest_route=\/wp\/v2\/posts\/84982\/revisions"}],"predecessor-version":[{"id":84983,"href":"https:\/\/www.prijedordanas.com\/index.php?rest_route=\/wp\/v2\/posts\/84982\/revisions\/84983"}],"wp:attachment":[{"href":"https:\/\/www.prijedordanas.com\/index.php?rest_route=%2Fwp%2Fv2%2Fmedia&parent=84982"}],"wp:term":[{"taxonomy":"category","embeddable":true,"href":"https:\/\/www.prijedordanas.com\/index.php?rest_route=%2Fwp%2Fv2%2Fcategories&post=84982"},{"taxonomy":"post_tag","embeddable":true,"href":"https:\/\/www.prijedordanas.com\/index.php?rest_route=%2Fwp%2Fv2%2Ftags&post=84982"}],"curies":[{"name":"wp","href":"https:\/\/api.w.org\/{rel}","templated":true}]}}