{"id":84289,"date":"2017-06-29T17:48:17","date_gmt":"2017-06-29T15:48:17","guid":{"rendered":"https:\/\/www.prijedordanas.com\/?p=84289"},"modified":"2017-06-29T17:48:17","modified_gmt":"2017-06-29T15:48:17","slug":"gradonacelnik-dakovic-obisao-novu-prijedorsku-dvoranu-u-izgradnji-fotovideo","status":"publish","type":"post","link":"https:\/\/www.prijedordanas.com\/?p=84289","title":{"rendered":"GRADONA\u010cELNIK \u0110AKOVI\u0106 OBI\u0160AO NOVU PRIJEDORSKU DVORANU U IZGRADNJI \u2013 FOTO\/VIDEO"},"content":{"rendered":"<p><a href=\"https:\/\/www.prijedordanas.com\/wp-content\/uploads\/2017\/06\/dvorana-urije-obilazak-gradonacelnik-djakovic-1.jpg\"><img loading=\"lazy\" decoding=\"async\" class=\"alignleft size-medium wp-image-84277\" src=\"https:\/\/www.prijedordanas.com\/wp-content\/uploads\/2017\/06\/dvorana-urije-obilazak-gradonacelnik-djakovic-1-300x222.jpg\" alt=\"\" width=\"300\" height=\"222\" srcset=\"https:\/\/www.prijedordanas.com\/wp-content\/uploads\/2017\/06\/dvorana-urije-obilazak-gradonacelnik-djakovic-1-300x222.jpg 300w, https:\/\/www.prijedordanas.com\/wp-content\/uploads\/2017\/06\/dvorana-urije-obilazak-gradonacelnik-djakovic-1-100x74.jpg 100w, https:\/\/www.prijedordanas.com\/wp-content\/uploads\/2017\/06\/dvorana-urije-obilazak-gradonacelnik-djakovic-1.jpg 675w\" sizes=\"(max-width: 300px) 100vw, 300px\" \/><\/a>Gradona\u010delnik Prijedora Milenko \u0110akovi\u0107 obi\u0161ao je danas novu sportsku dvoranu u naselju Urije, za \u010diju je izgradnju lokalna zajednica do sada izdvojila oko 3.65 miliona KM.<\/p>\n<p>-Mo\u017eemo re\u0107i da smo stigli na pola puta do zavr\u0161etka objekta. U narednom periodu o\u010dekujem finansijsku podr\u0161ku Vlade Republike Srpske i predsjednika Dodika kojima smo se obratili za pomo\u0107 \u2013 rekao je \u0110akovi\u0107.<\/p>\n<p>On je dodao da se nakon zavr\u0161etka krovne konstrukcije i postavljanja vanjske stolarije o\u010dekuju radovi u unutra\u0161njosti objekta.<\/p>\n<p>Gradnja nove sportske dvorane u prijedorskom naselju Urije po\u010dela je 2012.godine i do sada su radovi finansirani isklju\u010divo sredstvima lokalne zajednice.<\/p>\n<p>Prema projektu, ovaj sportski objekat \u0107e mo\u0107i da primi 1.880 gledalaca.<\/p>\n<p>Osim terena koji zadvoljava sve uslove dvoranskih sportova, dvorana \u0107e imati svla\u010dionice, male sale za borila\u010dke sportove, kuglanu sa \u010detiri staze, kao i ugostiteljske sadr\u017eaje i poslovne prostore.<\/p>\n<p>Tekst i foto &#8211; Aleksandar Drakuli\u0107 \u2013 <a href=\"https:\/\/www.prijedordanas.com\" target=\"_blank\" rel=\"noopener noreferrer\">www.prijedordanas.com<\/a><\/p>\n<p><iframe loading=\"lazy\" width=\"500\" height=\"281\" src=\"https:\/\/www.youtube.com\/embed\/qHnfzQWD4h4?feature=oembed\" frameborder=\"0\" allowfullscreen><\/iframe><\/p>\n<p><a href=\"https:\/\/www.prijedordanas.com\/wp-content\/uploads\/2017\/06\/dvorana-urije-obilazak-gradonacelnik-djakovic-2.jpg\"><img loading=\"lazy\" decoding=\"async\" class=\"alignleft size-medium wp-image-84278\" src=\"https:\/\/www.prijedordanas.com\/wp-content\/uploads\/2017\/06\/dvorana-urije-obilazak-gradonacelnik-djakovic-2-300x222.jpg\" alt=\"\" width=\"300\" height=\"222\" srcset=\"https:\/\/www.prijedordanas.com\/wp-content\/uploads\/2017\/06\/dvorana-urije-obilazak-gradonacelnik-djakovic-2-300x222.jpg 300w, https:\/\/www.prijedordanas.com\/wp-content\/uploads\/2017\/06\/dvorana-urije-obilazak-gradonacelnik-djakovic-2-100x74.jpg 100w, https:\/\/www.prijedordanas.com\/wp-content\/uploads\/2017\/06\/dvorana-urije-obilazak-gradonacelnik-djakovic-2.jpg 675w\" sizes=\"(max-width: 300px) 100vw, 300px\" \/><\/a> <a href=\"https:\/\/www.prijedordanas.com\/wp-content\/uploads\/2017\/06\/dvorana-urije-obilazak-gradonacelnik-djakovic-3.jpg\"><img loading=\"lazy\" decoding=\"async\" class=\"alignleft size-medium wp-image-84279\" src=\"https:\/\/www.prijedordanas.com\/wp-content\/uploads\/2017\/06\/dvorana-urije-obilazak-gradonacelnik-djakovic-3-300x222.jpg\" alt=\"\" width=\"300\" height=\"222\" srcset=\"https:\/\/www.prijedordanas.com\/wp-content\/uploads\/2017\/06\/dvorana-urije-obilazak-gradonacelnik-djakovic-3-300x222.jpg 300w, https:\/\/www.prijedordanas.com\/wp-content\/uploads\/2017\/06\/dvorana-urije-obilazak-gradonacelnik-djakovic-3-100x74.jpg 100w, https:\/\/www.prijedordanas.com\/wp-content\/uploads\/2017\/06\/dvorana-urije-obilazak-gradonacelnik-djakovic-3.jpg 675w\" sizes=\"(max-width: 300px) 100vw, 300px\" \/><\/a> <a href=\"https:\/\/www.prijedordanas.com\/wp-content\/uploads\/2017\/06\/dvorana-urije-obilazak-gradonacelnik-djakovic-4.jpg\"><img loading=\"lazy\" decoding=\"async\" class=\"alignleft size-medium wp-image-84280\" src=\"https:\/\/www.prijedordanas.com\/wp-content\/uploads\/2017\/06\/dvorana-urije-obilazak-gradonacelnik-djakovic-4-300x222.jpg\" alt=\"\" width=\"300\" height=\"222\" srcset=\"https:\/\/www.prijedordanas.com\/wp-content\/uploads\/2017\/06\/dvorana-urije-obilazak-gradonacelnik-djakovic-4-300x222.jpg 300w, https:\/\/www.prijedordanas.com\/wp-content\/uploads\/2017\/06\/dvorana-urije-obilazak-gradonacelnik-djakovic-4-100x74.jpg 100w, https:\/\/www.prijedordanas.com\/wp-content\/uploads\/2017\/06\/dvorana-urije-obilazak-gradonacelnik-djakovic-4.jpg 675w\" sizes=\"(max-width: 300px) 100vw, 300px\" \/><\/a> <a href=\"https:\/\/www.prijedordanas.com\/wp-content\/uploads\/2017\/06\/dvorana-urije-obilazak-gradonacelnik-djakovic-5.jpg\"><img loading=\"lazy\" decoding=\"async\" class=\"alignleft size-medium wp-image-84281\" src=\"https:\/\/www.prijedordanas.com\/wp-content\/uploads\/2017\/06\/dvorana-urije-obilazak-gradonacelnik-djakovic-5-300x222.jpg\" alt=\"\" width=\"300\" height=\"222\" srcset=\"https:\/\/www.prijedordanas.com\/wp-content\/uploads\/2017\/06\/dvorana-urije-obilazak-gradonacelnik-djakovic-5-300x222.jpg 300w, https:\/\/www.prijedordanas.com\/wp-content\/uploads\/2017\/06\/dvorana-urije-obilazak-gradonacelnik-djakovic-5-100x74.jpg 100w, https:\/\/www.prijedordanas.com\/wp-content\/uploads\/2017\/06\/dvorana-urije-obilazak-gradonacelnik-djakovic-5.jpg 675w\" sizes=\"(max-width: 300px) 100vw, 300px\" \/><\/a> <a href=\"https:\/\/www.prijedordanas.com\/wp-content\/uploads\/2017\/06\/dvorana-urije-obilazak-gradonacelnik-djakovic-6.jpg\"><img loading=\"lazy\" decoding=\"async\" class=\"alignleft size-medium wp-image-84282\" src=\"https:\/\/www.prijedordanas.com\/wp-content\/uploads\/2017\/06\/dvorana-urije-obilazak-gradonacelnik-djakovic-6-300x199.jpg\" alt=\"\" width=\"300\" height=\"199\" srcset=\"https:\/\/www.prijedordanas.com\/wp-content\/uploads\/2017\/06\/dvorana-urije-obilazak-gradonacelnik-djakovic-6-300x200.jpg 300w, https:\/\/www.prijedordanas.com\/wp-content\/uploads\/2017\/06\/dvorana-urije-obilazak-gradonacelnik-djakovic-6-100x66.jpg 100w, https:\/\/www.prijedordanas.com\/wp-content\/uploads\/2017\/06\/dvorana-urije-obilazak-gradonacelnik-djakovic-6-480x320.jpg 480w, https:\/\/www.prijedordanas.com\/wp-content\/uploads\/2017\/06\/dvorana-urije-obilazak-gradonacelnik-djakovic-6.jpg 600w\" sizes=\"(max-width: 300px) 100vw, 300px\" \/><\/a> <a href=\"https:\/\/www.prijedordanas.com\/wp-content\/uploads\/2017\/06\/dvorana-urije-obilazak-gradonacelnik-djakovic-7.jpg\"><img loading=\"lazy\" decoding=\"async\" class=\"alignleft size-medium wp-image-84283\" src=\"https:\/\/www.prijedordanas.com\/wp-content\/uploads\/2017\/06\/dvorana-urije-obilazak-gradonacelnik-djakovic-7-300x199.jpg\" alt=\"\" width=\"300\" height=\"199\" srcset=\"https:\/\/www.prijedordanas.com\/wp-content\/uploads\/2017\/06\/dvorana-urije-obilazak-gradonacelnik-djakovic-7-300x200.jpg 300w, https:\/\/www.prijedordanas.com\/wp-content\/uploads\/2017\/06\/dvorana-urije-obilazak-gradonacelnik-djakovic-7-100x66.jpg 100w, https:\/\/www.prijedordanas.com\/wp-content\/uploads\/2017\/06\/dvorana-urije-obilazak-gradonacelnik-djakovic-7-480x320.jpg 480w, https:\/\/www.prijedordanas.com\/wp-content\/uploads\/2017\/06\/dvorana-urije-obilazak-gradonacelnik-djakovic-7.jpg 600w\" sizes=\"(max-width: 300px) 100vw, 300px\" \/><\/a> <a href=\"https:\/\/www.prijedordanas.com\/wp-content\/uploads\/2017\/06\/dvorana-urije-obilazak-gradonacelnik-djakovic-8.jpg\"><img loading=\"lazy\" decoding=\"async\" class=\"alignleft size-medium wp-image-84284\" src=\"https:\/\/www.prijedordanas.com\/wp-content\/uploads\/2017\/06\/dvorana-urije-obilazak-gradonacelnik-djakovic-8-300x199.jpg\" alt=\"\" width=\"300\" height=\"199\" srcset=\"https:\/\/www.prijedordanas.com\/wp-content\/uploads\/2017\/06\/dvorana-urije-obilazak-gradonacelnik-djakovic-8-300x200.jpg 300w, https:\/\/www.prijedordanas.com\/wp-content\/uploads\/2017\/06\/dvorana-urije-obilazak-gradonacelnik-djakovic-8-100x66.jpg 100w, https:\/\/www.prijedordanas.com\/wp-content\/uploads\/2017\/06\/dvorana-urije-obilazak-gradonacelnik-djakovic-8-480x320.jpg 480w, https:\/\/www.prijedordanas.com\/wp-content\/uploads\/2017\/06\/dvorana-urije-obilazak-gradonacelnik-djakovic-8.jpg 600w\" sizes=\"(max-width: 300px) 100vw, 300px\" \/><\/a> <a href=\"https:\/\/www.prijedordanas.com\/wp-content\/uploads\/2017\/06\/dvorana-urije-obilazak-gradonacelnik-djakovic-9.jpg\"><img loading=\"lazy\" decoding=\"async\" class=\"alignleft size-medium wp-image-84285\" src=\"https:\/\/www.prijedordanas.com\/wp-content\/uploads\/2017\/06\/dvorana-urije-obilazak-gradonacelnik-djakovic-9-300x199.jpg\" alt=\"\" width=\"300\" height=\"199\" srcset=\"https:\/\/www.prijedordanas.com\/wp-content\/uploads\/2017\/06\/dvorana-urije-obilazak-gradonacelnik-djakovic-9-300x200.jpg 300w, https:\/\/www.prijedordanas.com\/wp-content\/uploads\/2017\/06\/dvorana-urije-obilazak-gradonacelnik-djakovic-9-100x66.jpg 100w, https:\/\/www.prijedordanas.com\/wp-content\/uploads\/2017\/06\/dvorana-urije-obilazak-gradonacelnik-djakovic-9-480x320.jpg 480w, https:\/\/www.prijedordanas.com\/wp-content\/uploads\/2017\/06\/dvorana-urije-obilazak-gradonacelnik-djakovic-9.jpg 600w\" sizes=\"(max-width: 300px) 100vw, 300px\" \/><\/a> <a href=\"https:\/\/www.prijedordanas.com\/wp-content\/uploads\/2017\/06\/dvorana-urije-obilazak-gradonacelnik-djakovic-10.jpg\"><img loading=\"lazy\" decoding=\"async\" class=\"alignleft size-medium wp-image-84286\" src=\"https:\/\/www.prijedordanas.com\/wp-content\/uploads\/2017\/06\/dvorana-urije-obilazak-gradonacelnik-djakovic-10-300x199.jpg\" alt=\"\" width=\"300\" height=\"199\" srcset=\"https:\/\/www.prijedordanas.com\/wp-content\/uploads\/2017\/06\/dvorana-urije-obilazak-gradonacelnik-djakovic-10-300x200.jpg 300w, https:\/\/www.prijedordanas.com\/wp-content\/uploads\/2017\/06\/dvorana-urije-obilazak-gradonacelnik-djakovic-10-100x66.jpg 100w, https:\/\/www.prijedordanas.com\/wp-content\/uploads\/2017\/06\/dvorana-urije-obilazak-gradonacelnik-djakovic-10-480x320.jpg 480w, https:\/\/www.prijedordanas.com\/wp-content\/uploads\/2017\/06\/dvorana-urije-obilazak-gradonacelnik-djakovic-10.jpg 600w\" sizes=\"(max-width: 300px) 100vw, 300px\" \/><\/a> <a href=\"https:\/\/www.prijedordanas.com\/wp-content\/uploads\/2017\/06\/dvorana-urije-obilazak-gradonacelnik-djakovic-11.jpg\"><img loading=\"lazy\" decoding=\"async\" class=\"alignleft size-medium wp-image-84287\" src=\"https:\/\/www.prijedordanas.com\/wp-content\/uploads\/2017\/06\/dvorana-urije-obilazak-gradonacelnik-djakovic-11-300x199.jpg\" alt=\"\" width=\"300\" height=\"199\" srcset=\"https:\/\/www.prijedordanas.com\/wp-content\/uploads\/2017\/06\/dvorana-urije-obilazak-gradonacelnik-djakovic-11-300x200.jpg 300w, https:\/\/www.prijedordanas.com\/wp-content\/uploads\/2017\/06\/dvorana-urije-obilazak-gradonacelnik-djakovic-11-100x66.jpg 100w, https:\/\/www.prijedordanas.com\/wp-content\/uploads\/2017\/06\/dvorana-urije-obilazak-gradonacelnik-djakovic-11-480x320.jpg 480w, https:\/\/www.prijedordanas.com\/wp-content\/uploads\/2017\/06\/dvorana-urije-obilazak-gradonacelnik-djakovic-11.jpg 600w\" sizes=\"(max-width: 300px) 100vw, 300px\" \/><\/a><\/p>\n","protected":false},"excerpt":{"rendered":"<p>Gradona\u010delnik Prijedora Milenko \u0110akovi\u0107 obi\u0161ao je danas novu sportsku dvoranu u naselju Urije, za \u010diju je izgradnju lokalna zajednica do sada izdvojila oko 3.65 miliona KM. -Mo\u017eemo re\u0107i da smo [&hellip;]<\/p>\n","protected":false},"author":1,"featured_media":0,"comment_status":"closed","ping_status":"open","sticky":false,"template":"","format":"standard","meta":{"_monsterinsights_skip_tracking":false,"_monsterinsights_sitenote_active":false,"_monsterinsights_sitenote_note":"","_monsterinsights_sitenote_category":0,"footnotes":""},"categories":[4,7],"tags":[1272,773,2094],"yoast_head":"<!-- This site is optimized with the Yoast SEO plugin v21.6 - https:\/\/yoast.com\/wordpress\/plugins\/seo\/ -->\n<title>GRADONA\u010cELNIK \u0110AKOVI\u0106 OBI\u0160AO NOVU PRIJEDORSKU DVORANU U IZGRADNJI \u2013 FOTO\/VIDEO - PrijedorDanas.com - Prijedorski gradski portal<\/title>\n<meta name=\"robots\" content=\"index, follow, max-snippet:-1, max-image-preview:large, max-video-preview:-1\" \/>\n<link rel=\"canonical\" href=\"https:\/\/www.prijedordanas.com\/?p=84289\" \/>\n<meta property=\"og:locale\" content=\"en_US\" \/>\n<meta property=\"og:type\" content=\"article\" \/>\n<meta property=\"og:title\" content=\"GRADONA\u010cELNIK \u0110AKOVI\u0106 OBI\u0160AO NOVU PRIJEDORSKU DVORANU U IZGRADNJI \u2013 FOTO\/VIDEO - PrijedorDanas.com - Prijedorski gradski portal\" \/>\n<meta property=\"og:description\" content=\"Gradona\u010delnik Prijedora Milenko \u0110akovi\u0107 obi\u0161ao je danas novu sportsku dvoranu u naselju Urije, za \u010diju je izgradnju lokalna zajednica do sada izdvojila oko 3.65 miliona KM. -Mo\u017eemo re\u0107i da smo [&hellip;]\" \/>\n<meta property=\"og:url\" content=\"https:\/\/www.prijedordanas.com\/?p=84289\" \/>\n<meta property=\"og:site_name\" content=\"PrijedorDanas.com - Prijedorski gradski portal\" \/>\n<meta property=\"article:publisher\" content=\"https:\/\/www.facebook.com\/PrijedorDanasCom\/\" \/>\n<meta property=\"article:published_time\" content=\"2017-06-29T15:48:17+00:00\" \/>\n<meta property=\"og:image\" content=\"https:\/\/www.prijedordanas.com\/wp-content\/uploads\/2017\/06\/dvorana-urije-obilazak-gradonacelnik-djakovic-1-300x222.jpg\" \/>\n<meta name=\"author\" content=\"admin\" \/>\n<meta name=\"twitter:card\" content=\"summary_large_image\" \/>\n<meta name=\"twitter:label1\" content=\"Written by\" \/>\n\t<meta name=\"twitter:data1\" content=\"admin\" \/>\n\t<meta name=\"twitter:label2\" content=\"Est. reading time\" \/>\n\t<meta name=\"twitter:data2\" content=\"1 minute\" \/>\n<script type=\"application\/ld+json\" class=\"yoast-schema-graph\">{\"@context\":\"https:\/\/schema.org\",\"@graph\":[{\"@type\":\"Article\",\"@id\":\"https:\/\/www.prijedordanas.com\/?p=84289#article\",\"isPartOf\":{\"@id\":\"https:\/\/www.prijedordanas.com\/?p=84289\"},\"author\":{\"name\":\"admin\",\"@id\":\"https:\/\/www.prijedordanas.com\/#\/schema\/person\/4e08ccf29b506ca916ff86d46bb700e6\"},\"headline\":\"GRADONA\u010cELNIK \u0110AKOVI\u0106 OBI\u0160AO NOVU PRIJEDORSKU DVORANU U IZGRADNJI \u2013 FOTO\/VIDEO\",\"datePublished\":\"2017-06-29T15:48:17+00:00\",\"dateModified\":\"2017-06-29T15:48:17+00:00\",\"mainEntityOfPage\":{\"@id\":\"https:\/\/www.prijedordanas.com\/?p=84289\"},\"wordCount\":176,\"publisher\":{\"@id\":\"https:\/\/www.prijedordanas.com\/#organization\"},\"keywords\":[\"dvorana\",\"radovi\",\"Urije\"],\"articleSection\":[\"Dru\u0161tvo\",\"Sport\"],\"inLanguage\":\"en-US\"},{\"@type\":\"WebPage\",\"@id\":\"https:\/\/www.prijedordanas.com\/?p=84289\",\"url\":\"https:\/\/www.prijedordanas.com\/?p=84289\",\"name\":\"GRADONA\u010cELNIK \u0110AKOVI\u0106 OBI\u0160AO NOVU PRIJEDORSKU DVORANU U IZGRADNJI \u2013 FOTO\/VIDEO - PrijedorDanas.com - Prijedorski gradski portal\",\"isPartOf\":{\"@id\":\"https:\/\/www.prijedordanas.com\/#website\"},\"datePublished\":\"2017-06-29T15:48:17+00:00\",\"dateModified\":\"2017-06-29T15:48:17+00:00\",\"breadcrumb\":{\"@id\":\"https:\/\/www.prijedordanas.com\/?p=84289#breadcrumb\"},\"inLanguage\":\"en-US\",\"potentialAction\":[{\"@type\":\"ReadAction\",\"target\":[\"https:\/\/www.prijedordanas.com\/?p=84289\"]}]},{\"@type\":\"BreadcrumbList\",\"@id\":\"https:\/\/www.prijedordanas.com\/?p=84289#breadcrumb\",\"itemListElement\":[{\"@type\":\"ListItem\",\"position\":1,\"name\":\"Home\",\"item\":\"https:\/\/www.prijedordanas.com\/\"},{\"@type\":\"ListItem\",\"position\":2,\"name\":\"GRADONA\u010cELNIK \u0110AKOVI\u0106 OBI\u0160AO NOVU PRIJEDORSKU DVORANU U IZGRADNJI \u2013 FOTO\/VIDEO\"}]},{\"@type\":\"WebSite\",\"@id\":\"https:\/\/www.prijedordanas.com\/#website\",\"url\":\"https:\/\/www.prijedordanas.com\/\",\"name\":\"PrijedorDanas.com - Prijedorski gradski portal\",\"description\":\"Portal o doga\u0111anjima u gradu Prijedoru\",\"publisher\":{\"@id\":\"https:\/\/www.prijedordanas.com\/#organization\"},\"potentialAction\":[{\"@type\":\"SearchAction\",\"target\":{\"@type\":\"EntryPoint\",\"urlTemplate\":\"https:\/\/www.prijedordanas.com\/?s={search_term_string}\"},\"query-input\":\"required name=search_term_string\"}],\"inLanguage\":\"en-US\"},{\"@type\":\"Organization\",\"@id\":\"https:\/\/www.prijedordanas.com\/#organization\",\"name\":\"PrijedorDanas.com\",\"url\":\"https:\/\/www.prijedordanas.com\/\",\"logo\":{\"@type\":\"ImageObject\",\"inLanguage\":\"en-US\",\"@id\":\"https:\/\/www.prijedordanas.com\/#\/schema\/logo\/image\/\",\"url\":\"http:\/\/www.prijedordanas.com\/wp-content\/uploads\/2021\/12\/logopng.png\",\"contentUrl\":\"http:\/\/www.prijedordanas.com\/wp-content\/uploads\/2021\/12\/logopng.png\",\"width\":1019,\"height\":776,\"caption\":\"PrijedorDanas.com\"},\"image\":{\"@id\":\"https:\/\/www.prijedordanas.com\/#\/schema\/logo\/image\/\"},\"sameAs\":[\"https:\/\/www.facebook.com\/PrijedorDanasCom\/\"]},{\"@type\":\"Person\",\"@id\":\"https:\/\/www.prijedordanas.com\/#\/schema\/person\/4e08ccf29b506ca916ff86d46bb700e6\",\"name\":\"admin\",\"image\":{\"@type\":\"ImageObject\",\"inLanguage\":\"en-US\",\"@id\":\"https:\/\/www.prijedordanas.com\/#\/schema\/person\/image\/\",\"url\":\"https:\/\/secure.gravatar.com\/avatar\/1d3fc949d550f0b53a5f0d51e06dfd79?s=96&d=mm&r=g\",\"contentUrl\":\"https:\/\/secure.gravatar.com\/avatar\/1d3fc949d550f0b53a5f0d51e06dfd79?s=96&d=mm&r=g\",\"caption\":\"admin\"},\"url\":\"https:\/\/www.prijedordanas.com\/?author=1\"}]}<\/script>\n<!-- \/ Yoast SEO plugin. -->","yoast_head_json":{"title":"GRADONA\u010cELNIK \u0110AKOVI\u0106 OBI\u0160AO NOVU PRIJEDORSKU DVORANU U IZGRADNJI \u2013 FOTO\/VIDEO - PrijedorDanas.com - Prijedorski gradski portal","robots":{"index":"index","follow":"follow","max-snippet":"max-snippet:-1","max-image-preview":"max-image-preview:large","max-video-preview":"max-video-preview:-1"},"canonical":"https:\/\/www.prijedordanas.com\/?p=84289","og_locale":"en_US","og_type":"article","og_title":"GRADONA\u010cELNIK \u0110AKOVI\u0106 OBI\u0160AO NOVU PRIJEDORSKU DVORANU U IZGRADNJI \u2013 FOTO\/VIDEO - PrijedorDanas.com - Prijedorski gradski portal","og_description":"Gradona\u010delnik Prijedora Milenko \u0110akovi\u0107 obi\u0161ao je danas novu sportsku dvoranu u naselju Urije, za \u010diju je izgradnju lokalna zajednica do sada izdvojila oko 3.65 miliona KM. -Mo\u017eemo re\u0107i da smo [&hellip;]","og_url":"https:\/\/www.prijedordanas.com\/?p=84289","og_site_name":"PrijedorDanas.com - Prijedorski gradski portal","article_publisher":"https:\/\/www.facebook.com\/PrijedorDanasCom\/","article_published_time":"2017-06-29T15:48:17+00:00","og_image":[{"url":"https:\/\/www.prijedordanas.com\/wp-content\/uploads\/2017\/06\/dvorana-urije-obilazak-gradonacelnik-djakovic-1-300x222.jpg"}],"author":"admin","twitter_card":"summary_large_image","twitter_misc":{"Written by":"admin","Est. reading time":"1 minute"},"schema":{"@context":"https:\/\/schema.org","@graph":[{"@type":"Article","@id":"https:\/\/www.prijedordanas.com\/?p=84289#article","isPartOf":{"@id":"https:\/\/www.prijedordanas.com\/?p=84289"},"author":{"name":"admin","@id":"https:\/\/www.prijedordanas.com\/#\/schema\/person\/4e08ccf29b506ca916ff86d46bb700e6"},"headline":"GRADONA\u010cELNIK \u0110AKOVI\u0106 OBI\u0160AO NOVU PRIJEDORSKU DVORANU U IZGRADNJI \u2013 FOTO\/VIDEO","datePublished":"2017-06-29T15:48:17+00:00","dateModified":"2017-06-29T15:48:17+00:00","mainEntityOfPage":{"@id":"https:\/\/www.prijedordanas.com\/?p=84289"},"wordCount":176,"publisher":{"@id":"https:\/\/www.prijedordanas.com\/#organization"},"keywords":["dvorana","radovi","Urije"],"articleSection":["Dru\u0161tvo","Sport"],"inLanguage":"en-US"},{"@type":"WebPage","@id":"https:\/\/www.prijedordanas.com\/?p=84289","url":"https:\/\/www.prijedordanas.com\/?p=84289","name":"GRADONA\u010cELNIK \u0110AKOVI\u0106 OBI\u0160AO NOVU PRIJEDORSKU DVORANU U IZGRADNJI \u2013 FOTO\/VIDEO - PrijedorDanas.com - Prijedorski gradski portal","isPartOf":{"@id":"https:\/\/www.prijedordanas.com\/#website"},"datePublished":"2017-06-29T15:48:17+00:00","dateModified":"2017-06-29T15:48:17+00:00","breadcrumb":{"@id":"https:\/\/www.prijedordanas.com\/?p=84289#breadcrumb"},"inLanguage":"en-US","potentialAction":[{"@type":"ReadAction","target":["https:\/\/www.prijedordanas.com\/?p=84289"]}]},{"@type":"BreadcrumbList","@id":"https:\/\/www.prijedordanas.com\/?p=84289#breadcrumb","itemListElement":[{"@type":"ListItem","position":1,"name":"Home","item":"https:\/\/www.prijedordanas.com\/"},{"@type":"ListItem","position":2,"name":"GRADONA\u010cELNIK \u0110AKOVI\u0106 OBI\u0160AO NOVU PRIJEDORSKU DVORANU U IZGRADNJI \u2013 FOTO\/VIDEO"}]},{"@type":"WebSite","@id":"https:\/\/www.prijedordanas.com\/#website","url":"https:\/\/www.prijedordanas.com\/","name":"PrijedorDanas.com - Prijedorski gradski portal","description":"Portal o doga\u0111anjima u gradu Prijedoru","publisher":{"@id":"https:\/\/www.prijedordanas.com\/#organization"},"potentialAction":[{"@type":"SearchAction","target":{"@type":"EntryPoint","urlTemplate":"https:\/\/www.prijedordanas.com\/?s={search_term_string}"},"query-input":"required name=search_term_string"}],"inLanguage":"en-US"},{"@type":"Organization","@id":"https:\/\/www.prijedordanas.com\/#organization","name":"PrijedorDanas.com","url":"https:\/\/www.prijedordanas.com\/","logo":{"@type":"ImageObject","inLanguage":"en-US","@id":"https:\/\/www.prijedordanas.com\/#\/schema\/logo\/image\/","url":"http:\/\/www.prijedordanas.com\/wp-content\/uploads\/2021\/12\/logopng.png","contentUrl":"http:\/\/www.prijedordanas.com\/wp-content\/uploads\/2021\/12\/logopng.png","width":1019,"height":776,"caption":"PrijedorDanas.com"},"image":{"@id":"https:\/\/www.prijedordanas.com\/#\/schema\/logo\/image\/"},"sameAs":["https:\/\/www.facebook.com\/PrijedorDanasCom\/"]},{"@type":"Person","@id":"https:\/\/www.prijedordanas.com\/#\/schema\/person\/4e08ccf29b506ca916ff86d46bb700e6","name":"admin","image":{"@type":"ImageObject","inLanguage":"en-US","@id":"https:\/\/www.prijedordanas.com\/#\/schema\/person\/image\/","url":"https:\/\/secure.gravatar.com\/avatar\/1d3fc949d550f0b53a5f0d51e06dfd79?s=96&d=mm&r=g","contentUrl":"https:\/\/secure.gravatar.com\/avatar\/1d3fc949d550f0b53a5f0d51e06dfd79?s=96&d=mm&r=g","caption":"admin"},"url":"https:\/\/www.prijedordanas.com\/?author=1"}]}},"_links":{"self":[{"href":"https:\/\/www.prijedordanas.com\/index.php?rest_route=\/wp\/v2\/posts\/84289"}],"collection":[{"href":"https:\/\/www.prijedordanas.com\/index.php?rest_route=\/wp\/v2\/posts"}],"about":[{"href":"https:\/\/www.prijedordanas.com\/index.php?rest_route=\/wp\/v2\/types\/post"}],"author":[{"embeddable":true,"href":"https:\/\/www.prijedordanas.com\/index.php?rest_route=\/wp\/v2\/users\/1"}],"replies":[{"embeddable":true,"href":"https:\/\/www.prijedordanas.com\/index.php?rest_route=%2Fwp%2Fv2%2Fcomments&post=84289"}],"version-history":[{"count":1,"href":"https:\/\/www.prijedordanas.com\/index.php?rest_route=\/wp\/v2\/posts\/84289\/revisions"}],"predecessor-version":[{"id":84290,"href":"https:\/\/www.prijedordanas.com\/index.php?rest_route=\/wp\/v2\/posts\/84289\/revisions\/84290"}],"wp:attachment":[{"href":"https:\/\/www.prijedordanas.com\/index.php?rest_route=%2Fwp%2Fv2%2Fmedia&parent=84289"}],"wp:term":[{"taxonomy":"category","embeddable":true,"href":"https:\/\/www.prijedordanas.com\/index.php?rest_route=%2Fwp%2Fv2%2Fcategories&post=84289"},{"taxonomy":"post_tag","embeddable":true,"href":"https:\/\/www.prijedordanas.com\/index.php?rest_route=%2Fwp%2Fv2%2Ftags&post=84289"}],"curies":[{"name":"wp","href":"https:\/\/api.w.org\/{rel}","templated":true}]}}