{"id":84205,"date":"2017-06-29T07:39:50","date_gmt":"2017-06-29T05:39:50","guid":{"rendered":"https:\/\/www.prijedordanas.com\/?p=84205"},"modified":"2017-06-29T09:33:15","modified_gmt":"2017-06-29T07:33:15","slug":"rudar-prijedor-skupstina-kluba-pocetkom-jula","status":"publish","type":"post","link":"https:\/\/www.prijedordanas.com\/?p=84205","title":{"rendered":"RUDAR-PRIJEDOR: SKUP\u0160TINA KLUBA PO\u010cETKOM JULA"},"content":{"rendered":"<p><a href=\"https:\/\/www.prijedordanas.com\/wp-content\/uploads\/2016\/05\/rudar-prijedor-grb.jpg\"><img loading=\"lazy\" decoding=\"async\" class=\"alignleft size-medium wp-image-51416\" src=\"https:\/\/www.prijedordanas.com\/wp-content\/uploads\/2016\/05\/rudar-prijedor-grb-294x300.jpg\" alt=\"\" width=\"294\" height=\"300\" srcset=\"https:\/\/www.prijedordanas.com\/wp-content\/uploads\/2016\/05\/rudar-prijedor-grb-294x300.jpg 294w, https:\/\/www.prijedordanas.com\/wp-content\/uploads\/2016\/05\/rudar-prijedor-grb-50x50.jpg 50w, https:\/\/www.prijedordanas.com\/wp-content\/uploads\/2016\/05\/rudar-prijedor-grb.jpg 588w\" sizes=\"(max-width: 294px) 100vw, 294px\" \/><\/a>U redove Rudar-Prijedora vratio se biv\u0161i kapiten Nemanja Pekija, koji je pro\u0161le sezone branio boje prvoliga\u0161a FBiH, ekipe Travnika.<\/p>\n<p>U dresu \u201erudara sa Sane\u201c pouzdani 24-godi\u0161nji defanzivac vec\u0301 je odigrao 69 utakmica u premijerliga\u0161koj i prvoliga\u0161koj konkurenciji Republike Srpske (postigao dva gola), a dvije sezone bio je standardni prvotimac Slobode iz Novog Grada.<\/p>\n<p>&#8211; Poslije dogovora predstavnika sponzora odlu\u010deno je da c\u0301e uskoro odr\u017eati Skup\u0161tina kluba, a izvjesno je da su dva moguc\u0301a termina 7. ili 10.juli. Uz pripreme izvje\u0161taja o radu u prethodnom periodu i plana i programa za naredni, utvrdic\u0301e se i prijedlog promjene Statuta &#8211; naglasio je Dalibor Majkic\u0301, predsjednik Komiteta za hitna pitanja, tijela koje se od juna pro\u0161le godine, poslije ostavke predsjednika Upravnog odbora Branislava Rokvic\u0301a, uspje\u0161no nalazilo na \u010delu Rudar-Prijedora.<\/p>\n<p>Po rije\u010dima Majkic\u0301a sastavljena je komisija u kojoj se nalaze: predsjednik Skup\u0161tine prvoliga\u0161a RS Ognjen Hrnjak, Zdravko Ostojic\u0301 samostalni stru\u010dni saradnik za sport (Gradska uprava Prijedor) i pravnik Vladimir Stakic\u0301 (Arcelor Mital), a UO c\u0301e, kako je najavio, imati ubuduc\u0301e pet, mo\u017eda \u010dak i samo tri \u010dlana, zbog ekspeditivnijeg djelovanja.<\/p>\n<p>Tekst i foto &#8211; Nenad \u0110eri\u0107\/Aleksandar Drakuli\u0107 \u2013 <a href=\"https:\/\/www.prijedordanas.com\" target=\"_blank\" rel=\"noopener noreferrer\">www.prijedordanas.com<\/a><\/p>\n","protected":false},"excerpt":{"rendered":"<p>U redove Rudar-Prijedora vratio se biv\u0161i kapiten Nemanja Pekija, koji je pro\u0161le sezone branio boje prvoliga\u0161a FBiH, ekipe Travnika. U dresu \u201erudara sa Sane\u201c pouzdani 24-godi\u0161nji defanzivac vec\u0301 je odigrao [&hellip;]<\/p>\n","protected":false},"author":1,"featured_media":0,"comment_status":"closed","ping_status":"open","sticky":false,"template":"","format":"standard","meta":{"_monsterinsights_skip_tracking":false,"_monsterinsights_sitenote_active":false,"_monsterinsights_sitenote_note":"","_monsterinsights_sitenote_category":0,"footnotes":""},"categories":[7],"tags":[221],"yoast_head":"<!-- This site is optimized with the Yoast SEO plugin v21.6 - https:\/\/yoast.com\/wordpress\/plugins\/seo\/ -->\n<title>RUDAR-PRIJEDOR: SKUP\u0160TINA KLUBA PO\u010cETKOM JULA - PrijedorDanas.com - Prijedorski gradski portal<\/title>\n<meta name=\"robots\" content=\"index, follow, max-snippet:-1, max-image-preview:large, max-video-preview:-1\" \/>\n<link rel=\"canonical\" href=\"https:\/\/www.prijedordanas.com\/?p=84205\" \/>\n<meta property=\"og:locale\" content=\"en_US\" \/>\n<meta property=\"og:type\" content=\"article\" \/>\n<meta property=\"og:title\" content=\"RUDAR-PRIJEDOR: SKUP\u0160TINA KLUBA PO\u010cETKOM JULA - PrijedorDanas.com - Prijedorski gradski portal\" \/>\n<meta property=\"og:description\" content=\"U redove Rudar-Prijedora vratio se biv\u0161i kapiten Nemanja Pekija, koji je pro\u0161le sezone branio boje prvoliga\u0161a FBiH, ekipe Travnika. U dresu \u201erudara sa Sane\u201c pouzdani 24-godi\u0161nji defanzivac vec\u0301 je odigrao [&hellip;]\" \/>\n<meta property=\"og:url\" content=\"https:\/\/www.prijedordanas.com\/?p=84205\" \/>\n<meta property=\"og:site_name\" content=\"PrijedorDanas.com - Prijedorski gradski portal\" \/>\n<meta property=\"article:publisher\" content=\"https:\/\/www.facebook.com\/PrijedorDanasCom\/\" \/>\n<meta property=\"article:published_time\" content=\"2017-06-29T05:39:50+00:00\" \/>\n<meta property=\"article:modified_time\" content=\"2017-06-29T07:33:15+00:00\" \/>\n<meta property=\"og:image\" content=\"https:\/\/www.prijedordanas.com\/wp-content\/uploads\/2016\/05\/rudar-prijedor-grb-294x300.jpg\" \/>\n<meta name=\"author\" content=\"admin\" \/>\n<meta name=\"twitter:card\" content=\"summary_large_image\" \/>\n<meta name=\"twitter:label1\" content=\"Written by\" \/>\n\t<meta name=\"twitter:data1\" content=\"admin\" \/>\n\t<meta name=\"twitter:label2\" content=\"Est. reading time\" \/>\n\t<meta name=\"twitter:data2\" content=\"1 minute\" \/>\n<script type=\"application\/ld+json\" class=\"yoast-schema-graph\">{\"@context\":\"https:\/\/schema.org\",\"@graph\":[{\"@type\":\"Article\",\"@id\":\"https:\/\/www.prijedordanas.com\/?p=84205#article\",\"isPartOf\":{\"@id\":\"https:\/\/www.prijedordanas.com\/?p=84205\"},\"author\":{\"name\":\"admin\",\"@id\":\"https:\/\/www.prijedordanas.com\/#\/schema\/person\/4e08ccf29b506ca916ff86d46bb700e6\"},\"headline\":\"RUDAR-PRIJEDOR: SKUP\u0160TINA KLUBA PO\u010cETKOM JULA\",\"datePublished\":\"2017-06-29T05:39:50+00:00\",\"dateModified\":\"2017-06-29T07:33:15+00:00\",\"mainEntityOfPage\":{\"@id\":\"https:\/\/www.prijedordanas.com\/?p=84205\"},\"wordCount\":216,\"publisher\":{\"@id\":\"https:\/\/www.prijedordanas.com\/#organization\"},\"keywords\":[\"Rudar-Prijedor\"],\"articleSection\":[\"Sport\"],\"inLanguage\":\"en-US\"},{\"@type\":\"WebPage\",\"@id\":\"https:\/\/www.prijedordanas.com\/?p=84205\",\"url\":\"https:\/\/www.prijedordanas.com\/?p=84205\",\"name\":\"RUDAR-PRIJEDOR: SKUP\u0160TINA KLUBA PO\u010cETKOM JULA - PrijedorDanas.com - Prijedorski gradski portal\",\"isPartOf\":{\"@id\":\"https:\/\/www.prijedordanas.com\/#website\"},\"datePublished\":\"2017-06-29T05:39:50+00:00\",\"dateModified\":\"2017-06-29T07:33:15+00:00\",\"breadcrumb\":{\"@id\":\"https:\/\/www.prijedordanas.com\/?p=84205#breadcrumb\"},\"inLanguage\":\"en-US\",\"potentialAction\":[{\"@type\":\"ReadAction\",\"target\":[\"https:\/\/www.prijedordanas.com\/?p=84205\"]}]},{\"@type\":\"BreadcrumbList\",\"@id\":\"https:\/\/www.prijedordanas.com\/?p=84205#breadcrumb\",\"itemListElement\":[{\"@type\":\"ListItem\",\"position\":1,\"name\":\"Home\",\"item\":\"https:\/\/www.prijedordanas.com\/\"},{\"@type\":\"ListItem\",\"position\":2,\"name\":\"RUDAR-PRIJEDOR: SKUP\u0160TINA KLUBA PO\u010cETKOM JULA\"}]},{\"@type\":\"WebSite\",\"@id\":\"https:\/\/www.prijedordanas.com\/#website\",\"url\":\"https:\/\/www.prijedordanas.com\/\",\"name\":\"PrijedorDanas.com - Prijedorski gradski portal\",\"description\":\"Portal o doga\u0111anjima u gradu Prijedoru\",\"publisher\":{\"@id\":\"https:\/\/www.prijedordanas.com\/#organization\"},\"potentialAction\":[{\"@type\":\"SearchAction\",\"target\":{\"@type\":\"EntryPoint\",\"urlTemplate\":\"https:\/\/www.prijedordanas.com\/?s={search_term_string}\"},\"query-input\":\"required name=search_term_string\"}],\"inLanguage\":\"en-US\"},{\"@type\":\"Organization\",\"@id\":\"https:\/\/www.prijedordanas.com\/#organization\",\"name\":\"PrijedorDanas.com\",\"url\":\"https:\/\/www.prijedordanas.com\/\",\"logo\":{\"@type\":\"ImageObject\",\"inLanguage\":\"en-US\",\"@id\":\"https:\/\/www.prijedordanas.com\/#\/schema\/logo\/image\/\",\"url\":\"http:\/\/www.prijedordanas.com\/wp-content\/uploads\/2021\/12\/logopng.png\",\"contentUrl\":\"http:\/\/www.prijedordanas.com\/wp-content\/uploads\/2021\/12\/logopng.png\",\"width\":1019,\"height\":776,\"caption\":\"PrijedorDanas.com\"},\"image\":{\"@id\":\"https:\/\/www.prijedordanas.com\/#\/schema\/logo\/image\/\"},\"sameAs\":[\"https:\/\/www.facebook.com\/PrijedorDanasCom\/\"]},{\"@type\":\"Person\",\"@id\":\"https:\/\/www.prijedordanas.com\/#\/schema\/person\/4e08ccf29b506ca916ff86d46bb700e6\",\"name\":\"admin\",\"image\":{\"@type\":\"ImageObject\",\"inLanguage\":\"en-US\",\"@id\":\"https:\/\/www.prijedordanas.com\/#\/schema\/person\/image\/\",\"url\":\"https:\/\/secure.gravatar.com\/avatar\/1d3fc949d550f0b53a5f0d51e06dfd79?s=96&d=mm&r=g\",\"contentUrl\":\"https:\/\/secure.gravatar.com\/avatar\/1d3fc949d550f0b53a5f0d51e06dfd79?s=96&d=mm&r=g\",\"caption\":\"admin\"},\"url\":\"https:\/\/www.prijedordanas.com\/?author=1\"}]}<\/script>\n<!-- \/ Yoast SEO plugin. -->","yoast_head_json":{"title":"RUDAR-PRIJEDOR: SKUP\u0160TINA KLUBA PO\u010cETKOM JULA - PrijedorDanas.com - Prijedorski gradski portal","robots":{"index":"index","follow":"follow","max-snippet":"max-snippet:-1","max-image-preview":"max-image-preview:large","max-video-preview":"max-video-preview:-1"},"canonical":"https:\/\/www.prijedordanas.com\/?p=84205","og_locale":"en_US","og_type":"article","og_title":"RUDAR-PRIJEDOR: SKUP\u0160TINA KLUBA PO\u010cETKOM JULA - PrijedorDanas.com - Prijedorski gradski portal","og_description":"U redove Rudar-Prijedora vratio se biv\u0161i kapiten Nemanja Pekija, koji je pro\u0161le sezone branio boje prvoliga\u0161a FBiH, ekipe Travnika. U dresu \u201erudara sa Sane\u201c pouzdani 24-godi\u0161nji defanzivac vec\u0301 je odigrao [&hellip;]","og_url":"https:\/\/www.prijedordanas.com\/?p=84205","og_site_name":"PrijedorDanas.com - Prijedorski gradski portal","article_publisher":"https:\/\/www.facebook.com\/PrijedorDanasCom\/","article_published_time":"2017-06-29T05:39:50+00:00","article_modified_time":"2017-06-29T07:33:15+00:00","og_image":[{"url":"https:\/\/www.prijedordanas.com\/wp-content\/uploads\/2016\/05\/rudar-prijedor-grb-294x300.jpg"}],"author":"admin","twitter_card":"summary_large_image","twitter_misc":{"Written by":"admin","Est. reading time":"1 minute"},"schema":{"@context":"https:\/\/schema.org","@graph":[{"@type":"Article","@id":"https:\/\/www.prijedordanas.com\/?p=84205#article","isPartOf":{"@id":"https:\/\/www.prijedordanas.com\/?p=84205"},"author":{"name":"admin","@id":"https:\/\/www.prijedordanas.com\/#\/schema\/person\/4e08ccf29b506ca916ff86d46bb700e6"},"headline":"RUDAR-PRIJEDOR: SKUP\u0160TINA KLUBA PO\u010cETKOM JULA","datePublished":"2017-06-29T05:39:50+00:00","dateModified":"2017-06-29T07:33:15+00:00","mainEntityOfPage":{"@id":"https:\/\/www.prijedordanas.com\/?p=84205"},"wordCount":216,"publisher":{"@id":"https:\/\/www.prijedordanas.com\/#organization"},"keywords":["Rudar-Prijedor"],"articleSection":["Sport"],"inLanguage":"en-US"},{"@type":"WebPage","@id":"https:\/\/www.prijedordanas.com\/?p=84205","url":"https:\/\/www.prijedordanas.com\/?p=84205","name":"RUDAR-PRIJEDOR: SKUP\u0160TINA KLUBA PO\u010cETKOM JULA - PrijedorDanas.com - Prijedorski gradski portal","isPartOf":{"@id":"https:\/\/www.prijedordanas.com\/#website"},"datePublished":"2017-06-29T05:39:50+00:00","dateModified":"2017-06-29T07:33:15+00:00","breadcrumb":{"@id":"https:\/\/www.prijedordanas.com\/?p=84205#breadcrumb"},"inLanguage":"en-US","potentialAction":[{"@type":"ReadAction","target":["https:\/\/www.prijedordanas.com\/?p=84205"]}]},{"@type":"BreadcrumbList","@id":"https:\/\/www.prijedordanas.com\/?p=84205#breadcrumb","itemListElement":[{"@type":"ListItem","position":1,"name":"Home","item":"https:\/\/www.prijedordanas.com\/"},{"@type":"ListItem","position":2,"name":"RUDAR-PRIJEDOR: SKUP\u0160TINA KLUBA PO\u010cETKOM JULA"}]},{"@type":"WebSite","@id":"https:\/\/www.prijedordanas.com\/#website","url":"https:\/\/www.prijedordanas.com\/","name":"PrijedorDanas.com - Prijedorski gradski portal","description":"Portal o doga\u0111anjima u gradu Prijedoru","publisher":{"@id":"https:\/\/www.prijedordanas.com\/#organization"},"potentialAction":[{"@type":"SearchAction","target":{"@type":"EntryPoint","urlTemplate":"https:\/\/www.prijedordanas.com\/?s={search_term_string}"},"query-input":"required name=search_term_string"}],"inLanguage":"en-US"},{"@type":"Organization","@id":"https:\/\/www.prijedordanas.com\/#organization","name":"PrijedorDanas.com","url":"https:\/\/www.prijedordanas.com\/","logo":{"@type":"ImageObject","inLanguage":"en-US","@id":"https:\/\/www.prijedordanas.com\/#\/schema\/logo\/image\/","url":"http:\/\/www.prijedordanas.com\/wp-content\/uploads\/2021\/12\/logopng.png","contentUrl":"http:\/\/www.prijedordanas.com\/wp-content\/uploads\/2021\/12\/logopng.png","width":1019,"height":776,"caption":"PrijedorDanas.com"},"image":{"@id":"https:\/\/www.prijedordanas.com\/#\/schema\/logo\/image\/"},"sameAs":["https:\/\/www.facebook.com\/PrijedorDanasCom\/"]},{"@type":"Person","@id":"https:\/\/www.prijedordanas.com\/#\/schema\/person\/4e08ccf29b506ca916ff86d46bb700e6","name":"admin","image":{"@type":"ImageObject","inLanguage":"en-US","@id":"https:\/\/www.prijedordanas.com\/#\/schema\/person\/image\/","url":"https:\/\/secure.gravatar.com\/avatar\/1d3fc949d550f0b53a5f0d51e06dfd79?s=96&d=mm&r=g","contentUrl":"https:\/\/secure.gravatar.com\/avatar\/1d3fc949d550f0b53a5f0d51e06dfd79?s=96&d=mm&r=g","caption":"admin"},"url":"https:\/\/www.prijedordanas.com\/?author=1"}]}},"_links":{"self":[{"href":"https:\/\/www.prijedordanas.com\/index.php?rest_route=\/wp\/v2\/posts\/84205"}],"collection":[{"href":"https:\/\/www.prijedordanas.com\/index.php?rest_route=\/wp\/v2\/posts"}],"about":[{"href":"https:\/\/www.prijedordanas.com\/index.php?rest_route=\/wp\/v2\/types\/post"}],"author":[{"embeddable":true,"href":"https:\/\/www.prijedordanas.com\/index.php?rest_route=\/wp\/v2\/users\/1"}],"replies":[{"embeddable":true,"href":"https:\/\/www.prijedordanas.com\/index.php?rest_route=%2Fwp%2Fv2%2Fcomments&post=84205"}],"version-history":[{"count":1,"href":"https:\/\/www.prijedordanas.com\/index.php?rest_route=\/wp\/v2\/posts\/84205\/revisions"}],"predecessor-version":[{"id":84206,"href":"https:\/\/www.prijedordanas.com\/index.php?rest_route=\/wp\/v2\/posts\/84205\/revisions\/84206"}],"wp:attachment":[{"href":"https:\/\/www.prijedordanas.com\/index.php?rest_route=%2Fwp%2Fv2%2Fmedia&parent=84205"}],"wp:term":[{"taxonomy":"category","embeddable":true,"href":"https:\/\/www.prijedordanas.com\/index.php?rest_route=%2Fwp%2Fv2%2Fcategories&post=84205"},{"taxonomy":"post_tag","embeddable":true,"href":"https:\/\/www.prijedordanas.com\/index.php?rest_route=%2Fwp%2Fv2%2Ftags&post=84205"}],"curies":[{"name":"wp","href":"https:\/\/api.w.org\/{rel}","templated":true}]}}