{"id":84035,"date":"2017-06-26T14:35:45","date_gmt":"2017-06-26T12:35:45","guid":{"rendered":"https:\/\/www.prijedordanas.com\/?p=84035"},"modified":"2017-06-26T14:35:45","modified_gmt":"2017-06-26T12:35:45","slug":"donja-dragotinja-u-finalu-manifestacije-selo-veselo-2017-foto","status":"publish","type":"post","link":"https:\/\/www.prijedordanas.com\/?p=84035","title":{"rendered":"DONJA DRAGOTINJA U FINALU MANIFESTACIJE \u201eSELO VESELO 2017\u201c &#8211; FOTO"},"content":{"rendered":"<p><a href=\"https:\/\/www.prijedordanas.com\/wp-content\/uploads\/2017\/06\/selo-veselo-2017-donja-dragotinja-1.jpg\"><img loading=\"lazy\" decoding=\"async\" src=\"https:\/\/www.prijedordanas.com\/wp-content\/uploads\/2017\/06\/selo-veselo-2017-donja-dragotinja-1-300x225.jpg\" alt=\"\" width=\"300\" height=\"225\" class=\"alignleft size-medium wp-image-84036\" srcset=\"https:\/\/www.prijedordanas.com\/wp-content\/uploads\/2017\/06\/selo-veselo-2017-donja-dragotinja-1-300x225.jpg 300w, https:\/\/www.prijedordanas.com\/wp-content\/uploads\/2017\/06\/selo-veselo-2017-donja-dragotinja-1-100x75.jpg 100w, https:\/\/www.prijedordanas.com\/wp-content\/uploads\/2017\/06\/selo-veselo-2017-donja-dragotinja-1-640x480.jpg 640w, https:\/\/www.prijedordanas.com\/wp-content\/uploads\/2017\/06\/selo-veselo-2017-donja-dragotinja-1.jpg 667w\" sizes=\"(max-width: 300px) 100vw, 300px\" \/><\/a>Druga ovogodi\u0161nja Kulturno-zabavna manifestacija \u201eSelo veselo\u201c odr\u017eana je 25. juna u Donjoj Dragotinji. <\/p>\n<p>U vi\u0161e\u010dasovnom programu, brojni posjetioci su pratili nadmetanja u tradicionalnim i atraktivnim disciplinama i poljoprivrednom kvizu, u \u010demu su se takmi\u010dile ekipe sela Gornja Dragotinja-Marini, Donji Volar, Cikote i Donja Dragotinja.<\/p>\n<p>Najuspje\u0161nija na ovoj manifestaciji bila je Donja Dragotinja, koja je, uz ekipu Gac\u0301ana, drugi u\u010desnik finala kulturno-zabavnog karavana \u201eSelo veselo 2017\u201c. <\/p>\n<p>U kulturno-zabavnom programu nastupili su \u010dlanovi folklorne i pjeva\u010dke sekcije \u201eDonja Dragotinja\u201c, izvorne grupe, muzi\u010dari, pjeva\u010di narodne muzike, narodni umjetnici i mladi sportisti ovog kraja.<\/p>\n<p>\u201cSelo veselo\u201c je tradicionalna i jedna od najposjec\u0301enijih manifestacija prijedorskog \u201eKulturnog ljeta\u201c, a njen cilj je o\u017eivljavanje i unaprije\u0111enje dru\u0161tvenog \u017eivota u ovda\u0161njim selima. <\/p>\n<p>Pokrovitelj manifestacije je Grad Prijedor, a prijatelj \u201eAutotransport\u201c Prijedor.<\/p>\n<p>Kulturno-zabavni karavan \u201cSelo veselo\u201c 16. jula 2017. godine sti\u017ee u Gornju Lamovitu.<\/p>\n<p>Sa\u0161a Goronja<\/p>\n<p><a href=\"https:\/\/www.prijedordanas.com\/wp-content\/uploads\/2017\/06\/selo-veselo-2017-donja-dragotinja-2.jpg\"><img loading=\"lazy\" decoding=\"async\" src=\"https:\/\/www.prijedordanas.com\/wp-content\/uploads\/2017\/06\/selo-veselo-2017-donja-dragotinja-2-300x225.jpg\" alt=\"\" width=\"300\" height=\"225\" class=\"alignleft size-medium wp-image-84037\" srcset=\"https:\/\/www.prijedordanas.com\/wp-content\/uploads\/2017\/06\/selo-veselo-2017-donja-dragotinja-2-300x225.jpg 300w, https:\/\/www.prijedordanas.com\/wp-content\/uploads\/2017\/06\/selo-veselo-2017-donja-dragotinja-2-100x75.jpg 100w, https:\/\/www.prijedordanas.com\/wp-content\/uploads\/2017\/06\/selo-veselo-2017-donja-dragotinja-2-640x480.jpg 640w, https:\/\/www.prijedordanas.com\/wp-content\/uploads\/2017\/06\/selo-veselo-2017-donja-dragotinja-2.jpg 667w\" sizes=\"(max-width: 300px) 100vw, 300px\" \/><\/a> <a href=\"https:\/\/www.prijedordanas.com\/wp-content\/uploads\/2017\/06\/selo-veselo-2017-donja-dragotinja-3.jpg\"><img loading=\"lazy\" decoding=\"async\" src=\"https:\/\/www.prijedordanas.com\/wp-content\/uploads\/2017\/06\/selo-veselo-2017-donja-dragotinja-3-300x225.jpg\" alt=\"\" width=\"300\" height=\"225\" class=\"alignleft size-medium wp-image-84038\" srcset=\"https:\/\/www.prijedordanas.com\/wp-content\/uploads\/2017\/06\/selo-veselo-2017-donja-dragotinja-3-300x225.jpg 300w, https:\/\/www.prijedordanas.com\/wp-content\/uploads\/2017\/06\/selo-veselo-2017-donja-dragotinja-3-100x75.jpg 100w, https:\/\/www.prijedordanas.com\/wp-content\/uploads\/2017\/06\/selo-veselo-2017-donja-dragotinja-3-640x480.jpg 640w, https:\/\/www.prijedordanas.com\/wp-content\/uploads\/2017\/06\/selo-veselo-2017-donja-dragotinja-3.jpg 667w\" sizes=\"(max-width: 300px) 100vw, 300px\" \/><\/a> <a href=\"https:\/\/www.prijedordanas.com\/wp-content\/uploads\/2017\/06\/selo-veselo-2017-donja-dragotinja-4.jpg\"><img loading=\"lazy\" decoding=\"async\" src=\"https:\/\/www.prijedordanas.com\/wp-content\/uploads\/2017\/06\/selo-veselo-2017-donja-dragotinja-4-300x225.jpg\" alt=\"\" width=\"300\" height=\"225\" class=\"alignleft size-medium wp-image-84039\" srcset=\"https:\/\/www.prijedordanas.com\/wp-content\/uploads\/2017\/06\/selo-veselo-2017-donja-dragotinja-4-300x225.jpg 300w, https:\/\/www.prijedordanas.com\/wp-content\/uploads\/2017\/06\/selo-veselo-2017-donja-dragotinja-4-100x75.jpg 100w, https:\/\/www.prijedordanas.com\/wp-content\/uploads\/2017\/06\/selo-veselo-2017-donja-dragotinja-4-640x480.jpg 640w, https:\/\/www.prijedordanas.com\/wp-content\/uploads\/2017\/06\/selo-veselo-2017-donja-dragotinja-4.jpg 667w\" sizes=\"(max-width: 300px) 100vw, 300px\" \/><\/a> <a href=\"https:\/\/www.prijedordanas.com\/wp-content\/uploads\/2017\/06\/selo-veselo-2017-donja-dragotinja-5.jpg\"><img loading=\"lazy\" decoding=\"async\" src=\"https:\/\/www.prijedordanas.com\/wp-content\/uploads\/2017\/06\/selo-veselo-2017-donja-dragotinja-5-300x225.jpg\" alt=\"\" width=\"300\" height=\"225\" class=\"alignleft size-medium wp-image-84040\" srcset=\"https:\/\/www.prijedordanas.com\/wp-content\/uploads\/2017\/06\/selo-veselo-2017-donja-dragotinja-5-300x225.jpg 300w, https:\/\/www.prijedordanas.com\/wp-content\/uploads\/2017\/06\/selo-veselo-2017-donja-dragotinja-5-100x75.jpg 100w, https:\/\/www.prijedordanas.com\/wp-content\/uploads\/2017\/06\/selo-veselo-2017-donja-dragotinja-5-640x480.jpg 640w, https:\/\/www.prijedordanas.com\/wp-content\/uploads\/2017\/06\/selo-veselo-2017-donja-dragotinja-5.jpg 667w\" sizes=\"(max-width: 300px) 100vw, 300px\" \/><\/a> <a href=\"https:\/\/www.prijedordanas.com\/wp-content\/uploads\/2017\/06\/selo-veselo-2017-donja-dragotinja-6.jpg\"><img loading=\"lazy\" decoding=\"async\" src=\"https:\/\/www.prijedordanas.com\/wp-content\/uploads\/2017\/06\/selo-veselo-2017-donja-dragotinja-6-300x225.jpg\" alt=\"\" width=\"300\" height=\"225\" class=\"alignleft size-medium wp-image-84041\" srcset=\"https:\/\/www.prijedordanas.com\/wp-content\/uploads\/2017\/06\/selo-veselo-2017-donja-dragotinja-6-300x225.jpg 300w, https:\/\/www.prijedordanas.com\/wp-content\/uploads\/2017\/06\/selo-veselo-2017-donja-dragotinja-6-100x75.jpg 100w, https:\/\/www.prijedordanas.com\/wp-content\/uploads\/2017\/06\/selo-veselo-2017-donja-dragotinja-6.jpg 600w\" sizes=\"(max-width: 300px) 100vw, 300px\" \/><\/a> <a href=\"https:\/\/www.prijedordanas.com\/wp-content\/uploads\/2017\/06\/selo-veselo-2017-donja-dragotinja-7.jpg\"><img loading=\"lazy\" decoding=\"async\" src=\"https:\/\/www.prijedordanas.com\/wp-content\/uploads\/2017\/06\/selo-veselo-2017-donja-dragotinja-7-300x225.jpg\" alt=\"\" width=\"300\" height=\"225\" class=\"alignleft size-medium wp-image-84042\" srcset=\"https:\/\/www.prijedordanas.com\/wp-content\/uploads\/2017\/06\/selo-veselo-2017-donja-dragotinja-7-300x225.jpg 300w, https:\/\/www.prijedordanas.com\/wp-content\/uploads\/2017\/06\/selo-veselo-2017-donja-dragotinja-7-100x75.jpg 100w, https:\/\/www.prijedordanas.com\/wp-content\/uploads\/2017\/06\/selo-veselo-2017-donja-dragotinja-7.jpg 600w\" sizes=\"(max-width: 300px) 100vw, 300px\" \/><\/a> <a href=\"https:\/\/www.prijedordanas.com\/wp-content\/uploads\/2017\/06\/selo-veselo-2017-donja-dragotinja-8.jpg\"><img loading=\"lazy\" decoding=\"async\" src=\"https:\/\/www.prijedordanas.com\/wp-content\/uploads\/2017\/06\/selo-veselo-2017-donja-dragotinja-8-300x225.jpg\" alt=\"\" width=\"300\" height=\"225\" class=\"alignleft size-medium wp-image-84043\" srcset=\"https:\/\/www.prijedordanas.com\/wp-content\/uploads\/2017\/06\/selo-veselo-2017-donja-dragotinja-8-300x225.jpg 300w, https:\/\/www.prijedordanas.com\/wp-content\/uploads\/2017\/06\/selo-veselo-2017-donja-dragotinja-8-100x75.jpg 100w, https:\/\/www.prijedordanas.com\/wp-content\/uploads\/2017\/06\/selo-veselo-2017-donja-dragotinja-8.jpg 600w\" sizes=\"(max-width: 300px) 100vw, 300px\" \/><\/a> <a href=\"https:\/\/www.prijedordanas.com\/wp-content\/uploads\/2017\/06\/selo-veselo-2017-donja-dragotinja-9.jpg\"><img loading=\"lazy\" decoding=\"async\" src=\"https:\/\/www.prijedordanas.com\/wp-content\/uploads\/2017\/06\/selo-veselo-2017-donja-dragotinja-9-300x225.jpg\" alt=\"\" width=\"300\" height=\"225\" class=\"alignleft size-medium wp-image-84044\" srcset=\"https:\/\/www.prijedordanas.com\/wp-content\/uploads\/2017\/06\/selo-veselo-2017-donja-dragotinja-9-300x225.jpg 300w, https:\/\/www.prijedordanas.com\/wp-content\/uploads\/2017\/06\/selo-veselo-2017-donja-dragotinja-9-100x75.jpg 100w, https:\/\/www.prijedordanas.com\/wp-content\/uploads\/2017\/06\/selo-veselo-2017-donja-dragotinja-9.jpg 600w\" sizes=\"(max-width: 300px) 100vw, 300px\" \/><\/a> <a href=\"https:\/\/www.prijedordanas.com\/wp-content\/uploads\/2017\/06\/selo-veselo-2017-donja-dragotinja-10.jpg\"><img loading=\"lazy\" decoding=\"async\" src=\"https:\/\/www.prijedordanas.com\/wp-content\/uploads\/2017\/06\/selo-veselo-2017-donja-dragotinja-10-225x300.jpg\" alt=\"\" width=\"225\" height=\"300\" class=\"alignleft size-medium wp-image-84045\" srcset=\"https:\/\/www.prijedordanas.com\/wp-content\/uploads\/2017\/06\/selo-veselo-2017-donja-dragotinja-10-225x300.jpg 225w, https:\/\/www.prijedordanas.com\/wp-content\/uploads\/2017\/06\/selo-veselo-2017-donja-dragotinja-10-75x100.jpg 75w, https:\/\/www.prijedordanas.com\/wp-content\/uploads\/2017\/06\/selo-veselo-2017-donja-dragotinja-10.jpg 450w\" sizes=\"(max-width: 225px) 100vw, 225px\" \/><\/a> <a href=\"https:\/\/www.prijedordanas.com\/wp-content\/uploads\/2017\/06\/selo-veselo-2017-donja-dragotinja-11.jpg\"><img loading=\"lazy\" decoding=\"async\" src=\"https:\/\/www.prijedordanas.com\/wp-content\/uploads\/2017\/06\/selo-veselo-2017-donja-dragotinja-11-225x300.jpg\" alt=\"\" width=\"225\" height=\"300\" class=\"alignleft size-medium wp-image-84046\" srcset=\"https:\/\/www.prijedordanas.com\/wp-content\/uploads\/2017\/06\/selo-veselo-2017-donja-dragotinja-11-225x300.jpg 225w, https:\/\/www.prijedordanas.com\/wp-content\/uploads\/2017\/06\/selo-veselo-2017-donja-dragotinja-11-75x100.jpg 75w, https:\/\/www.prijedordanas.com\/wp-content\/uploads\/2017\/06\/selo-veselo-2017-donja-dragotinja-11.jpg 450w\" sizes=\"(max-width: 225px) 100vw, 225px\" \/><\/a><\/p>\n","protected":false},"excerpt":{"rendered":"<p>Druga ovogodi\u0161nja Kulturno-zabavna manifestacija \u201eSelo veselo\u201c odr\u017eana je 25. juna u Donjoj Dragotinji. U vi\u0161e\u010dasovnom programu, brojni posjetioci su pratili nadmetanja u tradicionalnim i atraktivnim disciplinama i poljoprivrednom kvizu, u [&hellip;]<\/p>\n","protected":false},"author":1,"featured_media":0,"comment_status":"closed","ping_status":"open","sticky":false,"template":"","format":"standard","meta":{"_monsterinsights_skip_tracking":false,"_monsterinsights_sitenote_active":false,"_monsterinsights_sitenote_note":"","_monsterinsights_sitenote_category":0,"footnotes":""},"categories":[6],"tags":[1763,10029],"yoast_head":"<!-- This site is optimized with the Yoast SEO plugin v21.6 - https:\/\/yoast.com\/wordpress\/plugins\/seo\/ -->\n<title>DONJA DRAGOTINJA U FINALU MANIFESTACIJE \u201eSELO VESELO 2017\u201c - FOTO - PrijedorDanas.com - Prijedorski gradski portal<\/title>\n<meta name=\"robots\" content=\"index, follow, max-snippet:-1, max-image-preview:large, max-video-preview:-1\" \/>\n<link rel=\"canonical\" href=\"https:\/\/www.prijedordanas.com\/?p=84035\" \/>\n<meta property=\"og:locale\" content=\"en_US\" \/>\n<meta property=\"og:type\" content=\"article\" \/>\n<meta property=\"og:title\" content=\"DONJA DRAGOTINJA U FINALU MANIFESTACIJE \u201eSELO VESELO 2017\u201c - FOTO - PrijedorDanas.com - Prijedorski gradski portal\" \/>\n<meta property=\"og:description\" content=\"Druga ovogodi\u0161nja Kulturno-zabavna manifestacija \u201eSelo veselo\u201c odr\u017eana je 25. juna u Donjoj Dragotinji. U vi\u0161e\u010dasovnom programu, brojni posjetioci su pratili nadmetanja u tradicionalnim i atraktivnim disciplinama i poljoprivrednom kvizu, u [&hellip;]\" \/>\n<meta property=\"og:url\" content=\"https:\/\/www.prijedordanas.com\/?p=84035\" \/>\n<meta property=\"og:site_name\" content=\"PrijedorDanas.com - Prijedorski gradski portal\" \/>\n<meta property=\"article:publisher\" content=\"https:\/\/www.facebook.com\/PrijedorDanasCom\/\" \/>\n<meta property=\"article:published_time\" content=\"2017-06-26T12:35:45+00:00\" \/>\n<meta property=\"og:image\" content=\"https:\/\/www.prijedordanas.com\/wp-content\/uploads\/2017\/06\/selo-veselo-2017-donja-dragotinja-1-300x225.jpg\" \/>\n<meta name=\"author\" content=\"admin\" \/>\n<meta name=\"twitter:card\" content=\"summary_large_image\" \/>\n<meta name=\"twitter:label1\" content=\"Written by\" \/>\n\t<meta name=\"twitter:data1\" content=\"admin\" \/>\n\t<meta name=\"twitter:label2\" content=\"Est. reading time\" \/>\n\t<meta name=\"twitter:data2\" content=\"1 minute\" \/>\n<script type=\"application\/ld+json\" class=\"yoast-schema-graph\">{\"@context\":\"https:\/\/schema.org\",\"@graph\":[{\"@type\":\"Article\",\"@id\":\"https:\/\/www.prijedordanas.com\/?p=84035#article\",\"isPartOf\":{\"@id\":\"https:\/\/www.prijedordanas.com\/?p=84035\"},\"author\":{\"name\":\"admin\",\"@id\":\"https:\/\/www.prijedordanas.com\/#\/schema\/person\/4e08ccf29b506ca916ff86d46bb700e6\"},\"headline\":\"DONJA DRAGOTINJA U FINALU MANIFESTACIJE \u201eSELO VESELO 2017\u201c &#8211; FOTO\",\"datePublished\":\"2017-06-26T12:35:45+00:00\",\"dateModified\":\"2017-06-26T12:35:45+00:00\",\"mainEntityOfPage\":{\"@id\":\"https:\/\/www.prijedordanas.com\/?p=84035\"},\"wordCount\":160,\"publisher\":{\"@id\":\"https:\/\/www.prijedordanas.com\/#organization\"},\"keywords\":[\"Donja Dragotinja\",\"Selo veselo 2017\"],\"articleSection\":[\"Kultura\"],\"inLanguage\":\"en-US\"},{\"@type\":\"WebPage\",\"@id\":\"https:\/\/www.prijedordanas.com\/?p=84035\",\"url\":\"https:\/\/www.prijedordanas.com\/?p=84035\",\"name\":\"DONJA DRAGOTINJA U FINALU MANIFESTACIJE \u201eSELO VESELO 2017\u201c - FOTO - PrijedorDanas.com - Prijedorski gradski portal\",\"isPartOf\":{\"@id\":\"https:\/\/www.prijedordanas.com\/#website\"},\"datePublished\":\"2017-06-26T12:35:45+00:00\",\"dateModified\":\"2017-06-26T12:35:45+00:00\",\"breadcrumb\":{\"@id\":\"https:\/\/www.prijedordanas.com\/?p=84035#breadcrumb\"},\"inLanguage\":\"en-US\",\"potentialAction\":[{\"@type\":\"ReadAction\",\"target\":[\"https:\/\/www.prijedordanas.com\/?p=84035\"]}]},{\"@type\":\"BreadcrumbList\",\"@id\":\"https:\/\/www.prijedordanas.com\/?p=84035#breadcrumb\",\"itemListElement\":[{\"@type\":\"ListItem\",\"position\":1,\"name\":\"Home\",\"item\":\"https:\/\/www.prijedordanas.com\/\"},{\"@type\":\"ListItem\",\"position\":2,\"name\":\"DONJA DRAGOTINJA U FINALU MANIFESTACIJE \u201eSELO VESELO 2017\u201c &#8211; FOTO\"}]},{\"@type\":\"WebSite\",\"@id\":\"https:\/\/www.prijedordanas.com\/#website\",\"url\":\"https:\/\/www.prijedordanas.com\/\",\"name\":\"PrijedorDanas.com - Prijedorski gradski portal\",\"description\":\"Portal o doga\u0111anjima u gradu Prijedoru\",\"publisher\":{\"@id\":\"https:\/\/www.prijedordanas.com\/#organization\"},\"potentialAction\":[{\"@type\":\"SearchAction\",\"target\":{\"@type\":\"EntryPoint\",\"urlTemplate\":\"https:\/\/www.prijedordanas.com\/?s={search_term_string}\"},\"query-input\":\"required name=search_term_string\"}],\"inLanguage\":\"en-US\"},{\"@type\":\"Organization\",\"@id\":\"https:\/\/www.prijedordanas.com\/#organization\",\"name\":\"PrijedorDanas.com\",\"url\":\"https:\/\/www.prijedordanas.com\/\",\"logo\":{\"@type\":\"ImageObject\",\"inLanguage\":\"en-US\",\"@id\":\"https:\/\/www.prijedordanas.com\/#\/schema\/logo\/image\/\",\"url\":\"http:\/\/www.prijedordanas.com\/wp-content\/uploads\/2021\/12\/logopng.png\",\"contentUrl\":\"http:\/\/www.prijedordanas.com\/wp-content\/uploads\/2021\/12\/logopng.png\",\"width\":1019,\"height\":776,\"caption\":\"PrijedorDanas.com\"},\"image\":{\"@id\":\"https:\/\/www.prijedordanas.com\/#\/schema\/logo\/image\/\"},\"sameAs\":[\"https:\/\/www.facebook.com\/PrijedorDanasCom\/\"]},{\"@type\":\"Person\",\"@id\":\"https:\/\/www.prijedordanas.com\/#\/schema\/person\/4e08ccf29b506ca916ff86d46bb700e6\",\"name\":\"admin\",\"image\":{\"@type\":\"ImageObject\",\"inLanguage\":\"en-US\",\"@id\":\"https:\/\/www.prijedordanas.com\/#\/schema\/person\/image\/\",\"url\":\"https:\/\/secure.gravatar.com\/avatar\/1d3fc949d550f0b53a5f0d51e06dfd79?s=96&d=mm&r=g\",\"contentUrl\":\"https:\/\/secure.gravatar.com\/avatar\/1d3fc949d550f0b53a5f0d51e06dfd79?s=96&d=mm&r=g\",\"caption\":\"admin\"},\"url\":\"https:\/\/www.prijedordanas.com\/?author=1\"}]}<\/script>\n<!-- \/ Yoast SEO plugin. -->","yoast_head_json":{"title":"DONJA DRAGOTINJA U FINALU MANIFESTACIJE \u201eSELO VESELO 2017\u201c - FOTO - PrijedorDanas.com - Prijedorski gradski portal","robots":{"index":"index","follow":"follow","max-snippet":"max-snippet:-1","max-image-preview":"max-image-preview:large","max-video-preview":"max-video-preview:-1"},"canonical":"https:\/\/www.prijedordanas.com\/?p=84035","og_locale":"en_US","og_type":"article","og_title":"DONJA DRAGOTINJA U FINALU MANIFESTACIJE \u201eSELO VESELO 2017\u201c - FOTO - PrijedorDanas.com - Prijedorski gradski portal","og_description":"Druga ovogodi\u0161nja Kulturno-zabavna manifestacija \u201eSelo veselo\u201c odr\u017eana je 25. juna u Donjoj Dragotinji. U vi\u0161e\u010dasovnom programu, brojni posjetioci su pratili nadmetanja u tradicionalnim i atraktivnim disciplinama i poljoprivrednom kvizu, u [&hellip;]","og_url":"https:\/\/www.prijedordanas.com\/?p=84035","og_site_name":"PrijedorDanas.com - Prijedorski gradski portal","article_publisher":"https:\/\/www.facebook.com\/PrijedorDanasCom\/","article_published_time":"2017-06-26T12:35:45+00:00","og_image":[{"url":"https:\/\/www.prijedordanas.com\/wp-content\/uploads\/2017\/06\/selo-veselo-2017-donja-dragotinja-1-300x225.jpg"}],"author":"admin","twitter_card":"summary_large_image","twitter_misc":{"Written by":"admin","Est. reading time":"1 minute"},"schema":{"@context":"https:\/\/schema.org","@graph":[{"@type":"Article","@id":"https:\/\/www.prijedordanas.com\/?p=84035#article","isPartOf":{"@id":"https:\/\/www.prijedordanas.com\/?p=84035"},"author":{"name":"admin","@id":"https:\/\/www.prijedordanas.com\/#\/schema\/person\/4e08ccf29b506ca916ff86d46bb700e6"},"headline":"DONJA DRAGOTINJA U FINALU MANIFESTACIJE \u201eSELO VESELO 2017\u201c &#8211; FOTO","datePublished":"2017-06-26T12:35:45+00:00","dateModified":"2017-06-26T12:35:45+00:00","mainEntityOfPage":{"@id":"https:\/\/www.prijedordanas.com\/?p=84035"},"wordCount":160,"publisher":{"@id":"https:\/\/www.prijedordanas.com\/#organization"},"keywords":["Donja Dragotinja","Selo veselo 2017"],"articleSection":["Kultura"],"inLanguage":"en-US"},{"@type":"WebPage","@id":"https:\/\/www.prijedordanas.com\/?p=84035","url":"https:\/\/www.prijedordanas.com\/?p=84035","name":"DONJA DRAGOTINJA U FINALU MANIFESTACIJE \u201eSELO VESELO 2017\u201c - FOTO - PrijedorDanas.com - Prijedorski gradski portal","isPartOf":{"@id":"https:\/\/www.prijedordanas.com\/#website"},"datePublished":"2017-06-26T12:35:45+00:00","dateModified":"2017-06-26T12:35:45+00:00","breadcrumb":{"@id":"https:\/\/www.prijedordanas.com\/?p=84035#breadcrumb"},"inLanguage":"en-US","potentialAction":[{"@type":"ReadAction","target":["https:\/\/www.prijedordanas.com\/?p=84035"]}]},{"@type":"BreadcrumbList","@id":"https:\/\/www.prijedordanas.com\/?p=84035#breadcrumb","itemListElement":[{"@type":"ListItem","position":1,"name":"Home","item":"https:\/\/www.prijedordanas.com\/"},{"@type":"ListItem","position":2,"name":"DONJA DRAGOTINJA U FINALU MANIFESTACIJE \u201eSELO VESELO 2017\u201c &#8211; FOTO"}]},{"@type":"WebSite","@id":"https:\/\/www.prijedordanas.com\/#website","url":"https:\/\/www.prijedordanas.com\/","name":"PrijedorDanas.com - Prijedorski gradski portal","description":"Portal o doga\u0111anjima u gradu Prijedoru","publisher":{"@id":"https:\/\/www.prijedordanas.com\/#organization"},"potentialAction":[{"@type":"SearchAction","target":{"@type":"EntryPoint","urlTemplate":"https:\/\/www.prijedordanas.com\/?s={search_term_string}"},"query-input":"required name=search_term_string"}],"inLanguage":"en-US"},{"@type":"Organization","@id":"https:\/\/www.prijedordanas.com\/#organization","name":"PrijedorDanas.com","url":"https:\/\/www.prijedordanas.com\/","logo":{"@type":"ImageObject","inLanguage":"en-US","@id":"https:\/\/www.prijedordanas.com\/#\/schema\/logo\/image\/","url":"http:\/\/www.prijedordanas.com\/wp-content\/uploads\/2021\/12\/logopng.png","contentUrl":"http:\/\/www.prijedordanas.com\/wp-content\/uploads\/2021\/12\/logopng.png","width":1019,"height":776,"caption":"PrijedorDanas.com"},"image":{"@id":"https:\/\/www.prijedordanas.com\/#\/schema\/logo\/image\/"},"sameAs":["https:\/\/www.facebook.com\/PrijedorDanasCom\/"]},{"@type":"Person","@id":"https:\/\/www.prijedordanas.com\/#\/schema\/person\/4e08ccf29b506ca916ff86d46bb700e6","name":"admin","image":{"@type":"ImageObject","inLanguage":"en-US","@id":"https:\/\/www.prijedordanas.com\/#\/schema\/person\/image\/","url":"https:\/\/secure.gravatar.com\/avatar\/1d3fc949d550f0b53a5f0d51e06dfd79?s=96&d=mm&r=g","contentUrl":"https:\/\/secure.gravatar.com\/avatar\/1d3fc949d550f0b53a5f0d51e06dfd79?s=96&d=mm&r=g","caption":"admin"},"url":"https:\/\/www.prijedordanas.com\/?author=1"}]}},"_links":{"self":[{"href":"https:\/\/www.prijedordanas.com\/index.php?rest_route=\/wp\/v2\/posts\/84035"}],"collection":[{"href":"https:\/\/www.prijedordanas.com\/index.php?rest_route=\/wp\/v2\/posts"}],"about":[{"href":"https:\/\/www.prijedordanas.com\/index.php?rest_route=\/wp\/v2\/types\/post"}],"author":[{"embeddable":true,"href":"https:\/\/www.prijedordanas.com\/index.php?rest_route=\/wp\/v2\/users\/1"}],"replies":[{"embeddable":true,"href":"https:\/\/www.prijedordanas.com\/index.php?rest_route=%2Fwp%2Fv2%2Fcomments&post=84035"}],"version-history":[{"count":1,"href":"https:\/\/www.prijedordanas.com\/index.php?rest_route=\/wp\/v2\/posts\/84035\/revisions"}],"predecessor-version":[{"id":84047,"href":"https:\/\/www.prijedordanas.com\/index.php?rest_route=\/wp\/v2\/posts\/84035\/revisions\/84047"}],"wp:attachment":[{"href":"https:\/\/www.prijedordanas.com\/index.php?rest_route=%2Fwp%2Fv2%2Fmedia&parent=84035"}],"wp:term":[{"taxonomy":"category","embeddable":true,"href":"https:\/\/www.prijedordanas.com\/index.php?rest_route=%2Fwp%2Fv2%2Fcategories&post=84035"},{"taxonomy":"post_tag","embeddable":true,"href":"https:\/\/www.prijedordanas.com\/index.php?rest_route=%2Fwp%2Fv2%2Ftags&post=84035"}],"curies":[{"name":"wp","href":"https:\/\/api.w.org\/{rel}","templated":true}]}}