{"id":83852,"date":"2017-06-22T23:01:10","date_gmt":"2017-06-22T21:01:10","guid":{"rendered":"https:\/\/www.prijedordanas.com\/?p=83852"},"modified":"2017-06-22T23:01:10","modified_gmt":"2017-06-22T21:01:10","slug":"prijedor-sudski-vjestak-na-sudenju-vahidi-tihic-policajki-osteceni-vid-sluh","status":"publish","type":"post","link":"https:\/\/www.prijedordanas.com\/?p=83852","title":{"rendered":"PRIJEDOR &#8211; SUDSKI VJE\u0160TAK NA SU\u0110ENJU VAHIDI TIHI\u0106: POLICAJKI O\u0160TE\u0106ENI VID I SLUH"},"content":{"rendered":"<p><a href=\"https:\/\/www.prijedordanas.com\/wp-content\/uploads\/2017\/06\/atv-vahida-tihic-pretucena-4.jpg\"><img loading=\"lazy\" decoding=\"async\" class=\"alignleft size-medium wp-image-83708\" src=\"https:\/\/www.prijedordanas.com\/wp-content\/uploads\/2017\/06\/atv-vahida-tihic-pretucena-4-209x300.jpg\" alt=\"\" width=\"209\" height=\"300\" srcset=\"https:\/\/www.prijedordanas.com\/wp-content\/uploads\/2017\/06\/atv-vahida-tihic-pretucena-4-209x300.jpg 209w, https:\/\/www.prijedordanas.com\/wp-content\/uploads\/2017\/06\/atv-vahida-tihic-pretucena-4-70x100.jpg 70w, https:\/\/www.prijedordanas.com\/wp-content\/uploads\/2017\/06\/atv-vahida-tihic-pretucena-4.jpg 417w\" sizes=\"(max-width: 209px) 100vw, 209px\" \/><\/a>Policajka Vahida Tihi\u0107 ne\u0107e mo\u0107i da \u017eivi kao ranije, niti da se dokazuje na svim poljima njene djelatnosti i aktivnosti. Ona ima vi\u0161estruke prelome, nagnje\u010denja, krvne podlive, oguljotine, ali i smanjenje sluha lijevo, te smanjenje vida obostrano.<\/p>\n<p>Zaklju\u010dio je to sudski vje\u0161tak Petko Gruba\u010d, koji je vje\u0161ta\u010dio povrede Tihi\u0107eve, a kojoj se pred prijedorskim Osnovnim sudom sudi pod optu\u017ebama da je Ljubanu Vujasinu iz Kozarske Dubice prijetila i u njega uperila pi\u0161tolj.<\/p>\n<p>Rije\u010d je o doga\u0111aju iz 2015. godine, kada mu je, kako nam je Vujasin ranije izjavio, Tihi\u0107eva prijetila nakon \u0161to je koko\u0161ke njenih poznanika istjerao iz svoje ba\u0161te. Tada ju je, po sopstvenom priznanju, Vujasin vi\u0161e puta udario.<\/p>\n<p>Vje\u0161tak Gruba\u010d je kod Tihi\u0107eve ustanovio trajne posljedice: o\u0161te\u0107enje vida i sluha, te oko\u0161tavanje koljenog zgloba. Zaklju\u010dio je da je jake bolove trpjela najmanje 10 dana, a potom su nastupili bolovi srednjeg intenziteta.<\/p>\n<p><a href=\"https:\/\/www.prijedordanas.com\/wp-content\/uploads\/2017\/06\/atv-vahida-tihic-pretucena-2.jpg\"><img loading=\"lazy\" decoding=\"async\" class=\"alignleft size-medium wp-image-83706\" src=\"https:\/\/www.prijedordanas.com\/wp-content\/uploads\/2017\/06\/atv-vahida-tihic-pretucena-2-223x300.jpg\" alt=\"\" width=\"223\" height=\"300\" srcset=\"https:\/\/www.prijedordanas.com\/wp-content\/uploads\/2017\/06\/atv-vahida-tihic-pretucena-2-223x300.jpg 223w, https:\/\/www.prijedordanas.com\/wp-content\/uploads\/2017\/06\/atv-vahida-tihic-pretucena-2-74x100.jpg 74w, https:\/\/www.prijedordanas.com\/wp-content\/uploads\/2017\/06\/atv-vahida-tihic-pretucena-2.jpg 446w\" sizes=\"(max-width: 223px) 100vw, 223px\" \/><\/a>&#8220;Ona ne\u0107e mo\u0107i da \u017eivi kao ranije. Osje\u0107a\u0107e anksioznost, strah od budu\u0107nosti, varira\u0107e joj raspolo\u017eenje, osje\u0107a\u0107e bolove u koljenima i mi\u0161i\u0107ima, slabije \u0107e spavati i slabije \u0107e se kontrolisati&#8221;, naveo je Gruba\u010d.<\/p>\n<p>I Du\u0161an Tomi\u0107, advokat Tihi\u0107eve, navodi da su vje\u0161taci ustanovili da se kod nje radi o te\u0161kim povredama, sa trajnim posljedicama.<\/p>\n<p>&#8220;Ona je pripadnica Direkcije za koordinaciju policijskih tijela, a znate da je tu nulta tolerancija na o\u0161te\u0107enja \u010dula. Ranije je prolazila sve zdravstvene testove, a nakon tog doga\u0111aja na streli\u0161tu je jedva poga\u0111ala mete. Oba oka su joj povrije\u0111ena, a ima i o\u0161te\u0107enje lijevog uha&#8221;, ka\u017ee Tomi\u0107.<\/p>\n<p>Su\u0111enje policajki zbog ugro\u017eavanja bezbjednosti nastavlja se 4. jula.<\/p>\n<p>Nezavisne novine<\/p>\n<p>Vezane vijesti<\/p>\n<p><a href=\"https:\/\/www.prijedordanas.com\/?p=83704\" target=\"_blank\" rel=\"noopener\">PRIJEDOR: POLICAJKI VAHIDI TIHI\u0106 SE SUDI ZA NAPAD NA STARCA, A ONA PRETU\u010cENA \u2013 FOTO\/VIDEO<\/a><br \/>\n<a href=\"https:\/\/www.prijedordanas.com\/wp-content\/uploads\/2017\/06\/atv-vahida-tihic-pretucena-1.jpg\"><img loading=\"lazy\" decoding=\"async\" src=\"https:\/\/www.prijedordanas.com\/wp-content\/uploads\/2017\/06\/atv-vahida-tihic-pretucena-1-300x181.jpg\" alt=\"\" width=\"300\" height=\"181\" class=\"alignleft size-medium wp-image-83705\" srcset=\"https:\/\/www.prijedordanas.com\/wp-content\/uploads\/2017\/06\/atv-vahida-tihic-pretucena-1-300x181.jpg 300w, https:\/\/www.prijedordanas.com\/wp-content\/uploads\/2017\/06\/atv-vahida-tihic-pretucena-1-768x463.jpg 768w, https:\/\/www.prijedordanas.com\/wp-content\/uploads\/2017\/06\/atv-vahida-tihic-pretucena-1-100x60.jpg 100w, https:\/\/www.prijedordanas.com\/wp-content\/uploads\/2017\/06\/atv-vahida-tihic-pretucena-1.jpg 830w\" sizes=\"(max-width: 300px) 100vw, 300px\" \/><\/a><\/p>\n","protected":false},"excerpt":{"rendered":"<p>Policajka Vahida Tihi\u0107 ne\u0107e mo\u0107i da \u017eivi kao ranije, niti da se dokazuje na svim poljima njene djelatnosti i aktivnosti. Ona ima vi\u0161estruke prelome, nagnje\u010denja, krvne podlive, oguljotine, ali i [&hellip;]<\/p>\n","protected":false},"author":1,"featured_media":0,"comment_status":"closed","ping_status":"open","sticky":false,"template":"","format":"standard","meta":{"_monsterinsights_skip_tracking":false,"_monsterinsights_sitenote_active":false,"_monsterinsights_sitenote_note":"","_monsterinsights_sitenote_category":0,"footnotes":""},"categories":[5],"tags":[249,6259],"yoast_head":"<!-- This site is optimized with the Yoast SEO plugin v21.6 - https:\/\/yoast.com\/wordpress\/plugins\/seo\/ -->\n<title>PRIJEDOR - SUDSKI VJE\u0160TAK NA SU\u0110ENJU VAHIDI TIHI\u0106: POLICAJKI O\u0160TE\u0106ENI VID I SLUH - PrijedorDanas.com - Prijedorski gradski portal<\/title>\n<meta name=\"robots\" content=\"index, follow, max-snippet:-1, max-image-preview:large, max-video-preview:-1\" \/>\n<link rel=\"canonical\" href=\"https:\/\/www.prijedordanas.com\/?p=83852\" \/>\n<meta property=\"og:locale\" content=\"en_US\" \/>\n<meta property=\"og:type\" content=\"article\" \/>\n<meta property=\"og:title\" content=\"PRIJEDOR - SUDSKI VJE\u0160TAK NA SU\u0110ENJU VAHIDI TIHI\u0106: POLICAJKI O\u0160TE\u0106ENI VID I SLUH - PrijedorDanas.com - Prijedorski gradski portal\" \/>\n<meta property=\"og:description\" content=\"Policajka Vahida Tihi\u0107 ne\u0107e mo\u0107i da \u017eivi kao ranije, niti da se dokazuje na svim poljima njene djelatnosti i aktivnosti. Ona ima vi\u0161estruke prelome, nagnje\u010denja, krvne podlive, oguljotine, ali i [&hellip;]\" \/>\n<meta property=\"og:url\" content=\"https:\/\/www.prijedordanas.com\/?p=83852\" \/>\n<meta property=\"og:site_name\" content=\"PrijedorDanas.com - Prijedorski gradski portal\" \/>\n<meta property=\"article:publisher\" content=\"https:\/\/www.facebook.com\/PrijedorDanasCom\/\" \/>\n<meta property=\"article:published_time\" content=\"2017-06-22T21:01:10+00:00\" \/>\n<meta property=\"og:image\" content=\"https:\/\/www.prijedordanas.com\/wp-content\/uploads\/2017\/06\/atv-vahida-tihic-pretucena-4-209x300.jpg\" \/>\n<meta name=\"author\" content=\"admin\" \/>\n<meta name=\"twitter:card\" content=\"summary_large_image\" \/>\n<meta name=\"twitter:label1\" content=\"Written by\" \/>\n\t<meta name=\"twitter:data1\" content=\"admin\" \/>\n\t<meta name=\"twitter:label2\" content=\"Est. reading time\" \/>\n\t<meta name=\"twitter:data2\" content=\"2 minutes\" \/>\n<script type=\"application\/ld+json\" class=\"yoast-schema-graph\">{\"@context\":\"https:\/\/schema.org\",\"@graph\":[{\"@type\":\"Article\",\"@id\":\"https:\/\/www.prijedordanas.com\/?p=83852#article\",\"isPartOf\":{\"@id\":\"https:\/\/www.prijedordanas.com\/?p=83852\"},\"author\":{\"name\":\"admin\",\"@id\":\"https:\/\/www.prijedordanas.com\/#\/schema\/person\/4e08ccf29b506ca916ff86d46bb700e6\"},\"headline\":\"PRIJEDOR &#8211; SUDSKI VJE\u0160TAK NA SU\u0110ENJU VAHIDI TIHI\u0106: POLICAJKI O\u0160TE\u0106ENI VID I SLUH\",\"datePublished\":\"2017-06-22T21:01:10+00:00\",\"dateModified\":\"2017-06-22T21:01:10+00:00\",\"mainEntityOfPage\":{\"@id\":\"https:\/\/www.prijedordanas.com\/?p=83852\"},\"wordCount\":334,\"publisher\":{\"@id\":\"https:\/\/www.prijedordanas.com\/#organization\"},\"keywords\":[\"su\u0111enje\",\"Vahida Tihi\u0107\"],\"articleSection\":[\"Hronika\"],\"inLanguage\":\"en-US\"},{\"@type\":\"WebPage\",\"@id\":\"https:\/\/www.prijedordanas.com\/?p=83852\",\"url\":\"https:\/\/www.prijedordanas.com\/?p=83852\",\"name\":\"PRIJEDOR - SUDSKI VJE\u0160TAK NA SU\u0110ENJU VAHIDI TIHI\u0106: POLICAJKI O\u0160TE\u0106ENI VID I SLUH - PrijedorDanas.com - Prijedorski gradski portal\",\"isPartOf\":{\"@id\":\"https:\/\/www.prijedordanas.com\/#website\"},\"datePublished\":\"2017-06-22T21:01:10+00:00\",\"dateModified\":\"2017-06-22T21:01:10+00:00\",\"breadcrumb\":{\"@id\":\"https:\/\/www.prijedordanas.com\/?p=83852#breadcrumb\"},\"inLanguage\":\"en-US\",\"potentialAction\":[{\"@type\":\"ReadAction\",\"target\":[\"https:\/\/www.prijedordanas.com\/?p=83852\"]}]},{\"@type\":\"BreadcrumbList\",\"@id\":\"https:\/\/www.prijedordanas.com\/?p=83852#breadcrumb\",\"itemListElement\":[{\"@type\":\"ListItem\",\"position\":1,\"name\":\"Home\",\"item\":\"https:\/\/www.prijedordanas.com\/\"},{\"@type\":\"ListItem\",\"position\":2,\"name\":\"PRIJEDOR &#8211; SUDSKI VJE\u0160TAK NA SU\u0110ENJU VAHIDI TIHI\u0106: POLICAJKI O\u0160TE\u0106ENI VID I SLUH\"}]},{\"@type\":\"WebSite\",\"@id\":\"https:\/\/www.prijedordanas.com\/#website\",\"url\":\"https:\/\/www.prijedordanas.com\/\",\"name\":\"PrijedorDanas.com - Prijedorski gradski portal\",\"description\":\"Portal o doga\u0111anjima u gradu Prijedoru\",\"publisher\":{\"@id\":\"https:\/\/www.prijedordanas.com\/#organization\"},\"potentialAction\":[{\"@type\":\"SearchAction\",\"target\":{\"@type\":\"EntryPoint\",\"urlTemplate\":\"https:\/\/www.prijedordanas.com\/?s={search_term_string}\"},\"query-input\":\"required name=search_term_string\"}],\"inLanguage\":\"en-US\"},{\"@type\":\"Organization\",\"@id\":\"https:\/\/www.prijedordanas.com\/#organization\",\"name\":\"PrijedorDanas.com\",\"url\":\"https:\/\/www.prijedordanas.com\/\",\"logo\":{\"@type\":\"ImageObject\",\"inLanguage\":\"en-US\",\"@id\":\"https:\/\/www.prijedordanas.com\/#\/schema\/logo\/image\/\",\"url\":\"http:\/\/www.prijedordanas.com\/wp-content\/uploads\/2021\/12\/logopng.png\",\"contentUrl\":\"http:\/\/www.prijedordanas.com\/wp-content\/uploads\/2021\/12\/logopng.png\",\"width\":1019,\"height\":776,\"caption\":\"PrijedorDanas.com\"},\"image\":{\"@id\":\"https:\/\/www.prijedordanas.com\/#\/schema\/logo\/image\/\"},\"sameAs\":[\"https:\/\/www.facebook.com\/PrijedorDanasCom\/\"]},{\"@type\":\"Person\",\"@id\":\"https:\/\/www.prijedordanas.com\/#\/schema\/person\/4e08ccf29b506ca916ff86d46bb700e6\",\"name\":\"admin\",\"image\":{\"@type\":\"ImageObject\",\"inLanguage\":\"en-US\",\"@id\":\"https:\/\/www.prijedordanas.com\/#\/schema\/person\/image\/\",\"url\":\"https:\/\/secure.gravatar.com\/avatar\/1d3fc949d550f0b53a5f0d51e06dfd79?s=96&d=mm&r=g\",\"contentUrl\":\"https:\/\/secure.gravatar.com\/avatar\/1d3fc949d550f0b53a5f0d51e06dfd79?s=96&d=mm&r=g\",\"caption\":\"admin\"},\"url\":\"https:\/\/www.prijedordanas.com\/?author=1\"}]}<\/script>\n<!-- \/ Yoast SEO plugin. -->","yoast_head_json":{"title":"PRIJEDOR - SUDSKI VJE\u0160TAK NA SU\u0110ENJU VAHIDI TIHI\u0106: POLICAJKI O\u0160TE\u0106ENI VID I SLUH - PrijedorDanas.com - Prijedorski gradski portal","robots":{"index":"index","follow":"follow","max-snippet":"max-snippet:-1","max-image-preview":"max-image-preview:large","max-video-preview":"max-video-preview:-1"},"canonical":"https:\/\/www.prijedordanas.com\/?p=83852","og_locale":"en_US","og_type":"article","og_title":"PRIJEDOR - SUDSKI VJE\u0160TAK NA SU\u0110ENJU VAHIDI TIHI\u0106: POLICAJKI O\u0160TE\u0106ENI VID I SLUH - PrijedorDanas.com - Prijedorski gradski portal","og_description":"Policajka Vahida Tihi\u0107 ne\u0107e mo\u0107i da \u017eivi kao ranije, niti da se dokazuje na svim poljima njene djelatnosti i aktivnosti. Ona ima vi\u0161estruke prelome, nagnje\u010denja, krvne podlive, oguljotine, ali i [&hellip;]","og_url":"https:\/\/www.prijedordanas.com\/?p=83852","og_site_name":"PrijedorDanas.com - Prijedorski gradski portal","article_publisher":"https:\/\/www.facebook.com\/PrijedorDanasCom\/","article_published_time":"2017-06-22T21:01:10+00:00","og_image":[{"url":"https:\/\/www.prijedordanas.com\/wp-content\/uploads\/2017\/06\/atv-vahida-tihic-pretucena-4-209x300.jpg"}],"author":"admin","twitter_card":"summary_large_image","twitter_misc":{"Written by":"admin","Est. reading time":"2 minutes"},"schema":{"@context":"https:\/\/schema.org","@graph":[{"@type":"Article","@id":"https:\/\/www.prijedordanas.com\/?p=83852#article","isPartOf":{"@id":"https:\/\/www.prijedordanas.com\/?p=83852"},"author":{"name":"admin","@id":"https:\/\/www.prijedordanas.com\/#\/schema\/person\/4e08ccf29b506ca916ff86d46bb700e6"},"headline":"PRIJEDOR &#8211; SUDSKI VJE\u0160TAK NA SU\u0110ENJU VAHIDI TIHI\u0106: POLICAJKI O\u0160TE\u0106ENI VID I SLUH","datePublished":"2017-06-22T21:01:10+00:00","dateModified":"2017-06-22T21:01:10+00:00","mainEntityOfPage":{"@id":"https:\/\/www.prijedordanas.com\/?p=83852"},"wordCount":334,"publisher":{"@id":"https:\/\/www.prijedordanas.com\/#organization"},"keywords":["su\u0111enje","Vahida Tihi\u0107"],"articleSection":["Hronika"],"inLanguage":"en-US"},{"@type":"WebPage","@id":"https:\/\/www.prijedordanas.com\/?p=83852","url":"https:\/\/www.prijedordanas.com\/?p=83852","name":"PRIJEDOR - SUDSKI VJE\u0160TAK NA SU\u0110ENJU VAHIDI TIHI\u0106: POLICAJKI O\u0160TE\u0106ENI VID I SLUH - PrijedorDanas.com - Prijedorski gradski portal","isPartOf":{"@id":"https:\/\/www.prijedordanas.com\/#website"},"datePublished":"2017-06-22T21:01:10+00:00","dateModified":"2017-06-22T21:01:10+00:00","breadcrumb":{"@id":"https:\/\/www.prijedordanas.com\/?p=83852#breadcrumb"},"inLanguage":"en-US","potentialAction":[{"@type":"ReadAction","target":["https:\/\/www.prijedordanas.com\/?p=83852"]}]},{"@type":"BreadcrumbList","@id":"https:\/\/www.prijedordanas.com\/?p=83852#breadcrumb","itemListElement":[{"@type":"ListItem","position":1,"name":"Home","item":"https:\/\/www.prijedordanas.com\/"},{"@type":"ListItem","position":2,"name":"PRIJEDOR &#8211; SUDSKI VJE\u0160TAK NA SU\u0110ENJU VAHIDI TIHI\u0106: POLICAJKI O\u0160TE\u0106ENI VID I SLUH"}]},{"@type":"WebSite","@id":"https:\/\/www.prijedordanas.com\/#website","url":"https:\/\/www.prijedordanas.com\/","name":"PrijedorDanas.com - Prijedorski gradski portal","description":"Portal o doga\u0111anjima u gradu Prijedoru","publisher":{"@id":"https:\/\/www.prijedordanas.com\/#organization"},"potentialAction":[{"@type":"SearchAction","target":{"@type":"EntryPoint","urlTemplate":"https:\/\/www.prijedordanas.com\/?s={search_term_string}"},"query-input":"required name=search_term_string"}],"inLanguage":"en-US"},{"@type":"Organization","@id":"https:\/\/www.prijedordanas.com\/#organization","name":"PrijedorDanas.com","url":"https:\/\/www.prijedordanas.com\/","logo":{"@type":"ImageObject","inLanguage":"en-US","@id":"https:\/\/www.prijedordanas.com\/#\/schema\/logo\/image\/","url":"http:\/\/www.prijedordanas.com\/wp-content\/uploads\/2021\/12\/logopng.png","contentUrl":"http:\/\/www.prijedordanas.com\/wp-content\/uploads\/2021\/12\/logopng.png","width":1019,"height":776,"caption":"PrijedorDanas.com"},"image":{"@id":"https:\/\/www.prijedordanas.com\/#\/schema\/logo\/image\/"},"sameAs":["https:\/\/www.facebook.com\/PrijedorDanasCom\/"]},{"@type":"Person","@id":"https:\/\/www.prijedordanas.com\/#\/schema\/person\/4e08ccf29b506ca916ff86d46bb700e6","name":"admin","image":{"@type":"ImageObject","inLanguage":"en-US","@id":"https:\/\/www.prijedordanas.com\/#\/schema\/person\/image\/","url":"https:\/\/secure.gravatar.com\/avatar\/1d3fc949d550f0b53a5f0d51e06dfd79?s=96&d=mm&r=g","contentUrl":"https:\/\/secure.gravatar.com\/avatar\/1d3fc949d550f0b53a5f0d51e06dfd79?s=96&d=mm&r=g","caption":"admin"},"url":"https:\/\/www.prijedordanas.com\/?author=1"}]}},"_links":{"self":[{"href":"https:\/\/www.prijedordanas.com\/index.php?rest_route=\/wp\/v2\/posts\/83852"}],"collection":[{"href":"https:\/\/www.prijedordanas.com\/index.php?rest_route=\/wp\/v2\/posts"}],"about":[{"href":"https:\/\/www.prijedordanas.com\/index.php?rest_route=\/wp\/v2\/types\/post"}],"author":[{"embeddable":true,"href":"https:\/\/www.prijedordanas.com\/index.php?rest_route=\/wp\/v2\/users\/1"}],"replies":[{"embeddable":true,"href":"https:\/\/www.prijedordanas.com\/index.php?rest_route=%2Fwp%2Fv2%2Fcomments&post=83852"}],"version-history":[{"count":1,"href":"https:\/\/www.prijedordanas.com\/index.php?rest_route=\/wp\/v2\/posts\/83852\/revisions"}],"predecessor-version":[{"id":83853,"href":"https:\/\/www.prijedordanas.com\/index.php?rest_route=\/wp\/v2\/posts\/83852\/revisions\/83853"}],"wp:attachment":[{"href":"https:\/\/www.prijedordanas.com\/index.php?rest_route=%2Fwp%2Fv2%2Fmedia&parent=83852"}],"wp:term":[{"taxonomy":"category","embeddable":true,"href":"https:\/\/www.prijedordanas.com\/index.php?rest_route=%2Fwp%2Fv2%2Fcategories&post=83852"},{"taxonomy":"post_tag","embeddable":true,"href":"https:\/\/www.prijedordanas.com\/index.php?rest_route=%2Fwp%2Fv2%2Ftags&post=83852"}],"curies":[{"name":"wp","href":"https:\/\/api.w.org\/{rel}","templated":true}]}}