{"id":83821,"date":"2017-06-22T19:17:29","date_gmt":"2017-06-22T17:17:29","guid":{"rendered":"https:\/\/www.prijedordanas.com\/?p=83821"},"modified":"2017-06-22T23:33:47","modified_gmt":"2017-06-22T21:33:47","slug":"pu-prijedor-sastanak-na-temu-sprecavanje-incidenata-motivisanih-mrznjom-ocuvanje-stabilnosti-u-zajednici","status":"publish","type":"post","link":"https:\/\/www.prijedordanas.com\/?p=83821","title":{"rendered":"PU PRIJEDOR: SASTANAK NA TEMU \u201eSPRE\u010cAVANJE INCIDENATA MOTIVISANIH MR\u017dNJOM I O\u010cUVANJE STABILNOSTI U ZAJEDNICI\u201c"},"content":{"rendered":"<p><a href=\"https:\/\/www.prijedordanas.com\/wp-content\/uploads\/2017\/06\/pu-prijedor-sastanak-sprecavanje-incidenata.jpg\"><img loading=\"lazy\" decoding=\"async\" src=\"https:\/\/www.prijedordanas.com\/wp-content\/uploads\/2017\/06\/pu-prijedor-sastanak-sprecavanje-incidenata-300x240.jpg\" alt=\"\" width=\"300\" height=\"240\" class=\"alignleft size-medium wp-image-83822\" srcset=\"https:\/\/www.prijedordanas.com\/wp-content\/uploads\/2017\/06\/pu-prijedor-sastanak-sprecavanje-incidenata-300x240.jpg 300w, https:\/\/www.prijedordanas.com\/wp-content\/uploads\/2017\/06\/pu-prijedor-sastanak-sprecavanje-incidenata-100x80.jpg 100w, https:\/\/www.prijedordanas.com\/wp-content\/uploads\/2017\/06\/pu-prijedor-sastanak-sprecavanje-incidenata.jpg 625w\" sizes=\"(max-width: 300px) 100vw, 300px\" \/><\/a>Zamjenik na\u010delnika PU Prijedor Stevo Tom\u010dic\u0301 odr\u017eao je danas sastanak sa nosiocima aktivnosti po Akcionom planu prevencije incidenata i krivi\u010dnih djela po\u010dinjenih iz mr\u017enje i predrasuda na podru\u010dju Grada Prijedora za period 2017-2021. <\/p>\n<p>Sastanku su prisustvovali predstavnici Gradske uprave Prijedor, misije OSCE-a u Bosni i Hercegovini, koalicije nevladinih organizacija Prva tolerancija, te predstavnici Skup\u0161tine grada Prijedora i Foruma za bezbjednost. <\/p>\n<p>Tokom sastanka izvr\u0161ena je prezentacija realizovanja planiranih aktivnosti iz Akcionog plana prevencije incidenata i krivi\u010dnih djela po\u010dinjenih iz mr\u017enje i predrasuda na podru\u010dju Grada Prijedora za period 2017-2021, kao i aktivnosti svih relevantnih subjekata koje se planiraju realizovati u narednom periodu, sa ciljem prevencije i adekvatne reakcije na incidente koji mogu da uti\u010du na bezbjednosnu situaciju.<\/p>\n<p>Na sastanku je bilo rije\u010di i o realizaciji mjera koje je neophodno preduzeti tokom predstojec\u0301e turisti\u010dke sezone, kako bi se izbjegli i sprije\u010dili incidenti koji bi ugrozili bezbjednosti gra\u0111ana i turista, i stanje bezbjednosti odr\u017ealo na stabilnom nivou. <\/p>\n<p>Po zavr\u0161etku sastanka usagla\u0161ene su preporuke za dalje postupanje, na osnovu kojih c\u0301e policijski slu\u017ebenici planirati konkretne mjere i radnje.<\/p>\n<p>Policijska uprava Prijedor c\u0301e pravovremeno u saradnji sa drugim relevantnim subjektima, preduzimati preventivne mjere i radnje u okviru svojih nadle\u017enosti i zakonom propisanim ovla\u0161tenjima s ciljem o\u010duvanja povoljnog bezbjednosnog ambijenta na podru\u010dju Grada Prijedora.<\/p>\n<p>PU Prijedor<\/p>\n","protected":false},"excerpt":{"rendered":"<p>Zamjenik na\u010delnika PU Prijedor Stevo Tom\u010dic\u0301 odr\u017eao je danas sastanak sa nosiocima aktivnosti po Akcionom planu prevencije incidenata i krivi\u010dnih djela po\u010dinjenih iz mr\u017enje i predrasuda na podru\u010dju Grada Prijedora [&hellip;]<\/p>\n","protected":false},"author":1,"featured_media":0,"comment_status":"closed","ping_status":"open","sticky":false,"template":"","format":"standard","meta":{"_monsterinsights_skip_tracking":false,"_monsterinsights_sitenote_active":false,"_monsterinsights_sitenote_note":"","_monsterinsights_sitenote_category":0,"footnotes":""},"categories":[8],"tags":[9834],"yoast_head":"<!-- This site is optimized with the Yoast SEO plugin v21.6 - https:\/\/yoast.com\/wordpress\/plugins\/seo\/ -->\n<title>PU PRIJEDOR: SASTANAK NA TEMU \u201eSPRE\u010cAVANJE INCIDENATA MOTIVISANIH MR\u017dNJOM I O\u010cUVANJE STABILNOSTI U ZAJEDNICI\u201c - PrijedorDanas.com - Prijedorski gradski portal<\/title>\n<meta name=\"robots\" content=\"index, follow, max-snippet:-1, max-image-preview:large, max-video-preview:-1\" \/>\n<link rel=\"canonical\" href=\"https:\/\/www.prijedordanas.com\/?p=83821\" \/>\n<meta property=\"og:locale\" content=\"en_US\" \/>\n<meta property=\"og:type\" content=\"article\" \/>\n<meta property=\"og:title\" content=\"PU PRIJEDOR: SASTANAK NA TEMU \u201eSPRE\u010cAVANJE INCIDENATA MOTIVISANIH MR\u017dNJOM I O\u010cUVANJE STABILNOSTI U ZAJEDNICI\u201c - PrijedorDanas.com - Prijedorski gradski portal\" \/>\n<meta property=\"og:description\" content=\"Zamjenik na\u010delnika PU Prijedor Stevo Tom\u010dic\u0301 odr\u017eao je danas sastanak sa nosiocima aktivnosti po Akcionom planu prevencije incidenata i krivi\u010dnih djela po\u010dinjenih iz mr\u017enje i predrasuda na podru\u010dju Grada Prijedora [&hellip;]\" \/>\n<meta property=\"og:url\" content=\"https:\/\/www.prijedordanas.com\/?p=83821\" \/>\n<meta property=\"og:site_name\" content=\"PrijedorDanas.com - Prijedorski gradski portal\" \/>\n<meta property=\"article:publisher\" content=\"https:\/\/www.facebook.com\/PrijedorDanasCom\/\" \/>\n<meta property=\"article:published_time\" content=\"2017-06-22T17:17:29+00:00\" \/>\n<meta property=\"article:modified_time\" content=\"2017-06-22T21:33:47+00:00\" \/>\n<meta property=\"og:image\" content=\"https:\/\/www.prijedordanas.com\/wp-content\/uploads\/2017\/06\/pu-prijedor-sastanak-sprecavanje-incidenata-300x240.jpg\" \/>\n<meta name=\"author\" content=\"admin\" \/>\n<meta name=\"twitter:card\" content=\"summary_large_image\" \/>\n<meta name=\"twitter:label1\" content=\"Written by\" \/>\n\t<meta name=\"twitter:data1\" content=\"admin\" \/>\n\t<meta name=\"twitter:label2\" content=\"Est. reading time\" \/>\n\t<meta name=\"twitter:data2\" content=\"1 minute\" \/>\n<script type=\"application\/ld+json\" class=\"yoast-schema-graph\">{\"@context\":\"https:\/\/schema.org\",\"@graph\":[{\"@type\":\"Article\",\"@id\":\"https:\/\/www.prijedordanas.com\/?p=83821#article\",\"isPartOf\":{\"@id\":\"https:\/\/www.prijedordanas.com\/?p=83821\"},\"author\":{\"name\":\"admin\",\"@id\":\"https:\/\/www.prijedordanas.com\/#\/schema\/person\/4e08ccf29b506ca916ff86d46bb700e6\"},\"headline\":\"PU PRIJEDOR: SASTANAK NA TEMU \u201eSPRE\u010cAVANJE INCIDENATA MOTIVISANIH MR\u017dNJOM I O\u010cUVANJE STABILNOSTI U ZAJEDNICI\u201c\",\"datePublished\":\"2017-06-22T17:17:29+00:00\",\"dateModified\":\"2017-06-22T21:33:47+00:00\",\"mainEntityOfPage\":{\"@id\":\"https:\/\/www.prijedordanas.com\/?p=83821\"},\"wordCount\":256,\"publisher\":{\"@id\":\"https:\/\/www.prijedordanas.com\/#organization\"},\"keywords\":[\"PU Prijedor\"],\"articleSection\":[\"Svakodnevno\"],\"inLanguage\":\"en-US\"},{\"@type\":\"WebPage\",\"@id\":\"https:\/\/www.prijedordanas.com\/?p=83821\",\"url\":\"https:\/\/www.prijedordanas.com\/?p=83821\",\"name\":\"PU PRIJEDOR: SASTANAK NA TEMU \u201eSPRE\u010cAVANJE INCIDENATA MOTIVISANIH MR\u017dNJOM I O\u010cUVANJE STABILNOSTI U ZAJEDNICI\u201c - PrijedorDanas.com - Prijedorski gradski portal\",\"isPartOf\":{\"@id\":\"https:\/\/www.prijedordanas.com\/#website\"},\"datePublished\":\"2017-06-22T17:17:29+00:00\",\"dateModified\":\"2017-06-22T21:33:47+00:00\",\"breadcrumb\":{\"@id\":\"https:\/\/www.prijedordanas.com\/?p=83821#breadcrumb\"},\"inLanguage\":\"en-US\",\"potentialAction\":[{\"@type\":\"ReadAction\",\"target\":[\"https:\/\/www.prijedordanas.com\/?p=83821\"]}]},{\"@type\":\"BreadcrumbList\",\"@id\":\"https:\/\/www.prijedordanas.com\/?p=83821#breadcrumb\",\"itemListElement\":[{\"@type\":\"ListItem\",\"position\":1,\"name\":\"Home\",\"item\":\"https:\/\/www.prijedordanas.com\/\"},{\"@type\":\"ListItem\",\"position\":2,\"name\":\"PU PRIJEDOR: SASTANAK NA TEMU \u201eSPRE\u010cAVANJE INCIDENATA MOTIVISANIH MR\u017dNJOM I O\u010cUVANJE STABILNOSTI U ZAJEDNICI\u201c\"}]},{\"@type\":\"WebSite\",\"@id\":\"https:\/\/www.prijedordanas.com\/#website\",\"url\":\"https:\/\/www.prijedordanas.com\/\",\"name\":\"PrijedorDanas.com - Prijedorski gradski portal\",\"description\":\"Portal o doga\u0111anjima u gradu Prijedoru\",\"publisher\":{\"@id\":\"https:\/\/www.prijedordanas.com\/#organization\"},\"potentialAction\":[{\"@type\":\"SearchAction\",\"target\":{\"@type\":\"EntryPoint\",\"urlTemplate\":\"https:\/\/www.prijedordanas.com\/?s={search_term_string}\"},\"query-input\":\"required name=search_term_string\"}],\"inLanguage\":\"en-US\"},{\"@type\":\"Organization\",\"@id\":\"https:\/\/www.prijedordanas.com\/#organization\",\"name\":\"PrijedorDanas.com\",\"url\":\"https:\/\/www.prijedordanas.com\/\",\"logo\":{\"@type\":\"ImageObject\",\"inLanguage\":\"en-US\",\"@id\":\"https:\/\/www.prijedordanas.com\/#\/schema\/logo\/image\/\",\"url\":\"http:\/\/www.prijedordanas.com\/wp-content\/uploads\/2021\/12\/logopng.png\",\"contentUrl\":\"http:\/\/www.prijedordanas.com\/wp-content\/uploads\/2021\/12\/logopng.png\",\"width\":1019,\"height\":776,\"caption\":\"PrijedorDanas.com\"},\"image\":{\"@id\":\"https:\/\/www.prijedordanas.com\/#\/schema\/logo\/image\/\"},\"sameAs\":[\"https:\/\/www.facebook.com\/PrijedorDanasCom\/\"]},{\"@type\":\"Person\",\"@id\":\"https:\/\/www.prijedordanas.com\/#\/schema\/person\/4e08ccf29b506ca916ff86d46bb700e6\",\"name\":\"admin\",\"image\":{\"@type\":\"ImageObject\",\"inLanguage\":\"en-US\",\"@id\":\"https:\/\/www.prijedordanas.com\/#\/schema\/person\/image\/\",\"url\":\"https:\/\/secure.gravatar.com\/avatar\/1d3fc949d550f0b53a5f0d51e06dfd79?s=96&d=mm&r=g\",\"contentUrl\":\"https:\/\/secure.gravatar.com\/avatar\/1d3fc949d550f0b53a5f0d51e06dfd79?s=96&d=mm&r=g\",\"caption\":\"admin\"},\"url\":\"https:\/\/www.prijedordanas.com\/?author=1\"}]}<\/script>\n<!-- \/ Yoast SEO plugin. -->","yoast_head_json":{"title":"PU PRIJEDOR: SASTANAK NA TEMU \u201eSPRE\u010cAVANJE INCIDENATA MOTIVISANIH MR\u017dNJOM I O\u010cUVANJE STABILNOSTI U ZAJEDNICI\u201c - PrijedorDanas.com - Prijedorski gradski portal","robots":{"index":"index","follow":"follow","max-snippet":"max-snippet:-1","max-image-preview":"max-image-preview:large","max-video-preview":"max-video-preview:-1"},"canonical":"https:\/\/www.prijedordanas.com\/?p=83821","og_locale":"en_US","og_type":"article","og_title":"PU PRIJEDOR: SASTANAK NA TEMU \u201eSPRE\u010cAVANJE INCIDENATA MOTIVISANIH MR\u017dNJOM I O\u010cUVANJE STABILNOSTI U ZAJEDNICI\u201c - PrijedorDanas.com - Prijedorski gradski portal","og_description":"Zamjenik na\u010delnika PU Prijedor Stevo Tom\u010dic\u0301 odr\u017eao je danas sastanak sa nosiocima aktivnosti po Akcionom planu prevencije incidenata i krivi\u010dnih djela po\u010dinjenih iz mr\u017enje i predrasuda na podru\u010dju Grada Prijedora [&hellip;]","og_url":"https:\/\/www.prijedordanas.com\/?p=83821","og_site_name":"PrijedorDanas.com - Prijedorski gradski portal","article_publisher":"https:\/\/www.facebook.com\/PrijedorDanasCom\/","article_published_time":"2017-06-22T17:17:29+00:00","article_modified_time":"2017-06-22T21:33:47+00:00","og_image":[{"url":"https:\/\/www.prijedordanas.com\/wp-content\/uploads\/2017\/06\/pu-prijedor-sastanak-sprecavanje-incidenata-300x240.jpg"}],"author":"admin","twitter_card":"summary_large_image","twitter_misc":{"Written by":"admin","Est. reading time":"1 minute"},"schema":{"@context":"https:\/\/schema.org","@graph":[{"@type":"Article","@id":"https:\/\/www.prijedordanas.com\/?p=83821#article","isPartOf":{"@id":"https:\/\/www.prijedordanas.com\/?p=83821"},"author":{"name":"admin","@id":"https:\/\/www.prijedordanas.com\/#\/schema\/person\/4e08ccf29b506ca916ff86d46bb700e6"},"headline":"PU PRIJEDOR: SASTANAK NA TEMU \u201eSPRE\u010cAVANJE INCIDENATA MOTIVISANIH MR\u017dNJOM I O\u010cUVANJE STABILNOSTI U ZAJEDNICI\u201c","datePublished":"2017-06-22T17:17:29+00:00","dateModified":"2017-06-22T21:33:47+00:00","mainEntityOfPage":{"@id":"https:\/\/www.prijedordanas.com\/?p=83821"},"wordCount":256,"publisher":{"@id":"https:\/\/www.prijedordanas.com\/#organization"},"keywords":["PU Prijedor"],"articleSection":["Svakodnevno"],"inLanguage":"en-US"},{"@type":"WebPage","@id":"https:\/\/www.prijedordanas.com\/?p=83821","url":"https:\/\/www.prijedordanas.com\/?p=83821","name":"PU PRIJEDOR: SASTANAK NA TEMU \u201eSPRE\u010cAVANJE INCIDENATA MOTIVISANIH MR\u017dNJOM I O\u010cUVANJE STABILNOSTI U ZAJEDNICI\u201c - PrijedorDanas.com - Prijedorski gradski portal","isPartOf":{"@id":"https:\/\/www.prijedordanas.com\/#website"},"datePublished":"2017-06-22T17:17:29+00:00","dateModified":"2017-06-22T21:33:47+00:00","breadcrumb":{"@id":"https:\/\/www.prijedordanas.com\/?p=83821#breadcrumb"},"inLanguage":"en-US","potentialAction":[{"@type":"ReadAction","target":["https:\/\/www.prijedordanas.com\/?p=83821"]}]},{"@type":"BreadcrumbList","@id":"https:\/\/www.prijedordanas.com\/?p=83821#breadcrumb","itemListElement":[{"@type":"ListItem","position":1,"name":"Home","item":"https:\/\/www.prijedordanas.com\/"},{"@type":"ListItem","position":2,"name":"PU PRIJEDOR: SASTANAK NA TEMU \u201eSPRE\u010cAVANJE INCIDENATA MOTIVISANIH MR\u017dNJOM I O\u010cUVANJE STABILNOSTI U ZAJEDNICI\u201c"}]},{"@type":"WebSite","@id":"https:\/\/www.prijedordanas.com\/#website","url":"https:\/\/www.prijedordanas.com\/","name":"PrijedorDanas.com - Prijedorski gradski portal","description":"Portal o doga\u0111anjima u gradu Prijedoru","publisher":{"@id":"https:\/\/www.prijedordanas.com\/#organization"},"potentialAction":[{"@type":"SearchAction","target":{"@type":"EntryPoint","urlTemplate":"https:\/\/www.prijedordanas.com\/?s={search_term_string}"},"query-input":"required name=search_term_string"}],"inLanguage":"en-US"},{"@type":"Organization","@id":"https:\/\/www.prijedordanas.com\/#organization","name":"PrijedorDanas.com","url":"https:\/\/www.prijedordanas.com\/","logo":{"@type":"ImageObject","inLanguage":"en-US","@id":"https:\/\/www.prijedordanas.com\/#\/schema\/logo\/image\/","url":"http:\/\/www.prijedordanas.com\/wp-content\/uploads\/2021\/12\/logopng.png","contentUrl":"http:\/\/www.prijedordanas.com\/wp-content\/uploads\/2021\/12\/logopng.png","width":1019,"height":776,"caption":"PrijedorDanas.com"},"image":{"@id":"https:\/\/www.prijedordanas.com\/#\/schema\/logo\/image\/"},"sameAs":["https:\/\/www.facebook.com\/PrijedorDanasCom\/"]},{"@type":"Person","@id":"https:\/\/www.prijedordanas.com\/#\/schema\/person\/4e08ccf29b506ca916ff86d46bb700e6","name":"admin","image":{"@type":"ImageObject","inLanguage":"en-US","@id":"https:\/\/www.prijedordanas.com\/#\/schema\/person\/image\/","url":"https:\/\/secure.gravatar.com\/avatar\/1d3fc949d550f0b53a5f0d51e06dfd79?s=96&d=mm&r=g","contentUrl":"https:\/\/secure.gravatar.com\/avatar\/1d3fc949d550f0b53a5f0d51e06dfd79?s=96&d=mm&r=g","caption":"admin"},"url":"https:\/\/www.prijedordanas.com\/?author=1"}]}},"_links":{"self":[{"href":"https:\/\/www.prijedordanas.com\/index.php?rest_route=\/wp\/v2\/posts\/83821"}],"collection":[{"href":"https:\/\/www.prijedordanas.com\/index.php?rest_route=\/wp\/v2\/posts"}],"about":[{"href":"https:\/\/www.prijedordanas.com\/index.php?rest_route=\/wp\/v2\/types\/post"}],"author":[{"embeddable":true,"href":"https:\/\/www.prijedordanas.com\/index.php?rest_route=\/wp\/v2\/users\/1"}],"replies":[{"embeddable":true,"href":"https:\/\/www.prijedordanas.com\/index.php?rest_route=%2Fwp%2Fv2%2Fcomments&post=83821"}],"version-history":[{"count":1,"href":"https:\/\/www.prijedordanas.com\/index.php?rest_route=\/wp\/v2\/posts\/83821\/revisions"}],"predecessor-version":[{"id":83823,"href":"https:\/\/www.prijedordanas.com\/index.php?rest_route=\/wp\/v2\/posts\/83821\/revisions\/83823"}],"wp:attachment":[{"href":"https:\/\/www.prijedordanas.com\/index.php?rest_route=%2Fwp%2Fv2%2Fmedia&parent=83821"}],"wp:term":[{"taxonomy":"category","embeddable":true,"href":"https:\/\/www.prijedordanas.com\/index.php?rest_route=%2Fwp%2Fv2%2Fcategories&post=83821"},{"taxonomy":"post_tag","embeddable":true,"href":"https:\/\/www.prijedordanas.com\/index.php?rest_route=%2Fwp%2Fv2%2Ftags&post=83821"}],"curies":[{"name":"wp","href":"https:\/\/api.w.org\/{rel}","templated":true}]}}