{"id":83497,"date":"2017-06-17T07:31:46","date_gmt":"2017-06-17T05:31:46","guid":{"rendered":"https:\/\/www.prijedordanas.com\/?p=83497"},"modified":"2017-06-22T17:07:53","modified_gmt":"2017-06-22T15:07:53","slug":"sudenje-milunic-ostali-nasilna-smrt-26-osoba","status":"publish","type":"post","link":"https:\/\/www.prijedordanas.com\/?p=83497","title":{"rendered":"SU\u0110ENJE MILUNI\u0106 I OSTALI: NASILNA SMRT 26 OSOBA"},"content":{"rendered":"<p><a href=\"https:\/\/www.prijedordanas.com\/wp-content\/uploads\/2016\/02\/sud-bih-3-2.jpg\"><img loading=\"lazy\" decoding=\"async\" class=\"alignleft size-medium wp-image-42214\" src=\"https:\/\/www.prijedordanas.com\/wp-content\/uploads\/2016\/02\/sud-bih-3-2-300x225.jpg\" alt=\"\" width=\"300\" height=\"225\" srcset=\"https:\/\/www.prijedordanas.com\/wp-content\/uploads\/2016\/02\/sud-bih-3-2-300x225.jpg 300w, https:\/\/www.prijedordanas.com\/wp-content\/uploads\/2016\/02\/sud-bih-3-2.jpg 600w\" sizes=\"(max-width: 300px) 100vw, 300px\" \/><\/a>Na su\u0111enju za zlo\u010dine po\u010dinjene u Prijedoru, vje\u0161takinja Dr\u017eavnog tu\u017eila\u0161tva je rekla da je obdukcijom 26 posmrtnih ostataka ekshumiranih s lokaliteta Redak, Kosa i Kurevo kod sela Zecovi utvrdila da je smrt nastala nasilno.<\/p>\n<p>Patolog Samira Me\u0161i\u0107-Pa\u0161ali\u0107 je kazala da je prisustvovala ekshumaciji posmrtnih ostataka 1998. godine, te potvrdila da je obavila obdukciju i sa\u010dinila zapisnike.<\/p>\n<p>Tu\u017eila\u0161tvo je Me\u0161i\u0107-Pa\u0161ali\u0107 predo\u010davalo odbukcione zapisnike nakon \u010dega je rekla da je smrt ovih osoba nasilna, te ostala pri svojim zaklju\u010dcima iz zapisnika. Istakla je da tada jo\u0161 uvijek nije bila DNK metoda, nego se radilo o metodi prepoznavanja sa svjedocima na terenu.<\/p>\n<p>Vje\u0161takinja je rekla da su me\u0111u ovim posmrtnim ostacima i ostaci Ibrahima i Adisa Hopovca, koji su prema zapisniku imali oko osam, odnosno vi\u0161e od \u0161est godina. Pojasnila je da se starost osobe upisivala na osnovu podataka antropologa koji je utvr\u0111ivao starost.<\/p>\n<p>\u201cSmrt je nasilna i nastupila je uslijed povrede donje i gornje vilice nanesene iz neposredno ispaljenog vatrenog oru\u017eja\u201d, rekla je vje\u0161takinja za posmrtne ostatke Adisa Hopovca.<\/p>\n<p><a href=\"https:\/\/www.prijedordanas.com\/wp-content\/uploads\/2016\/02\/sud-bih-1-2.jpg\"><img loading=\"lazy\" decoding=\"async\" class=\"alignleft size-medium wp-image-42457\" src=\"https:\/\/www.prijedordanas.com\/wp-content\/uploads\/2016\/02\/sud-bih-1-2-300x200.jpg\" alt=\"\" width=\"300\" height=\"200\" srcset=\"https:\/\/www.prijedordanas.com\/wp-content\/uploads\/2016\/02\/sud-bih-1-2-300x200.jpg 300w, https:\/\/www.prijedordanas.com\/wp-content\/uploads\/2016\/02\/sud-bih-1-2-480x320.jpg 480w, https:\/\/www.prijedordanas.com\/wp-content\/uploads\/2016\/02\/sud-bih-1-2.jpg 600w\" sizes=\"(max-width: 300px) 100vw, 300px\" \/><\/a>Za ubistva, mu\u010denja, seksualno nasilje, uni\u0161tavanje i oduzimanje imovine stanovnika sela Zecovi u julu 1992. godine, optu\u017eeni su Du\u0161an Miluni\u0107, Radomir Stojni\u0107, Radovan \u010ceti\u0107, Du\u0161ko Zori\u0107, Zoran Stojni\u0107, \u017deljko Grbi\u0107, Ilija Zori\u0107, Zoran Miluni\u0107, Bo\u0161ko Gruji\u010di\u0107, Ljubi\u0161a \u010ceti\u0107, Rade i Uro\u0161 Gruj\u010di\u0107, Zdravko Antoni\u0107 i Rajko Gnjatovi\u0107.<\/p>\n<p>Prema optu\u017enici, Miluni\u0107 je bio komandir Rasava\u010dke \u010dete 6. bataljona 43. brigade Vojske Republike Srpske (VRS), Radomir Stojni\u0107 komandir Rezervne stanice milicije Rasavci, a Radovan \u010ceti\u0107 predsjednik Srpske demokratske stranke (SDS) i Kriznog \u0161taba za selo Rasavci. Ostali su bili pripadnici Rasava\u010dke \u010dete, milicije te drugih formacija.<\/p>\n<p>U unakrsnom ispitivanju, Me\u0161i\u0107-Pa\u0161ali\u0107 je kazala da nije mogla 1998. godine utvrditi vrijeme smrti za ove osobe. Potvrdila je da je to unijela na osnovu onoga \u0161to su \u201cjoj dale druge slu\u017ebe\u201d.<\/p>\n<p>Ona je pojasnila i da je prilikom sa\u010dinjavanja zapisnika imala imena i prezimena, dodav\u0161i da su inspektori Ministarstva unutra\u0161njih poslova (MUP) uzimali podatke za svaki le\u0161, te da se \u201cu toku dana i ve\u0107 na licu mjesta znalo o kome se radi\u201d. Nagasila je da bi istra\u017eni sudija dostavljao imena i prezimena koje je ona potom unosila u zapisnike.<\/p>\n<p>Vje\u0161takinja je istakla da u svojim zapisnicima nije navodila da li se radi o potpunim ili nepotpunim tijelima.<\/p>\n<p>Na pitanje jedne od Odbrana da li je grobnica Zecovi Redak bila primarna ili sekundarna, vje\u0161takinja je odgovorila da se nije time bavila, odnosno da to nije u njenom domenu.<\/p>\n<p>Su\u0111enje \u0107e se nastaviti 7. jula.<\/p>\n<p>BIRN<\/p>\n","protected":false},"excerpt":{"rendered":"<p>Na su\u0111enju za zlo\u010dine po\u010dinjene u Prijedoru, vje\u0161takinja Dr\u017eavnog tu\u017eila\u0161tva je rekla da je obdukcijom 26 posmrtnih ostataka ekshumiranih s lokaliteta Redak, Kosa i Kurevo kod sela Zecovi utvrdila da [&hellip;]<\/p>\n","protected":false},"author":1,"featured_media":0,"comment_status":"closed","ping_status":"open","sticky":false,"template":"","format":"standard","meta":{"_monsterinsights_skip_tracking":false,"_monsterinsights_sitenote_active":false,"_monsterinsights_sitenote_note":"","_monsterinsights_sitenote_category":0,"footnotes":""},"categories":[5],"tags":[249],"yoast_head":"<!-- This site is optimized with the Yoast SEO plugin v21.6 - https:\/\/yoast.com\/wordpress\/plugins\/seo\/ -->\n<title>SU\u0110ENJE MILUNI\u0106 I OSTALI: NASILNA SMRT 26 OSOBA - PrijedorDanas.com - Prijedorski gradski portal<\/title>\n<meta name=\"robots\" content=\"index, follow, max-snippet:-1, max-image-preview:large, max-video-preview:-1\" \/>\n<link rel=\"canonical\" href=\"https:\/\/www.prijedordanas.com\/?p=83497\" \/>\n<meta property=\"og:locale\" content=\"en_US\" \/>\n<meta property=\"og:type\" content=\"article\" \/>\n<meta property=\"og:title\" content=\"SU\u0110ENJE MILUNI\u0106 I OSTALI: NASILNA SMRT 26 OSOBA - PrijedorDanas.com - Prijedorski gradski portal\" \/>\n<meta property=\"og:description\" content=\"Na su\u0111enju za zlo\u010dine po\u010dinjene u Prijedoru, vje\u0161takinja Dr\u017eavnog tu\u017eila\u0161tva je rekla da je obdukcijom 26 posmrtnih ostataka ekshumiranih s lokaliteta Redak, Kosa i Kurevo kod sela Zecovi utvrdila da [&hellip;]\" \/>\n<meta property=\"og:url\" content=\"https:\/\/www.prijedordanas.com\/?p=83497\" \/>\n<meta property=\"og:site_name\" content=\"PrijedorDanas.com - Prijedorski gradski portal\" \/>\n<meta property=\"article:publisher\" content=\"https:\/\/www.facebook.com\/PrijedorDanasCom\/\" \/>\n<meta property=\"article:published_time\" content=\"2017-06-17T05:31:46+00:00\" \/>\n<meta property=\"article:modified_time\" content=\"2017-06-22T15:07:53+00:00\" \/>\n<meta property=\"og:image\" content=\"https:\/\/www.prijedordanas.com\/wp-content\/uploads\/2016\/02\/sud-bih-3-2-300x225.jpg\" \/>\n<meta name=\"author\" content=\"admin\" \/>\n<meta name=\"twitter:card\" content=\"summary_large_image\" \/>\n<meta name=\"twitter:label1\" content=\"Written by\" \/>\n\t<meta name=\"twitter:data1\" content=\"admin\" \/>\n\t<meta name=\"twitter:label2\" content=\"Est. reading time\" \/>\n\t<meta name=\"twitter:data2\" content=\"2 minutes\" \/>\n<script type=\"application\/ld+json\" class=\"yoast-schema-graph\">{\"@context\":\"https:\/\/schema.org\",\"@graph\":[{\"@type\":\"Article\",\"@id\":\"https:\/\/www.prijedordanas.com\/?p=83497#article\",\"isPartOf\":{\"@id\":\"https:\/\/www.prijedordanas.com\/?p=83497\"},\"author\":{\"name\":\"admin\",\"@id\":\"https:\/\/www.prijedordanas.com\/#\/schema\/person\/4e08ccf29b506ca916ff86d46bb700e6\"},\"headline\":\"SU\u0110ENJE MILUNI\u0106 I OSTALI: NASILNA SMRT 26 OSOBA\",\"datePublished\":\"2017-06-17T05:31:46+00:00\",\"dateModified\":\"2017-06-22T15:07:53+00:00\",\"mainEntityOfPage\":{\"@id\":\"https:\/\/www.prijedordanas.com\/?p=83497\"},\"wordCount\":455,\"publisher\":{\"@id\":\"https:\/\/www.prijedordanas.com\/#organization\"},\"keywords\":[\"su\u0111enje\"],\"articleSection\":[\"Hronika\"],\"inLanguage\":\"en-US\"},{\"@type\":\"WebPage\",\"@id\":\"https:\/\/www.prijedordanas.com\/?p=83497\",\"url\":\"https:\/\/www.prijedordanas.com\/?p=83497\",\"name\":\"SU\u0110ENJE MILUNI\u0106 I OSTALI: NASILNA SMRT 26 OSOBA - PrijedorDanas.com - Prijedorski gradski portal\",\"isPartOf\":{\"@id\":\"https:\/\/www.prijedordanas.com\/#website\"},\"datePublished\":\"2017-06-17T05:31:46+00:00\",\"dateModified\":\"2017-06-22T15:07:53+00:00\",\"breadcrumb\":{\"@id\":\"https:\/\/www.prijedordanas.com\/?p=83497#breadcrumb\"},\"inLanguage\":\"en-US\",\"potentialAction\":[{\"@type\":\"ReadAction\",\"target\":[\"https:\/\/www.prijedordanas.com\/?p=83497\"]}]},{\"@type\":\"BreadcrumbList\",\"@id\":\"https:\/\/www.prijedordanas.com\/?p=83497#breadcrumb\",\"itemListElement\":[{\"@type\":\"ListItem\",\"position\":1,\"name\":\"Home\",\"item\":\"https:\/\/www.prijedordanas.com\/\"},{\"@type\":\"ListItem\",\"position\":2,\"name\":\"SU\u0110ENJE MILUNI\u0106 I OSTALI: NASILNA SMRT 26 OSOBA\"}]},{\"@type\":\"WebSite\",\"@id\":\"https:\/\/www.prijedordanas.com\/#website\",\"url\":\"https:\/\/www.prijedordanas.com\/\",\"name\":\"PrijedorDanas.com - Prijedorski gradski portal\",\"description\":\"Portal o doga\u0111anjima u gradu Prijedoru\",\"publisher\":{\"@id\":\"https:\/\/www.prijedordanas.com\/#organization\"},\"potentialAction\":[{\"@type\":\"SearchAction\",\"target\":{\"@type\":\"EntryPoint\",\"urlTemplate\":\"https:\/\/www.prijedordanas.com\/?s={search_term_string}\"},\"query-input\":\"required name=search_term_string\"}],\"inLanguage\":\"en-US\"},{\"@type\":\"Organization\",\"@id\":\"https:\/\/www.prijedordanas.com\/#organization\",\"name\":\"PrijedorDanas.com\",\"url\":\"https:\/\/www.prijedordanas.com\/\",\"logo\":{\"@type\":\"ImageObject\",\"inLanguage\":\"en-US\",\"@id\":\"https:\/\/www.prijedordanas.com\/#\/schema\/logo\/image\/\",\"url\":\"http:\/\/www.prijedordanas.com\/wp-content\/uploads\/2021\/12\/logopng.png\",\"contentUrl\":\"http:\/\/www.prijedordanas.com\/wp-content\/uploads\/2021\/12\/logopng.png\",\"width\":1019,\"height\":776,\"caption\":\"PrijedorDanas.com\"},\"image\":{\"@id\":\"https:\/\/www.prijedordanas.com\/#\/schema\/logo\/image\/\"},\"sameAs\":[\"https:\/\/www.facebook.com\/PrijedorDanasCom\/\"]},{\"@type\":\"Person\",\"@id\":\"https:\/\/www.prijedordanas.com\/#\/schema\/person\/4e08ccf29b506ca916ff86d46bb700e6\",\"name\":\"admin\",\"image\":{\"@type\":\"ImageObject\",\"inLanguage\":\"en-US\",\"@id\":\"https:\/\/www.prijedordanas.com\/#\/schema\/person\/image\/\",\"url\":\"https:\/\/secure.gravatar.com\/avatar\/1d3fc949d550f0b53a5f0d51e06dfd79?s=96&d=mm&r=g\",\"contentUrl\":\"https:\/\/secure.gravatar.com\/avatar\/1d3fc949d550f0b53a5f0d51e06dfd79?s=96&d=mm&r=g\",\"caption\":\"admin\"},\"url\":\"https:\/\/www.prijedordanas.com\/?author=1\"}]}<\/script>\n<!-- \/ Yoast SEO plugin. -->","yoast_head_json":{"title":"SU\u0110ENJE MILUNI\u0106 I OSTALI: NASILNA SMRT 26 OSOBA - PrijedorDanas.com - Prijedorski gradski portal","robots":{"index":"index","follow":"follow","max-snippet":"max-snippet:-1","max-image-preview":"max-image-preview:large","max-video-preview":"max-video-preview:-1"},"canonical":"https:\/\/www.prijedordanas.com\/?p=83497","og_locale":"en_US","og_type":"article","og_title":"SU\u0110ENJE MILUNI\u0106 I OSTALI: NASILNA SMRT 26 OSOBA - PrijedorDanas.com - Prijedorski gradski portal","og_description":"Na su\u0111enju za zlo\u010dine po\u010dinjene u Prijedoru, vje\u0161takinja Dr\u017eavnog tu\u017eila\u0161tva je rekla da je obdukcijom 26 posmrtnih ostataka ekshumiranih s lokaliteta Redak, Kosa i Kurevo kod sela Zecovi utvrdila da [&hellip;]","og_url":"https:\/\/www.prijedordanas.com\/?p=83497","og_site_name":"PrijedorDanas.com - Prijedorski gradski portal","article_publisher":"https:\/\/www.facebook.com\/PrijedorDanasCom\/","article_published_time":"2017-06-17T05:31:46+00:00","article_modified_time":"2017-06-22T15:07:53+00:00","og_image":[{"url":"https:\/\/www.prijedordanas.com\/wp-content\/uploads\/2016\/02\/sud-bih-3-2-300x225.jpg"}],"author":"admin","twitter_card":"summary_large_image","twitter_misc":{"Written by":"admin","Est. reading time":"2 minutes"},"schema":{"@context":"https:\/\/schema.org","@graph":[{"@type":"Article","@id":"https:\/\/www.prijedordanas.com\/?p=83497#article","isPartOf":{"@id":"https:\/\/www.prijedordanas.com\/?p=83497"},"author":{"name":"admin","@id":"https:\/\/www.prijedordanas.com\/#\/schema\/person\/4e08ccf29b506ca916ff86d46bb700e6"},"headline":"SU\u0110ENJE MILUNI\u0106 I OSTALI: NASILNA SMRT 26 OSOBA","datePublished":"2017-06-17T05:31:46+00:00","dateModified":"2017-06-22T15:07:53+00:00","mainEntityOfPage":{"@id":"https:\/\/www.prijedordanas.com\/?p=83497"},"wordCount":455,"publisher":{"@id":"https:\/\/www.prijedordanas.com\/#organization"},"keywords":["su\u0111enje"],"articleSection":["Hronika"],"inLanguage":"en-US"},{"@type":"WebPage","@id":"https:\/\/www.prijedordanas.com\/?p=83497","url":"https:\/\/www.prijedordanas.com\/?p=83497","name":"SU\u0110ENJE MILUNI\u0106 I OSTALI: NASILNA SMRT 26 OSOBA - PrijedorDanas.com - Prijedorski gradski portal","isPartOf":{"@id":"https:\/\/www.prijedordanas.com\/#website"},"datePublished":"2017-06-17T05:31:46+00:00","dateModified":"2017-06-22T15:07:53+00:00","breadcrumb":{"@id":"https:\/\/www.prijedordanas.com\/?p=83497#breadcrumb"},"inLanguage":"en-US","potentialAction":[{"@type":"ReadAction","target":["https:\/\/www.prijedordanas.com\/?p=83497"]}]},{"@type":"BreadcrumbList","@id":"https:\/\/www.prijedordanas.com\/?p=83497#breadcrumb","itemListElement":[{"@type":"ListItem","position":1,"name":"Home","item":"https:\/\/www.prijedordanas.com\/"},{"@type":"ListItem","position":2,"name":"SU\u0110ENJE MILUNI\u0106 I OSTALI: NASILNA SMRT 26 OSOBA"}]},{"@type":"WebSite","@id":"https:\/\/www.prijedordanas.com\/#website","url":"https:\/\/www.prijedordanas.com\/","name":"PrijedorDanas.com - Prijedorski gradski portal","description":"Portal o doga\u0111anjima u gradu Prijedoru","publisher":{"@id":"https:\/\/www.prijedordanas.com\/#organization"},"potentialAction":[{"@type":"SearchAction","target":{"@type":"EntryPoint","urlTemplate":"https:\/\/www.prijedordanas.com\/?s={search_term_string}"},"query-input":"required name=search_term_string"}],"inLanguage":"en-US"},{"@type":"Organization","@id":"https:\/\/www.prijedordanas.com\/#organization","name":"PrijedorDanas.com","url":"https:\/\/www.prijedordanas.com\/","logo":{"@type":"ImageObject","inLanguage":"en-US","@id":"https:\/\/www.prijedordanas.com\/#\/schema\/logo\/image\/","url":"http:\/\/www.prijedordanas.com\/wp-content\/uploads\/2021\/12\/logopng.png","contentUrl":"http:\/\/www.prijedordanas.com\/wp-content\/uploads\/2021\/12\/logopng.png","width":1019,"height":776,"caption":"PrijedorDanas.com"},"image":{"@id":"https:\/\/www.prijedordanas.com\/#\/schema\/logo\/image\/"},"sameAs":["https:\/\/www.facebook.com\/PrijedorDanasCom\/"]},{"@type":"Person","@id":"https:\/\/www.prijedordanas.com\/#\/schema\/person\/4e08ccf29b506ca916ff86d46bb700e6","name":"admin","image":{"@type":"ImageObject","inLanguage":"en-US","@id":"https:\/\/www.prijedordanas.com\/#\/schema\/person\/image\/","url":"https:\/\/secure.gravatar.com\/avatar\/1d3fc949d550f0b53a5f0d51e06dfd79?s=96&d=mm&r=g","contentUrl":"https:\/\/secure.gravatar.com\/avatar\/1d3fc949d550f0b53a5f0d51e06dfd79?s=96&d=mm&r=g","caption":"admin"},"url":"https:\/\/www.prijedordanas.com\/?author=1"}]}},"_links":{"self":[{"href":"https:\/\/www.prijedordanas.com\/index.php?rest_route=\/wp\/v2\/posts\/83497"}],"collection":[{"href":"https:\/\/www.prijedordanas.com\/index.php?rest_route=\/wp\/v2\/posts"}],"about":[{"href":"https:\/\/www.prijedordanas.com\/index.php?rest_route=\/wp\/v2\/types\/post"}],"author":[{"embeddable":true,"href":"https:\/\/www.prijedordanas.com\/index.php?rest_route=\/wp\/v2\/users\/1"}],"replies":[{"embeddable":true,"href":"https:\/\/www.prijedordanas.com\/index.php?rest_route=%2Fwp%2Fv2%2Fcomments&post=83497"}],"version-history":[{"count":1,"href":"https:\/\/www.prijedordanas.com\/index.php?rest_route=\/wp\/v2\/posts\/83497\/revisions"}],"predecessor-version":[{"id":83498,"href":"https:\/\/www.prijedordanas.com\/index.php?rest_route=\/wp\/v2\/posts\/83497\/revisions\/83498"}],"wp:attachment":[{"href":"https:\/\/www.prijedordanas.com\/index.php?rest_route=%2Fwp%2Fv2%2Fmedia&parent=83497"}],"wp:term":[{"taxonomy":"category","embeddable":true,"href":"https:\/\/www.prijedordanas.com\/index.php?rest_route=%2Fwp%2Fv2%2Fcategories&post=83497"},{"taxonomy":"post_tag","embeddable":true,"href":"https:\/\/www.prijedordanas.com\/index.php?rest_route=%2Fwp%2Fv2%2Ftags&post=83497"}],"curies":[{"name":"wp","href":"https:\/\/api.w.org\/{rel}","templated":true}]}}