{"id":82861,"date":"2017-06-07T17:26:48","date_gmt":"2017-06-07T15:26:48","guid":{"rendered":"https:\/\/www.prijedordanas.com\/?p=82861"},"modified":"2017-06-07T17:26:48","modified_gmt":"2017-06-07T15:26:48","slug":"da-nije-smijesno-mozda-bi-bilo-zalosno-rudar-prijedor-domacin-borcu-u-banjaluci","status":"publish","type":"post","link":"https:\/\/www.prijedordanas.com\/?p=82861","title":{"rendered":"DA NIJE SMIJE\u0160NO, MO\u017dDA BI BILO \u017dALOSNO: RUDAR-PRIJEDOR DOMA\u0106IN BORCU U BANJALUCI"},"content":{"rendered":"<p><a href=\"https:\/\/www.prijedordanas.com\/wp-content\/uploads\/2017\/06\/rudar-prijedor-borac-lzp.jpg\"><img loading=\"lazy\" decoding=\"async\" class=\"alignleft size-medium wp-image-82862\" src=\"https:\/\/www.prijedordanas.com\/wp-content\/uploads\/2017\/06\/rudar-prijedor-borac-lzp-300x222.jpg\" alt=\"\" width=\"300\" height=\"222\" srcset=\"https:\/\/www.prijedordanas.com\/wp-content\/uploads\/2017\/06\/rudar-prijedor-borac-lzp-300x222.jpg 300w, https:\/\/www.prijedordanas.com\/wp-content\/uploads\/2017\/06\/rudar-prijedor-borac-lzp-100x74.jpg 100w, https:\/\/www.prijedordanas.com\/wp-content\/uploads\/2017\/06\/rudar-prijedor-borac-lzp.jpg 676w\" sizes=\"(max-width: 300px) 100vw, 300px\" \/><\/a>Rudar-Prijedor je \u201eispunio\u201c svoj ovosezonski cilj, opstanak u Prvoj ligi Republike Srpske koji je osiguran osvajanjem drugog mjesta na kraju regularnog dijela \u0161ampionata.<\/p>\n<p>U posljednjem, 10. kolu Lige za prvaka, Prijedor\u010dani \u0107e ve\u010deras od 19 \u010dasova na Gradskom stadionu u Banjaluci \u201eugostiti\u201c novog prvaka Borca.<\/p>\n<p>Da nije smije\u0161no mo\u017eda bi bilo i \u017ealosno.<\/p>\n<p>Kao razlog za ovako ne\u0161to, iz redova prvoliga\u0161a iz grada na Sani navode da kre\u0107u radovi na sanaciji terena, \u010diji po\u010detak je od strane firme koja \u0107e ih obavljati najavljen tek nedavno, pa se trava morala hemijski tretirati.<\/p>\n<p>Ideja o \u201ezamjeni\u201c doma\u0107instava nije mogla biti realizovana jer, eto, prije mjesec dana (14.maja igran susret Borac: Rudar-Prijedor u Banjaluci) nije se znalo da \u0107e ba\u0161 uo\u010di posljednjeg kola \u201eLige bez briga\u201c, po\u010deti radovi.<\/p>\n<p><a href=\"https:\/\/www.prijedordanas.com\/wp-content\/uploads\/2017\/05\/borac-rudar-prijedor-lzp-2.jpg\"><img loading=\"lazy\" decoding=\"async\" src=\"https:\/\/www.prijedordanas.com\/wp-content\/uploads\/2017\/05\/borac-rudar-prijedor-lzp-2-300x216.jpg\" alt=\"\" width=\"300\" height=\"216\" class=\"alignleft size-medium wp-image-80918\" srcset=\"https:\/\/www.prijedordanas.com\/wp-content\/uploads\/2017\/05\/borac-rudar-prijedor-lzp-2-300x216.jpg 300w, https:\/\/www.prijedordanas.com\/wp-content\/uploads\/2017\/05\/borac-rudar-prijedor-lzp-2-100x72.jpg 100w, https:\/\/www.prijedordanas.com\/wp-content\/uploads\/2017\/05\/borac-rudar-prijedor-lzp-2.jpg 694w\" sizes=\"(max-width: 300px) 100vw, 300px\" \/><\/a>Ne smije se isklju\u010diti ni sportski motiv.<\/p>\n<p>Mogu\u0107e je i da je neko u taboru Rudar-Prijedora i tada &#8220;vjerovao&#8221; da se za \u0161est preostalih kola mo\u017ee nadoknaditi 20 bodova minusa koliko je tada iznosio zaostatak u odnosu na Banjalu\u010dane, ili to mo\u017ee u\u010diniti Podrinje iz Janje koje je imalo -15 u odnosu na Borac.<\/p>\n<p>Kako bilo, Banjalu\u010dani \u0107e na svom terenu proslaviti zaslu\u017eenu titulu \u0161ampiona Prve lige Republike Srpske i povratak u Premijer ligu.<\/p>\n<p>Tekst i foto \u2013 Aleksandar Drakuli\u0107 \u2013 <a href=\"https:\/\/www.prijedordanas.com\" target=\"_blank\" rel=\"noopener noreferrer\">www.prijedordanas.com<\/a><\/p>\n","protected":false},"excerpt":{"rendered":"<p>Rudar-Prijedor je \u201eispunio\u201c svoj ovosezonski cilj, opstanak u Prvoj ligi Republike Srpske koji je osiguran osvajanjem drugog mjesta na kraju regularnog dijela \u0161ampionata. U posljednjem, 10. kolu Lige za prvaka, [&hellip;]<\/p>\n","protected":false},"author":1,"featured_media":0,"comment_status":"closed","ping_status":"open","sticky":false,"template":"","format":"standard","meta":{"_monsterinsights_skip_tracking":false,"_monsterinsights_sitenote_active":false,"_monsterinsights_sitenote_note":"","_monsterinsights_sitenote_category":0,"footnotes":""},"categories":[7],"tags":[221],"yoast_head":"<!-- This site is optimized with the Yoast SEO plugin v21.6 - https:\/\/yoast.com\/wordpress\/plugins\/seo\/ -->\n<title>DA NIJE SMIJE\u0160NO, MO\u017dDA BI BILO \u017dALOSNO: RUDAR-PRIJEDOR DOMA\u0106IN BORCU U BANJALUCI - PrijedorDanas.com - Prijedorski gradski portal<\/title>\n<meta name=\"robots\" content=\"index, follow, max-snippet:-1, max-image-preview:large, max-video-preview:-1\" \/>\n<link rel=\"canonical\" href=\"https:\/\/www.prijedordanas.com\/?p=82861\" \/>\n<meta property=\"og:locale\" content=\"en_US\" \/>\n<meta property=\"og:type\" content=\"article\" \/>\n<meta property=\"og:title\" content=\"DA NIJE SMIJE\u0160NO, MO\u017dDA BI BILO \u017dALOSNO: RUDAR-PRIJEDOR DOMA\u0106IN BORCU U BANJALUCI - PrijedorDanas.com - Prijedorski gradski portal\" \/>\n<meta property=\"og:description\" content=\"Rudar-Prijedor je \u201eispunio\u201c svoj ovosezonski cilj, opstanak u Prvoj ligi Republike Srpske koji je osiguran osvajanjem drugog mjesta na kraju regularnog dijela \u0161ampionata. U posljednjem, 10. kolu Lige za prvaka, [&hellip;]\" \/>\n<meta property=\"og:url\" content=\"https:\/\/www.prijedordanas.com\/?p=82861\" \/>\n<meta property=\"og:site_name\" content=\"PrijedorDanas.com - Prijedorski gradski portal\" \/>\n<meta property=\"article:publisher\" content=\"https:\/\/www.facebook.com\/PrijedorDanasCom\/\" \/>\n<meta property=\"article:published_time\" content=\"2017-06-07T15:26:48+00:00\" \/>\n<meta property=\"og:image\" content=\"https:\/\/www.prijedordanas.com\/wp-content\/uploads\/2017\/06\/rudar-prijedor-borac-lzp-300x222.jpg\" \/>\n<meta name=\"author\" content=\"admin\" \/>\n<meta name=\"twitter:card\" content=\"summary_large_image\" \/>\n<meta name=\"twitter:label1\" content=\"Written by\" \/>\n\t<meta name=\"twitter:data1\" content=\"admin\" \/>\n\t<meta name=\"twitter:label2\" content=\"Est. reading time\" \/>\n\t<meta name=\"twitter:data2\" content=\"1 minute\" \/>\n<script type=\"application\/ld+json\" class=\"yoast-schema-graph\">{\"@context\":\"https:\/\/schema.org\",\"@graph\":[{\"@type\":\"Article\",\"@id\":\"https:\/\/www.prijedordanas.com\/?p=82861#article\",\"isPartOf\":{\"@id\":\"https:\/\/www.prijedordanas.com\/?p=82861\"},\"author\":{\"name\":\"admin\",\"@id\":\"https:\/\/www.prijedordanas.com\/#\/schema\/person\/4e08ccf29b506ca916ff86d46bb700e6\"},\"headline\":\"DA NIJE SMIJE\u0160NO, MO\u017dDA BI BILO \u017dALOSNO: RUDAR-PRIJEDOR DOMA\u0106IN BORCU U BANJALUCI\",\"datePublished\":\"2017-06-07T15:26:48+00:00\",\"dateModified\":\"2017-06-07T15:26:48+00:00\",\"mainEntityOfPage\":{\"@id\":\"https:\/\/www.prijedordanas.com\/?p=82861\"},\"wordCount\":238,\"publisher\":{\"@id\":\"https:\/\/www.prijedordanas.com\/#organization\"},\"keywords\":[\"Rudar-Prijedor\"],\"articleSection\":[\"Sport\"],\"inLanguage\":\"en-US\"},{\"@type\":\"WebPage\",\"@id\":\"https:\/\/www.prijedordanas.com\/?p=82861\",\"url\":\"https:\/\/www.prijedordanas.com\/?p=82861\",\"name\":\"DA NIJE SMIJE\u0160NO, MO\u017dDA BI BILO \u017dALOSNO: RUDAR-PRIJEDOR DOMA\u0106IN BORCU U BANJALUCI - PrijedorDanas.com - Prijedorski gradski portal\",\"isPartOf\":{\"@id\":\"https:\/\/www.prijedordanas.com\/#website\"},\"datePublished\":\"2017-06-07T15:26:48+00:00\",\"dateModified\":\"2017-06-07T15:26:48+00:00\",\"breadcrumb\":{\"@id\":\"https:\/\/www.prijedordanas.com\/?p=82861#breadcrumb\"},\"inLanguage\":\"en-US\",\"potentialAction\":[{\"@type\":\"ReadAction\",\"target\":[\"https:\/\/www.prijedordanas.com\/?p=82861\"]}]},{\"@type\":\"BreadcrumbList\",\"@id\":\"https:\/\/www.prijedordanas.com\/?p=82861#breadcrumb\",\"itemListElement\":[{\"@type\":\"ListItem\",\"position\":1,\"name\":\"Home\",\"item\":\"https:\/\/www.prijedordanas.com\/\"},{\"@type\":\"ListItem\",\"position\":2,\"name\":\"DA NIJE SMIJE\u0160NO, MO\u017dDA BI BILO \u017dALOSNO: RUDAR-PRIJEDOR DOMA\u0106IN BORCU U BANJALUCI\"}]},{\"@type\":\"WebSite\",\"@id\":\"https:\/\/www.prijedordanas.com\/#website\",\"url\":\"https:\/\/www.prijedordanas.com\/\",\"name\":\"PrijedorDanas.com - Prijedorski gradski portal\",\"description\":\"Portal o doga\u0111anjima u gradu Prijedoru\",\"publisher\":{\"@id\":\"https:\/\/www.prijedordanas.com\/#organization\"},\"potentialAction\":[{\"@type\":\"SearchAction\",\"target\":{\"@type\":\"EntryPoint\",\"urlTemplate\":\"https:\/\/www.prijedordanas.com\/?s={search_term_string}\"},\"query-input\":\"required name=search_term_string\"}],\"inLanguage\":\"en-US\"},{\"@type\":\"Organization\",\"@id\":\"https:\/\/www.prijedordanas.com\/#organization\",\"name\":\"PrijedorDanas.com\",\"url\":\"https:\/\/www.prijedordanas.com\/\",\"logo\":{\"@type\":\"ImageObject\",\"inLanguage\":\"en-US\",\"@id\":\"https:\/\/www.prijedordanas.com\/#\/schema\/logo\/image\/\",\"url\":\"http:\/\/www.prijedordanas.com\/wp-content\/uploads\/2021\/12\/logopng.png\",\"contentUrl\":\"http:\/\/www.prijedordanas.com\/wp-content\/uploads\/2021\/12\/logopng.png\",\"width\":1019,\"height\":776,\"caption\":\"PrijedorDanas.com\"},\"image\":{\"@id\":\"https:\/\/www.prijedordanas.com\/#\/schema\/logo\/image\/\"},\"sameAs\":[\"https:\/\/www.facebook.com\/PrijedorDanasCom\/\"]},{\"@type\":\"Person\",\"@id\":\"https:\/\/www.prijedordanas.com\/#\/schema\/person\/4e08ccf29b506ca916ff86d46bb700e6\",\"name\":\"admin\",\"image\":{\"@type\":\"ImageObject\",\"inLanguage\":\"en-US\",\"@id\":\"https:\/\/www.prijedordanas.com\/#\/schema\/person\/image\/\",\"url\":\"https:\/\/secure.gravatar.com\/avatar\/1d3fc949d550f0b53a5f0d51e06dfd79?s=96&d=mm&r=g\",\"contentUrl\":\"https:\/\/secure.gravatar.com\/avatar\/1d3fc949d550f0b53a5f0d51e06dfd79?s=96&d=mm&r=g\",\"caption\":\"admin\"},\"url\":\"https:\/\/www.prijedordanas.com\/?author=1\"}]}<\/script>\n<!-- \/ Yoast SEO plugin. -->","yoast_head_json":{"title":"DA NIJE SMIJE\u0160NO, MO\u017dDA BI BILO \u017dALOSNO: RUDAR-PRIJEDOR DOMA\u0106IN BORCU U BANJALUCI - PrijedorDanas.com - Prijedorski gradski portal","robots":{"index":"index","follow":"follow","max-snippet":"max-snippet:-1","max-image-preview":"max-image-preview:large","max-video-preview":"max-video-preview:-1"},"canonical":"https:\/\/www.prijedordanas.com\/?p=82861","og_locale":"en_US","og_type":"article","og_title":"DA NIJE SMIJE\u0160NO, MO\u017dDA BI BILO \u017dALOSNO: RUDAR-PRIJEDOR DOMA\u0106IN BORCU U BANJALUCI - PrijedorDanas.com - Prijedorski gradski portal","og_description":"Rudar-Prijedor je \u201eispunio\u201c svoj ovosezonski cilj, opstanak u Prvoj ligi Republike Srpske koji je osiguran osvajanjem drugog mjesta na kraju regularnog dijela \u0161ampionata. U posljednjem, 10. kolu Lige za prvaka, [&hellip;]","og_url":"https:\/\/www.prijedordanas.com\/?p=82861","og_site_name":"PrijedorDanas.com - Prijedorski gradski portal","article_publisher":"https:\/\/www.facebook.com\/PrijedorDanasCom\/","article_published_time":"2017-06-07T15:26:48+00:00","og_image":[{"url":"https:\/\/www.prijedordanas.com\/wp-content\/uploads\/2017\/06\/rudar-prijedor-borac-lzp-300x222.jpg"}],"author":"admin","twitter_card":"summary_large_image","twitter_misc":{"Written by":"admin","Est. reading time":"1 minute"},"schema":{"@context":"https:\/\/schema.org","@graph":[{"@type":"Article","@id":"https:\/\/www.prijedordanas.com\/?p=82861#article","isPartOf":{"@id":"https:\/\/www.prijedordanas.com\/?p=82861"},"author":{"name":"admin","@id":"https:\/\/www.prijedordanas.com\/#\/schema\/person\/4e08ccf29b506ca916ff86d46bb700e6"},"headline":"DA NIJE SMIJE\u0160NO, MO\u017dDA BI BILO \u017dALOSNO: RUDAR-PRIJEDOR DOMA\u0106IN BORCU U BANJALUCI","datePublished":"2017-06-07T15:26:48+00:00","dateModified":"2017-06-07T15:26:48+00:00","mainEntityOfPage":{"@id":"https:\/\/www.prijedordanas.com\/?p=82861"},"wordCount":238,"publisher":{"@id":"https:\/\/www.prijedordanas.com\/#organization"},"keywords":["Rudar-Prijedor"],"articleSection":["Sport"],"inLanguage":"en-US"},{"@type":"WebPage","@id":"https:\/\/www.prijedordanas.com\/?p=82861","url":"https:\/\/www.prijedordanas.com\/?p=82861","name":"DA NIJE SMIJE\u0160NO, MO\u017dDA BI BILO \u017dALOSNO: RUDAR-PRIJEDOR DOMA\u0106IN BORCU U BANJALUCI - PrijedorDanas.com - Prijedorski gradski portal","isPartOf":{"@id":"https:\/\/www.prijedordanas.com\/#website"},"datePublished":"2017-06-07T15:26:48+00:00","dateModified":"2017-06-07T15:26:48+00:00","breadcrumb":{"@id":"https:\/\/www.prijedordanas.com\/?p=82861#breadcrumb"},"inLanguage":"en-US","potentialAction":[{"@type":"ReadAction","target":["https:\/\/www.prijedordanas.com\/?p=82861"]}]},{"@type":"BreadcrumbList","@id":"https:\/\/www.prijedordanas.com\/?p=82861#breadcrumb","itemListElement":[{"@type":"ListItem","position":1,"name":"Home","item":"https:\/\/www.prijedordanas.com\/"},{"@type":"ListItem","position":2,"name":"DA NIJE SMIJE\u0160NO, MO\u017dDA BI BILO \u017dALOSNO: RUDAR-PRIJEDOR DOMA\u0106IN BORCU U BANJALUCI"}]},{"@type":"WebSite","@id":"https:\/\/www.prijedordanas.com\/#website","url":"https:\/\/www.prijedordanas.com\/","name":"PrijedorDanas.com - Prijedorski gradski portal","description":"Portal o doga\u0111anjima u gradu Prijedoru","publisher":{"@id":"https:\/\/www.prijedordanas.com\/#organization"},"potentialAction":[{"@type":"SearchAction","target":{"@type":"EntryPoint","urlTemplate":"https:\/\/www.prijedordanas.com\/?s={search_term_string}"},"query-input":"required name=search_term_string"}],"inLanguage":"en-US"},{"@type":"Organization","@id":"https:\/\/www.prijedordanas.com\/#organization","name":"PrijedorDanas.com","url":"https:\/\/www.prijedordanas.com\/","logo":{"@type":"ImageObject","inLanguage":"en-US","@id":"https:\/\/www.prijedordanas.com\/#\/schema\/logo\/image\/","url":"http:\/\/www.prijedordanas.com\/wp-content\/uploads\/2021\/12\/logopng.png","contentUrl":"http:\/\/www.prijedordanas.com\/wp-content\/uploads\/2021\/12\/logopng.png","width":1019,"height":776,"caption":"PrijedorDanas.com"},"image":{"@id":"https:\/\/www.prijedordanas.com\/#\/schema\/logo\/image\/"},"sameAs":["https:\/\/www.facebook.com\/PrijedorDanasCom\/"]},{"@type":"Person","@id":"https:\/\/www.prijedordanas.com\/#\/schema\/person\/4e08ccf29b506ca916ff86d46bb700e6","name":"admin","image":{"@type":"ImageObject","inLanguage":"en-US","@id":"https:\/\/www.prijedordanas.com\/#\/schema\/person\/image\/","url":"https:\/\/secure.gravatar.com\/avatar\/1d3fc949d550f0b53a5f0d51e06dfd79?s=96&d=mm&r=g","contentUrl":"https:\/\/secure.gravatar.com\/avatar\/1d3fc949d550f0b53a5f0d51e06dfd79?s=96&d=mm&r=g","caption":"admin"},"url":"https:\/\/www.prijedordanas.com\/?author=1"}]}},"_links":{"self":[{"href":"https:\/\/www.prijedordanas.com\/index.php?rest_route=\/wp\/v2\/posts\/82861"}],"collection":[{"href":"https:\/\/www.prijedordanas.com\/index.php?rest_route=\/wp\/v2\/posts"}],"about":[{"href":"https:\/\/www.prijedordanas.com\/index.php?rest_route=\/wp\/v2\/types\/post"}],"author":[{"embeddable":true,"href":"https:\/\/www.prijedordanas.com\/index.php?rest_route=\/wp\/v2\/users\/1"}],"replies":[{"embeddable":true,"href":"https:\/\/www.prijedordanas.com\/index.php?rest_route=%2Fwp%2Fv2%2Fcomments&post=82861"}],"version-history":[{"count":1,"href":"https:\/\/www.prijedordanas.com\/index.php?rest_route=\/wp\/v2\/posts\/82861\/revisions"}],"predecessor-version":[{"id":82863,"href":"https:\/\/www.prijedordanas.com\/index.php?rest_route=\/wp\/v2\/posts\/82861\/revisions\/82863"}],"wp:attachment":[{"href":"https:\/\/www.prijedordanas.com\/index.php?rest_route=%2Fwp%2Fv2%2Fmedia&parent=82861"}],"wp:term":[{"taxonomy":"category","embeddable":true,"href":"https:\/\/www.prijedordanas.com\/index.php?rest_route=%2Fwp%2Fv2%2Fcategories&post=82861"},{"taxonomy":"post_tag","embeddable":true,"href":"https:\/\/www.prijedordanas.com\/index.php?rest_route=%2Fwp%2Fv2%2Ftags&post=82861"}],"curies":[{"name":"wp","href":"https:\/\/api.w.org\/{rel}","templated":true}]}}