{"id":82854,"date":"2017-06-07T14:30:58","date_gmt":"2017-06-07T12:30:58","guid":{"rendered":"https:\/\/www.prijedordanas.com\/?p=82854"},"modified":"2017-06-07T14:30:58","modified_gmt":"2017-06-07T12:30:58","slug":"prijedorcanin-od-sugradanina-pozajmio-mercedes-pa-trazio-novac-za-vracanje-foto","status":"publish","type":"post","link":"https:\/\/www.prijedordanas.com\/?p=82854","title":{"rendered":"PRIJEDOR\u010cANIN OD SUGRA\u0110ANINA POZAJMIO \u201eMERCEDES\u201c PA TRA\u017dIO NOVAC ZA VRA\u0106ANJE \u2013 FOTO"},"content":{"rendered":"<p><a href=\"https:\/\/www.prijedordanas.com\/wp-content\/uploads\/2017\/06\/pu-prijedor-mercedes-slk-1.jpg\"><img loading=\"lazy\" decoding=\"async\" src=\"https:\/\/www.prijedordanas.com\/wp-content\/uploads\/2017\/06\/pu-prijedor-mercedes-slk-1-300x217.jpg\" alt=\"\" width=\"300\" height=\"217\" class=\"alignleft size-medium wp-image-82857\" srcset=\"https:\/\/www.prijedordanas.com\/wp-content\/uploads\/2017\/06\/pu-prijedor-mercedes-slk-1-300x217.jpg 300w, https:\/\/www.prijedordanas.com\/wp-content\/uploads\/2017\/06\/pu-prijedor-mercedes-slk-1-100x72.jpg 100w, https:\/\/www.prijedordanas.com\/wp-content\/uploads\/2017\/06\/pu-prijedor-mercedes-slk-1.jpg 690w\" sizes=\"(max-width: 300px) 100vw, 300px\" \/><\/a>Policijski slu\u017ebenici Policijske stanice Prijedor 2, PU Prijedor dana 06.06.2017. godine izvr\u0161ili su kriminalisti\u010dku obradu lica A.T. iz Prijedora zbog postojanja osnova sumnje da je po\u010dinilo krivi\u010dna djela \u201eOduzimanje motornog vozila\u201c i \u201eIznuda\u201c na \u0161tetu lica N.P. iz Prijedora.<\/p>\n<p>Tokom kriminalisti\u010dke obrade utvr\u0111eno je da je o\u0161tec\u0301eno lice N.P. iz Prijedora dana 31.05.2017. godine, okrivljenom licu A.T. na kori\u0161tenje ustupilo putni\u010dko motorno vozilo marke Mercedes SLK, a koje mu okrivljeni nije vratio, te je dana 05.06.2017. godine u zamjenu za povrat vozila zatra\u017eio od o\u0161tec\u0301enog odre\u0111en nov\u010dani iznos, \u010dime je po\u010dinio naprijed navedena krivi\u010dna djela.<\/p>\n<p>Policijski slu\u017ebenici privremeno su oduzeli navedeno vozilo a koje c\u0301e u skladu sa Zakonom biti vrac\u0301eno vlasniku.<\/p>\n<p>Po dokumentovanju i kompletiranju predmeta Okru\u017enom javnom tu\u017eila\u0161tvu Prijedor, protiv lica A.T. bic\u0301e dostavljen izvje\u0161taj za po\u010dinjena krivi\u010dna djela \u201eOduzimanje motornog vozila\u201c i \u201eIznuda\u201c.<\/p>\n<p>PU Prijedor<a href=\"https:\/\/www.prijedordanas.com\/wp-content\/uploads\/2017\/06\/pu-prijedor-mercedes-slk-2.jpg\"><img loading=\"lazy\" decoding=\"async\" src=\"https:\/\/www.prijedordanas.com\/wp-content\/uploads\/2017\/06\/pu-prijedor-mercedes-slk-2-300x217.jpg\" alt=\"\" width=\"300\" height=\"217\" class=\"alignleft size-medium wp-image-82858\" srcset=\"https:\/\/www.prijedordanas.com\/wp-content\/uploads\/2017\/06\/pu-prijedor-mercedes-slk-2-300x217.jpg 300w, https:\/\/www.prijedordanas.com\/wp-content\/uploads\/2017\/06\/pu-prijedor-mercedes-slk-2-100x72.jpg 100w, https:\/\/www.prijedordanas.com\/wp-content\/uploads\/2017\/06\/pu-prijedor-mercedes-slk-2.jpg 690w\" sizes=\"(max-width: 300px) 100vw, 300px\" \/><\/a><\/p>\n","protected":false},"excerpt":{"rendered":"<p>Policijski slu\u017ebenici Policijske stanice Prijedor 2, PU Prijedor dana 06.06.2017. godine izvr\u0161ili su kriminalisti\u010dku obradu lica A.T. iz Prijedora zbog postojanja osnova sumnje da je po\u010dinilo krivi\u010dna djela \u201eOduzimanje motornog [&hellip;]<\/p>\n","protected":false},"author":1,"featured_media":0,"comment_status":"closed","ping_status":"open","sticky":false,"template":"","format":"standard","meta":{"_monsterinsights_skip_tracking":false,"_monsterinsights_sitenote_active":false,"_monsterinsights_sitenote_note":"","_monsterinsights_sitenote_category":0,"footnotes":""},"categories":[5],"tags":[2014,10030,9834],"yoast_head":"<!-- This site is optimized with the Yoast SEO plugin v21.6 - https:\/\/yoast.com\/wordpress\/plugins\/seo\/ -->\n<title>PRIJEDOR\u010cANIN OD SUGRA\u0110ANINA POZAJMIO \u201eMERCEDES\u201c PA TRA\u017dIO NOVAC ZA VRA\u0106ANJE \u2013 FOTO - PrijedorDanas.com - Prijedorski gradski portal<\/title>\n<meta name=\"robots\" content=\"index, follow, max-snippet:-1, max-image-preview:large, max-video-preview:-1\" \/>\n<link rel=\"canonical\" href=\"https:\/\/www.prijedordanas.com\/?p=82854\" \/>\n<meta property=\"og:locale\" content=\"en_US\" \/>\n<meta property=\"og:type\" content=\"article\" \/>\n<meta property=\"og:title\" content=\"PRIJEDOR\u010cANIN OD SUGRA\u0110ANINA POZAJMIO \u201eMERCEDES\u201c PA TRA\u017dIO NOVAC ZA VRA\u0106ANJE \u2013 FOTO - PrijedorDanas.com - Prijedorski gradski portal\" \/>\n<meta property=\"og:description\" content=\"Policijski slu\u017ebenici Policijske stanice Prijedor 2, PU Prijedor dana 06.06.2017. godine izvr\u0161ili su kriminalisti\u010dku obradu lica A.T. iz Prijedora zbog postojanja osnova sumnje da je po\u010dinilo krivi\u010dna djela \u201eOduzimanje motornog [&hellip;]\" \/>\n<meta property=\"og:url\" content=\"https:\/\/www.prijedordanas.com\/?p=82854\" \/>\n<meta property=\"og:site_name\" content=\"PrijedorDanas.com - Prijedorski gradski portal\" \/>\n<meta property=\"article:publisher\" content=\"https:\/\/www.facebook.com\/PrijedorDanasCom\/\" \/>\n<meta property=\"article:published_time\" content=\"2017-06-07T12:30:58+00:00\" \/>\n<meta property=\"og:image\" content=\"https:\/\/www.prijedordanas.com\/wp-content\/uploads\/2017\/06\/pu-prijedor-mercedes-slk-1-300x217.jpg\" \/>\n<meta name=\"author\" content=\"admin\" \/>\n<meta name=\"twitter:card\" content=\"summary_large_image\" \/>\n<meta name=\"twitter:label1\" content=\"Written by\" \/>\n\t<meta name=\"twitter:data1\" content=\"admin\" \/>\n\t<meta name=\"twitter:label2\" content=\"Est. reading time\" \/>\n\t<meta name=\"twitter:data2\" content=\"1 minute\" \/>\n<script type=\"application\/ld+json\" class=\"yoast-schema-graph\">{\"@context\":\"https:\/\/schema.org\",\"@graph\":[{\"@type\":\"Article\",\"@id\":\"https:\/\/www.prijedordanas.com\/?p=82854#article\",\"isPartOf\":{\"@id\":\"https:\/\/www.prijedordanas.com\/?p=82854\"},\"author\":{\"name\":\"admin\",\"@id\":\"https:\/\/www.prijedordanas.com\/#\/schema\/person\/4e08ccf29b506ca916ff86d46bb700e6\"},\"headline\":\"PRIJEDOR\u010cANIN OD SUGRA\u0110ANINA POZAJMIO \u201eMERCEDES\u201c PA TRA\u017dIO NOVAC ZA VRA\u0106ANJE \u2013 FOTO\",\"datePublished\":\"2017-06-07T12:30:58+00:00\",\"dateModified\":\"2017-06-07T12:30:58+00:00\",\"mainEntityOfPage\":{\"@id\":\"https:\/\/www.prijedordanas.com\/?p=82854\"},\"wordCount\":182,\"publisher\":{\"@id\":\"https:\/\/www.prijedordanas.com\/#organization\"},\"keywords\":[\"mercedes\",\"ounida\",\"PU Prijedor\"],\"articleSection\":[\"Hronika\"],\"inLanguage\":\"en-US\"},{\"@type\":\"WebPage\",\"@id\":\"https:\/\/www.prijedordanas.com\/?p=82854\",\"url\":\"https:\/\/www.prijedordanas.com\/?p=82854\",\"name\":\"PRIJEDOR\u010cANIN OD SUGRA\u0110ANINA POZAJMIO \u201eMERCEDES\u201c PA TRA\u017dIO NOVAC ZA VRA\u0106ANJE \u2013 FOTO - PrijedorDanas.com - Prijedorski gradski portal\",\"isPartOf\":{\"@id\":\"https:\/\/www.prijedordanas.com\/#website\"},\"datePublished\":\"2017-06-07T12:30:58+00:00\",\"dateModified\":\"2017-06-07T12:30:58+00:00\",\"breadcrumb\":{\"@id\":\"https:\/\/www.prijedordanas.com\/?p=82854#breadcrumb\"},\"inLanguage\":\"en-US\",\"potentialAction\":[{\"@type\":\"ReadAction\",\"target\":[\"https:\/\/www.prijedordanas.com\/?p=82854\"]}]},{\"@type\":\"BreadcrumbList\",\"@id\":\"https:\/\/www.prijedordanas.com\/?p=82854#breadcrumb\",\"itemListElement\":[{\"@type\":\"ListItem\",\"position\":1,\"name\":\"Home\",\"item\":\"https:\/\/www.prijedordanas.com\/\"},{\"@type\":\"ListItem\",\"position\":2,\"name\":\"PRIJEDOR\u010cANIN OD SUGRA\u0110ANINA POZAJMIO \u201eMERCEDES\u201c PA TRA\u017dIO NOVAC ZA VRA\u0106ANJE \u2013 FOTO\"}]},{\"@type\":\"WebSite\",\"@id\":\"https:\/\/www.prijedordanas.com\/#website\",\"url\":\"https:\/\/www.prijedordanas.com\/\",\"name\":\"PrijedorDanas.com - Prijedorski gradski portal\",\"description\":\"Portal o doga\u0111anjima u gradu Prijedoru\",\"publisher\":{\"@id\":\"https:\/\/www.prijedordanas.com\/#organization\"},\"potentialAction\":[{\"@type\":\"SearchAction\",\"target\":{\"@type\":\"EntryPoint\",\"urlTemplate\":\"https:\/\/www.prijedordanas.com\/?s={search_term_string}\"},\"query-input\":\"required name=search_term_string\"}],\"inLanguage\":\"en-US\"},{\"@type\":\"Organization\",\"@id\":\"https:\/\/www.prijedordanas.com\/#organization\",\"name\":\"PrijedorDanas.com\",\"url\":\"https:\/\/www.prijedordanas.com\/\",\"logo\":{\"@type\":\"ImageObject\",\"inLanguage\":\"en-US\",\"@id\":\"https:\/\/www.prijedordanas.com\/#\/schema\/logo\/image\/\",\"url\":\"http:\/\/www.prijedordanas.com\/wp-content\/uploads\/2021\/12\/logopng.png\",\"contentUrl\":\"http:\/\/www.prijedordanas.com\/wp-content\/uploads\/2021\/12\/logopng.png\",\"width\":1019,\"height\":776,\"caption\":\"PrijedorDanas.com\"},\"image\":{\"@id\":\"https:\/\/www.prijedordanas.com\/#\/schema\/logo\/image\/\"},\"sameAs\":[\"https:\/\/www.facebook.com\/PrijedorDanasCom\/\"]},{\"@type\":\"Person\",\"@id\":\"https:\/\/www.prijedordanas.com\/#\/schema\/person\/4e08ccf29b506ca916ff86d46bb700e6\",\"name\":\"admin\",\"image\":{\"@type\":\"ImageObject\",\"inLanguage\":\"en-US\",\"@id\":\"https:\/\/www.prijedordanas.com\/#\/schema\/person\/image\/\",\"url\":\"https:\/\/secure.gravatar.com\/avatar\/1d3fc949d550f0b53a5f0d51e06dfd79?s=96&d=mm&r=g\",\"contentUrl\":\"https:\/\/secure.gravatar.com\/avatar\/1d3fc949d550f0b53a5f0d51e06dfd79?s=96&d=mm&r=g\",\"caption\":\"admin\"},\"url\":\"https:\/\/www.prijedordanas.com\/?author=1\"}]}<\/script>\n<!-- \/ Yoast SEO plugin. -->","yoast_head_json":{"title":"PRIJEDOR\u010cANIN OD SUGRA\u0110ANINA POZAJMIO \u201eMERCEDES\u201c PA TRA\u017dIO NOVAC ZA VRA\u0106ANJE \u2013 FOTO - PrijedorDanas.com - Prijedorski gradski portal","robots":{"index":"index","follow":"follow","max-snippet":"max-snippet:-1","max-image-preview":"max-image-preview:large","max-video-preview":"max-video-preview:-1"},"canonical":"https:\/\/www.prijedordanas.com\/?p=82854","og_locale":"en_US","og_type":"article","og_title":"PRIJEDOR\u010cANIN OD SUGRA\u0110ANINA POZAJMIO \u201eMERCEDES\u201c PA TRA\u017dIO NOVAC ZA VRA\u0106ANJE \u2013 FOTO - PrijedorDanas.com - Prijedorski gradski portal","og_description":"Policijski slu\u017ebenici Policijske stanice Prijedor 2, PU Prijedor dana 06.06.2017. godine izvr\u0161ili su kriminalisti\u010dku obradu lica A.T. iz Prijedora zbog postojanja osnova sumnje da je po\u010dinilo krivi\u010dna djela \u201eOduzimanje motornog [&hellip;]","og_url":"https:\/\/www.prijedordanas.com\/?p=82854","og_site_name":"PrijedorDanas.com - Prijedorski gradski portal","article_publisher":"https:\/\/www.facebook.com\/PrijedorDanasCom\/","article_published_time":"2017-06-07T12:30:58+00:00","og_image":[{"url":"https:\/\/www.prijedordanas.com\/wp-content\/uploads\/2017\/06\/pu-prijedor-mercedes-slk-1-300x217.jpg"}],"author":"admin","twitter_card":"summary_large_image","twitter_misc":{"Written by":"admin","Est. reading time":"1 minute"},"schema":{"@context":"https:\/\/schema.org","@graph":[{"@type":"Article","@id":"https:\/\/www.prijedordanas.com\/?p=82854#article","isPartOf":{"@id":"https:\/\/www.prijedordanas.com\/?p=82854"},"author":{"name":"admin","@id":"https:\/\/www.prijedordanas.com\/#\/schema\/person\/4e08ccf29b506ca916ff86d46bb700e6"},"headline":"PRIJEDOR\u010cANIN OD SUGRA\u0110ANINA POZAJMIO \u201eMERCEDES\u201c PA TRA\u017dIO NOVAC ZA VRA\u0106ANJE \u2013 FOTO","datePublished":"2017-06-07T12:30:58+00:00","dateModified":"2017-06-07T12:30:58+00:00","mainEntityOfPage":{"@id":"https:\/\/www.prijedordanas.com\/?p=82854"},"wordCount":182,"publisher":{"@id":"https:\/\/www.prijedordanas.com\/#organization"},"keywords":["mercedes","ounida","PU Prijedor"],"articleSection":["Hronika"],"inLanguage":"en-US"},{"@type":"WebPage","@id":"https:\/\/www.prijedordanas.com\/?p=82854","url":"https:\/\/www.prijedordanas.com\/?p=82854","name":"PRIJEDOR\u010cANIN OD SUGRA\u0110ANINA POZAJMIO \u201eMERCEDES\u201c PA TRA\u017dIO NOVAC ZA VRA\u0106ANJE \u2013 FOTO - PrijedorDanas.com - Prijedorski gradski portal","isPartOf":{"@id":"https:\/\/www.prijedordanas.com\/#website"},"datePublished":"2017-06-07T12:30:58+00:00","dateModified":"2017-06-07T12:30:58+00:00","breadcrumb":{"@id":"https:\/\/www.prijedordanas.com\/?p=82854#breadcrumb"},"inLanguage":"en-US","potentialAction":[{"@type":"ReadAction","target":["https:\/\/www.prijedordanas.com\/?p=82854"]}]},{"@type":"BreadcrumbList","@id":"https:\/\/www.prijedordanas.com\/?p=82854#breadcrumb","itemListElement":[{"@type":"ListItem","position":1,"name":"Home","item":"https:\/\/www.prijedordanas.com\/"},{"@type":"ListItem","position":2,"name":"PRIJEDOR\u010cANIN OD SUGRA\u0110ANINA POZAJMIO \u201eMERCEDES\u201c PA TRA\u017dIO NOVAC ZA VRA\u0106ANJE \u2013 FOTO"}]},{"@type":"WebSite","@id":"https:\/\/www.prijedordanas.com\/#website","url":"https:\/\/www.prijedordanas.com\/","name":"PrijedorDanas.com - Prijedorski gradski portal","description":"Portal o doga\u0111anjima u gradu Prijedoru","publisher":{"@id":"https:\/\/www.prijedordanas.com\/#organization"},"potentialAction":[{"@type":"SearchAction","target":{"@type":"EntryPoint","urlTemplate":"https:\/\/www.prijedordanas.com\/?s={search_term_string}"},"query-input":"required name=search_term_string"}],"inLanguage":"en-US"},{"@type":"Organization","@id":"https:\/\/www.prijedordanas.com\/#organization","name":"PrijedorDanas.com","url":"https:\/\/www.prijedordanas.com\/","logo":{"@type":"ImageObject","inLanguage":"en-US","@id":"https:\/\/www.prijedordanas.com\/#\/schema\/logo\/image\/","url":"http:\/\/www.prijedordanas.com\/wp-content\/uploads\/2021\/12\/logopng.png","contentUrl":"http:\/\/www.prijedordanas.com\/wp-content\/uploads\/2021\/12\/logopng.png","width":1019,"height":776,"caption":"PrijedorDanas.com"},"image":{"@id":"https:\/\/www.prijedordanas.com\/#\/schema\/logo\/image\/"},"sameAs":["https:\/\/www.facebook.com\/PrijedorDanasCom\/"]},{"@type":"Person","@id":"https:\/\/www.prijedordanas.com\/#\/schema\/person\/4e08ccf29b506ca916ff86d46bb700e6","name":"admin","image":{"@type":"ImageObject","inLanguage":"en-US","@id":"https:\/\/www.prijedordanas.com\/#\/schema\/person\/image\/","url":"https:\/\/secure.gravatar.com\/avatar\/1d3fc949d550f0b53a5f0d51e06dfd79?s=96&d=mm&r=g","contentUrl":"https:\/\/secure.gravatar.com\/avatar\/1d3fc949d550f0b53a5f0d51e06dfd79?s=96&d=mm&r=g","caption":"admin"},"url":"https:\/\/www.prijedordanas.com\/?author=1"}]}},"_links":{"self":[{"href":"https:\/\/www.prijedordanas.com\/index.php?rest_route=\/wp\/v2\/posts\/82854"}],"collection":[{"href":"https:\/\/www.prijedordanas.com\/index.php?rest_route=\/wp\/v2\/posts"}],"about":[{"href":"https:\/\/www.prijedordanas.com\/index.php?rest_route=\/wp\/v2\/types\/post"}],"author":[{"embeddable":true,"href":"https:\/\/www.prijedordanas.com\/index.php?rest_route=\/wp\/v2\/users\/1"}],"replies":[{"embeddable":true,"href":"https:\/\/www.prijedordanas.com\/index.php?rest_route=%2Fwp%2Fv2%2Fcomments&post=82854"}],"version-history":[{"count":2,"href":"https:\/\/www.prijedordanas.com\/index.php?rest_route=\/wp\/v2\/posts\/82854\/revisions"}],"predecessor-version":[{"id":82859,"href":"https:\/\/www.prijedordanas.com\/index.php?rest_route=\/wp\/v2\/posts\/82854\/revisions\/82859"}],"wp:attachment":[{"href":"https:\/\/www.prijedordanas.com\/index.php?rest_route=%2Fwp%2Fv2%2Fmedia&parent=82854"}],"wp:term":[{"taxonomy":"category","embeddable":true,"href":"https:\/\/www.prijedordanas.com\/index.php?rest_route=%2Fwp%2Fv2%2Fcategories&post=82854"},{"taxonomy":"post_tag","embeddable":true,"href":"https:\/\/www.prijedordanas.com\/index.php?rest_route=%2Fwp%2Fv2%2Ftags&post=82854"}],"curies":[{"name":"wp","href":"https:\/\/api.w.org\/{rel}","templated":true}]}}