{"id":82757,"date":"2017-06-06T14:19:54","date_gmt":"2017-06-06T12:19:54","guid":{"rendered":"https:\/\/www.prijedordanas.com\/?p=82757"},"modified":"2017-06-06T14:19:54","modified_gmt":"2017-06-06T12:19:54","slug":"kontrola-mobilnim-radarskim-sistemom-na-podrucju-pu-prijedor-od-8-18-juna","status":"publish","type":"post","link":"https:\/\/www.prijedordanas.com\/?p=82757","title":{"rendered":"KONTROLA MOBILNIM RADARSKIM SISTEMOM NA PODRU\u010cJU PU PRIJEDOR OD 8. DO 18. JUNA"},"content":{"rendered":"<p><a href=\"https:\/\/www.prijedordanas.com\/wp-content\/uploads\/2016\/05\/dual-radar.jpg\"><img loading=\"lazy\" decoding=\"async\" class=\"alignleft size-medium wp-image-50792\" src=\"https:\/\/www.prijedordanas.com\/wp-content\/uploads\/2016\/05\/dual-radar-300x232.jpg\" alt=\"\" width=\"300\" height=\"232\" srcset=\"https:\/\/www.prijedordanas.com\/wp-content\/uploads\/2016\/05\/dual-radar-300x232.jpg 300w, https:\/\/www.prijedordanas.com\/wp-content\/uploads\/2016\/05\/dual-radar.jpg 600w\" sizes=\"(max-width: 300px) 100vw, 300px\" \/><\/a>Ministarstvo unutra\u0161njih poslova Republike Srpske u periodu od 06. juna do 12. juna 2016. godine na podru\u010dju Policijske uprave Fo\u010da i od 08. juna do 18. juna 2017. godine na podru\u010dju Policijske uprave Prijedor, organizuje poja\u010danu kontrolu u\u010desnika u saobra\u0107aju, uz kori\u0161\u0107enje savremenih radarskih sistema za mjerenje prekora\u010denja dopu\u0161tene brzine kretanja motornih vozila.<\/p>\n<p>Pozivamo gra\u0111ane, voza\u010de motornih vozila na maksimalnu opreznost prilikom kretanja u saobra\u0107aju, sa posebnim naglaskom na po\u0161tovanje brzine kretanja vozila, obzirom da je neprilago\u0111ena brzina bila uzrok \u010dak 24,1% saobra\u0107ajnih nezgoda u Republici Srpskoj u periodu od januara do aprila teku\u0107e godine, odnosno 635 od 2.639 saobra\u0107ajnih nezgoda koliko ih je evidentirano u pomenutom periodu.<\/p>\n<p>Podsje\u0107amo, mobilni radarski sistem radi i po ki\u0161i, snijegu, ali i no\u0107u, a mogu\u0107e je mjerenje brzine vozila do 500 metara udaljenosti.<\/p>\n<p>Posebno je bitno \u0161to svaki od ure\u0111aja ima memoriju na koju policajac ne mo\u017ee da uti\u010de, \u010dime se smanjuje mogu\u0107nost korupcije.<\/p>\n<p>MUP RS<br \/>\n<a href=\"https:\/\/www.prijedordanas.com\/wp-content\/uploads\/2017\/04\/dual-radar-u-akciji.jpg\"><img loading=\"lazy\" decoding=\"async\" src=\"https:\/\/www.prijedordanas.com\/wp-content\/uploads\/2017\/04\/dual-radar-u-akciji-300x242.jpg\" alt=\"\" width=\"300\" height=\"242\" class=\"alignleft size-medium wp-image-78086\" srcset=\"https:\/\/www.prijedordanas.com\/wp-content\/uploads\/2017\/04\/dual-radar-u-akciji-300x242.jpg 300w, https:\/\/www.prijedordanas.com\/wp-content\/uploads\/2017\/04\/dual-radar-u-akciji-100x81.jpg 100w, https:\/\/www.prijedordanas.com\/wp-content\/uploads\/2017\/04\/dual-radar-u-akciji.jpg 620w\" sizes=\"(max-width: 300px) 100vw, 300px\" \/><\/a><\/p>\n","protected":false},"excerpt":{"rendered":"<p>Ministarstvo unutra\u0161njih poslova Republike Srpske u periodu od 06. juna do 12. juna 2016. godine na podru\u010dju Policijske uprave Fo\u010da i od 08. juna do 18. juna 2017. godine na [&hellip;]<\/p>\n","protected":false},"author":1,"featured_media":0,"comment_status":"closed","ping_status":"open","sticky":false,"template":"","format":"standard","meta":{"_monsterinsights_skip_tracking":false,"_monsterinsights_sitenote_active":false,"_monsterinsights_sitenote_note":"","_monsterinsights_sitenote_category":0,"footnotes":""},"categories":[7],"tags":[9834,7193],"yoast_head":"<!-- This site is optimized with the Yoast SEO plugin v21.6 - https:\/\/yoast.com\/wordpress\/plugins\/seo\/ -->\n<title>KONTROLA MOBILNIM RADARSKIM SISTEMOM NA PODRU\u010cJU PU PRIJEDOR OD 8. DO 18. JUNA - PrijedorDanas.com - Prijedorski gradski portal<\/title>\n<meta name=\"robots\" content=\"index, follow, max-snippet:-1, max-image-preview:large, max-video-preview:-1\" \/>\n<link rel=\"canonical\" href=\"https:\/\/www.prijedordanas.com\/?p=82757\" \/>\n<meta property=\"og:locale\" content=\"en_US\" \/>\n<meta property=\"og:type\" content=\"article\" \/>\n<meta property=\"og:title\" content=\"KONTROLA MOBILNIM RADARSKIM SISTEMOM NA PODRU\u010cJU PU PRIJEDOR OD 8. DO 18. JUNA - PrijedorDanas.com - Prijedorski gradski portal\" \/>\n<meta property=\"og:description\" content=\"Ministarstvo unutra\u0161njih poslova Republike Srpske u periodu od 06. juna do 12. juna 2016. godine na podru\u010dju Policijske uprave Fo\u010da i od 08. juna do 18. juna 2017. godine na [&hellip;]\" \/>\n<meta property=\"og:url\" content=\"https:\/\/www.prijedordanas.com\/?p=82757\" \/>\n<meta property=\"og:site_name\" content=\"PrijedorDanas.com - Prijedorski gradski portal\" \/>\n<meta property=\"article:publisher\" content=\"https:\/\/www.facebook.com\/PrijedorDanasCom\/\" \/>\n<meta property=\"article:published_time\" content=\"2017-06-06T12:19:54+00:00\" \/>\n<meta property=\"og:image\" content=\"https:\/\/www.prijedordanas.com\/wp-content\/uploads\/2016\/05\/dual-radar-300x232.jpg\" \/>\n<meta name=\"author\" content=\"admin\" \/>\n<meta name=\"twitter:card\" content=\"summary_large_image\" \/>\n<meta name=\"twitter:label1\" content=\"Written by\" \/>\n\t<meta name=\"twitter:data1\" content=\"admin\" \/>\n\t<meta name=\"twitter:label2\" content=\"Est. reading time\" \/>\n\t<meta name=\"twitter:data2\" content=\"1 minute\" \/>\n<script type=\"application\/ld+json\" class=\"yoast-schema-graph\">{\"@context\":\"https:\/\/schema.org\",\"@graph\":[{\"@type\":\"Article\",\"@id\":\"https:\/\/www.prijedordanas.com\/?p=82757#article\",\"isPartOf\":{\"@id\":\"https:\/\/www.prijedordanas.com\/?p=82757\"},\"author\":{\"name\":\"admin\",\"@id\":\"https:\/\/www.prijedordanas.com\/#\/schema\/person\/4e08ccf29b506ca916ff86d46bb700e6\"},\"headline\":\"KONTROLA MOBILNIM RADARSKIM SISTEMOM NA PODRU\u010cJU PU PRIJEDOR OD 8. DO 18. JUNA\",\"datePublished\":\"2017-06-06T12:19:54+00:00\",\"dateModified\":\"2017-06-06T12:19:54+00:00\",\"mainEntityOfPage\":{\"@id\":\"https:\/\/www.prijedordanas.com\/?p=82757\"},\"wordCount\":181,\"publisher\":{\"@id\":\"https:\/\/www.prijedordanas.com\/#organization\"},\"keywords\":[\"PU Prijedor\",\"radar\"],\"articleSection\":[\"Sport\"],\"inLanguage\":\"en-US\"},{\"@type\":\"WebPage\",\"@id\":\"https:\/\/www.prijedordanas.com\/?p=82757\",\"url\":\"https:\/\/www.prijedordanas.com\/?p=82757\",\"name\":\"KONTROLA MOBILNIM RADARSKIM SISTEMOM NA PODRU\u010cJU PU PRIJEDOR OD 8. DO 18. JUNA - PrijedorDanas.com - Prijedorski gradski portal\",\"isPartOf\":{\"@id\":\"https:\/\/www.prijedordanas.com\/#website\"},\"datePublished\":\"2017-06-06T12:19:54+00:00\",\"dateModified\":\"2017-06-06T12:19:54+00:00\",\"breadcrumb\":{\"@id\":\"https:\/\/www.prijedordanas.com\/?p=82757#breadcrumb\"},\"inLanguage\":\"en-US\",\"potentialAction\":[{\"@type\":\"ReadAction\",\"target\":[\"https:\/\/www.prijedordanas.com\/?p=82757\"]}]},{\"@type\":\"BreadcrumbList\",\"@id\":\"https:\/\/www.prijedordanas.com\/?p=82757#breadcrumb\",\"itemListElement\":[{\"@type\":\"ListItem\",\"position\":1,\"name\":\"Home\",\"item\":\"https:\/\/www.prijedordanas.com\/\"},{\"@type\":\"ListItem\",\"position\":2,\"name\":\"KONTROLA MOBILNIM RADARSKIM SISTEMOM NA PODRU\u010cJU PU PRIJEDOR OD 8. DO 18. JUNA\"}]},{\"@type\":\"WebSite\",\"@id\":\"https:\/\/www.prijedordanas.com\/#website\",\"url\":\"https:\/\/www.prijedordanas.com\/\",\"name\":\"PrijedorDanas.com - Prijedorski gradski portal\",\"description\":\"Portal o doga\u0111anjima u gradu Prijedoru\",\"publisher\":{\"@id\":\"https:\/\/www.prijedordanas.com\/#organization\"},\"potentialAction\":[{\"@type\":\"SearchAction\",\"target\":{\"@type\":\"EntryPoint\",\"urlTemplate\":\"https:\/\/www.prijedordanas.com\/?s={search_term_string}\"},\"query-input\":\"required name=search_term_string\"}],\"inLanguage\":\"en-US\"},{\"@type\":\"Organization\",\"@id\":\"https:\/\/www.prijedordanas.com\/#organization\",\"name\":\"PrijedorDanas.com\",\"url\":\"https:\/\/www.prijedordanas.com\/\",\"logo\":{\"@type\":\"ImageObject\",\"inLanguage\":\"en-US\",\"@id\":\"https:\/\/www.prijedordanas.com\/#\/schema\/logo\/image\/\",\"url\":\"http:\/\/www.prijedordanas.com\/wp-content\/uploads\/2021\/12\/logopng.png\",\"contentUrl\":\"http:\/\/www.prijedordanas.com\/wp-content\/uploads\/2021\/12\/logopng.png\",\"width\":1019,\"height\":776,\"caption\":\"PrijedorDanas.com\"},\"image\":{\"@id\":\"https:\/\/www.prijedordanas.com\/#\/schema\/logo\/image\/\"},\"sameAs\":[\"https:\/\/www.facebook.com\/PrijedorDanasCom\/\"]},{\"@type\":\"Person\",\"@id\":\"https:\/\/www.prijedordanas.com\/#\/schema\/person\/4e08ccf29b506ca916ff86d46bb700e6\",\"name\":\"admin\",\"image\":{\"@type\":\"ImageObject\",\"inLanguage\":\"en-US\",\"@id\":\"https:\/\/www.prijedordanas.com\/#\/schema\/person\/image\/\",\"url\":\"https:\/\/secure.gravatar.com\/avatar\/1d3fc949d550f0b53a5f0d51e06dfd79?s=96&d=mm&r=g\",\"contentUrl\":\"https:\/\/secure.gravatar.com\/avatar\/1d3fc949d550f0b53a5f0d51e06dfd79?s=96&d=mm&r=g\",\"caption\":\"admin\"},\"url\":\"https:\/\/www.prijedordanas.com\/?author=1\"}]}<\/script>\n<!-- \/ Yoast SEO plugin. -->","yoast_head_json":{"title":"KONTROLA MOBILNIM RADARSKIM SISTEMOM NA PODRU\u010cJU PU PRIJEDOR OD 8. DO 18. JUNA - PrijedorDanas.com - Prijedorski gradski portal","robots":{"index":"index","follow":"follow","max-snippet":"max-snippet:-1","max-image-preview":"max-image-preview:large","max-video-preview":"max-video-preview:-1"},"canonical":"https:\/\/www.prijedordanas.com\/?p=82757","og_locale":"en_US","og_type":"article","og_title":"KONTROLA MOBILNIM RADARSKIM SISTEMOM NA PODRU\u010cJU PU PRIJEDOR OD 8. DO 18. JUNA - PrijedorDanas.com - Prijedorski gradski portal","og_description":"Ministarstvo unutra\u0161njih poslova Republike Srpske u periodu od 06. juna do 12. juna 2016. godine na podru\u010dju Policijske uprave Fo\u010da i od 08. juna do 18. juna 2017. godine na [&hellip;]","og_url":"https:\/\/www.prijedordanas.com\/?p=82757","og_site_name":"PrijedorDanas.com - Prijedorski gradski portal","article_publisher":"https:\/\/www.facebook.com\/PrijedorDanasCom\/","article_published_time":"2017-06-06T12:19:54+00:00","og_image":[{"url":"https:\/\/www.prijedordanas.com\/wp-content\/uploads\/2016\/05\/dual-radar-300x232.jpg"}],"author":"admin","twitter_card":"summary_large_image","twitter_misc":{"Written by":"admin","Est. reading time":"1 minute"},"schema":{"@context":"https:\/\/schema.org","@graph":[{"@type":"Article","@id":"https:\/\/www.prijedordanas.com\/?p=82757#article","isPartOf":{"@id":"https:\/\/www.prijedordanas.com\/?p=82757"},"author":{"name":"admin","@id":"https:\/\/www.prijedordanas.com\/#\/schema\/person\/4e08ccf29b506ca916ff86d46bb700e6"},"headline":"KONTROLA MOBILNIM RADARSKIM SISTEMOM NA PODRU\u010cJU PU PRIJEDOR OD 8. DO 18. JUNA","datePublished":"2017-06-06T12:19:54+00:00","dateModified":"2017-06-06T12:19:54+00:00","mainEntityOfPage":{"@id":"https:\/\/www.prijedordanas.com\/?p=82757"},"wordCount":181,"publisher":{"@id":"https:\/\/www.prijedordanas.com\/#organization"},"keywords":["PU Prijedor","radar"],"articleSection":["Sport"],"inLanguage":"en-US"},{"@type":"WebPage","@id":"https:\/\/www.prijedordanas.com\/?p=82757","url":"https:\/\/www.prijedordanas.com\/?p=82757","name":"KONTROLA MOBILNIM RADARSKIM SISTEMOM NA PODRU\u010cJU PU PRIJEDOR OD 8. DO 18. JUNA - PrijedorDanas.com - Prijedorski gradski portal","isPartOf":{"@id":"https:\/\/www.prijedordanas.com\/#website"},"datePublished":"2017-06-06T12:19:54+00:00","dateModified":"2017-06-06T12:19:54+00:00","breadcrumb":{"@id":"https:\/\/www.prijedordanas.com\/?p=82757#breadcrumb"},"inLanguage":"en-US","potentialAction":[{"@type":"ReadAction","target":["https:\/\/www.prijedordanas.com\/?p=82757"]}]},{"@type":"BreadcrumbList","@id":"https:\/\/www.prijedordanas.com\/?p=82757#breadcrumb","itemListElement":[{"@type":"ListItem","position":1,"name":"Home","item":"https:\/\/www.prijedordanas.com\/"},{"@type":"ListItem","position":2,"name":"KONTROLA MOBILNIM RADARSKIM SISTEMOM NA PODRU\u010cJU PU PRIJEDOR OD 8. DO 18. JUNA"}]},{"@type":"WebSite","@id":"https:\/\/www.prijedordanas.com\/#website","url":"https:\/\/www.prijedordanas.com\/","name":"PrijedorDanas.com - Prijedorski gradski portal","description":"Portal o doga\u0111anjima u gradu Prijedoru","publisher":{"@id":"https:\/\/www.prijedordanas.com\/#organization"},"potentialAction":[{"@type":"SearchAction","target":{"@type":"EntryPoint","urlTemplate":"https:\/\/www.prijedordanas.com\/?s={search_term_string}"},"query-input":"required name=search_term_string"}],"inLanguage":"en-US"},{"@type":"Organization","@id":"https:\/\/www.prijedordanas.com\/#organization","name":"PrijedorDanas.com","url":"https:\/\/www.prijedordanas.com\/","logo":{"@type":"ImageObject","inLanguage":"en-US","@id":"https:\/\/www.prijedordanas.com\/#\/schema\/logo\/image\/","url":"http:\/\/www.prijedordanas.com\/wp-content\/uploads\/2021\/12\/logopng.png","contentUrl":"http:\/\/www.prijedordanas.com\/wp-content\/uploads\/2021\/12\/logopng.png","width":1019,"height":776,"caption":"PrijedorDanas.com"},"image":{"@id":"https:\/\/www.prijedordanas.com\/#\/schema\/logo\/image\/"},"sameAs":["https:\/\/www.facebook.com\/PrijedorDanasCom\/"]},{"@type":"Person","@id":"https:\/\/www.prijedordanas.com\/#\/schema\/person\/4e08ccf29b506ca916ff86d46bb700e6","name":"admin","image":{"@type":"ImageObject","inLanguage":"en-US","@id":"https:\/\/www.prijedordanas.com\/#\/schema\/person\/image\/","url":"https:\/\/secure.gravatar.com\/avatar\/1d3fc949d550f0b53a5f0d51e06dfd79?s=96&d=mm&r=g","contentUrl":"https:\/\/secure.gravatar.com\/avatar\/1d3fc949d550f0b53a5f0d51e06dfd79?s=96&d=mm&r=g","caption":"admin"},"url":"https:\/\/www.prijedordanas.com\/?author=1"}]}},"_links":{"self":[{"href":"https:\/\/www.prijedordanas.com\/index.php?rest_route=\/wp\/v2\/posts\/82757"}],"collection":[{"href":"https:\/\/www.prijedordanas.com\/index.php?rest_route=\/wp\/v2\/posts"}],"about":[{"href":"https:\/\/www.prijedordanas.com\/index.php?rest_route=\/wp\/v2\/types\/post"}],"author":[{"embeddable":true,"href":"https:\/\/www.prijedordanas.com\/index.php?rest_route=\/wp\/v2\/users\/1"}],"replies":[{"embeddable":true,"href":"https:\/\/www.prijedordanas.com\/index.php?rest_route=%2Fwp%2Fv2%2Fcomments&post=82757"}],"version-history":[{"count":1,"href":"https:\/\/www.prijedordanas.com\/index.php?rest_route=\/wp\/v2\/posts\/82757\/revisions"}],"predecessor-version":[{"id":82758,"href":"https:\/\/www.prijedordanas.com\/index.php?rest_route=\/wp\/v2\/posts\/82757\/revisions\/82758"}],"wp:attachment":[{"href":"https:\/\/www.prijedordanas.com\/index.php?rest_route=%2Fwp%2Fv2%2Fmedia&parent=82757"}],"wp:term":[{"taxonomy":"category","embeddable":true,"href":"https:\/\/www.prijedordanas.com\/index.php?rest_route=%2Fwp%2Fv2%2Fcategories&post=82757"},{"taxonomy":"post_tag","embeddable":true,"href":"https:\/\/www.prijedordanas.com\/index.php?rest_route=%2Fwp%2Fv2%2Ftags&post=82757"}],"curies":[{"name":"wp","href":"https:\/\/api.w.org\/{rel}","templated":true}]}}