{"id":82656,"date":"2017-06-05T09:22:31","date_gmt":"2017-06-05T07:22:31","guid":{"rendered":"https:\/\/www.prijedordanas.com\/?p=82656"},"modified":"2017-06-05T09:22:31","modified_gmt":"2017-06-05T07:22:31","slug":"direktor-radnici-sumskog-gazdinstva-prijedor-kancelariju-zamijenili-terenom-video","status":"publish","type":"post","link":"https:\/\/www.prijedordanas.com\/?p=82656","title":{"rendered":"DIREKTOR I RADNICI \u0160UMSKOG GAZDINSTVA PRIJEDOR KANCELARIJU ZAMIJENILI TERENOM \u2013 VIDEO"},"content":{"rendered":"<p><a href=\"https:\/\/www.prijedordanas.com\/wp-content\/uploads\/2017\/06\/rtrs-sumsko-gazdinstvo-prijedor.jpg\"><img loading=\"lazy\" decoding=\"async\" class=\"alignleft size-medium wp-image-82657\" src=\"https:\/\/www.prijedordanas.com\/wp-content\/uploads\/2017\/06\/rtrs-sumsko-gazdinstvo-prijedor-300x225.jpg\" alt=\"\" width=\"300\" height=\"225\" srcset=\"https:\/\/www.prijedordanas.com\/wp-content\/uploads\/2017\/06\/rtrs-sumsko-gazdinstvo-prijedor-300x225.jpg 300w, https:\/\/www.prijedordanas.com\/wp-content\/uploads\/2017\/06\/rtrs-sumsko-gazdinstvo-prijedor-100x75.jpg 100w, https:\/\/www.prijedordanas.com\/wp-content\/uploads\/2017\/06\/rtrs-sumsko-gazdinstvo-prijedor-640x480.jpg 640w, https:\/\/www.prijedordanas.com\/wp-content\/uploads\/2017\/06\/rtrs-sumsko-gazdinstvo-prijedor.jpg 666w\" sizes=\"(max-width: 300px) 100vw, 300px\" \/><\/a>\u0160umsko gazdinstvo Prijedor, koje posluje u okviru \u0160uma Srpske, moglo bi da bude primjer mnogima.<\/p>\n<p>Zbog nedostatka nov\u010danih sredstava za anga\u017eovanje povremene radne snage, svi zaposleni, na \u010delu sa direktorom, jednom sedmi\u010dno, prilikom \u0161umsko uzgojnih radova, rade na terenu.<\/p>\n<p>Posao u kacelariji, Rade Majstorovi\u0107 rado zamijeni \u0161umsko uzgojnim radovima na terenu. Nije te\u0161ko, ka\u017ee Rade, \u0161to potvr\u0111uju i stali zaposlenici ovog gazdinstva.<\/p>\n<p>&#8211; Po\u0161to smo u finansijskim pote\u0161ko\u0107ama pribjegli smo tome da i mi radnici radimo poslove koje do sada nismo radili &#8211; ka\u017ee on.<\/p>\n<p>Trenutno su aktuelni radovi na uklanjanju konkurentnih vrsta kao \u0161to je kupina.<\/p>\n<p>&#8211; U ovoj godini imamo u planu 150 hektara prirodnog podmlatka, a du\u017eni smo da taj plan izvr\u0161imo u toku godine &#8211; ka\u017ee Nemanja Cviji\u0107, tehnolog za uzgoj i za\u0161titu \u0161uma \u0160umskog gazdinstva Prijedor.<\/p>\n<p>Ovim na\u010dinom rada planirano \u0107e biti i zavr\u0161eno. Cilj je, ka\u017eu, zasaditi 50 hiljada novih sadnica. Dok jedni kr\u010de, drugi gledaju \u0161ta \u0107e sve biti zasa\u0111eno.<\/p>\n<p>&#8211; Prakti\u010dno svi izlazimo u \u0161umsko uzgojne radove i nema radnika koji je po\u0161te\u0111en, osim onih koji su na bolovanju. Trenutno izvodimo te\u017ee radove, pa \u017eene ne u\u010destvuju. Me\u0111utim, one su i te kako dobre u po\u0161umljavanju i popunjavanju \u0161umskih kultura, te u pripremi zemlji\u0161ta za prirodno podmla\u0111ivanje &#8211; ka\u017ee Sa\u0161a Bursa\u0107. v.d. direktora \u0160G.<\/p>\n<p>U \u0160umskom gazdinstvu Prijedor zaposleno je 220 radnika. Ovom gazdinstvu, pored Prijedora, pripadaju O\u0161tra Luka, Novi Grad, Kozarska Dubica i Kostajnica.<\/p>\n<p>RTRS<\/p>\n<p><iframe loading=\"lazy\" width=\"500\" height=\"375\" src=\"https:\/\/www.youtube.com\/embed\/TkLXCxHUduU?feature=oembed\" frameborder=\"0\" allowfullscreen><\/iframe><\/p>\n","protected":false},"excerpt":{"rendered":"<p>\u0160umsko gazdinstvo Prijedor, koje posluje u okviru \u0160uma Srpske, moglo bi da bude primjer mnogima. Zbog nedostatka nov\u010danih sredstava za anga\u017eovanje povremene radne snage, svi zaposleni, na \u010delu sa direktorom, [&hellip;]<\/p>\n","protected":false},"author":1,"featured_media":0,"comment_status":"closed","ping_status":"open","sticky":false,"template":"","format":"standard","meta":{"_monsterinsights_skip_tracking":false,"_monsterinsights_sitenote_active":false,"_monsterinsights_sitenote_note":"","_monsterinsights_sitenote_category":0,"footnotes":""},"categories":[8],"tags":[1221],"yoast_head":"<!-- This site is optimized with the Yoast SEO plugin v21.6 - https:\/\/yoast.com\/wordpress\/plugins\/seo\/ -->\n<title>DIREKTOR I RADNICI \u0160UMSKOG GAZDINSTVA PRIJEDOR KANCELARIJU ZAMIJENILI TERENOM \u2013 VIDEO - PrijedorDanas.com - Prijedorski gradski portal<\/title>\n<meta name=\"robots\" content=\"index, follow, max-snippet:-1, max-image-preview:large, max-video-preview:-1\" \/>\n<link rel=\"canonical\" href=\"https:\/\/www.prijedordanas.com\/?p=82656\" \/>\n<meta property=\"og:locale\" content=\"en_US\" \/>\n<meta property=\"og:type\" content=\"article\" \/>\n<meta property=\"og:title\" content=\"DIREKTOR I RADNICI \u0160UMSKOG GAZDINSTVA PRIJEDOR KANCELARIJU ZAMIJENILI TERENOM \u2013 VIDEO - PrijedorDanas.com - Prijedorski gradski portal\" \/>\n<meta property=\"og:description\" content=\"\u0160umsko gazdinstvo Prijedor, koje posluje u okviru \u0160uma Srpske, moglo bi da bude primjer mnogima. Zbog nedostatka nov\u010danih sredstava za anga\u017eovanje povremene radne snage, svi zaposleni, na \u010delu sa direktorom, [&hellip;]\" \/>\n<meta property=\"og:url\" content=\"https:\/\/www.prijedordanas.com\/?p=82656\" \/>\n<meta property=\"og:site_name\" content=\"PrijedorDanas.com - Prijedorski gradski portal\" \/>\n<meta property=\"article:publisher\" content=\"https:\/\/www.facebook.com\/PrijedorDanasCom\/\" \/>\n<meta property=\"article:published_time\" content=\"2017-06-05T07:22:31+00:00\" \/>\n<meta property=\"og:image\" content=\"https:\/\/www.prijedordanas.com\/wp-content\/uploads\/2017\/06\/rtrs-sumsko-gazdinstvo-prijedor-300x225.jpg\" \/>\n<meta name=\"author\" content=\"admin\" \/>\n<meta name=\"twitter:card\" content=\"summary_large_image\" \/>\n<meta name=\"twitter:label1\" content=\"Written by\" \/>\n\t<meta name=\"twitter:data1\" content=\"admin\" \/>\n\t<meta name=\"twitter:label2\" content=\"Est. reading time\" \/>\n\t<meta name=\"twitter:data2\" content=\"1 minute\" \/>\n<script type=\"application\/ld+json\" class=\"yoast-schema-graph\">{\"@context\":\"https:\/\/schema.org\",\"@graph\":[{\"@type\":\"Article\",\"@id\":\"https:\/\/www.prijedordanas.com\/?p=82656#article\",\"isPartOf\":{\"@id\":\"https:\/\/www.prijedordanas.com\/?p=82656\"},\"author\":{\"name\":\"admin\",\"@id\":\"https:\/\/www.prijedordanas.com\/#\/schema\/person\/4e08ccf29b506ca916ff86d46bb700e6\"},\"headline\":\"DIREKTOR I RADNICI \u0160UMSKOG GAZDINSTVA PRIJEDOR KANCELARIJU ZAMIJENILI TERENOM \u2013 VIDEO\",\"datePublished\":\"2017-06-05T07:22:31+00:00\",\"dateModified\":\"2017-06-05T07:22:31+00:00\",\"mainEntityOfPage\":{\"@id\":\"https:\/\/www.prijedordanas.com\/?p=82656\"},\"wordCount\":277,\"publisher\":{\"@id\":\"https:\/\/www.prijedordanas.com\/#organization\"},\"keywords\":[\"\u0160umsko gazdinstvo Prijedor\"],\"articleSection\":[\"Svakodnevno\"],\"inLanguage\":\"en-US\"},{\"@type\":\"WebPage\",\"@id\":\"https:\/\/www.prijedordanas.com\/?p=82656\",\"url\":\"https:\/\/www.prijedordanas.com\/?p=82656\",\"name\":\"DIREKTOR I RADNICI \u0160UMSKOG GAZDINSTVA PRIJEDOR KANCELARIJU ZAMIJENILI TERENOM \u2013 VIDEO - PrijedorDanas.com - Prijedorski gradski portal\",\"isPartOf\":{\"@id\":\"https:\/\/www.prijedordanas.com\/#website\"},\"datePublished\":\"2017-06-05T07:22:31+00:00\",\"dateModified\":\"2017-06-05T07:22:31+00:00\",\"breadcrumb\":{\"@id\":\"https:\/\/www.prijedordanas.com\/?p=82656#breadcrumb\"},\"inLanguage\":\"en-US\",\"potentialAction\":[{\"@type\":\"ReadAction\",\"target\":[\"https:\/\/www.prijedordanas.com\/?p=82656\"]}]},{\"@type\":\"BreadcrumbList\",\"@id\":\"https:\/\/www.prijedordanas.com\/?p=82656#breadcrumb\",\"itemListElement\":[{\"@type\":\"ListItem\",\"position\":1,\"name\":\"Home\",\"item\":\"https:\/\/www.prijedordanas.com\/\"},{\"@type\":\"ListItem\",\"position\":2,\"name\":\"DIREKTOR I RADNICI \u0160UMSKOG GAZDINSTVA PRIJEDOR KANCELARIJU ZAMIJENILI TERENOM \u2013 VIDEO\"}]},{\"@type\":\"WebSite\",\"@id\":\"https:\/\/www.prijedordanas.com\/#website\",\"url\":\"https:\/\/www.prijedordanas.com\/\",\"name\":\"PrijedorDanas.com - Prijedorski gradski portal\",\"description\":\"Portal o doga\u0111anjima u gradu Prijedoru\",\"publisher\":{\"@id\":\"https:\/\/www.prijedordanas.com\/#organization\"},\"potentialAction\":[{\"@type\":\"SearchAction\",\"target\":{\"@type\":\"EntryPoint\",\"urlTemplate\":\"https:\/\/www.prijedordanas.com\/?s={search_term_string}\"},\"query-input\":\"required name=search_term_string\"}],\"inLanguage\":\"en-US\"},{\"@type\":\"Organization\",\"@id\":\"https:\/\/www.prijedordanas.com\/#organization\",\"name\":\"PrijedorDanas.com\",\"url\":\"https:\/\/www.prijedordanas.com\/\",\"logo\":{\"@type\":\"ImageObject\",\"inLanguage\":\"en-US\",\"@id\":\"https:\/\/www.prijedordanas.com\/#\/schema\/logo\/image\/\",\"url\":\"http:\/\/www.prijedordanas.com\/wp-content\/uploads\/2021\/12\/logopng.png\",\"contentUrl\":\"http:\/\/www.prijedordanas.com\/wp-content\/uploads\/2021\/12\/logopng.png\",\"width\":1019,\"height\":776,\"caption\":\"PrijedorDanas.com\"},\"image\":{\"@id\":\"https:\/\/www.prijedordanas.com\/#\/schema\/logo\/image\/\"},\"sameAs\":[\"https:\/\/www.facebook.com\/PrijedorDanasCom\/\"]},{\"@type\":\"Person\",\"@id\":\"https:\/\/www.prijedordanas.com\/#\/schema\/person\/4e08ccf29b506ca916ff86d46bb700e6\",\"name\":\"admin\",\"image\":{\"@type\":\"ImageObject\",\"inLanguage\":\"en-US\",\"@id\":\"https:\/\/www.prijedordanas.com\/#\/schema\/person\/image\/\",\"url\":\"https:\/\/secure.gravatar.com\/avatar\/1d3fc949d550f0b53a5f0d51e06dfd79?s=96&d=mm&r=g\",\"contentUrl\":\"https:\/\/secure.gravatar.com\/avatar\/1d3fc949d550f0b53a5f0d51e06dfd79?s=96&d=mm&r=g\",\"caption\":\"admin\"},\"url\":\"https:\/\/www.prijedordanas.com\/?author=1\"}]}<\/script>\n<!-- \/ Yoast SEO plugin. -->","yoast_head_json":{"title":"DIREKTOR I RADNICI \u0160UMSKOG GAZDINSTVA PRIJEDOR KANCELARIJU ZAMIJENILI TERENOM \u2013 VIDEO - PrijedorDanas.com - Prijedorski gradski portal","robots":{"index":"index","follow":"follow","max-snippet":"max-snippet:-1","max-image-preview":"max-image-preview:large","max-video-preview":"max-video-preview:-1"},"canonical":"https:\/\/www.prijedordanas.com\/?p=82656","og_locale":"en_US","og_type":"article","og_title":"DIREKTOR I RADNICI \u0160UMSKOG GAZDINSTVA PRIJEDOR KANCELARIJU ZAMIJENILI TERENOM \u2013 VIDEO - PrijedorDanas.com - Prijedorski gradski portal","og_description":"\u0160umsko gazdinstvo Prijedor, koje posluje u okviru \u0160uma Srpske, moglo bi da bude primjer mnogima. Zbog nedostatka nov\u010danih sredstava za anga\u017eovanje povremene radne snage, svi zaposleni, na \u010delu sa direktorom, [&hellip;]","og_url":"https:\/\/www.prijedordanas.com\/?p=82656","og_site_name":"PrijedorDanas.com - Prijedorski gradski portal","article_publisher":"https:\/\/www.facebook.com\/PrijedorDanasCom\/","article_published_time":"2017-06-05T07:22:31+00:00","og_image":[{"url":"https:\/\/www.prijedordanas.com\/wp-content\/uploads\/2017\/06\/rtrs-sumsko-gazdinstvo-prijedor-300x225.jpg"}],"author":"admin","twitter_card":"summary_large_image","twitter_misc":{"Written by":"admin","Est. reading time":"1 minute"},"schema":{"@context":"https:\/\/schema.org","@graph":[{"@type":"Article","@id":"https:\/\/www.prijedordanas.com\/?p=82656#article","isPartOf":{"@id":"https:\/\/www.prijedordanas.com\/?p=82656"},"author":{"name":"admin","@id":"https:\/\/www.prijedordanas.com\/#\/schema\/person\/4e08ccf29b506ca916ff86d46bb700e6"},"headline":"DIREKTOR I RADNICI \u0160UMSKOG GAZDINSTVA PRIJEDOR KANCELARIJU ZAMIJENILI TERENOM \u2013 VIDEO","datePublished":"2017-06-05T07:22:31+00:00","dateModified":"2017-06-05T07:22:31+00:00","mainEntityOfPage":{"@id":"https:\/\/www.prijedordanas.com\/?p=82656"},"wordCount":277,"publisher":{"@id":"https:\/\/www.prijedordanas.com\/#organization"},"keywords":["\u0160umsko gazdinstvo Prijedor"],"articleSection":["Svakodnevno"],"inLanguage":"en-US"},{"@type":"WebPage","@id":"https:\/\/www.prijedordanas.com\/?p=82656","url":"https:\/\/www.prijedordanas.com\/?p=82656","name":"DIREKTOR I RADNICI \u0160UMSKOG GAZDINSTVA PRIJEDOR KANCELARIJU ZAMIJENILI TERENOM \u2013 VIDEO - PrijedorDanas.com - Prijedorski gradski portal","isPartOf":{"@id":"https:\/\/www.prijedordanas.com\/#website"},"datePublished":"2017-06-05T07:22:31+00:00","dateModified":"2017-06-05T07:22:31+00:00","breadcrumb":{"@id":"https:\/\/www.prijedordanas.com\/?p=82656#breadcrumb"},"inLanguage":"en-US","potentialAction":[{"@type":"ReadAction","target":["https:\/\/www.prijedordanas.com\/?p=82656"]}]},{"@type":"BreadcrumbList","@id":"https:\/\/www.prijedordanas.com\/?p=82656#breadcrumb","itemListElement":[{"@type":"ListItem","position":1,"name":"Home","item":"https:\/\/www.prijedordanas.com\/"},{"@type":"ListItem","position":2,"name":"DIREKTOR I RADNICI \u0160UMSKOG GAZDINSTVA PRIJEDOR KANCELARIJU ZAMIJENILI TERENOM \u2013 VIDEO"}]},{"@type":"WebSite","@id":"https:\/\/www.prijedordanas.com\/#website","url":"https:\/\/www.prijedordanas.com\/","name":"PrijedorDanas.com - Prijedorski gradski portal","description":"Portal o doga\u0111anjima u gradu Prijedoru","publisher":{"@id":"https:\/\/www.prijedordanas.com\/#organization"},"potentialAction":[{"@type":"SearchAction","target":{"@type":"EntryPoint","urlTemplate":"https:\/\/www.prijedordanas.com\/?s={search_term_string}"},"query-input":"required name=search_term_string"}],"inLanguage":"en-US"},{"@type":"Organization","@id":"https:\/\/www.prijedordanas.com\/#organization","name":"PrijedorDanas.com","url":"https:\/\/www.prijedordanas.com\/","logo":{"@type":"ImageObject","inLanguage":"en-US","@id":"https:\/\/www.prijedordanas.com\/#\/schema\/logo\/image\/","url":"http:\/\/www.prijedordanas.com\/wp-content\/uploads\/2021\/12\/logopng.png","contentUrl":"http:\/\/www.prijedordanas.com\/wp-content\/uploads\/2021\/12\/logopng.png","width":1019,"height":776,"caption":"PrijedorDanas.com"},"image":{"@id":"https:\/\/www.prijedordanas.com\/#\/schema\/logo\/image\/"},"sameAs":["https:\/\/www.facebook.com\/PrijedorDanasCom\/"]},{"@type":"Person","@id":"https:\/\/www.prijedordanas.com\/#\/schema\/person\/4e08ccf29b506ca916ff86d46bb700e6","name":"admin","image":{"@type":"ImageObject","inLanguage":"en-US","@id":"https:\/\/www.prijedordanas.com\/#\/schema\/person\/image\/","url":"https:\/\/secure.gravatar.com\/avatar\/1d3fc949d550f0b53a5f0d51e06dfd79?s=96&d=mm&r=g","contentUrl":"https:\/\/secure.gravatar.com\/avatar\/1d3fc949d550f0b53a5f0d51e06dfd79?s=96&d=mm&r=g","caption":"admin"},"url":"https:\/\/www.prijedordanas.com\/?author=1"}]}},"_links":{"self":[{"href":"https:\/\/www.prijedordanas.com\/index.php?rest_route=\/wp\/v2\/posts\/82656"}],"collection":[{"href":"https:\/\/www.prijedordanas.com\/index.php?rest_route=\/wp\/v2\/posts"}],"about":[{"href":"https:\/\/www.prijedordanas.com\/index.php?rest_route=\/wp\/v2\/types\/post"}],"author":[{"embeddable":true,"href":"https:\/\/www.prijedordanas.com\/index.php?rest_route=\/wp\/v2\/users\/1"}],"replies":[{"embeddable":true,"href":"https:\/\/www.prijedordanas.com\/index.php?rest_route=%2Fwp%2Fv2%2Fcomments&post=82656"}],"version-history":[{"count":1,"href":"https:\/\/www.prijedordanas.com\/index.php?rest_route=\/wp\/v2\/posts\/82656\/revisions"}],"predecessor-version":[{"id":82658,"href":"https:\/\/www.prijedordanas.com\/index.php?rest_route=\/wp\/v2\/posts\/82656\/revisions\/82658"}],"wp:attachment":[{"href":"https:\/\/www.prijedordanas.com\/index.php?rest_route=%2Fwp%2Fv2%2Fmedia&parent=82656"}],"wp:term":[{"taxonomy":"category","embeddable":true,"href":"https:\/\/www.prijedordanas.com\/index.php?rest_route=%2Fwp%2Fv2%2Fcategories&post=82656"},{"taxonomy":"post_tag","embeddable":true,"href":"https:\/\/www.prijedordanas.com\/index.php?rest_route=%2Fwp%2Fv2%2Ftags&post=82656"}],"curies":[{"name":"wp","href":"https:\/\/api.w.org\/{rel}","templated":true}]}}