{"id":82608,"date":"2017-06-04T20:35:37","date_gmt":"2017-06-04T18:35:37","guid":{"rendered":"https:\/\/www.prijedordanas.com\/?p=82608"},"modified":"2017-06-04T20:35:37","modified_gmt":"2017-06-04T18:35:37","slug":"rudar-prijedor-savladao-podrinje-u-janji-probudio-se-drasko-lolic","status":"publish","type":"post","link":"https:\/\/www.prijedordanas.com\/?p=82608","title":{"rendered":"RUDAR-PRIJEDOR SAVLADAO PODRINJE U JANJI: \u201ePROBUDIO\u201c SE DRA\u0160KO LOLIC\u0301"},"content":{"rendered":"<p><a href=\"https:\/\/www.prijedordanas.com\/wp-content\/uploads\/2017\/03\/drasko-lolic-3.jpg\"><img loading=\"lazy\" decoding=\"async\" class=\"alignleft size-medium wp-image-77705\" src=\"https:\/\/www.prijedordanas.com\/wp-content\/uploads\/2017\/03\/drasko-lolic-3-300x222.jpg\" alt=\"\" width=\"300\" height=\"222\" srcset=\"https:\/\/www.prijedordanas.com\/wp-content\/uploads\/2017\/03\/drasko-lolic-3-300x222.jpg 300w, https:\/\/www.prijedordanas.com\/wp-content\/uploads\/2017\/03\/drasko-lolic-3-100x74.jpg 100w, https:\/\/www.prijedordanas.com\/wp-content\/uploads\/2017\/03\/drasko-lolic-3.jpg 675w\" sizes=\"(max-width: 300px) 100vw, 300px\" \/><\/a>Rudar-Prijedor se, kako su iz njegovog tabora i najavljivali, revan\u0161irao Podrinju za proljec\u0301ni poraz u Ligi za prvaka na svom terenu (1:2) savladav\u0161i drugoplasiranog rivala u Janji sa 4:2.<\/p>\n<p>Bila je to, ra\u010dunajuc\u0301i i dva susreta u \u201eJelen\u201c Kupu Grada Prijedora peta utakmica \u201erudara sa Sane\u201c bez poraza (\u010detiri pobjede i jedan remi, uz gol raazliku od 11:4), a kona\u010dno se \u201eprobudio\u201c i Dra\u0161ko Lolic\u0301.<\/p>\n<p>Poslije deset zvani\u010dnih me\u010deva u kojima nije zatresao mre\u017ee rivala, postigao je dva gola i sa ukupno 15 Lola je prvi strelac ove sezone u borbama za bodove.<\/p>\n<p>Ognjen Jac\u0301imovic\u0301, koji je sa \u201ebijele ta\u010dke\u201c potvrdio trijumf svog tima, prati ga sa 14, a raduje da je \u010detvrti put pogodio cilj i Ervin C\u0301atic\u0301, koji je imao dosta pehova i odustva sa treninga.<\/p>\n<p><a href=\"https:\/\/www.prijedordanas.com\/wp-content\/uploads\/2017\/06\/podrinje-rudar-prijedor-lzp-3.jpg\"><img loading=\"lazy\" decoding=\"async\" src=\"https:\/\/www.prijedordanas.com\/wp-content\/uploads\/2017\/06\/podrinje-rudar-prijedor-lzp-3-300x231.jpg\" alt=\"\" width=\"300\" height=\"231\" class=\"alignleft size-medium wp-image-82556\" srcset=\"https:\/\/www.prijedordanas.com\/wp-content\/uploads\/2017\/06\/podrinje-rudar-prijedor-lzp-3-300x231.jpg 300w, https:\/\/www.prijedordanas.com\/wp-content\/uploads\/2017\/06\/podrinje-rudar-prijedor-lzp-3-100x77.jpg 100w, https:\/\/www.prijedordanas.com\/wp-content\/uploads\/2017\/06\/podrinje-rudar-prijedor-lzp-3.jpg 648w\" sizes=\"(max-width: 300px) 100vw, 300px\" \/><\/a>&#8211; Bila je to zaista kvalitetna utakmica, otvorena na obje strane. Gledaoci su uz \u0161est golova mogli da u\u017eivaju u prikazanoj partiji oba tima. Prvo poluvrijeme smo dobili sa golom prednosti, ali smo imali dvije-tri prilike da to vo\u0111stvo vec\u0301 na odmoru u\u010dinimo ubjedljivijim. Podrinje je u nastavku, vec\u0301 u 48.minuti stiglo do izjedna\u010denja, ali od 52.minuta ostalo bez Muhameda Sajtanovic\u0301a zbog drugog \u017eutog kartona. Ipak, imao je u narednih 15-ak minuta i domac\u0301in svoje \u0161anse da povede, ali smo mi postigli drugi i trec\u0301i gol. U fini\u0161u do\u0161lo je do malog opu\u0161tanja, \u0161to je protivnik kaznio da bi kada smo bili u poziciji da na\u0161a \u010detiri igra\u010da krenu ka njemu, golman Bori\u0161a Bodiroga skrivio penal i \u201epocrvenio\u201c, \u010dime je Jac\u0301imovic\u0301 stavio ta\u010dku na ovaj susret &#8211; rekao je \u0161ef stru\u010dnog \u0161taba Zlatko Jelisavac.<\/p>\n<p>Iako je po svemu Jac\u0301imovi\u0107 zablistao punim sjajem, strateg Prijedor\u010dana ne \u017eeli nikog da izdvaja.<\/p>\n<p>Pohvalio je sve momke, jer su do kraja izgarali, pokazav\u0161i \u017eelju i htijenje, iako je re\u010d o pretposljednjem kolu, da osvoje sva tri boda na neugodnom gostovanju, ali idealnom za igru terenu u Semberiji.<\/p>\n<p>Zanimljivo je napomenuti da je Podrinje u prethodnih 14 me\u010deva kod kuc\u0301e primilo samo \u010detiri gola, \u0161to trijumf Rudar-Prijedora \u010dini vec\u0301im, a ujedno napravljena je je i dobra atmosfera pred kraji\u0161ki derbi u srijedu.<\/p>\n<p>\u201eNarand\u017easto-crni\u201c zbog renoviranja \u201etravnatog tepiha\u201c na Gradskom stadionu bic\u0301e u Banjaluci od 19 \u010dasova \u201edomac\u0301ini\u201c novom \u0161ampionu Republike Srpske i povratniku u premijerliga\u0161ku konkurenciju BiH, ekipi Borca.<\/p>\n<p>Tekst i foto \u2013 Nenad \u0110eri\u0107\/Aleksandar Drakuli\u0107 \u2013 <a href=\"https:\/\/www.prijedordanas.com\" target=\"_blank\" rel=\"noopener noreferrer\">www.prijedordanas.com<\/a><br \/>\nFoto \u2013 FK Podrinje<\/p>\n","protected":false},"excerpt":{"rendered":"<p>Rudar-Prijedor se, kako su iz njegovog tabora i najavljivali, revan\u0161irao Podrinju za proljec\u0301ni poraz u Ligi za prvaka na svom terenu (1:2) savladav\u0161i drugoplasiranog rivala u Janji sa 4:2. Bila [&hellip;]<\/p>\n","protected":false},"author":1,"featured_media":0,"comment_status":"closed","ping_status":"open","sticky":false,"template":"","format":"standard","meta":{"_monsterinsights_skip_tracking":false,"_monsterinsights_sitenote_active":false,"_monsterinsights_sitenote_note":"","_monsterinsights_sitenote_category":0,"footnotes":""},"categories":[7],"tags":[221],"yoast_head":"<!-- This site is optimized with the Yoast SEO plugin v21.6 - https:\/\/yoast.com\/wordpress\/plugins\/seo\/ -->\n<title>RUDAR-PRIJEDOR SAVLADAO PODRINJE U JANJI: \u201ePROBUDIO\u201c SE DRA\u0160KO LOLIC\u0301 - PrijedorDanas.com - Prijedorski gradski portal<\/title>\n<meta name=\"robots\" content=\"index, follow, max-snippet:-1, max-image-preview:large, max-video-preview:-1\" \/>\n<link rel=\"canonical\" href=\"https:\/\/www.prijedordanas.com\/?p=82608\" \/>\n<meta property=\"og:locale\" content=\"en_US\" \/>\n<meta property=\"og:type\" content=\"article\" \/>\n<meta property=\"og:title\" content=\"RUDAR-PRIJEDOR SAVLADAO PODRINJE U JANJI: \u201ePROBUDIO\u201c SE DRA\u0160KO LOLIC\u0301 - PrijedorDanas.com - Prijedorski gradski portal\" \/>\n<meta property=\"og:description\" content=\"Rudar-Prijedor se, kako su iz njegovog tabora i najavljivali, revan\u0161irao Podrinju za proljec\u0301ni poraz u Ligi za prvaka na svom terenu (1:2) savladav\u0161i drugoplasiranog rivala u Janji sa 4:2. Bila [&hellip;]\" \/>\n<meta property=\"og:url\" content=\"https:\/\/www.prijedordanas.com\/?p=82608\" \/>\n<meta property=\"og:site_name\" content=\"PrijedorDanas.com - Prijedorski gradski portal\" \/>\n<meta property=\"article:publisher\" content=\"https:\/\/www.facebook.com\/PrijedorDanasCom\/\" \/>\n<meta property=\"article:published_time\" content=\"2017-06-04T18:35:37+00:00\" \/>\n<meta property=\"og:image\" content=\"https:\/\/www.prijedordanas.com\/wp-content\/uploads\/2017\/03\/drasko-lolic-3-300x222.jpg\" \/>\n<meta name=\"author\" content=\"admin\" \/>\n<meta name=\"twitter:card\" content=\"summary_large_image\" \/>\n<meta name=\"twitter:label1\" content=\"Written by\" \/>\n\t<meta name=\"twitter:data1\" content=\"admin\" \/>\n\t<meta name=\"twitter:label2\" content=\"Est. reading time\" \/>\n\t<meta name=\"twitter:data2\" content=\"2 minutes\" \/>\n<script type=\"application\/ld+json\" class=\"yoast-schema-graph\">{\"@context\":\"https:\/\/schema.org\",\"@graph\":[{\"@type\":\"Article\",\"@id\":\"https:\/\/www.prijedordanas.com\/?p=82608#article\",\"isPartOf\":{\"@id\":\"https:\/\/www.prijedordanas.com\/?p=82608\"},\"author\":{\"name\":\"admin\",\"@id\":\"https:\/\/www.prijedordanas.com\/#\/schema\/person\/4e08ccf29b506ca916ff86d46bb700e6\"},\"headline\":\"RUDAR-PRIJEDOR SAVLADAO PODRINJE U JANJI: \u201ePROBUDIO\u201c SE DRA\u0160KO LOLIC\u0301\",\"datePublished\":\"2017-06-04T18:35:37+00:00\",\"dateModified\":\"2017-06-04T18:35:37+00:00\",\"mainEntityOfPage\":{\"@id\":\"https:\/\/www.prijedordanas.com\/?p=82608\"},\"wordCount\":428,\"publisher\":{\"@id\":\"https:\/\/www.prijedordanas.com\/#organization\"},\"keywords\":[\"Rudar-Prijedor\"],\"articleSection\":[\"Sport\"],\"inLanguage\":\"en-US\"},{\"@type\":\"WebPage\",\"@id\":\"https:\/\/www.prijedordanas.com\/?p=82608\",\"url\":\"https:\/\/www.prijedordanas.com\/?p=82608\",\"name\":\"RUDAR-PRIJEDOR SAVLADAO PODRINJE U JANJI: \u201ePROBUDIO\u201c SE DRA\u0160KO LOLIC\u0301 - PrijedorDanas.com - Prijedorski gradski portal\",\"isPartOf\":{\"@id\":\"https:\/\/www.prijedordanas.com\/#website\"},\"datePublished\":\"2017-06-04T18:35:37+00:00\",\"dateModified\":\"2017-06-04T18:35:37+00:00\",\"breadcrumb\":{\"@id\":\"https:\/\/www.prijedordanas.com\/?p=82608#breadcrumb\"},\"inLanguage\":\"en-US\",\"potentialAction\":[{\"@type\":\"ReadAction\",\"target\":[\"https:\/\/www.prijedordanas.com\/?p=82608\"]}]},{\"@type\":\"BreadcrumbList\",\"@id\":\"https:\/\/www.prijedordanas.com\/?p=82608#breadcrumb\",\"itemListElement\":[{\"@type\":\"ListItem\",\"position\":1,\"name\":\"Home\",\"item\":\"https:\/\/www.prijedordanas.com\/\"},{\"@type\":\"ListItem\",\"position\":2,\"name\":\"RUDAR-PRIJEDOR SAVLADAO PODRINJE U JANJI: \u201ePROBUDIO\u201c SE DRA\u0160KO LOLIC\u0301\"}]},{\"@type\":\"WebSite\",\"@id\":\"https:\/\/www.prijedordanas.com\/#website\",\"url\":\"https:\/\/www.prijedordanas.com\/\",\"name\":\"PrijedorDanas.com - Prijedorski gradski portal\",\"description\":\"Portal o doga\u0111anjima u gradu Prijedoru\",\"publisher\":{\"@id\":\"https:\/\/www.prijedordanas.com\/#organization\"},\"potentialAction\":[{\"@type\":\"SearchAction\",\"target\":{\"@type\":\"EntryPoint\",\"urlTemplate\":\"https:\/\/www.prijedordanas.com\/?s={search_term_string}\"},\"query-input\":\"required name=search_term_string\"}],\"inLanguage\":\"en-US\"},{\"@type\":\"Organization\",\"@id\":\"https:\/\/www.prijedordanas.com\/#organization\",\"name\":\"PrijedorDanas.com\",\"url\":\"https:\/\/www.prijedordanas.com\/\",\"logo\":{\"@type\":\"ImageObject\",\"inLanguage\":\"en-US\",\"@id\":\"https:\/\/www.prijedordanas.com\/#\/schema\/logo\/image\/\",\"url\":\"http:\/\/www.prijedordanas.com\/wp-content\/uploads\/2021\/12\/logopng.png\",\"contentUrl\":\"http:\/\/www.prijedordanas.com\/wp-content\/uploads\/2021\/12\/logopng.png\",\"width\":1019,\"height\":776,\"caption\":\"PrijedorDanas.com\"},\"image\":{\"@id\":\"https:\/\/www.prijedordanas.com\/#\/schema\/logo\/image\/\"},\"sameAs\":[\"https:\/\/www.facebook.com\/PrijedorDanasCom\/\"]},{\"@type\":\"Person\",\"@id\":\"https:\/\/www.prijedordanas.com\/#\/schema\/person\/4e08ccf29b506ca916ff86d46bb700e6\",\"name\":\"admin\",\"image\":{\"@type\":\"ImageObject\",\"inLanguage\":\"en-US\",\"@id\":\"https:\/\/www.prijedordanas.com\/#\/schema\/person\/image\/\",\"url\":\"https:\/\/secure.gravatar.com\/avatar\/1d3fc949d550f0b53a5f0d51e06dfd79?s=96&d=mm&r=g\",\"contentUrl\":\"https:\/\/secure.gravatar.com\/avatar\/1d3fc949d550f0b53a5f0d51e06dfd79?s=96&d=mm&r=g\",\"caption\":\"admin\"},\"url\":\"https:\/\/www.prijedordanas.com\/?author=1\"}]}<\/script>\n<!-- \/ Yoast SEO plugin. -->","yoast_head_json":{"title":"RUDAR-PRIJEDOR SAVLADAO PODRINJE U JANJI: \u201ePROBUDIO\u201c SE DRA\u0160KO LOLIC\u0301 - PrijedorDanas.com - Prijedorski gradski portal","robots":{"index":"index","follow":"follow","max-snippet":"max-snippet:-1","max-image-preview":"max-image-preview:large","max-video-preview":"max-video-preview:-1"},"canonical":"https:\/\/www.prijedordanas.com\/?p=82608","og_locale":"en_US","og_type":"article","og_title":"RUDAR-PRIJEDOR SAVLADAO PODRINJE U JANJI: \u201ePROBUDIO\u201c SE DRA\u0160KO LOLIC\u0301 - PrijedorDanas.com - Prijedorski gradski portal","og_description":"Rudar-Prijedor se, kako su iz njegovog tabora i najavljivali, revan\u0161irao Podrinju za proljec\u0301ni poraz u Ligi za prvaka na svom terenu (1:2) savladav\u0161i drugoplasiranog rivala u Janji sa 4:2. Bila [&hellip;]","og_url":"https:\/\/www.prijedordanas.com\/?p=82608","og_site_name":"PrijedorDanas.com - Prijedorski gradski portal","article_publisher":"https:\/\/www.facebook.com\/PrijedorDanasCom\/","article_published_time":"2017-06-04T18:35:37+00:00","og_image":[{"url":"https:\/\/www.prijedordanas.com\/wp-content\/uploads\/2017\/03\/drasko-lolic-3-300x222.jpg"}],"author":"admin","twitter_card":"summary_large_image","twitter_misc":{"Written by":"admin","Est. reading time":"2 minutes"},"schema":{"@context":"https:\/\/schema.org","@graph":[{"@type":"Article","@id":"https:\/\/www.prijedordanas.com\/?p=82608#article","isPartOf":{"@id":"https:\/\/www.prijedordanas.com\/?p=82608"},"author":{"name":"admin","@id":"https:\/\/www.prijedordanas.com\/#\/schema\/person\/4e08ccf29b506ca916ff86d46bb700e6"},"headline":"RUDAR-PRIJEDOR SAVLADAO PODRINJE U JANJI: \u201ePROBUDIO\u201c SE DRA\u0160KO LOLIC\u0301","datePublished":"2017-06-04T18:35:37+00:00","dateModified":"2017-06-04T18:35:37+00:00","mainEntityOfPage":{"@id":"https:\/\/www.prijedordanas.com\/?p=82608"},"wordCount":428,"publisher":{"@id":"https:\/\/www.prijedordanas.com\/#organization"},"keywords":["Rudar-Prijedor"],"articleSection":["Sport"],"inLanguage":"en-US"},{"@type":"WebPage","@id":"https:\/\/www.prijedordanas.com\/?p=82608","url":"https:\/\/www.prijedordanas.com\/?p=82608","name":"RUDAR-PRIJEDOR SAVLADAO PODRINJE U JANJI: \u201ePROBUDIO\u201c SE DRA\u0160KO LOLIC\u0301 - PrijedorDanas.com - Prijedorski gradski portal","isPartOf":{"@id":"https:\/\/www.prijedordanas.com\/#website"},"datePublished":"2017-06-04T18:35:37+00:00","dateModified":"2017-06-04T18:35:37+00:00","breadcrumb":{"@id":"https:\/\/www.prijedordanas.com\/?p=82608#breadcrumb"},"inLanguage":"en-US","potentialAction":[{"@type":"ReadAction","target":["https:\/\/www.prijedordanas.com\/?p=82608"]}]},{"@type":"BreadcrumbList","@id":"https:\/\/www.prijedordanas.com\/?p=82608#breadcrumb","itemListElement":[{"@type":"ListItem","position":1,"name":"Home","item":"https:\/\/www.prijedordanas.com\/"},{"@type":"ListItem","position":2,"name":"RUDAR-PRIJEDOR SAVLADAO PODRINJE U JANJI: \u201ePROBUDIO\u201c SE DRA\u0160KO LOLIC\u0301"}]},{"@type":"WebSite","@id":"https:\/\/www.prijedordanas.com\/#website","url":"https:\/\/www.prijedordanas.com\/","name":"PrijedorDanas.com - Prijedorski gradski portal","description":"Portal o doga\u0111anjima u gradu Prijedoru","publisher":{"@id":"https:\/\/www.prijedordanas.com\/#organization"},"potentialAction":[{"@type":"SearchAction","target":{"@type":"EntryPoint","urlTemplate":"https:\/\/www.prijedordanas.com\/?s={search_term_string}"},"query-input":"required name=search_term_string"}],"inLanguage":"en-US"},{"@type":"Organization","@id":"https:\/\/www.prijedordanas.com\/#organization","name":"PrijedorDanas.com","url":"https:\/\/www.prijedordanas.com\/","logo":{"@type":"ImageObject","inLanguage":"en-US","@id":"https:\/\/www.prijedordanas.com\/#\/schema\/logo\/image\/","url":"http:\/\/www.prijedordanas.com\/wp-content\/uploads\/2021\/12\/logopng.png","contentUrl":"http:\/\/www.prijedordanas.com\/wp-content\/uploads\/2021\/12\/logopng.png","width":1019,"height":776,"caption":"PrijedorDanas.com"},"image":{"@id":"https:\/\/www.prijedordanas.com\/#\/schema\/logo\/image\/"},"sameAs":["https:\/\/www.facebook.com\/PrijedorDanasCom\/"]},{"@type":"Person","@id":"https:\/\/www.prijedordanas.com\/#\/schema\/person\/4e08ccf29b506ca916ff86d46bb700e6","name":"admin","image":{"@type":"ImageObject","inLanguage":"en-US","@id":"https:\/\/www.prijedordanas.com\/#\/schema\/person\/image\/","url":"https:\/\/secure.gravatar.com\/avatar\/1d3fc949d550f0b53a5f0d51e06dfd79?s=96&d=mm&r=g","contentUrl":"https:\/\/secure.gravatar.com\/avatar\/1d3fc949d550f0b53a5f0d51e06dfd79?s=96&d=mm&r=g","caption":"admin"},"url":"https:\/\/www.prijedordanas.com\/?author=1"}]}},"_links":{"self":[{"href":"https:\/\/www.prijedordanas.com\/index.php?rest_route=\/wp\/v2\/posts\/82608"}],"collection":[{"href":"https:\/\/www.prijedordanas.com\/index.php?rest_route=\/wp\/v2\/posts"}],"about":[{"href":"https:\/\/www.prijedordanas.com\/index.php?rest_route=\/wp\/v2\/types\/post"}],"author":[{"embeddable":true,"href":"https:\/\/www.prijedordanas.com\/index.php?rest_route=\/wp\/v2\/users\/1"}],"replies":[{"embeddable":true,"href":"https:\/\/www.prijedordanas.com\/index.php?rest_route=%2Fwp%2Fv2%2Fcomments&post=82608"}],"version-history":[{"count":1,"href":"https:\/\/www.prijedordanas.com\/index.php?rest_route=\/wp\/v2\/posts\/82608\/revisions"}],"predecessor-version":[{"id":82609,"href":"https:\/\/www.prijedordanas.com\/index.php?rest_route=\/wp\/v2\/posts\/82608\/revisions\/82609"}],"wp:attachment":[{"href":"https:\/\/www.prijedordanas.com\/index.php?rest_route=%2Fwp%2Fv2%2Fmedia&parent=82608"}],"wp:term":[{"taxonomy":"category","embeddable":true,"href":"https:\/\/www.prijedordanas.com\/index.php?rest_route=%2Fwp%2Fv2%2Fcategories&post=82608"},{"taxonomy":"post_tag","embeddable":true,"href":"https:\/\/www.prijedordanas.com\/index.php?rest_route=%2Fwp%2Fv2%2Ftags&post=82608"}],"curies":[{"name":"wp","href":"https:\/\/api.w.org\/{rel}","templated":true}]}}