{"id":82529,"date":"2017-06-03T19:52:13","date_gmt":"2017-06-03T17:52:13","guid":{"rendered":"https:\/\/www.prijedordanas.com\/?p=82529"},"modified":"2017-06-03T19:52:13","modified_gmt":"2017-06-03T17:52:13","slug":"odrzan-maturski-koncert-ucenika-muzicke-skole-savo-balaban-fotovideo","status":"publish","type":"post","link":"https:\/\/www.prijedordanas.com\/?p=82529","title":{"rendered":"ODR\u017dAN MATURSKI KONCERT U\u010cENIKA MUZI\u010cKE \u0160KOLE \u201eSAVO BALABAN\u201c \u2013 FOTO\/VIDEO"},"content":{"rendered":"<p><a href=\"https:\/\/www.prijedordanas.com\/wp-content\/uploads\/2017\/06\/maturski-koncert-ucenika-muzicke-skole-2017-1.jpg\"><img loading=\"lazy\" decoding=\"async\" src=\"https:\/\/www.prijedordanas.com\/wp-content\/uploads\/2017\/06\/maturski-koncert-ucenika-muzicke-skole-2017-1-300x222.jpg\" alt=\"\" width=\"300\" height=\"222\" class=\"alignleft size-medium wp-image-82530\" srcset=\"https:\/\/www.prijedordanas.com\/wp-content\/uploads\/2017\/06\/maturski-koncert-ucenika-muzicke-skole-2017-1-300x222.jpg 300w, https:\/\/www.prijedordanas.com\/wp-content\/uploads\/2017\/06\/maturski-koncert-ucenika-muzicke-skole-2017-1-100x74.jpg 100w, https:\/\/www.prijedordanas.com\/wp-content\/uploads\/2017\/06\/maturski-koncert-ucenika-muzicke-skole-2017-1.jpg 675w\" sizes=\"(max-width: 300px) 100vw, 300px\" \/><\/a>Dvadeseta generacija srednjo\u0161kolaca Muzi\u010dke \u0161kole \u201cSavo Balaban\u201d odr\u017eala je u Pozori\u0161tu Prijedor svoj tradicionalni zavr\u0161ni koncert.<\/p>\n<p>Na kraju svog srednjo\u0161kolskog obrazovanja prisutnoj publici se predstavilo 11 u\u010denika sa odsjeka klavira, klarineta, solo pjevanja i teoretskog odsjeka.<\/p>\n<p>Ovogodi\u0161nji maturski koncert dio je manifestacije Prijedorsko kulturno ljeto 2017.<\/p>\n<p>Tekst i foto \u2013 Aleksandar Drakuli\u0107 \u2013 <a href=\"https:\/\/www.prijedordanas.com\" target=\"_blank\" rel=\"noopener noreferrer\">www.prijedordanas.com<\/a><\/p>\n<p><iframe loading=\"lazy\" width=\"500\" height=\"281\" src=\"https:\/\/www.youtube.com\/embed\/VqbNkY5BHxo?feature=oembed\" frameborder=\"0\" allowfullscreen><\/iframe><\/p>\n<p><a href=\"https:\/\/www.prijedordanas.com\/wp-content\/uploads\/2017\/06\/maturski-koncert-ucenika-muzicke-skole-2017-2.jpg\"><img loading=\"lazy\" decoding=\"async\" src=\"https:\/\/www.prijedordanas.com\/wp-content\/uploads\/2017\/06\/maturski-koncert-ucenika-muzicke-skole-2017-2-300x222.jpg\" alt=\"\" width=\"300\" height=\"222\" class=\"alignleft size-medium wp-image-82531\" srcset=\"https:\/\/www.prijedordanas.com\/wp-content\/uploads\/2017\/06\/maturski-koncert-ucenika-muzicke-skole-2017-2-300x222.jpg 300w, https:\/\/www.prijedordanas.com\/wp-content\/uploads\/2017\/06\/maturski-koncert-ucenika-muzicke-skole-2017-2-100x74.jpg 100w, https:\/\/www.prijedordanas.com\/wp-content\/uploads\/2017\/06\/maturski-koncert-ucenika-muzicke-skole-2017-2.jpg 675w\" sizes=\"(max-width: 300px) 100vw, 300px\" \/><\/a> <a href=\"https:\/\/www.prijedordanas.com\/wp-content\/uploads\/2017\/06\/maturski-koncert-ucenika-muzicke-skole-2017-3.jpg\"><img loading=\"lazy\" decoding=\"async\" src=\"https:\/\/www.prijedordanas.com\/wp-content\/uploads\/2017\/06\/maturski-koncert-ucenika-muzicke-skole-2017-3-300x222.jpg\" alt=\"\" width=\"300\" height=\"222\" class=\"alignleft size-medium wp-image-82532\" srcset=\"https:\/\/www.prijedordanas.com\/wp-content\/uploads\/2017\/06\/maturski-koncert-ucenika-muzicke-skole-2017-3-300x222.jpg 300w, https:\/\/www.prijedordanas.com\/wp-content\/uploads\/2017\/06\/maturski-koncert-ucenika-muzicke-skole-2017-3-100x74.jpg 100w, https:\/\/www.prijedordanas.com\/wp-content\/uploads\/2017\/06\/maturski-koncert-ucenika-muzicke-skole-2017-3.jpg 675w\" sizes=\"(max-width: 300px) 100vw, 300px\" \/><\/a> <a href=\"https:\/\/www.prijedordanas.com\/wp-content\/uploads\/2017\/06\/maturski-koncert-ucenika-muzicke-skole-2017-4.jpg\"><img loading=\"lazy\" decoding=\"async\" src=\"https:\/\/www.prijedordanas.com\/wp-content\/uploads\/2017\/06\/maturski-koncert-ucenika-muzicke-skole-2017-4-300x222.jpg\" alt=\"\" width=\"300\" height=\"222\" class=\"alignleft size-medium wp-image-82533\" srcset=\"https:\/\/www.prijedordanas.com\/wp-content\/uploads\/2017\/06\/maturski-koncert-ucenika-muzicke-skole-2017-4-300x222.jpg 300w, https:\/\/www.prijedordanas.com\/wp-content\/uploads\/2017\/06\/maturski-koncert-ucenika-muzicke-skole-2017-4-100x74.jpg 100w, https:\/\/www.prijedordanas.com\/wp-content\/uploads\/2017\/06\/maturski-koncert-ucenika-muzicke-skole-2017-4.jpg 675w\" sizes=\"(max-width: 300px) 100vw, 300px\" \/><\/a> <a href=\"https:\/\/www.prijedordanas.com\/wp-content\/uploads\/2017\/06\/maturski-koncert-ucenika-muzicke-skole-2017-5.jpg\"><img loading=\"lazy\" decoding=\"async\" src=\"https:\/\/www.prijedordanas.com\/wp-content\/uploads\/2017\/06\/maturski-koncert-ucenika-muzicke-skole-2017-5-300x222.jpg\" alt=\"\" width=\"300\" height=\"222\" class=\"alignleft size-medium wp-image-82534\" srcset=\"https:\/\/www.prijedordanas.com\/wp-content\/uploads\/2017\/06\/maturski-koncert-ucenika-muzicke-skole-2017-5-300x222.jpg 300w, https:\/\/www.prijedordanas.com\/wp-content\/uploads\/2017\/06\/maturski-koncert-ucenika-muzicke-skole-2017-5-100x74.jpg 100w, https:\/\/www.prijedordanas.com\/wp-content\/uploads\/2017\/06\/maturski-koncert-ucenika-muzicke-skole-2017-5.jpg 675w\" sizes=\"(max-width: 300px) 100vw, 300px\" \/><\/a> <a href=\"https:\/\/www.prijedordanas.com\/wp-content\/uploads\/2017\/06\/maturski-koncert-ucenika-muzicke-skole-2017-6.jpg\"><img loading=\"lazy\" decoding=\"async\" src=\"https:\/\/www.prijedordanas.com\/wp-content\/uploads\/2017\/06\/maturski-koncert-ucenika-muzicke-skole-2017-6-300x199.jpg\" alt=\"\" width=\"300\" height=\"199\" class=\"alignleft size-medium wp-image-82535\" srcset=\"https:\/\/www.prijedordanas.com\/wp-content\/uploads\/2017\/06\/maturski-koncert-ucenika-muzicke-skole-2017-6-300x200.jpg 300w, https:\/\/www.prijedordanas.com\/wp-content\/uploads\/2017\/06\/maturski-koncert-ucenika-muzicke-skole-2017-6-100x66.jpg 100w, https:\/\/www.prijedordanas.com\/wp-content\/uploads\/2017\/06\/maturski-koncert-ucenika-muzicke-skole-2017-6-480x320.jpg 480w, https:\/\/www.prijedordanas.com\/wp-content\/uploads\/2017\/06\/maturski-koncert-ucenika-muzicke-skole-2017-6.jpg 600w\" sizes=\"(max-width: 300px) 100vw, 300px\" \/><\/a> <a href=\"https:\/\/www.prijedordanas.com\/wp-content\/uploads\/2017\/06\/maturski-koncert-ucenika-muzicke-skole-2017-7.jpg\"><img loading=\"lazy\" decoding=\"async\" src=\"https:\/\/www.prijedordanas.com\/wp-content\/uploads\/2017\/06\/maturski-koncert-ucenika-muzicke-skole-2017-7-300x199.jpg\" alt=\"\" width=\"300\" height=\"199\" class=\"alignleft size-medium wp-image-82536\" srcset=\"https:\/\/www.prijedordanas.com\/wp-content\/uploads\/2017\/06\/maturski-koncert-ucenika-muzicke-skole-2017-7-300x200.jpg 300w, https:\/\/www.prijedordanas.com\/wp-content\/uploads\/2017\/06\/maturski-koncert-ucenika-muzicke-skole-2017-7-100x66.jpg 100w, https:\/\/www.prijedordanas.com\/wp-content\/uploads\/2017\/06\/maturski-koncert-ucenika-muzicke-skole-2017-7-480x320.jpg 480w, https:\/\/www.prijedordanas.com\/wp-content\/uploads\/2017\/06\/maturski-koncert-ucenika-muzicke-skole-2017-7.jpg 600w\" sizes=\"(max-width: 300px) 100vw, 300px\" \/><\/a> <a href=\"https:\/\/www.prijedordanas.com\/wp-content\/uploads\/2017\/06\/maturski-koncert-ucenika-muzicke-skole-2017-8.jpg\"><img loading=\"lazy\" decoding=\"async\" src=\"https:\/\/www.prijedordanas.com\/wp-content\/uploads\/2017\/06\/maturski-koncert-ucenika-muzicke-skole-2017-8-300x199.jpg\" alt=\"\" width=\"300\" height=\"199\" class=\"alignleft size-medium wp-image-82538\" srcset=\"https:\/\/www.prijedordanas.com\/wp-content\/uploads\/2017\/06\/maturski-koncert-ucenika-muzicke-skole-2017-8-300x200.jpg 300w, https:\/\/www.prijedordanas.com\/wp-content\/uploads\/2017\/06\/maturski-koncert-ucenika-muzicke-skole-2017-8-100x66.jpg 100w, https:\/\/www.prijedordanas.com\/wp-content\/uploads\/2017\/06\/maturski-koncert-ucenika-muzicke-skole-2017-8-480x320.jpg 480w, https:\/\/www.prijedordanas.com\/wp-content\/uploads\/2017\/06\/maturski-koncert-ucenika-muzicke-skole-2017-8.jpg 600w\" sizes=\"(max-width: 300px) 100vw, 300px\" \/><\/a> <a href=\"https:\/\/www.prijedordanas.com\/wp-content\/uploads\/2017\/06\/maturski-koncert-ucenika-muzicke-skole-2017-9.jpg\"><img loading=\"lazy\" decoding=\"async\" src=\"https:\/\/www.prijedordanas.com\/wp-content\/uploads\/2017\/06\/maturski-koncert-ucenika-muzicke-skole-2017-9-300x199.jpg\" alt=\"\" width=\"300\" height=\"199\" class=\"alignleft size-medium wp-image-82539\" srcset=\"https:\/\/www.prijedordanas.com\/wp-content\/uploads\/2017\/06\/maturski-koncert-ucenika-muzicke-skole-2017-9-300x200.jpg 300w, https:\/\/www.prijedordanas.com\/wp-content\/uploads\/2017\/06\/maturski-koncert-ucenika-muzicke-skole-2017-9-100x66.jpg 100w, https:\/\/www.prijedordanas.com\/wp-content\/uploads\/2017\/06\/maturski-koncert-ucenika-muzicke-skole-2017-9-480x320.jpg 480w, https:\/\/www.prijedordanas.com\/wp-content\/uploads\/2017\/06\/maturski-koncert-ucenika-muzicke-skole-2017-9.jpg 600w\" sizes=\"(max-width: 300px) 100vw, 300px\" \/><\/a> <a href=\"https:\/\/www.prijedordanas.com\/wp-content\/uploads\/2017\/06\/maturski-koncert-ucenika-muzicke-skole-2017-10.jpg\"><img loading=\"lazy\" decoding=\"async\" src=\"https:\/\/www.prijedordanas.com\/wp-content\/uploads\/2017\/06\/maturski-koncert-ucenika-muzicke-skole-2017-10-300x199.jpg\" alt=\"\" width=\"300\" height=\"199\" class=\"alignleft size-medium wp-image-82540\" srcset=\"https:\/\/www.prijedordanas.com\/wp-content\/uploads\/2017\/06\/maturski-koncert-ucenika-muzicke-skole-2017-10-300x200.jpg 300w, https:\/\/www.prijedordanas.com\/wp-content\/uploads\/2017\/06\/maturski-koncert-ucenika-muzicke-skole-2017-10-100x66.jpg 100w, https:\/\/www.prijedordanas.com\/wp-content\/uploads\/2017\/06\/maturski-koncert-ucenika-muzicke-skole-2017-10-480x320.jpg 480w, https:\/\/www.prijedordanas.com\/wp-content\/uploads\/2017\/06\/maturski-koncert-ucenika-muzicke-skole-2017-10.jpg 600w\" sizes=\"(max-width: 300px) 100vw, 300px\" \/><\/a> <a href=\"https:\/\/www.prijedordanas.com\/wp-content\/uploads\/2017\/06\/maturski-koncert-ucenika-muzicke-skole-2017-11.jpg\"><img loading=\"lazy\" decoding=\"async\" src=\"https:\/\/www.prijedordanas.com\/wp-content\/uploads\/2017\/06\/maturski-koncert-ucenika-muzicke-skole-2017-11-300x199.jpg\" alt=\"\" width=\"300\" height=\"199\" class=\"alignleft size-medium wp-image-82541\" srcset=\"https:\/\/www.prijedordanas.com\/wp-content\/uploads\/2017\/06\/maturski-koncert-ucenika-muzicke-skole-2017-11-300x200.jpg 300w, https:\/\/www.prijedordanas.com\/wp-content\/uploads\/2017\/06\/maturski-koncert-ucenika-muzicke-skole-2017-11-100x66.jpg 100w, https:\/\/www.prijedordanas.com\/wp-content\/uploads\/2017\/06\/maturski-koncert-ucenika-muzicke-skole-2017-11-480x320.jpg 480w, https:\/\/www.prijedordanas.com\/wp-content\/uploads\/2017\/06\/maturski-koncert-ucenika-muzicke-skole-2017-11.jpg 600w\" sizes=\"(max-width: 300px) 100vw, 300px\" \/><\/a> <a href=\"https:\/\/www.prijedordanas.com\/wp-content\/uploads\/2017\/06\/maturski-koncert-ucenika-muzicke-skole-2017-12.jpg\"><img loading=\"lazy\" decoding=\"async\" src=\"https:\/\/www.prijedordanas.com\/wp-content\/uploads\/2017\/06\/maturski-koncert-ucenika-muzicke-skole-2017-12-300x199.jpg\" alt=\"\" width=\"300\" height=\"199\" class=\"alignleft size-medium wp-image-82542\" srcset=\"https:\/\/www.prijedordanas.com\/wp-content\/uploads\/2017\/06\/maturski-koncert-ucenika-muzicke-skole-2017-12-300x200.jpg 300w, https:\/\/www.prijedordanas.com\/wp-content\/uploads\/2017\/06\/maturski-koncert-ucenika-muzicke-skole-2017-12-100x66.jpg 100w, https:\/\/www.prijedordanas.com\/wp-content\/uploads\/2017\/06\/maturski-koncert-ucenika-muzicke-skole-2017-12-480x320.jpg 480w, https:\/\/www.prijedordanas.com\/wp-content\/uploads\/2017\/06\/maturski-koncert-ucenika-muzicke-skole-2017-12.jpg 600w\" sizes=\"(max-width: 300px) 100vw, 300px\" \/><\/a> <a href=\"https:\/\/www.prijedordanas.com\/wp-content\/uploads\/2017\/06\/maturski-koncert-ucenika-muzicke-skole-2017-13.jpg\"><img loading=\"lazy\" decoding=\"async\" src=\"https:\/\/www.prijedordanas.com\/wp-content\/uploads\/2017\/06\/maturski-koncert-ucenika-muzicke-skole-2017-13-300x199.jpg\" alt=\"\" width=\"300\" height=\"199\" class=\"alignleft size-medium wp-image-82543\" srcset=\"https:\/\/www.prijedordanas.com\/wp-content\/uploads\/2017\/06\/maturski-koncert-ucenika-muzicke-skole-2017-13-300x200.jpg 300w, https:\/\/www.prijedordanas.com\/wp-content\/uploads\/2017\/06\/maturski-koncert-ucenika-muzicke-skole-2017-13-100x66.jpg 100w, https:\/\/www.prijedordanas.com\/wp-content\/uploads\/2017\/06\/maturski-koncert-ucenika-muzicke-skole-2017-13-480x320.jpg 480w, https:\/\/www.prijedordanas.com\/wp-content\/uploads\/2017\/06\/maturski-koncert-ucenika-muzicke-skole-2017-13.jpg 600w\" sizes=\"(max-width: 300px) 100vw, 300px\" \/><\/a> <a href=\"https:\/\/www.prijedordanas.com\/wp-content\/uploads\/2017\/06\/maturski-koncert-ucenika-muzicke-skole-2017-14-1.jpg\"><img loading=\"lazy\" decoding=\"async\" src=\"https:\/\/www.prijedordanas.com\/wp-content\/uploads\/2017\/06\/maturski-koncert-ucenika-muzicke-skole-2017-14-1-300x199.jpg\" alt=\"\" width=\"300\" height=\"199\" class=\"alignleft size-medium wp-image-82546\" srcset=\"https:\/\/www.prijedordanas.com\/wp-content\/uploads\/2017\/06\/maturski-koncert-ucenika-muzicke-skole-2017-14-1-300x200.jpg 300w, https:\/\/www.prijedordanas.com\/wp-content\/uploads\/2017\/06\/maturski-koncert-ucenika-muzicke-skole-2017-14-1-100x66.jpg 100w, https:\/\/www.prijedordanas.com\/wp-content\/uploads\/2017\/06\/maturski-koncert-ucenika-muzicke-skole-2017-14-1-480x320.jpg 480w, https:\/\/www.prijedordanas.com\/wp-content\/uploads\/2017\/06\/maturski-koncert-ucenika-muzicke-skole-2017-14-1.jpg 600w\" sizes=\"(max-width: 300px) 100vw, 300px\" \/><\/a> <a href=\"https:\/\/www.prijedordanas.com\/wp-content\/uploads\/2017\/06\/maturski-koncert-ucenika-muzicke-skole-2017-15.jpg\"><img loading=\"lazy\" decoding=\"async\" src=\"https:\/\/www.prijedordanas.com\/wp-content\/uploads\/2017\/06\/maturski-koncert-ucenika-muzicke-skole-2017-15-300x199.jpg\" alt=\"\" width=\"300\" height=\"199\" class=\"alignleft size-medium wp-image-82547\" srcset=\"https:\/\/www.prijedordanas.com\/wp-content\/uploads\/2017\/06\/maturski-koncert-ucenika-muzicke-skole-2017-15-300x200.jpg 300w, https:\/\/www.prijedordanas.com\/wp-content\/uploads\/2017\/06\/maturski-koncert-ucenika-muzicke-skole-2017-15-100x66.jpg 100w, https:\/\/www.prijedordanas.com\/wp-content\/uploads\/2017\/06\/maturski-koncert-ucenika-muzicke-skole-2017-15-480x320.jpg 480w, https:\/\/www.prijedordanas.com\/wp-content\/uploads\/2017\/06\/maturski-koncert-ucenika-muzicke-skole-2017-15.jpg 600w\" sizes=\"(max-width: 300px) 100vw, 300px\" \/><\/a> <a href=\"https:\/\/www.prijedordanas.com\/wp-content\/uploads\/2017\/06\/maturski-koncert-ucenika-muzicke-skole-2017-16.jpg\"><img loading=\"lazy\" decoding=\"async\" src=\"https:\/\/www.prijedordanas.com\/wp-content\/uploads\/2017\/06\/maturski-koncert-ucenika-muzicke-skole-2017-16-300x199.jpg\" alt=\"\" width=\"300\" height=\"199\" class=\"alignleft size-medium wp-image-82548\" srcset=\"https:\/\/www.prijedordanas.com\/wp-content\/uploads\/2017\/06\/maturski-koncert-ucenika-muzicke-skole-2017-16-300x200.jpg 300w, https:\/\/www.prijedordanas.com\/wp-content\/uploads\/2017\/06\/maturski-koncert-ucenika-muzicke-skole-2017-16-100x66.jpg 100w, https:\/\/www.prijedordanas.com\/wp-content\/uploads\/2017\/06\/maturski-koncert-ucenika-muzicke-skole-2017-16-480x320.jpg 480w, https:\/\/www.prijedordanas.com\/wp-content\/uploads\/2017\/06\/maturski-koncert-ucenika-muzicke-skole-2017-16.jpg 600w\" sizes=\"(max-width: 300px) 100vw, 300px\" \/><\/a> <a href=\"https:\/\/www.prijedordanas.com\/wp-content\/uploads\/2017\/06\/maturski-koncert-ucenika-muzicke-skole-2017-17.jpg\"><img loading=\"lazy\" decoding=\"async\" src=\"https:\/\/www.prijedordanas.com\/wp-content\/uploads\/2017\/06\/maturski-koncert-ucenika-muzicke-skole-2017-17-300x199.jpg\" alt=\"\" width=\"300\" height=\"199\" class=\"alignleft size-medium wp-image-82549\" srcset=\"https:\/\/www.prijedordanas.com\/wp-content\/uploads\/2017\/06\/maturski-koncert-ucenika-muzicke-skole-2017-17-300x200.jpg 300w, https:\/\/www.prijedordanas.com\/wp-content\/uploads\/2017\/06\/maturski-koncert-ucenika-muzicke-skole-2017-17-100x66.jpg 100w, https:\/\/www.prijedordanas.com\/wp-content\/uploads\/2017\/06\/maturski-koncert-ucenika-muzicke-skole-2017-17-480x320.jpg 480w, https:\/\/www.prijedordanas.com\/wp-content\/uploads\/2017\/06\/maturski-koncert-ucenika-muzicke-skole-2017-17.jpg 600w\" sizes=\"(max-width: 300px) 100vw, 300px\" \/><\/a><\/p>\n","protected":false},"excerpt":{"rendered":"<p>Dvadeseta generacija srednjo\u0161kolaca Muzi\u010dke \u0161kole \u201cSavo Balaban\u201d odr\u017eala je u Pozori\u0161tu Prijedor svoj tradicionalni zavr\u0161ni koncert. Na kraju svog srednjo\u0161kolskog obrazovanja prisutnoj publici se predstavilo 11 u\u010denika sa odsjeka klavira, [&hellip;]<\/p>\n","protected":false},"author":1,"featured_media":0,"comment_status":"closed","ping_status":"open","sticky":false,"template":"","format":"standard","meta":{"_monsterinsights_skip_tracking":false,"_monsterinsights_sitenote_active":false,"_monsterinsights_sitenote_note":"","_monsterinsights_sitenote_category":0,"footnotes":""},"categories":[7518],"tags":[3852,3853],"yoast_head":"<!-- This site is optimized with the Yoast SEO plugin v21.6 - https:\/\/yoast.com\/wordpress\/plugins\/seo\/ -->\n<title>ODR\u017dAN MATURSKI KONCERT U\u010cENIKA MUZI\u010cKE \u0160KOLE \u201eSAVO BALABAN\u201c \u2013 FOTO\/VIDEO - PrijedorDanas.com - Prijedorski gradski portal<\/title>\n<meta name=\"robots\" content=\"index, follow, max-snippet:-1, max-image-preview:large, max-video-preview:-1\" \/>\n<link rel=\"canonical\" href=\"https:\/\/www.prijedordanas.com\/?p=82529\" \/>\n<meta property=\"og:locale\" content=\"en_US\" \/>\n<meta property=\"og:type\" content=\"article\" \/>\n<meta property=\"og:title\" content=\"ODR\u017dAN MATURSKI KONCERT U\u010cENIKA MUZI\u010cKE \u0160KOLE \u201eSAVO BALABAN\u201c \u2013 FOTO\/VIDEO - PrijedorDanas.com - Prijedorski gradski portal\" \/>\n<meta property=\"og:description\" content=\"Dvadeseta generacija srednjo\u0161kolaca Muzi\u010dke \u0161kole \u201cSavo Balaban\u201d odr\u017eala je u Pozori\u0161tu Prijedor svoj tradicionalni zavr\u0161ni koncert. Na kraju svog srednjo\u0161kolskog obrazovanja prisutnoj publici se predstavilo 11 u\u010denika sa odsjeka klavira, [&hellip;]\" \/>\n<meta property=\"og:url\" content=\"https:\/\/www.prijedordanas.com\/?p=82529\" \/>\n<meta property=\"og:site_name\" content=\"PrijedorDanas.com - Prijedorski gradski portal\" \/>\n<meta property=\"article:publisher\" content=\"https:\/\/www.facebook.com\/PrijedorDanasCom\/\" \/>\n<meta property=\"article:published_time\" content=\"2017-06-03T17:52:13+00:00\" \/>\n<meta property=\"og:image\" content=\"https:\/\/www.prijedordanas.com\/wp-content\/uploads\/2017\/06\/maturski-koncert-ucenika-muzicke-skole-2017-1-300x222.jpg\" \/>\n<meta name=\"author\" content=\"admin\" \/>\n<meta name=\"twitter:card\" content=\"summary_large_image\" \/>\n<meta name=\"twitter:label1\" content=\"Written by\" \/>\n\t<meta name=\"twitter:data1\" content=\"admin\" \/>\n<script type=\"application\/ld+json\" class=\"yoast-schema-graph\">{\"@context\":\"https:\/\/schema.org\",\"@graph\":[{\"@type\":\"Article\",\"@id\":\"https:\/\/www.prijedordanas.com\/?p=82529#article\",\"isPartOf\":{\"@id\":\"https:\/\/www.prijedordanas.com\/?p=82529\"},\"author\":{\"name\":\"admin\",\"@id\":\"https:\/\/www.prijedordanas.com\/#\/schema\/person\/4e08ccf29b506ca916ff86d46bb700e6\"},\"headline\":\"ODR\u017dAN MATURSKI KONCERT U\u010cENIKA MUZI\u010cKE \u0160KOLE \u201eSAVO BALABAN\u201c \u2013 FOTO\/VIDEO\",\"datePublished\":\"2017-06-03T17:52:13+00:00\",\"dateModified\":\"2017-06-03T17:52:13+00:00\",\"mainEntityOfPage\":{\"@id\":\"https:\/\/www.prijedordanas.com\/?p=82529\"},\"wordCount\":78,\"publisher\":{\"@id\":\"https:\/\/www.prijedordanas.com\/#organization\"},\"keywords\":[\"maturski koncert\",\"Muzi\u010dka \u0161kola \\\"Savo Balaban\\\" Prijedor\"],\"articleSection\":[\"Mladi\"],\"inLanguage\":\"en-US\"},{\"@type\":\"WebPage\",\"@id\":\"https:\/\/www.prijedordanas.com\/?p=82529\",\"url\":\"https:\/\/www.prijedordanas.com\/?p=82529\",\"name\":\"ODR\u017dAN MATURSKI KONCERT U\u010cENIKA MUZI\u010cKE \u0160KOLE \u201eSAVO BALABAN\u201c \u2013 FOTO\/VIDEO - PrijedorDanas.com - Prijedorski gradski portal\",\"isPartOf\":{\"@id\":\"https:\/\/www.prijedordanas.com\/#website\"},\"datePublished\":\"2017-06-03T17:52:13+00:00\",\"dateModified\":\"2017-06-03T17:52:13+00:00\",\"breadcrumb\":{\"@id\":\"https:\/\/www.prijedordanas.com\/?p=82529#breadcrumb\"},\"inLanguage\":\"en-US\",\"potentialAction\":[{\"@type\":\"ReadAction\",\"target\":[\"https:\/\/www.prijedordanas.com\/?p=82529\"]}]},{\"@type\":\"BreadcrumbList\",\"@id\":\"https:\/\/www.prijedordanas.com\/?p=82529#breadcrumb\",\"itemListElement\":[{\"@type\":\"ListItem\",\"position\":1,\"name\":\"Home\",\"item\":\"https:\/\/www.prijedordanas.com\/\"},{\"@type\":\"ListItem\",\"position\":2,\"name\":\"ODR\u017dAN MATURSKI KONCERT U\u010cENIKA MUZI\u010cKE \u0160KOLE \u201eSAVO BALABAN\u201c \u2013 FOTO\/VIDEO\"}]},{\"@type\":\"WebSite\",\"@id\":\"https:\/\/www.prijedordanas.com\/#website\",\"url\":\"https:\/\/www.prijedordanas.com\/\",\"name\":\"PrijedorDanas.com - Prijedorski gradski portal\",\"description\":\"Portal o doga\u0111anjima u gradu Prijedoru\",\"publisher\":{\"@id\":\"https:\/\/www.prijedordanas.com\/#organization\"},\"potentialAction\":[{\"@type\":\"SearchAction\",\"target\":{\"@type\":\"EntryPoint\",\"urlTemplate\":\"https:\/\/www.prijedordanas.com\/?s={search_term_string}\"},\"query-input\":\"required name=search_term_string\"}],\"inLanguage\":\"en-US\"},{\"@type\":\"Organization\",\"@id\":\"https:\/\/www.prijedordanas.com\/#organization\",\"name\":\"PrijedorDanas.com\",\"url\":\"https:\/\/www.prijedordanas.com\/\",\"logo\":{\"@type\":\"ImageObject\",\"inLanguage\":\"en-US\",\"@id\":\"https:\/\/www.prijedordanas.com\/#\/schema\/logo\/image\/\",\"url\":\"http:\/\/www.prijedordanas.com\/wp-content\/uploads\/2021\/12\/logopng.png\",\"contentUrl\":\"http:\/\/www.prijedordanas.com\/wp-content\/uploads\/2021\/12\/logopng.png\",\"width\":1019,\"height\":776,\"caption\":\"PrijedorDanas.com\"},\"image\":{\"@id\":\"https:\/\/www.prijedordanas.com\/#\/schema\/logo\/image\/\"},\"sameAs\":[\"https:\/\/www.facebook.com\/PrijedorDanasCom\/\"]},{\"@type\":\"Person\",\"@id\":\"https:\/\/www.prijedordanas.com\/#\/schema\/person\/4e08ccf29b506ca916ff86d46bb700e6\",\"name\":\"admin\",\"image\":{\"@type\":\"ImageObject\",\"inLanguage\":\"en-US\",\"@id\":\"https:\/\/www.prijedordanas.com\/#\/schema\/person\/image\/\",\"url\":\"https:\/\/secure.gravatar.com\/avatar\/1d3fc949d550f0b53a5f0d51e06dfd79?s=96&d=mm&r=g\",\"contentUrl\":\"https:\/\/secure.gravatar.com\/avatar\/1d3fc949d550f0b53a5f0d51e06dfd79?s=96&d=mm&r=g\",\"caption\":\"admin\"},\"url\":\"https:\/\/www.prijedordanas.com\/?author=1\"}]}<\/script>\n<!-- \/ Yoast SEO plugin. -->","yoast_head_json":{"title":"ODR\u017dAN MATURSKI KONCERT U\u010cENIKA MUZI\u010cKE \u0160KOLE \u201eSAVO BALABAN\u201c \u2013 FOTO\/VIDEO - PrijedorDanas.com - Prijedorski gradski portal","robots":{"index":"index","follow":"follow","max-snippet":"max-snippet:-1","max-image-preview":"max-image-preview:large","max-video-preview":"max-video-preview:-1"},"canonical":"https:\/\/www.prijedordanas.com\/?p=82529","og_locale":"en_US","og_type":"article","og_title":"ODR\u017dAN MATURSKI KONCERT U\u010cENIKA MUZI\u010cKE \u0160KOLE \u201eSAVO BALABAN\u201c \u2013 FOTO\/VIDEO - PrijedorDanas.com - Prijedorski gradski portal","og_description":"Dvadeseta generacija srednjo\u0161kolaca Muzi\u010dke \u0161kole \u201cSavo Balaban\u201d odr\u017eala je u Pozori\u0161tu Prijedor svoj tradicionalni zavr\u0161ni koncert. Na kraju svog srednjo\u0161kolskog obrazovanja prisutnoj publici se predstavilo 11 u\u010denika sa odsjeka klavira, [&hellip;]","og_url":"https:\/\/www.prijedordanas.com\/?p=82529","og_site_name":"PrijedorDanas.com - Prijedorski gradski portal","article_publisher":"https:\/\/www.facebook.com\/PrijedorDanasCom\/","article_published_time":"2017-06-03T17:52:13+00:00","og_image":[{"url":"https:\/\/www.prijedordanas.com\/wp-content\/uploads\/2017\/06\/maturski-koncert-ucenika-muzicke-skole-2017-1-300x222.jpg"}],"author":"admin","twitter_card":"summary_large_image","twitter_misc":{"Written by":"admin"},"schema":{"@context":"https:\/\/schema.org","@graph":[{"@type":"Article","@id":"https:\/\/www.prijedordanas.com\/?p=82529#article","isPartOf":{"@id":"https:\/\/www.prijedordanas.com\/?p=82529"},"author":{"name":"admin","@id":"https:\/\/www.prijedordanas.com\/#\/schema\/person\/4e08ccf29b506ca916ff86d46bb700e6"},"headline":"ODR\u017dAN MATURSKI KONCERT U\u010cENIKA MUZI\u010cKE \u0160KOLE \u201eSAVO BALABAN\u201c \u2013 FOTO\/VIDEO","datePublished":"2017-06-03T17:52:13+00:00","dateModified":"2017-06-03T17:52:13+00:00","mainEntityOfPage":{"@id":"https:\/\/www.prijedordanas.com\/?p=82529"},"wordCount":78,"publisher":{"@id":"https:\/\/www.prijedordanas.com\/#organization"},"keywords":["maturski koncert","Muzi\u010dka \u0161kola \"Savo Balaban\" Prijedor"],"articleSection":["Mladi"],"inLanguage":"en-US"},{"@type":"WebPage","@id":"https:\/\/www.prijedordanas.com\/?p=82529","url":"https:\/\/www.prijedordanas.com\/?p=82529","name":"ODR\u017dAN MATURSKI KONCERT U\u010cENIKA MUZI\u010cKE \u0160KOLE \u201eSAVO BALABAN\u201c \u2013 FOTO\/VIDEO - PrijedorDanas.com - Prijedorski gradski portal","isPartOf":{"@id":"https:\/\/www.prijedordanas.com\/#website"},"datePublished":"2017-06-03T17:52:13+00:00","dateModified":"2017-06-03T17:52:13+00:00","breadcrumb":{"@id":"https:\/\/www.prijedordanas.com\/?p=82529#breadcrumb"},"inLanguage":"en-US","potentialAction":[{"@type":"ReadAction","target":["https:\/\/www.prijedordanas.com\/?p=82529"]}]},{"@type":"BreadcrumbList","@id":"https:\/\/www.prijedordanas.com\/?p=82529#breadcrumb","itemListElement":[{"@type":"ListItem","position":1,"name":"Home","item":"https:\/\/www.prijedordanas.com\/"},{"@type":"ListItem","position":2,"name":"ODR\u017dAN MATURSKI KONCERT U\u010cENIKA MUZI\u010cKE \u0160KOLE \u201eSAVO BALABAN\u201c \u2013 FOTO\/VIDEO"}]},{"@type":"WebSite","@id":"https:\/\/www.prijedordanas.com\/#website","url":"https:\/\/www.prijedordanas.com\/","name":"PrijedorDanas.com - Prijedorski gradski portal","description":"Portal o doga\u0111anjima u gradu Prijedoru","publisher":{"@id":"https:\/\/www.prijedordanas.com\/#organization"},"potentialAction":[{"@type":"SearchAction","target":{"@type":"EntryPoint","urlTemplate":"https:\/\/www.prijedordanas.com\/?s={search_term_string}"},"query-input":"required name=search_term_string"}],"inLanguage":"en-US"},{"@type":"Organization","@id":"https:\/\/www.prijedordanas.com\/#organization","name":"PrijedorDanas.com","url":"https:\/\/www.prijedordanas.com\/","logo":{"@type":"ImageObject","inLanguage":"en-US","@id":"https:\/\/www.prijedordanas.com\/#\/schema\/logo\/image\/","url":"http:\/\/www.prijedordanas.com\/wp-content\/uploads\/2021\/12\/logopng.png","contentUrl":"http:\/\/www.prijedordanas.com\/wp-content\/uploads\/2021\/12\/logopng.png","width":1019,"height":776,"caption":"PrijedorDanas.com"},"image":{"@id":"https:\/\/www.prijedordanas.com\/#\/schema\/logo\/image\/"},"sameAs":["https:\/\/www.facebook.com\/PrijedorDanasCom\/"]},{"@type":"Person","@id":"https:\/\/www.prijedordanas.com\/#\/schema\/person\/4e08ccf29b506ca916ff86d46bb700e6","name":"admin","image":{"@type":"ImageObject","inLanguage":"en-US","@id":"https:\/\/www.prijedordanas.com\/#\/schema\/person\/image\/","url":"https:\/\/secure.gravatar.com\/avatar\/1d3fc949d550f0b53a5f0d51e06dfd79?s=96&d=mm&r=g","contentUrl":"https:\/\/secure.gravatar.com\/avatar\/1d3fc949d550f0b53a5f0d51e06dfd79?s=96&d=mm&r=g","caption":"admin"},"url":"https:\/\/www.prijedordanas.com\/?author=1"}]}},"_links":{"self":[{"href":"https:\/\/www.prijedordanas.com\/index.php?rest_route=\/wp\/v2\/posts\/82529"}],"collection":[{"href":"https:\/\/www.prijedordanas.com\/index.php?rest_route=\/wp\/v2\/posts"}],"about":[{"href":"https:\/\/www.prijedordanas.com\/index.php?rest_route=\/wp\/v2\/types\/post"}],"author":[{"embeddable":true,"href":"https:\/\/www.prijedordanas.com\/index.php?rest_route=\/wp\/v2\/users\/1"}],"replies":[{"embeddable":true,"href":"https:\/\/www.prijedordanas.com\/index.php?rest_route=%2Fwp%2Fv2%2Fcomments&post=82529"}],"version-history":[{"count":2,"href":"https:\/\/www.prijedordanas.com\/index.php?rest_route=\/wp\/v2\/posts\/82529\/revisions"}],"predecessor-version":[{"id":82550,"href":"https:\/\/www.prijedordanas.com\/index.php?rest_route=\/wp\/v2\/posts\/82529\/revisions\/82550"}],"wp:attachment":[{"href":"https:\/\/www.prijedordanas.com\/index.php?rest_route=%2Fwp%2Fv2%2Fmedia&parent=82529"}],"wp:term":[{"taxonomy":"category","embeddable":true,"href":"https:\/\/www.prijedordanas.com\/index.php?rest_route=%2Fwp%2Fv2%2Fcategories&post=82529"},{"taxonomy":"post_tag","embeddable":true,"href":"https:\/\/www.prijedordanas.com\/index.php?rest_route=%2Fwp%2Fv2%2Ftags&post=82529"}],"curies":[{"name":"wp","href":"https:\/\/api.w.org\/{rel}","templated":true}]}}