{"id":82192,"date":"2017-05-31T16:01:27","date_gmt":"2017-05-31T14:01:27","guid":{"rendered":"https:\/\/www.prijedordanas.com\/?p=82192"},"modified":"2017-05-31T16:27:01","modified_gmt":"2017-05-31T14:27:01","slug":"prijedor-obiljezen-dan-bijelih-traka-fotovideo","status":"publish","type":"post","link":"https:\/\/www.prijedordanas.com\/?p=82192","title":{"rendered":"PRIJEDOR: OBILJE\u017dEN \u201eDAN BIJELIH TRAKA\u201c \u2013 FOTO\/VIDEO"},"content":{"rendered":"<p><a href=\"https:\/\/www.prijedordanas.com\/wp-content\/uploads\/2017\/05\/dan-bijelih-traka-2017-1.jpg\"><img loading=\"lazy\" decoding=\"async\" class=\"alignleft size-medium wp-image-82193\" src=\"https:\/\/www.prijedordanas.com\/wp-content\/uploads\/2017\/05\/dan-bijelih-traka-2017-1-300x222.jpg\" alt=\"\" width=\"300\" height=\"222\" srcset=\"https:\/\/www.prijedordanas.com\/wp-content\/uploads\/2017\/05\/dan-bijelih-traka-2017-1-300x222.jpg 300w, https:\/\/www.prijedordanas.com\/wp-content\/uploads\/2017\/05\/dan-bijelih-traka-2017-1-100x74.jpg 100w, https:\/\/www.prijedordanas.com\/wp-content\/uploads\/2017\/05\/dan-bijelih-traka-2017-1.jpg 675w\" sizes=\"(max-width: 300px) 100vw, 300px\" \/><\/a>Predstavnici inicijative \u201cJer me se ti\u010de\u201d, udru\u017eenja logora\u0161a i \u017ertava rata, gra\u0111ani Prijedora i drugih mjesta, zajedno sa predstavnicima NVO sektora, danas su obilje\u017eili \u201cDan bijelih traka\u201d.<\/p>\n<p>Oni su simboli\u010dnim no\u0161enjem bijelih traka odali po\u010dast \u017ertvama rata koje su prije 25 godine nedu\u017eno stradale u Prijedoru.<\/p>\n<p>Obilje\u017eavanju \u201cDana bijelih traka\u201d u Prijedoru je prisustvovalo vi\u0161e stotina gra\u0111ana.<\/p>\n<p>Prisutni su nosili transparente sa porukama da zlo\u010din ne smije i ne treba biti zaboravljen, zatim su pro\u0161etali glavnim trgom do trga ispred nekada\u0161nje robne ku\u0107a \u201cPatrija\u201d, gdje su polo\u017eili ru\u017ee za 102 ubijene djece.<\/p>\n<p>Nakon mirne \u0161etnje koz glavnu prijedorsku ulicu na trgu je ura\u0111ena instalacija na kojoj su iscrtana dje\u010dija stopala(cipelice) sa brojem 102 koja je bila na\u010din na koji roditelji ubijene djece \u017eele da skrenu pa\u017enju da ve\u0107 godinama tra\u017ee od Skup\u0161tine grada da razmatra prijedlog o izgradnji spomen-obilje\u017eja.<\/p>\n<p>Predstavnici roditelja ubijene djece potom su na protokol Gradske uprave ponovo predali zahtjev za podizanje spomenika uz koji su prilo\u017eili dosijea ubijene djece za svakog odbornika.<\/p>\n<p>Osim gra\u0111ana i dijela odbornika lokalnog parlamenta, &#8220;Danu bijelih traka&#8221; prisustvovali su potpredsjednik Republike Srpske Ramiz Salki\u0107 i potpredsjednik Narodne skup\u0161tine RS Senad Brati\u0107.<\/p>\n<p>Tekst i foto \u2013 Aleksandar Drakuli\u0107 \u2013 <a href=\"www.prijedordanas.com\" target=\"_blank\" rel=\"noopener noreferrer\">www.prijedordanas.com<\/a><\/p>\n<p><iframe loading=\"lazy\" width=\"500\" height=\"281\" src=\"https:\/\/www.youtube.com\/embed\/seKY1oOTrvA?feature=oembed\" frameborder=\"0\" allowfullscreen><\/iframe><\/p>\n<p><a href=\"https:\/\/www.prijedordanas.com\/wp-content\/uploads\/2017\/05\/dan-bijelih-traka-2017-2.jpg\"><img loading=\"lazy\" decoding=\"async\" class=\"alignleft size-medium wp-image-82194\" src=\"https:\/\/www.prijedordanas.com\/wp-content\/uploads\/2017\/05\/dan-bijelih-traka-2017-2-300x222.jpg\" alt=\"\" width=\"300\" height=\"222\" srcset=\"https:\/\/www.prijedordanas.com\/wp-content\/uploads\/2017\/05\/dan-bijelih-traka-2017-2-300x222.jpg 300w, https:\/\/www.prijedordanas.com\/wp-content\/uploads\/2017\/05\/dan-bijelih-traka-2017-2-100x74.jpg 100w, https:\/\/www.prijedordanas.com\/wp-content\/uploads\/2017\/05\/dan-bijelih-traka-2017-2.jpg 675w\" sizes=\"(max-width: 300px) 100vw, 300px\" \/><\/a> <a href=\"https:\/\/www.prijedordanas.com\/wp-content\/uploads\/2017\/05\/dan-bijelih-traka-2017-3.jpg\"><img loading=\"lazy\" decoding=\"async\" class=\"alignleft size-medium wp-image-82195\" src=\"https:\/\/www.prijedordanas.com\/wp-content\/uploads\/2017\/05\/dan-bijelih-traka-2017-3-300x222.jpg\" alt=\"\" width=\"300\" height=\"222\" srcset=\"https:\/\/www.prijedordanas.com\/wp-content\/uploads\/2017\/05\/dan-bijelih-traka-2017-3-300x222.jpg 300w, https:\/\/www.prijedordanas.com\/wp-content\/uploads\/2017\/05\/dan-bijelih-traka-2017-3-100x74.jpg 100w, https:\/\/www.prijedordanas.com\/wp-content\/uploads\/2017\/05\/dan-bijelih-traka-2017-3.jpg 675w\" sizes=\"(max-width: 300px) 100vw, 300px\" \/><\/a> <a href=\"https:\/\/www.prijedordanas.com\/wp-content\/uploads\/2017\/05\/dan-bijelih-traka-2017-4.jpg\"><img loading=\"lazy\" decoding=\"async\" class=\"alignleft size-medium wp-image-82196\" src=\"https:\/\/www.prijedordanas.com\/wp-content\/uploads\/2017\/05\/dan-bijelih-traka-2017-4-300x222.jpg\" alt=\"\" width=\"300\" height=\"222\" srcset=\"https:\/\/www.prijedordanas.com\/wp-content\/uploads\/2017\/05\/dan-bijelih-traka-2017-4-300x222.jpg 300w, https:\/\/www.prijedordanas.com\/wp-content\/uploads\/2017\/05\/dan-bijelih-traka-2017-4-100x74.jpg 100w, https:\/\/www.prijedordanas.com\/wp-content\/uploads\/2017\/05\/dan-bijelih-traka-2017-4.jpg 675w\" sizes=\"(max-width: 300px) 100vw, 300px\" \/><\/a> <a href=\"https:\/\/www.prijedordanas.com\/wp-content\/uploads\/2017\/05\/dan-bijelih-traka-2017-5.jpg\"><img loading=\"lazy\" decoding=\"async\" class=\"alignleft size-medium wp-image-82197\" src=\"https:\/\/www.prijedordanas.com\/wp-content\/uploads\/2017\/05\/dan-bijelih-traka-2017-5-300x222.jpg\" alt=\"\" width=\"300\" height=\"222\" srcset=\"https:\/\/www.prijedordanas.com\/wp-content\/uploads\/2017\/05\/dan-bijelih-traka-2017-5-300x222.jpg 300w, https:\/\/www.prijedordanas.com\/wp-content\/uploads\/2017\/05\/dan-bijelih-traka-2017-5-100x74.jpg 100w, https:\/\/www.prijedordanas.com\/wp-content\/uploads\/2017\/05\/dan-bijelih-traka-2017-5.jpg 675w\" sizes=\"(max-width: 300px) 100vw, 300px\" \/><\/a> <a href=\"https:\/\/www.prijedordanas.com\/wp-content\/uploads\/2017\/05\/dan-bijelih-traka-2017-6.jpg\"><img loading=\"lazy\" decoding=\"async\" class=\"alignleft size-medium wp-image-82198\" src=\"https:\/\/www.prijedordanas.com\/wp-content\/uploads\/2017\/05\/dan-bijelih-traka-2017-6-300x199.jpg\" alt=\"\" width=\"300\" height=\"199\" srcset=\"https:\/\/www.prijedordanas.com\/wp-content\/uploads\/2017\/05\/dan-bijelih-traka-2017-6-300x200.jpg 300w, https:\/\/www.prijedordanas.com\/wp-content\/uploads\/2017\/05\/dan-bijelih-traka-2017-6-100x66.jpg 100w, https:\/\/www.prijedordanas.com\/wp-content\/uploads\/2017\/05\/dan-bijelih-traka-2017-6-480x320.jpg 480w, https:\/\/www.prijedordanas.com\/wp-content\/uploads\/2017\/05\/dan-bijelih-traka-2017-6.jpg 600w\" sizes=\"(max-width: 300px) 100vw, 300px\" \/><\/a> <a href=\"https:\/\/www.prijedordanas.com\/wp-content\/uploads\/2017\/05\/dan-bijelih-traka-2017-7.jpg\"><img loading=\"lazy\" decoding=\"async\" class=\"alignleft size-medium wp-image-82199\" src=\"https:\/\/www.prijedordanas.com\/wp-content\/uploads\/2017\/05\/dan-bijelih-traka-2017-7-300x199.jpg\" alt=\"\" width=\"300\" height=\"199\" srcset=\"https:\/\/www.prijedordanas.com\/wp-content\/uploads\/2017\/05\/dan-bijelih-traka-2017-7-300x200.jpg 300w, https:\/\/www.prijedordanas.com\/wp-content\/uploads\/2017\/05\/dan-bijelih-traka-2017-7-100x66.jpg 100w, https:\/\/www.prijedordanas.com\/wp-content\/uploads\/2017\/05\/dan-bijelih-traka-2017-7-480x320.jpg 480w, https:\/\/www.prijedordanas.com\/wp-content\/uploads\/2017\/05\/dan-bijelih-traka-2017-7.jpg 600w\" sizes=\"(max-width: 300px) 100vw, 300px\" \/><\/a> <a href=\"https:\/\/www.prijedordanas.com\/wp-content\/uploads\/2017\/05\/dan-bijelih-traka-2017-8.jpg\"><img loading=\"lazy\" decoding=\"async\" class=\"alignleft size-medium wp-image-82200\" src=\"https:\/\/www.prijedordanas.com\/wp-content\/uploads\/2017\/05\/dan-bijelih-traka-2017-8-300x199.jpg\" alt=\"\" width=\"300\" height=\"199\" srcset=\"https:\/\/www.prijedordanas.com\/wp-content\/uploads\/2017\/05\/dan-bijelih-traka-2017-8-300x200.jpg 300w, https:\/\/www.prijedordanas.com\/wp-content\/uploads\/2017\/05\/dan-bijelih-traka-2017-8-100x66.jpg 100w, https:\/\/www.prijedordanas.com\/wp-content\/uploads\/2017\/05\/dan-bijelih-traka-2017-8-480x320.jpg 480w, https:\/\/www.prijedordanas.com\/wp-content\/uploads\/2017\/05\/dan-bijelih-traka-2017-8.jpg 600w\" sizes=\"(max-width: 300px) 100vw, 300px\" \/><\/a> <a href=\"https:\/\/www.prijedordanas.com\/wp-content\/uploads\/2017\/05\/dan-bijelih-traka-2017-9.jpg\"><img loading=\"lazy\" decoding=\"async\" class=\"alignleft size-medium wp-image-82201\" src=\"https:\/\/www.prijedordanas.com\/wp-content\/uploads\/2017\/05\/dan-bijelih-traka-2017-9-300x199.jpg\" alt=\"\" width=\"300\" height=\"199\" srcset=\"https:\/\/www.prijedordanas.com\/wp-content\/uploads\/2017\/05\/dan-bijelih-traka-2017-9-300x200.jpg 300w, https:\/\/www.prijedordanas.com\/wp-content\/uploads\/2017\/05\/dan-bijelih-traka-2017-9-100x66.jpg 100w, https:\/\/www.prijedordanas.com\/wp-content\/uploads\/2017\/05\/dan-bijelih-traka-2017-9-480x320.jpg 480w, https:\/\/www.prijedordanas.com\/wp-content\/uploads\/2017\/05\/dan-bijelih-traka-2017-9.jpg 600w\" sizes=\"(max-width: 300px) 100vw, 300px\" \/><\/a> <a href=\"https:\/\/www.prijedordanas.com\/wp-content\/uploads\/2017\/05\/dan-bijelih-traka-2017-10.jpg\"><img loading=\"lazy\" decoding=\"async\" class=\"alignleft size-medium wp-image-82202\" src=\"https:\/\/www.prijedordanas.com\/wp-content\/uploads\/2017\/05\/dan-bijelih-traka-2017-10-300x199.jpg\" alt=\"\" width=\"300\" height=\"199\" srcset=\"https:\/\/www.prijedordanas.com\/wp-content\/uploads\/2017\/05\/dan-bijelih-traka-2017-10-300x200.jpg 300w, https:\/\/www.prijedordanas.com\/wp-content\/uploads\/2017\/05\/dan-bijelih-traka-2017-10-100x66.jpg 100w, https:\/\/www.prijedordanas.com\/wp-content\/uploads\/2017\/05\/dan-bijelih-traka-2017-10-480x320.jpg 480w, https:\/\/www.prijedordanas.com\/wp-content\/uploads\/2017\/05\/dan-bijelih-traka-2017-10.jpg 600w\" sizes=\"(max-width: 300px) 100vw, 300px\" \/><\/a> <a href=\"https:\/\/www.prijedordanas.com\/wp-content\/uploads\/2017\/05\/dan-bijelih-traka-2017-11.jpg\"><img loading=\"lazy\" decoding=\"async\" class=\"alignleft size-medium wp-image-82203\" src=\"https:\/\/www.prijedordanas.com\/wp-content\/uploads\/2017\/05\/dan-bijelih-traka-2017-11-300x199.jpg\" alt=\"\" width=\"300\" height=\"199\" srcset=\"https:\/\/www.prijedordanas.com\/wp-content\/uploads\/2017\/05\/dan-bijelih-traka-2017-11-300x200.jpg 300w, https:\/\/www.prijedordanas.com\/wp-content\/uploads\/2017\/05\/dan-bijelih-traka-2017-11-100x66.jpg 100w, https:\/\/www.prijedordanas.com\/wp-content\/uploads\/2017\/05\/dan-bijelih-traka-2017-11-480x320.jpg 480w, https:\/\/www.prijedordanas.com\/wp-content\/uploads\/2017\/05\/dan-bijelih-traka-2017-11.jpg 600w\" sizes=\"(max-width: 300px) 100vw, 300px\" \/><\/a> <a href=\"https:\/\/www.prijedordanas.com\/wp-content\/uploads\/2017\/05\/dan-bijelih-traka-2017-12.jpg\"><img loading=\"lazy\" decoding=\"async\" class=\"alignleft size-medium wp-image-82204\" src=\"https:\/\/www.prijedordanas.com\/wp-content\/uploads\/2017\/05\/dan-bijelih-traka-2017-12-300x199.jpg\" alt=\"\" width=\"300\" height=\"199\" srcset=\"https:\/\/www.prijedordanas.com\/wp-content\/uploads\/2017\/05\/dan-bijelih-traka-2017-12-300x200.jpg 300w, https:\/\/www.prijedordanas.com\/wp-content\/uploads\/2017\/05\/dan-bijelih-traka-2017-12-100x66.jpg 100w, https:\/\/www.prijedordanas.com\/wp-content\/uploads\/2017\/05\/dan-bijelih-traka-2017-12-480x320.jpg 480w, https:\/\/www.prijedordanas.com\/wp-content\/uploads\/2017\/05\/dan-bijelih-traka-2017-12.jpg 600w\" sizes=\"(max-width: 300px) 100vw, 300px\" \/><\/a> <a href=\"https:\/\/www.prijedordanas.com\/wp-content\/uploads\/2017\/05\/dan-bijelih-traka-2017-13.jpg\"><img loading=\"lazy\" decoding=\"async\" class=\"alignleft size-medium wp-image-82206\" src=\"https:\/\/www.prijedordanas.com\/wp-content\/uploads\/2017\/05\/dan-bijelih-traka-2017-13-300x199.jpg\" alt=\"\" width=\"300\" height=\"199\" srcset=\"https:\/\/www.prijedordanas.com\/wp-content\/uploads\/2017\/05\/dan-bijelih-traka-2017-13-300x200.jpg 300w, https:\/\/www.prijedordanas.com\/wp-content\/uploads\/2017\/05\/dan-bijelih-traka-2017-13-100x66.jpg 100w, https:\/\/www.prijedordanas.com\/wp-content\/uploads\/2017\/05\/dan-bijelih-traka-2017-13-480x320.jpg 480w, https:\/\/www.prijedordanas.com\/wp-content\/uploads\/2017\/05\/dan-bijelih-traka-2017-13.jpg 600w\" sizes=\"(max-width: 300px) 100vw, 300px\" \/><\/a> <a href=\"https:\/\/www.prijedordanas.com\/wp-content\/uploads\/2017\/05\/dan-bijelih-traka-2017-14.jpg\"><img loading=\"lazy\" decoding=\"async\" class=\"alignleft size-medium wp-image-82207\" src=\"https:\/\/www.prijedordanas.com\/wp-content\/uploads\/2017\/05\/dan-bijelih-traka-2017-14-300x199.jpg\" alt=\"\" width=\"300\" height=\"199\" srcset=\"https:\/\/www.prijedordanas.com\/wp-content\/uploads\/2017\/05\/dan-bijelih-traka-2017-14-300x200.jpg 300w, https:\/\/www.prijedordanas.com\/wp-content\/uploads\/2017\/05\/dan-bijelih-traka-2017-14-100x66.jpg 100w, https:\/\/www.prijedordanas.com\/wp-content\/uploads\/2017\/05\/dan-bijelih-traka-2017-14-480x320.jpg 480w, https:\/\/www.prijedordanas.com\/wp-content\/uploads\/2017\/05\/dan-bijelih-traka-2017-14.jpg 600w\" sizes=\"(max-width: 300px) 100vw, 300px\" \/><\/a> <a href=\"https:\/\/www.prijedordanas.com\/wp-content\/uploads\/2017\/05\/dan-bijelih-traka-2017-15.jpg\"><img loading=\"lazy\" decoding=\"async\" class=\"alignleft size-medium wp-image-82208\" src=\"https:\/\/www.prijedordanas.com\/wp-content\/uploads\/2017\/05\/dan-bijelih-traka-2017-15-300x199.jpg\" alt=\"\" width=\"300\" height=\"199\" srcset=\"https:\/\/www.prijedordanas.com\/wp-content\/uploads\/2017\/05\/dan-bijelih-traka-2017-15-300x200.jpg 300w, https:\/\/www.prijedordanas.com\/wp-content\/uploads\/2017\/05\/dan-bijelih-traka-2017-15-100x66.jpg 100w, https:\/\/www.prijedordanas.com\/wp-content\/uploads\/2017\/05\/dan-bijelih-traka-2017-15-480x320.jpg 480w, https:\/\/www.prijedordanas.com\/wp-content\/uploads\/2017\/05\/dan-bijelih-traka-2017-15.jpg 600w\" sizes=\"(max-width: 300px) 100vw, 300px\" \/><\/a> <a href=\"https:\/\/www.prijedordanas.com\/wp-content\/uploads\/2017\/05\/dan-bijelih-traka-2017-16.jpg\"><img loading=\"lazy\" decoding=\"async\" class=\"alignleft size-medium wp-image-82209\" src=\"https:\/\/www.prijedordanas.com\/wp-content\/uploads\/2017\/05\/dan-bijelih-traka-2017-16-300x199.jpg\" alt=\"\" width=\"300\" height=\"199\" srcset=\"https:\/\/www.prijedordanas.com\/wp-content\/uploads\/2017\/05\/dan-bijelih-traka-2017-16-300x200.jpg 300w, https:\/\/www.prijedordanas.com\/wp-content\/uploads\/2017\/05\/dan-bijelih-traka-2017-16-100x66.jpg 100w, https:\/\/www.prijedordanas.com\/wp-content\/uploads\/2017\/05\/dan-bijelih-traka-2017-16-480x320.jpg 480w, https:\/\/www.prijedordanas.com\/wp-content\/uploads\/2017\/05\/dan-bijelih-traka-2017-16.jpg 600w\" sizes=\"(max-width: 300px) 100vw, 300px\" \/><\/a> <a href=\"https:\/\/www.prijedordanas.com\/wp-content\/uploads\/2017\/05\/dan-bijelih-traka-2017-17.jpg\"><img loading=\"lazy\" decoding=\"async\" class=\"alignleft size-medium wp-image-82210\" src=\"https:\/\/www.prijedordanas.com\/wp-content\/uploads\/2017\/05\/dan-bijelih-traka-2017-17-300x199.jpg\" alt=\"\" width=\"300\" height=\"199\" srcset=\"https:\/\/www.prijedordanas.com\/wp-content\/uploads\/2017\/05\/dan-bijelih-traka-2017-17-300x200.jpg 300w, https:\/\/www.prijedordanas.com\/wp-content\/uploads\/2017\/05\/dan-bijelih-traka-2017-17-100x66.jpg 100w, https:\/\/www.prijedordanas.com\/wp-content\/uploads\/2017\/05\/dan-bijelih-traka-2017-17-480x320.jpg 480w, https:\/\/www.prijedordanas.com\/wp-content\/uploads\/2017\/05\/dan-bijelih-traka-2017-17.jpg 600w\" sizes=\"(max-width: 300px) 100vw, 300px\" \/><\/a> <a href=\"https:\/\/www.prijedordanas.com\/wp-content\/uploads\/2017\/05\/dan-bijelih-traka-2017-18.jpg\"><img loading=\"lazy\" decoding=\"async\" class=\"alignleft size-medium wp-image-82212\" src=\"https:\/\/www.prijedordanas.com\/wp-content\/uploads\/2017\/05\/dan-bijelih-traka-2017-18-300x199.jpg\" alt=\"\" width=\"300\" height=\"199\" srcset=\"https:\/\/www.prijedordanas.com\/wp-content\/uploads\/2017\/05\/dan-bijelih-traka-2017-18-300x200.jpg 300w, https:\/\/www.prijedordanas.com\/wp-content\/uploads\/2017\/05\/dan-bijelih-traka-2017-18-100x66.jpg 100w, https:\/\/www.prijedordanas.com\/wp-content\/uploads\/2017\/05\/dan-bijelih-traka-2017-18-480x320.jpg 480w, https:\/\/www.prijedordanas.com\/wp-content\/uploads\/2017\/05\/dan-bijelih-traka-2017-18.jpg 600w\" sizes=\"(max-width: 300px) 100vw, 300px\" \/><\/a> <a href=\"https:\/\/www.prijedordanas.com\/wp-content\/uploads\/2017\/05\/dan-bijelih-traka-2017-19.jpg\"><img loading=\"lazy\" decoding=\"async\" class=\"alignleft size-medium wp-image-82213\" src=\"https:\/\/www.prijedordanas.com\/wp-content\/uploads\/2017\/05\/dan-bijelih-traka-2017-19-300x199.jpg\" alt=\"\" width=\"300\" height=\"199\" srcset=\"https:\/\/www.prijedordanas.com\/wp-content\/uploads\/2017\/05\/dan-bijelih-traka-2017-19-300x200.jpg 300w, https:\/\/www.prijedordanas.com\/wp-content\/uploads\/2017\/05\/dan-bijelih-traka-2017-19-100x66.jpg 100w, https:\/\/www.prijedordanas.com\/wp-content\/uploads\/2017\/05\/dan-bijelih-traka-2017-19-480x320.jpg 480w, https:\/\/www.prijedordanas.com\/wp-content\/uploads\/2017\/05\/dan-bijelih-traka-2017-19.jpg 600w\" sizes=\"(max-width: 300px) 100vw, 300px\" \/><\/a> <a href=\"https:\/\/www.prijedordanas.com\/wp-content\/uploads\/2017\/05\/dan-bijelih-traka-2017-20.jpg\"><img loading=\"lazy\" decoding=\"async\" class=\"alignleft size-medium wp-image-82214\" src=\"https:\/\/www.prijedordanas.com\/wp-content\/uploads\/2017\/05\/dan-bijelih-traka-2017-20-300x199.jpg\" alt=\"\" width=\"300\" height=\"199\" srcset=\"https:\/\/www.prijedordanas.com\/wp-content\/uploads\/2017\/05\/dan-bijelih-traka-2017-20-300x200.jpg 300w, https:\/\/www.prijedordanas.com\/wp-content\/uploads\/2017\/05\/dan-bijelih-traka-2017-20-100x66.jpg 100w, https:\/\/www.prijedordanas.com\/wp-content\/uploads\/2017\/05\/dan-bijelih-traka-2017-20-480x320.jpg 480w, https:\/\/www.prijedordanas.com\/wp-content\/uploads\/2017\/05\/dan-bijelih-traka-2017-20.jpg 600w\" sizes=\"(max-width: 300px) 100vw, 300px\" \/><\/a> <a href=\"https:\/\/www.prijedordanas.com\/wp-content\/uploads\/2017\/05\/dan-bijelih-traka-2017-21.jpg\"><img loading=\"lazy\" decoding=\"async\" class=\"alignleft size-medium wp-image-82215\" src=\"https:\/\/www.prijedordanas.com\/wp-content\/uploads\/2017\/05\/dan-bijelih-traka-2017-21-300x199.jpg\" alt=\"\" width=\"300\" height=\"199\" srcset=\"https:\/\/www.prijedordanas.com\/wp-content\/uploads\/2017\/05\/dan-bijelih-traka-2017-21-300x200.jpg 300w, https:\/\/www.prijedordanas.com\/wp-content\/uploads\/2017\/05\/dan-bijelih-traka-2017-21-100x66.jpg 100w, https:\/\/www.prijedordanas.com\/wp-content\/uploads\/2017\/05\/dan-bijelih-traka-2017-21-480x320.jpg 480w, https:\/\/www.prijedordanas.com\/wp-content\/uploads\/2017\/05\/dan-bijelih-traka-2017-21.jpg 600w\" sizes=\"(max-width: 300px) 100vw, 300px\" \/><\/a> <a href=\"https:\/\/www.prijedordanas.com\/wp-content\/uploads\/2017\/05\/dan-bijelih-traka-2017-22.jpg\"><img loading=\"lazy\" decoding=\"async\" class=\"alignleft size-medium wp-image-82216\" src=\"https:\/\/www.prijedordanas.com\/wp-content\/uploads\/2017\/05\/dan-bijelih-traka-2017-22-300x199.jpg\" alt=\"\" width=\"300\" height=\"199\" srcset=\"https:\/\/www.prijedordanas.com\/wp-content\/uploads\/2017\/05\/dan-bijelih-traka-2017-22-300x200.jpg 300w, https:\/\/www.prijedordanas.com\/wp-content\/uploads\/2017\/05\/dan-bijelih-traka-2017-22-100x66.jpg 100w, https:\/\/www.prijedordanas.com\/wp-content\/uploads\/2017\/05\/dan-bijelih-traka-2017-22-480x320.jpg 480w, https:\/\/www.prijedordanas.com\/wp-content\/uploads\/2017\/05\/dan-bijelih-traka-2017-22.jpg 600w\" sizes=\"(max-width: 300px) 100vw, 300px\" \/><\/a><\/p>\n","protected":false},"excerpt":{"rendered":"<p>Predstavnici inicijative \u201cJer me se ti\u010de\u201d, udru\u017eenja logora\u0161a i \u017ertava rata, gra\u0111ani Prijedora i drugih mjesta, zajedno sa predstavnicima NVO sektora, danas su obilje\u017eili \u201cDan bijelih traka\u201d. Oni su simboli\u010dnim [&hellip;]<\/p>\n","protected":false},"author":1,"featured_media":0,"comment_status":"closed","ping_status":"open","sticky":false,"template":"","format":"standard","meta":{"_monsterinsights_skip_tracking":false,"_monsterinsights_sitenote_active":false,"_monsterinsights_sitenote_note":"","_monsterinsights_sitenote_category":0,"footnotes":""},"categories":[4],"tags":[1402,3615],"yoast_head":"<!-- This site is optimized with the Yoast SEO plugin v21.6 - https:\/\/yoast.com\/wordpress\/plugins\/seo\/ -->\n<title>PRIJEDOR: OBILJE\u017dEN \u201eDAN BIJELIH TRAKA\u201c \u2013 FOTO\/VIDEO - PrijedorDanas.com - Prijedorski gradski portal<\/title>\n<meta name=\"robots\" content=\"index, follow, max-snippet:-1, max-image-preview:large, max-video-preview:-1\" \/>\n<link rel=\"canonical\" href=\"https:\/\/www.prijedordanas.com\/?p=82192\" \/>\n<meta property=\"og:locale\" content=\"en_US\" \/>\n<meta property=\"og:type\" content=\"article\" \/>\n<meta property=\"og:title\" content=\"PRIJEDOR: OBILJE\u017dEN \u201eDAN BIJELIH TRAKA\u201c \u2013 FOTO\/VIDEO - PrijedorDanas.com - Prijedorski gradski portal\" \/>\n<meta property=\"og:description\" content=\"Predstavnici inicijative \u201cJer me se ti\u010de\u201d, udru\u017eenja logora\u0161a i \u017ertava rata, gra\u0111ani Prijedora i drugih mjesta, zajedno sa predstavnicima NVO sektora, danas su obilje\u017eili \u201cDan bijelih traka\u201d. Oni su simboli\u010dnim [&hellip;]\" \/>\n<meta property=\"og:url\" content=\"https:\/\/www.prijedordanas.com\/?p=82192\" \/>\n<meta property=\"og:site_name\" content=\"PrijedorDanas.com - Prijedorski gradski portal\" \/>\n<meta property=\"article:publisher\" content=\"https:\/\/www.facebook.com\/PrijedorDanasCom\/\" \/>\n<meta property=\"article:published_time\" content=\"2017-05-31T14:01:27+00:00\" \/>\n<meta property=\"article:modified_time\" content=\"2017-05-31T14:27:01+00:00\" \/>\n<meta property=\"og:image\" content=\"https:\/\/www.prijedordanas.com\/wp-content\/uploads\/2017\/05\/dan-bijelih-traka-2017-1-300x222.jpg\" \/>\n<meta name=\"author\" content=\"admin\" \/>\n<meta name=\"twitter:card\" content=\"summary_large_image\" \/>\n<meta name=\"twitter:label1\" content=\"Written by\" \/>\n\t<meta name=\"twitter:data1\" content=\"admin\" \/>\n\t<meta name=\"twitter:label2\" content=\"Est. reading time\" \/>\n\t<meta name=\"twitter:data2\" content=\"1 minute\" \/>\n<script type=\"application\/ld+json\" class=\"yoast-schema-graph\">{\"@context\":\"https:\/\/schema.org\",\"@graph\":[{\"@type\":\"Article\",\"@id\":\"https:\/\/www.prijedordanas.com\/?p=82192#article\",\"isPartOf\":{\"@id\":\"https:\/\/www.prijedordanas.com\/?p=82192\"},\"author\":{\"name\":\"admin\",\"@id\":\"https:\/\/www.prijedordanas.com\/#\/schema\/person\/4e08ccf29b506ca916ff86d46bb700e6\"},\"headline\":\"PRIJEDOR: OBILJE\u017dEN \u201eDAN BIJELIH TRAKA\u201c \u2013 FOTO\/VIDEO\",\"datePublished\":\"2017-05-31T14:01:27+00:00\",\"dateModified\":\"2017-05-31T14:27:01+00:00\",\"mainEntityOfPage\":{\"@id\":\"https:\/\/www.prijedordanas.com\/?p=82192\"},\"wordCount\":236,\"publisher\":{\"@id\":\"https:\/\/www.prijedordanas.com\/#organization\"},\"keywords\":[\"dan bijelih traka\",\"Jer me se ti\u010de\"],\"articleSection\":[\"Dru\u0161tvo\"],\"inLanguage\":\"en-US\"},{\"@type\":\"WebPage\",\"@id\":\"https:\/\/www.prijedordanas.com\/?p=82192\",\"url\":\"https:\/\/www.prijedordanas.com\/?p=82192\",\"name\":\"PRIJEDOR: OBILJE\u017dEN \u201eDAN BIJELIH TRAKA\u201c \u2013 FOTO\/VIDEO - PrijedorDanas.com - Prijedorski gradski portal\",\"isPartOf\":{\"@id\":\"https:\/\/www.prijedordanas.com\/#website\"},\"datePublished\":\"2017-05-31T14:01:27+00:00\",\"dateModified\":\"2017-05-31T14:27:01+00:00\",\"breadcrumb\":{\"@id\":\"https:\/\/www.prijedordanas.com\/?p=82192#breadcrumb\"},\"inLanguage\":\"en-US\",\"potentialAction\":[{\"@type\":\"ReadAction\",\"target\":[\"https:\/\/www.prijedordanas.com\/?p=82192\"]}]},{\"@type\":\"BreadcrumbList\",\"@id\":\"https:\/\/www.prijedordanas.com\/?p=82192#breadcrumb\",\"itemListElement\":[{\"@type\":\"ListItem\",\"position\":1,\"name\":\"Home\",\"item\":\"https:\/\/www.prijedordanas.com\/\"},{\"@type\":\"ListItem\",\"position\":2,\"name\":\"PRIJEDOR: OBILJE\u017dEN \u201eDAN BIJELIH TRAKA\u201c \u2013 FOTO\/VIDEO\"}]},{\"@type\":\"WebSite\",\"@id\":\"https:\/\/www.prijedordanas.com\/#website\",\"url\":\"https:\/\/www.prijedordanas.com\/\",\"name\":\"PrijedorDanas.com - Prijedorski gradski portal\",\"description\":\"Portal o doga\u0111anjima u gradu Prijedoru\",\"publisher\":{\"@id\":\"https:\/\/www.prijedordanas.com\/#organization\"},\"potentialAction\":[{\"@type\":\"SearchAction\",\"target\":{\"@type\":\"EntryPoint\",\"urlTemplate\":\"https:\/\/www.prijedordanas.com\/?s={search_term_string}\"},\"query-input\":\"required name=search_term_string\"}],\"inLanguage\":\"en-US\"},{\"@type\":\"Organization\",\"@id\":\"https:\/\/www.prijedordanas.com\/#organization\",\"name\":\"PrijedorDanas.com\",\"url\":\"https:\/\/www.prijedordanas.com\/\",\"logo\":{\"@type\":\"ImageObject\",\"inLanguage\":\"en-US\",\"@id\":\"https:\/\/www.prijedordanas.com\/#\/schema\/logo\/image\/\",\"url\":\"http:\/\/www.prijedordanas.com\/wp-content\/uploads\/2021\/12\/logopng.png\",\"contentUrl\":\"http:\/\/www.prijedordanas.com\/wp-content\/uploads\/2021\/12\/logopng.png\",\"width\":1019,\"height\":776,\"caption\":\"PrijedorDanas.com\"},\"image\":{\"@id\":\"https:\/\/www.prijedordanas.com\/#\/schema\/logo\/image\/\"},\"sameAs\":[\"https:\/\/www.facebook.com\/PrijedorDanasCom\/\"]},{\"@type\":\"Person\",\"@id\":\"https:\/\/www.prijedordanas.com\/#\/schema\/person\/4e08ccf29b506ca916ff86d46bb700e6\",\"name\":\"admin\",\"image\":{\"@type\":\"ImageObject\",\"inLanguage\":\"en-US\",\"@id\":\"https:\/\/www.prijedordanas.com\/#\/schema\/person\/image\/\",\"url\":\"https:\/\/secure.gravatar.com\/avatar\/1d3fc949d550f0b53a5f0d51e06dfd79?s=96&d=mm&r=g\",\"contentUrl\":\"https:\/\/secure.gravatar.com\/avatar\/1d3fc949d550f0b53a5f0d51e06dfd79?s=96&d=mm&r=g\",\"caption\":\"admin\"},\"url\":\"https:\/\/www.prijedordanas.com\/?author=1\"}]}<\/script>\n<!-- \/ Yoast SEO plugin. -->","yoast_head_json":{"title":"PRIJEDOR: OBILJE\u017dEN \u201eDAN BIJELIH TRAKA\u201c \u2013 FOTO\/VIDEO - PrijedorDanas.com - Prijedorski gradski portal","robots":{"index":"index","follow":"follow","max-snippet":"max-snippet:-1","max-image-preview":"max-image-preview:large","max-video-preview":"max-video-preview:-1"},"canonical":"https:\/\/www.prijedordanas.com\/?p=82192","og_locale":"en_US","og_type":"article","og_title":"PRIJEDOR: OBILJE\u017dEN \u201eDAN BIJELIH TRAKA\u201c \u2013 FOTO\/VIDEO - PrijedorDanas.com - Prijedorski gradski portal","og_description":"Predstavnici inicijative \u201cJer me se ti\u010de\u201d, udru\u017eenja logora\u0161a i \u017ertava rata, gra\u0111ani Prijedora i drugih mjesta, zajedno sa predstavnicima NVO sektora, danas su obilje\u017eili \u201cDan bijelih traka\u201d. Oni su simboli\u010dnim [&hellip;]","og_url":"https:\/\/www.prijedordanas.com\/?p=82192","og_site_name":"PrijedorDanas.com - Prijedorski gradski portal","article_publisher":"https:\/\/www.facebook.com\/PrijedorDanasCom\/","article_published_time":"2017-05-31T14:01:27+00:00","article_modified_time":"2017-05-31T14:27:01+00:00","og_image":[{"url":"https:\/\/www.prijedordanas.com\/wp-content\/uploads\/2017\/05\/dan-bijelih-traka-2017-1-300x222.jpg"}],"author":"admin","twitter_card":"summary_large_image","twitter_misc":{"Written by":"admin","Est. reading time":"1 minute"},"schema":{"@context":"https:\/\/schema.org","@graph":[{"@type":"Article","@id":"https:\/\/www.prijedordanas.com\/?p=82192#article","isPartOf":{"@id":"https:\/\/www.prijedordanas.com\/?p=82192"},"author":{"name":"admin","@id":"https:\/\/www.prijedordanas.com\/#\/schema\/person\/4e08ccf29b506ca916ff86d46bb700e6"},"headline":"PRIJEDOR: OBILJE\u017dEN \u201eDAN BIJELIH TRAKA\u201c \u2013 FOTO\/VIDEO","datePublished":"2017-05-31T14:01:27+00:00","dateModified":"2017-05-31T14:27:01+00:00","mainEntityOfPage":{"@id":"https:\/\/www.prijedordanas.com\/?p=82192"},"wordCount":236,"publisher":{"@id":"https:\/\/www.prijedordanas.com\/#organization"},"keywords":["dan bijelih traka","Jer me se ti\u010de"],"articleSection":["Dru\u0161tvo"],"inLanguage":"en-US"},{"@type":"WebPage","@id":"https:\/\/www.prijedordanas.com\/?p=82192","url":"https:\/\/www.prijedordanas.com\/?p=82192","name":"PRIJEDOR: OBILJE\u017dEN \u201eDAN BIJELIH TRAKA\u201c \u2013 FOTO\/VIDEO - PrijedorDanas.com - Prijedorski gradski portal","isPartOf":{"@id":"https:\/\/www.prijedordanas.com\/#website"},"datePublished":"2017-05-31T14:01:27+00:00","dateModified":"2017-05-31T14:27:01+00:00","breadcrumb":{"@id":"https:\/\/www.prijedordanas.com\/?p=82192#breadcrumb"},"inLanguage":"en-US","potentialAction":[{"@type":"ReadAction","target":["https:\/\/www.prijedordanas.com\/?p=82192"]}]},{"@type":"BreadcrumbList","@id":"https:\/\/www.prijedordanas.com\/?p=82192#breadcrumb","itemListElement":[{"@type":"ListItem","position":1,"name":"Home","item":"https:\/\/www.prijedordanas.com\/"},{"@type":"ListItem","position":2,"name":"PRIJEDOR: OBILJE\u017dEN \u201eDAN BIJELIH TRAKA\u201c \u2013 FOTO\/VIDEO"}]},{"@type":"WebSite","@id":"https:\/\/www.prijedordanas.com\/#website","url":"https:\/\/www.prijedordanas.com\/","name":"PrijedorDanas.com - Prijedorski gradski portal","description":"Portal o doga\u0111anjima u gradu Prijedoru","publisher":{"@id":"https:\/\/www.prijedordanas.com\/#organization"},"potentialAction":[{"@type":"SearchAction","target":{"@type":"EntryPoint","urlTemplate":"https:\/\/www.prijedordanas.com\/?s={search_term_string}"},"query-input":"required name=search_term_string"}],"inLanguage":"en-US"},{"@type":"Organization","@id":"https:\/\/www.prijedordanas.com\/#organization","name":"PrijedorDanas.com","url":"https:\/\/www.prijedordanas.com\/","logo":{"@type":"ImageObject","inLanguage":"en-US","@id":"https:\/\/www.prijedordanas.com\/#\/schema\/logo\/image\/","url":"http:\/\/www.prijedordanas.com\/wp-content\/uploads\/2021\/12\/logopng.png","contentUrl":"http:\/\/www.prijedordanas.com\/wp-content\/uploads\/2021\/12\/logopng.png","width":1019,"height":776,"caption":"PrijedorDanas.com"},"image":{"@id":"https:\/\/www.prijedordanas.com\/#\/schema\/logo\/image\/"},"sameAs":["https:\/\/www.facebook.com\/PrijedorDanasCom\/"]},{"@type":"Person","@id":"https:\/\/www.prijedordanas.com\/#\/schema\/person\/4e08ccf29b506ca916ff86d46bb700e6","name":"admin","image":{"@type":"ImageObject","inLanguage":"en-US","@id":"https:\/\/www.prijedordanas.com\/#\/schema\/person\/image\/","url":"https:\/\/secure.gravatar.com\/avatar\/1d3fc949d550f0b53a5f0d51e06dfd79?s=96&d=mm&r=g","contentUrl":"https:\/\/secure.gravatar.com\/avatar\/1d3fc949d550f0b53a5f0d51e06dfd79?s=96&d=mm&r=g","caption":"admin"},"url":"https:\/\/www.prijedordanas.com\/?author=1"}]}},"_links":{"self":[{"href":"https:\/\/www.prijedordanas.com\/index.php?rest_route=\/wp\/v2\/posts\/82192"}],"collection":[{"href":"https:\/\/www.prijedordanas.com\/index.php?rest_route=\/wp\/v2\/posts"}],"about":[{"href":"https:\/\/www.prijedordanas.com\/index.php?rest_route=\/wp\/v2\/types\/post"}],"author":[{"embeddable":true,"href":"https:\/\/www.prijedordanas.com\/index.php?rest_route=\/wp\/v2\/users\/1"}],"replies":[{"embeddable":true,"href":"https:\/\/www.prijedordanas.com\/index.php?rest_route=%2Fwp%2Fv2%2Fcomments&post=82192"}],"version-history":[{"count":3,"href":"https:\/\/www.prijedordanas.com\/index.php?rest_route=\/wp\/v2\/posts\/82192\/revisions"}],"predecessor-version":[{"id":82219,"href":"https:\/\/www.prijedordanas.com\/index.php?rest_route=\/wp\/v2\/posts\/82192\/revisions\/82219"}],"wp:attachment":[{"href":"https:\/\/www.prijedordanas.com\/index.php?rest_route=%2Fwp%2Fv2%2Fmedia&parent=82192"}],"wp:term":[{"taxonomy":"category","embeddable":true,"href":"https:\/\/www.prijedordanas.com\/index.php?rest_route=%2Fwp%2Fv2%2Fcategories&post=82192"},{"taxonomy":"post_tag","embeddable":true,"href":"https:\/\/www.prijedordanas.com\/index.php?rest_route=%2Fwp%2Fv2%2Ftags&post=82192"}],"curies":[{"name":"wp","href":"https:\/\/api.w.org\/{rel}","templated":true}]}}