{"id":82115,"date":"2017-05-30T20:46:40","date_gmt":"2017-05-30T18:46:40","guid":{"rendered":"https:\/\/www.prijedordanas.com\/?p=82115"},"modified":"2017-05-30T20:46:40","modified_gmt":"2017-05-30T18:46:40","slug":"oci-pune-suza-izazvale-brojne-reakcije-humani-ljudi-obradovali-baku-barbaru-foto","status":"publish","type":"post","link":"https:\/\/www.prijedordanas.com\/?p=82115","title":{"rendered":"O\u010cI PUNE SUZA IZAZVALE BROJNE REAKCIJE: HUMANI LJUDI OBRADOVALI BAKU BARBARU &#8211; FOTO"},"content":{"rendered":"<p><a href=\"https:\/\/www.prijedordanas.com\/wp-content\/uploads\/2017\/05\/pomoc-za-barbaru-iveljic-1.jpg\"><img loading=\"lazy\" decoding=\"async\" class=\"alignleft size-medium wp-image-82116\" src=\"https:\/\/www.prijedordanas.com\/wp-content\/uploads\/2017\/05\/pomoc-za-barbaru-iveljic-1-300x225.jpg\" alt=\"\" width=\"300\" height=\"225\" srcset=\"https:\/\/www.prijedordanas.com\/wp-content\/uploads\/2017\/05\/pomoc-za-barbaru-iveljic-1-300x225.jpg 300w, https:\/\/www.prijedordanas.com\/wp-content\/uploads\/2017\/05\/pomoc-za-barbaru-iveljic-1-100x75.jpg 100w, https:\/\/www.prijedordanas.com\/wp-content\/uploads\/2017\/05\/pomoc-za-barbaru-iveljic-1-640x480.jpg 640w, https:\/\/www.prijedordanas.com\/wp-content\/uploads\/2017\/05\/pomoc-za-barbaru-iveljic-1.jpg 667w\" sizes=\"(max-width: 300px) 100vw, 300px\" \/><\/a>Na Facebook profilu poznatog ljubijskog humaniste Ahmeta Re\u0161idovi\u0107a prije nekoliko dana objavljena je fotografija bake Barbare Ivelji\u0107 iz Ljubije, \u017eene koja ima 104 godine.<\/p>\n<p>Uz informaciju o kome se radi napisane su i njene rije\u010di \u201eNeko ludilo zavladalo, neko zlo je u\u0161lo u ljude, bez trunke bratske ljubavi, i zato pla\u010dem i plaka\u0107u sinko, dok sam \u017eiva&#8230;\u201c.<\/p>\n<p>Fotografija bake Barbare sa o\u010dima punim tuge i jada izazvala je brojne reakcije, djelovala je na na\u0161e ljude koji su spontano ponudili svoju pomo\u0107 sa raznih strana svijeta.<\/p>\n<p>Zahvaljuju\u0107i toj fotografiji i informacijama od na\u0161eg plemenitog sugra\u0111anina, znala se i bakina \u017eelja i strijepnja, kao i svaka starija osoba, bojala se sljede\u0107e zime i hladno\u0107e.<\/p>\n<p><a href=\"https:\/\/www.prijedordanas.com\/wp-content\/uploads\/2017\/05\/pomoc-za-barbaru-iveljic-3.jpg\"><img loading=\"lazy\" decoding=\"async\" class=\"alignleft size-medium wp-image-82119\" src=\"https:\/\/www.prijedordanas.com\/wp-content\/uploads\/2017\/05\/pomoc-za-barbaru-iveljic-3-300x258.jpg\" alt=\"\" width=\"300\" height=\"258\" srcset=\"https:\/\/www.prijedordanas.com\/wp-content\/uploads\/2017\/05\/pomoc-za-barbaru-iveljic-3-300x258.jpg 300w, https:\/\/www.prijedordanas.com\/wp-content\/uploads\/2017\/05\/pomoc-za-barbaru-iveljic-3-100x86.jpg 100w, https:\/\/www.prijedordanas.com\/wp-content\/uploads\/2017\/05\/pomoc-za-barbaru-iveljic-3.jpg 582w\" sizes=\"(max-width: 300px) 100vw, 300px\" \/><\/a>Mada je tek kraj prolje\u0107a, \u017eelja joj je bila da vidi drva ispred svoje ku\u0107e, da bi mogla mirnije da spava.<\/p>\n<p>Ta \u017eelja danas joj je ispunjena zahvaljuju\u0107i humanitarki Izeti Kamenac-Red\u017ei\u0107, Prijedor\u010danki koja \u017eivi u Stuttgartu.<\/p>\n<p>Ona se ponudila da kupi baki drva, kako bi bila cijelu zimu bezbri\u017ena.<\/p>\n<p>Osim drva za ogrev, stigle su i \u017eive\u017ene namirnice, koje \u0107e biti dovoljne za skoro mjesec dana.<\/p>\n<p>U me\u0111uvremnu se javila i Izetina k\u0107erka \u0160ejla Red\u017ei\u0107 koja uskoro dolazi iz Njema\u010dke i posjeti\u0107e baku \u0161to prije i tako\u0111e joj pomo\u0107i.<\/p>\n<p>-Dok sam danas bio kod bake mijenjale su se emocije. Ja sam suznim o\u010dima gledao njezin stan. Pogodila me je nebriga ljudi koji je poznaju, da joj pomognu da se stan o\u010disti. Sa druge strane, bio sam sre\u0107an \u0161to i dalje postoje humani ljudi kao \u0161to je Izeta \u2013 ka\u017ee Ahmet Re\u0161idovi\u0107 koji je jo\u0161 jednom dao svoj doprinos u realizaciji pomo\u0107i.<\/p>\n<p><a href=\"https:\/\/www.prijedordanas.com\/wp-content\/uploads\/2017\/05\/pomoc-za-barbaru-iveljic-2.jpg\"><img loading=\"lazy\" decoding=\"async\" class=\"alignleft size-medium wp-image-82118\" src=\"https:\/\/www.prijedordanas.com\/wp-content\/uploads\/2017\/05\/pomoc-za-barbaru-iveljic-2-237x300.jpg\" alt=\"\" width=\"237\" height=\"300\" srcset=\"https:\/\/www.prijedordanas.com\/wp-content\/uploads\/2017\/05\/pomoc-za-barbaru-iveljic-2-237x300.jpg 237w, https:\/\/www.prijedordanas.com\/wp-content\/uploads\/2017\/05\/pomoc-za-barbaru-iveljic-2-79x100.jpg 79w, https:\/\/www.prijedordanas.com\/wp-content\/uploads\/2017\/05\/pomoc-za-barbaru-iveljic-2.jpg 474w\" sizes=\"(max-width: 237px) 100vw, 237px\" \/><\/a>Uprkos svim neda\u0107ama, baka Barbara je zra\u010dila sre\u0107om i ljubavi.<\/p>\n<p>-Ovo \u0161to se danas desilo mo\u017ee samo da se desi u snu. Dok je ovakvih ljudi ja se ne bojim dalje \u017eivjeti \u2013 rekla je Ivelji\u0107eva.<\/p>\n<p>O baki bi mogli istoriju da pri\u010damo, ali to nije potrebno jer \u0107emo fotografijama da uka\u017eemo na njezinu tugu, te\u017eak \u017eivot i njenu sre\u0107u \u0161to je nismo ostavili na cjedilu.<\/p>\n<p>Prema informacijama dobijenim od Ahmeta Re\u0161idovi\u0107a u akciju pomo\u0107i ovoj starici uklju\u010di\u0107e se i na\u0161a poznata humanitarka Semira Hoffman.<\/p>\n<p>Kada je doznala prave informacije o baki, ova Ljubijanka sa ameri\u010dkom adresom, koja je pomogla brojnima, odlu\u010dila je da je ne\u0107e ostaviti na cjedilu.<\/p>\n<p>Pru\u017ei\u0107e joj svoju ruku humanosti, a na koji na\u010din \u0107e to biti, bi\u0107e uskoro poznato.<\/p>\n<p>Hvala na podr\u0161ci svim ljudima koji su reagovali, bez obzira gdje se nalaze.<\/p>\n<p>Tekst i foto \u2013 Haris Ikanovi\u0107\/Ahmet Re\u0161idovi\u0107\/Aleksandar Drakuli\u0107 \u2013 <a href=\"www.prijedordanas.com\" target=\"_blank\" rel=\"noopener noreferrer\">www.prijedordanas.com<\/a><\/p>\n<p><a href=\"https:\/\/www.prijedordanas.com\/wp-content\/uploads\/2017\/05\/pomoc-za-barbaru-iveljic-10.jpg\"><img loading=\"lazy\" decoding=\"async\" class=\"alignleft size-medium wp-image-82117\" src=\"https:\/\/www.prijedordanas.com\/wp-content\/uploads\/2017\/05\/pomoc-za-barbaru-iveljic-10-300x300.jpg\" alt=\"\" width=\"300\" height=\"300\" srcset=\"https:\/\/www.prijedordanas.com\/wp-content\/uploads\/2017\/05\/pomoc-za-barbaru-iveljic-10-300x300.jpg 300w, https:\/\/www.prijedordanas.com\/wp-content\/uploads\/2017\/05\/pomoc-za-barbaru-iveljic-10-150x150.jpg 150w, https:\/\/www.prijedordanas.com\/wp-content\/uploads\/2017\/05\/pomoc-za-barbaru-iveljic-10-100x100.jpg 100w, https:\/\/www.prijedordanas.com\/wp-content\/uploads\/2017\/05\/pomoc-za-barbaru-iveljic-10-50x50.jpg 50w, https:\/\/www.prijedordanas.com\/wp-content\/uploads\/2017\/05\/pomoc-za-barbaru-iveljic-10.jpg 500w\" sizes=\"(max-width: 300px) 100vw, 300px\" \/><\/a> <a href=\"https:\/\/www.prijedordanas.com\/wp-content\/uploads\/2017\/05\/pomoc-za-barbaru-iveljic-11.jpg\"><img loading=\"lazy\" decoding=\"async\" class=\"alignleft size-medium wp-image-82120\" src=\"https:\/\/www.prijedordanas.com\/wp-content\/uploads\/2017\/05\/pomoc-za-barbaru-iveljic-11-300x300.jpg\" alt=\"\" width=\"300\" height=\"300\" srcset=\"https:\/\/www.prijedordanas.com\/wp-content\/uploads\/2017\/05\/pomoc-za-barbaru-iveljic-11-300x300.jpg 300w, https:\/\/www.prijedordanas.com\/wp-content\/uploads\/2017\/05\/pomoc-za-barbaru-iveljic-11-150x150.jpg 150w, https:\/\/www.prijedordanas.com\/wp-content\/uploads\/2017\/05\/pomoc-za-barbaru-iveljic-11-100x100.jpg 100w, https:\/\/www.prijedordanas.com\/wp-content\/uploads\/2017\/05\/pomoc-za-barbaru-iveljic-11-50x50.jpg 50w, https:\/\/www.prijedordanas.com\/wp-content\/uploads\/2017\/05\/pomoc-za-barbaru-iveljic-11.jpg 500w\" sizes=\"(max-width: 300px) 100vw, 300px\" \/><\/a> <a href=\"https:\/\/www.prijedordanas.com\/wp-content\/uploads\/2017\/05\/pomoc-za-barbaru-iveljic-4.jpg\"><img loading=\"lazy\" decoding=\"async\" class=\"alignleft size-medium wp-image-82121\" src=\"https:\/\/www.prijedordanas.com\/wp-content\/uploads\/2017\/05\/pomoc-za-barbaru-iveljic-4-300x222.jpg\" alt=\"\" width=\"300\" height=\"222\" srcset=\"https:\/\/www.prijedordanas.com\/wp-content\/uploads\/2017\/05\/pomoc-za-barbaru-iveljic-4-300x222.jpg 300w, https:\/\/www.prijedordanas.com\/wp-content\/uploads\/2017\/05\/pomoc-za-barbaru-iveljic-4-100x74.jpg 100w, https:\/\/www.prijedordanas.com\/wp-content\/uploads\/2017\/05\/pomoc-za-barbaru-iveljic-4.jpg 675w\" sizes=\"(max-width: 300px) 100vw, 300px\" \/><\/a> <a href=\"https:\/\/www.prijedordanas.com\/wp-content\/uploads\/2017\/05\/pomoc-za-barbaru-iveljic-5.jpg\"><img loading=\"lazy\" decoding=\"async\" class=\"alignleft size-medium wp-image-82122\" src=\"https:\/\/www.prijedordanas.com\/wp-content\/uploads\/2017\/05\/pomoc-za-barbaru-iveljic-5-300x222.jpg\" alt=\"\" width=\"300\" height=\"222\" srcset=\"https:\/\/www.prijedordanas.com\/wp-content\/uploads\/2017\/05\/pomoc-za-barbaru-iveljic-5-300x222.jpg 300w, https:\/\/www.prijedordanas.com\/wp-content\/uploads\/2017\/05\/pomoc-za-barbaru-iveljic-5-100x74.jpg 100w, https:\/\/www.prijedordanas.com\/wp-content\/uploads\/2017\/05\/pomoc-za-barbaru-iveljic-5.jpg 675w\" sizes=\"(max-width: 300px) 100vw, 300px\" \/><\/a> <a href=\"https:\/\/www.prijedordanas.com\/wp-content\/uploads\/2017\/05\/pomoc-za-barbaru-iveljic-6.jpg\"><img loading=\"lazy\" decoding=\"async\" class=\"alignleft size-medium wp-image-82123\" src=\"https:\/\/www.prijedordanas.com\/wp-content\/uploads\/2017\/05\/pomoc-za-barbaru-iveljic-6-300x222.jpg\" alt=\"\" width=\"300\" height=\"222\" srcset=\"https:\/\/www.prijedordanas.com\/wp-content\/uploads\/2017\/05\/pomoc-za-barbaru-iveljic-6-300x222.jpg 300w, https:\/\/www.prijedordanas.com\/wp-content\/uploads\/2017\/05\/pomoc-za-barbaru-iveljic-6-100x74.jpg 100w, https:\/\/www.prijedordanas.com\/wp-content\/uploads\/2017\/05\/pomoc-za-barbaru-iveljic-6.jpg 675w\" sizes=\"(max-width: 300px) 100vw, 300px\" \/><\/a> <a href=\"https:\/\/www.prijedordanas.com\/wp-content\/uploads\/2017\/05\/pomoc-za-barbaru-iveljic-7.jpg\"><img loading=\"lazy\" decoding=\"async\" class=\"alignleft size-medium wp-image-82124\" src=\"https:\/\/www.prijedordanas.com\/wp-content\/uploads\/2017\/05\/pomoc-za-barbaru-iveljic-7-300x200.jpg\" alt=\"\" width=\"300\" height=\"200\" srcset=\"https:\/\/www.prijedordanas.com\/wp-content\/uploads\/2017\/05\/pomoc-za-barbaru-iveljic-7-300x200.jpg 300w, https:\/\/www.prijedordanas.com\/wp-content\/uploads\/2017\/05\/pomoc-za-barbaru-iveljic-7-100x67.jpg 100w, https:\/\/www.prijedordanas.com\/wp-content\/uploads\/2017\/05\/pomoc-za-barbaru-iveljic-7-480x320.jpg 480w, https:\/\/www.prijedordanas.com\/wp-content\/uploads\/2017\/05\/pomoc-za-barbaru-iveljic-7.jpg 600w\" sizes=\"(max-width: 300px) 100vw, 300px\" \/><\/a> <a href=\"https:\/\/www.prijedordanas.com\/wp-content\/uploads\/2017\/05\/pomoc-za-barbaru-iveljic-8.jpg\"><img loading=\"lazy\" decoding=\"async\" class=\"alignleft size-medium wp-image-82125\" src=\"https:\/\/www.prijedordanas.com\/wp-content\/uploads\/2017\/05\/pomoc-za-barbaru-iveljic-8-300x200.jpg\" alt=\"\" width=\"300\" height=\"200\" srcset=\"https:\/\/www.prijedordanas.com\/wp-content\/uploads\/2017\/05\/pomoc-za-barbaru-iveljic-8-300x200.jpg 300w, https:\/\/www.prijedordanas.com\/wp-content\/uploads\/2017\/05\/pomoc-za-barbaru-iveljic-8-100x67.jpg 100w, https:\/\/www.prijedordanas.com\/wp-content\/uploads\/2017\/05\/pomoc-za-barbaru-iveljic-8-480x320.jpg 480w, https:\/\/www.prijedordanas.com\/wp-content\/uploads\/2017\/05\/pomoc-za-barbaru-iveljic-8.jpg 600w\" sizes=\"(max-width: 300px) 100vw, 300px\" \/><\/a> <a href=\"https:\/\/www.prijedordanas.com\/wp-content\/uploads\/2017\/05\/pomoc-za-barbaru-iveljic-9.jpg\"><img loading=\"lazy\" decoding=\"async\" class=\"alignleft size-medium wp-image-82126\" src=\"https:\/\/www.prijedordanas.com\/wp-content\/uploads\/2017\/05\/pomoc-za-barbaru-iveljic-9-300x200.jpg\" alt=\"\" width=\"300\" height=\"200\" srcset=\"https:\/\/www.prijedordanas.com\/wp-content\/uploads\/2017\/05\/pomoc-za-barbaru-iveljic-9-300x200.jpg 300w, https:\/\/www.prijedordanas.com\/wp-content\/uploads\/2017\/05\/pomoc-za-barbaru-iveljic-9-100x67.jpg 100w, https:\/\/www.prijedordanas.com\/wp-content\/uploads\/2017\/05\/pomoc-za-barbaru-iveljic-9-480x320.jpg 480w, https:\/\/www.prijedordanas.com\/wp-content\/uploads\/2017\/05\/pomoc-za-barbaru-iveljic-9.jpg 600w\" sizes=\"(max-width: 300px) 100vw, 300px\" \/><\/a><\/p>\n","protected":false},"excerpt":{"rendered":"<p>Na Facebook profilu poznatog ljubijskog humaniste Ahmeta Re\u0161idovi\u0107a prije nekoliko dana objavljena je fotografija bake Barbare Ivelji\u0107 iz Ljubije, \u017eene koja ima 104 godine. Uz informaciju o kome se radi [&hellip;]<\/p>\n","protected":false},"author":1,"featured_media":0,"comment_status":"closed","ping_status":"open","sticky":false,"template":"","format":"standard","meta":{"_monsterinsights_skip_tracking":false,"_monsterinsights_sitenote_active":false,"_monsterinsights_sitenote_note":"","_monsterinsights_sitenote_category":0,"footnotes":""},"categories":[3],"tags":[2969,4743,10006,1278],"yoast_head":"<!-- This site is optimized with the Yoast SEO plugin v21.6 - https:\/\/yoast.com\/wordpress\/plugins\/seo\/ -->\n<title>O\u010cI PUNE SUZA IZAZVALE BROJNE REAKCIJE: HUMANI LJUDI OBRADOVALI BAKU BARBARU - FOTO - PrijedorDanas.com - Prijedorski gradski portal<\/title>\n<meta name=\"robots\" content=\"index, follow, max-snippet:-1, max-image-preview:large, max-video-preview:-1\" \/>\n<link rel=\"canonical\" href=\"https:\/\/www.prijedordanas.com\/?p=82115\" \/>\n<meta property=\"og:locale\" content=\"en_US\" \/>\n<meta property=\"og:type\" content=\"article\" \/>\n<meta property=\"og:title\" content=\"O\u010cI PUNE SUZA IZAZVALE BROJNE REAKCIJE: HUMANI LJUDI OBRADOVALI BAKU BARBARU - FOTO - PrijedorDanas.com - Prijedorski gradski portal\" \/>\n<meta property=\"og:description\" content=\"Na Facebook profilu poznatog ljubijskog humaniste Ahmeta Re\u0161idovi\u0107a prije nekoliko dana objavljena je fotografija bake Barbare Ivelji\u0107 iz Ljubije, \u017eene koja ima 104 godine. Uz informaciju o kome se radi [&hellip;]\" \/>\n<meta property=\"og:url\" content=\"https:\/\/www.prijedordanas.com\/?p=82115\" \/>\n<meta property=\"og:site_name\" content=\"PrijedorDanas.com - Prijedorski gradski portal\" \/>\n<meta property=\"article:publisher\" content=\"https:\/\/www.facebook.com\/PrijedorDanasCom\/\" \/>\n<meta property=\"article:published_time\" content=\"2017-05-30T18:46:40+00:00\" \/>\n<meta property=\"og:image\" content=\"https:\/\/www.prijedordanas.com\/wp-content\/uploads\/2017\/05\/pomoc-za-barbaru-iveljic-1-300x225.jpg\" \/>\n<meta name=\"author\" content=\"admin\" \/>\n<meta name=\"twitter:card\" content=\"summary_large_image\" \/>\n<meta name=\"twitter:label1\" content=\"Written by\" \/>\n\t<meta name=\"twitter:data1\" content=\"admin\" \/>\n\t<meta name=\"twitter:label2\" content=\"Est. reading time\" \/>\n\t<meta name=\"twitter:data2\" content=\"2 minutes\" \/>\n<script type=\"application\/ld+json\" class=\"yoast-schema-graph\">{\"@context\":\"https:\/\/schema.org\",\"@graph\":[{\"@type\":\"Article\",\"@id\":\"https:\/\/www.prijedordanas.com\/?p=82115#article\",\"isPartOf\":{\"@id\":\"https:\/\/www.prijedordanas.com\/?p=82115\"},\"author\":{\"name\":\"admin\",\"@id\":\"https:\/\/www.prijedordanas.com\/#\/schema\/person\/4e08ccf29b506ca916ff86d46bb700e6\"},\"headline\":\"O\u010cI PUNE SUZA IZAZVALE BROJNE REAKCIJE: HUMANI LJUDI OBRADOVALI BAKU BARBARU &#8211; FOTO\",\"datePublished\":\"2017-05-30T18:46:40+00:00\",\"dateModified\":\"2017-05-30T18:46:40+00:00\",\"mainEntityOfPage\":{\"@id\":\"https:\/\/www.prijedordanas.com\/?p=82115\"},\"wordCount\":480,\"publisher\":{\"@id\":\"https:\/\/www.prijedordanas.com\/#organization\"},\"keywords\":[\"Barbara Ivelji\u0107\",\"fotografija\",\"Izeta Kamenac Red\u017ei\u0107\",\"pomo\u0107\"],\"articleSection\":[\"\u017divot\"],\"inLanguage\":\"en-US\"},{\"@type\":\"WebPage\",\"@id\":\"https:\/\/www.prijedordanas.com\/?p=82115\",\"url\":\"https:\/\/www.prijedordanas.com\/?p=82115\",\"name\":\"O\u010cI PUNE SUZA IZAZVALE BROJNE REAKCIJE: HUMANI LJUDI OBRADOVALI BAKU BARBARU - FOTO - PrijedorDanas.com - Prijedorski gradski portal\",\"isPartOf\":{\"@id\":\"https:\/\/www.prijedordanas.com\/#website\"},\"datePublished\":\"2017-05-30T18:46:40+00:00\",\"dateModified\":\"2017-05-30T18:46:40+00:00\",\"breadcrumb\":{\"@id\":\"https:\/\/www.prijedordanas.com\/?p=82115#breadcrumb\"},\"inLanguage\":\"en-US\",\"potentialAction\":[{\"@type\":\"ReadAction\",\"target\":[\"https:\/\/www.prijedordanas.com\/?p=82115\"]}]},{\"@type\":\"BreadcrumbList\",\"@id\":\"https:\/\/www.prijedordanas.com\/?p=82115#breadcrumb\",\"itemListElement\":[{\"@type\":\"ListItem\",\"position\":1,\"name\":\"Home\",\"item\":\"https:\/\/www.prijedordanas.com\/\"},{\"@type\":\"ListItem\",\"position\":2,\"name\":\"O\u010cI PUNE SUZA IZAZVALE BROJNE REAKCIJE: HUMANI LJUDI OBRADOVALI BAKU BARBARU &#8211; FOTO\"}]},{\"@type\":\"WebSite\",\"@id\":\"https:\/\/www.prijedordanas.com\/#website\",\"url\":\"https:\/\/www.prijedordanas.com\/\",\"name\":\"PrijedorDanas.com - Prijedorski gradski portal\",\"description\":\"Portal o doga\u0111anjima u gradu Prijedoru\",\"publisher\":{\"@id\":\"https:\/\/www.prijedordanas.com\/#organization\"},\"potentialAction\":[{\"@type\":\"SearchAction\",\"target\":{\"@type\":\"EntryPoint\",\"urlTemplate\":\"https:\/\/www.prijedordanas.com\/?s={search_term_string}\"},\"query-input\":\"required name=search_term_string\"}],\"inLanguage\":\"en-US\"},{\"@type\":\"Organization\",\"@id\":\"https:\/\/www.prijedordanas.com\/#organization\",\"name\":\"PrijedorDanas.com\",\"url\":\"https:\/\/www.prijedordanas.com\/\",\"logo\":{\"@type\":\"ImageObject\",\"inLanguage\":\"en-US\",\"@id\":\"https:\/\/www.prijedordanas.com\/#\/schema\/logo\/image\/\",\"url\":\"http:\/\/www.prijedordanas.com\/wp-content\/uploads\/2021\/12\/logopng.png\",\"contentUrl\":\"http:\/\/www.prijedordanas.com\/wp-content\/uploads\/2021\/12\/logopng.png\",\"width\":1019,\"height\":776,\"caption\":\"PrijedorDanas.com\"},\"image\":{\"@id\":\"https:\/\/www.prijedordanas.com\/#\/schema\/logo\/image\/\"},\"sameAs\":[\"https:\/\/www.facebook.com\/PrijedorDanasCom\/\"]},{\"@type\":\"Person\",\"@id\":\"https:\/\/www.prijedordanas.com\/#\/schema\/person\/4e08ccf29b506ca916ff86d46bb700e6\",\"name\":\"admin\",\"image\":{\"@type\":\"ImageObject\",\"inLanguage\":\"en-US\",\"@id\":\"https:\/\/www.prijedordanas.com\/#\/schema\/person\/image\/\",\"url\":\"https:\/\/secure.gravatar.com\/avatar\/1d3fc949d550f0b53a5f0d51e06dfd79?s=96&d=mm&r=g\",\"contentUrl\":\"https:\/\/secure.gravatar.com\/avatar\/1d3fc949d550f0b53a5f0d51e06dfd79?s=96&d=mm&r=g\",\"caption\":\"admin\"},\"url\":\"https:\/\/www.prijedordanas.com\/?author=1\"}]}<\/script>\n<!-- \/ Yoast SEO plugin. -->","yoast_head_json":{"title":"O\u010cI PUNE SUZA IZAZVALE BROJNE REAKCIJE: HUMANI LJUDI OBRADOVALI BAKU BARBARU - FOTO - PrijedorDanas.com - Prijedorski gradski portal","robots":{"index":"index","follow":"follow","max-snippet":"max-snippet:-1","max-image-preview":"max-image-preview:large","max-video-preview":"max-video-preview:-1"},"canonical":"https:\/\/www.prijedordanas.com\/?p=82115","og_locale":"en_US","og_type":"article","og_title":"O\u010cI PUNE SUZA IZAZVALE BROJNE REAKCIJE: HUMANI LJUDI OBRADOVALI BAKU BARBARU - FOTO - PrijedorDanas.com - Prijedorski gradski portal","og_description":"Na Facebook profilu poznatog ljubijskog humaniste Ahmeta Re\u0161idovi\u0107a prije nekoliko dana objavljena je fotografija bake Barbare Ivelji\u0107 iz Ljubije, \u017eene koja ima 104 godine. Uz informaciju o kome se radi [&hellip;]","og_url":"https:\/\/www.prijedordanas.com\/?p=82115","og_site_name":"PrijedorDanas.com - Prijedorski gradski portal","article_publisher":"https:\/\/www.facebook.com\/PrijedorDanasCom\/","article_published_time":"2017-05-30T18:46:40+00:00","og_image":[{"url":"https:\/\/www.prijedordanas.com\/wp-content\/uploads\/2017\/05\/pomoc-za-barbaru-iveljic-1-300x225.jpg"}],"author":"admin","twitter_card":"summary_large_image","twitter_misc":{"Written by":"admin","Est. reading time":"2 minutes"},"schema":{"@context":"https:\/\/schema.org","@graph":[{"@type":"Article","@id":"https:\/\/www.prijedordanas.com\/?p=82115#article","isPartOf":{"@id":"https:\/\/www.prijedordanas.com\/?p=82115"},"author":{"name":"admin","@id":"https:\/\/www.prijedordanas.com\/#\/schema\/person\/4e08ccf29b506ca916ff86d46bb700e6"},"headline":"O\u010cI PUNE SUZA IZAZVALE BROJNE REAKCIJE: HUMANI LJUDI OBRADOVALI BAKU BARBARU &#8211; FOTO","datePublished":"2017-05-30T18:46:40+00:00","dateModified":"2017-05-30T18:46:40+00:00","mainEntityOfPage":{"@id":"https:\/\/www.prijedordanas.com\/?p=82115"},"wordCount":480,"publisher":{"@id":"https:\/\/www.prijedordanas.com\/#organization"},"keywords":["Barbara Ivelji\u0107","fotografija","Izeta Kamenac Red\u017ei\u0107","pomo\u0107"],"articleSection":["\u017divot"],"inLanguage":"en-US"},{"@type":"WebPage","@id":"https:\/\/www.prijedordanas.com\/?p=82115","url":"https:\/\/www.prijedordanas.com\/?p=82115","name":"O\u010cI PUNE SUZA IZAZVALE BROJNE REAKCIJE: HUMANI LJUDI OBRADOVALI BAKU BARBARU - FOTO - PrijedorDanas.com - Prijedorski gradski portal","isPartOf":{"@id":"https:\/\/www.prijedordanas.com\/#website"},"datePublished":"2017-05-30T18:46:40+00:00","dateModified":"2017-05-30T18:46:40+00:00","breadcrumb":{"@id":"https:\/\/www.prijedordanas.com\/?p=82115#breadcrumb"},"inLanguage":"en-US","potentialAction":[{"@type":"ReadAction","target":["https:\/\/www.prijedordanas.com\/?p=82115"]}]},{"@type":"BreadcrumbList","@id":"https:\/\/www.prijedordanas.com\/?p=82115#breadcrumb","itemListElement":[{"@type":"ListItem","position":1,"name":"Home","item":"https:\/\/www.prijedordanas.com\/"},{"@type":"ListItem","position":2,"name":"O\u010cI PUNE SUZA IZAZVALE BROJNE REAKCIJE: HUMANI LJUDI OBRADOVALI BAKU BARBARU &#8211; FOTO"}]},{"@type":"WebSite","@id":"https:\/\/www.prijedordanas.com\/#website","url":"https:\/\/www.prijedordanas.com\/","name":"PrijedorDanas.com - Prijedorski gradski portal","description":"Portal o doga\u0111anjima u gradu Prijedoru","publisher":{"@id":"https:\/\/www.prijedordanas.com\/#organization"},"potentialAction":[{"@type":"SearchAction","target":{"@type":"EntryPoint","urlTemplate":"https:\/\/www.prijedordanas.com\/?s={search_term_string}"},"query-input":"required name=search_term_string"}],"inLanguage":"en-US"},{"@type":"Organization","@id":"https:\/\/www.prijedordanas.com\/#organization","name":"PrijedorDanas.com","url":"https:\/\/www.prijedordanas.com\/","logo":{"@type":"ImageObject","inLanguage":"en-US","@id":"https:\/\/www.prijedordanas.com\/#\/schema\/logo\/image\/","url":"http:\/\/www.prijedordanas.com\/wp-content\/uploads\/2021\/12\/logopng.png","contentUrl":"http:\/\/www.prijedordanas.com\/wp-content\/uploads\/2021\/12\/logopng.png","width":1019,"height":776,"caption":"PrijedorDanas.com"},"image":{"@id":"https:\/\/www.prijedordanas.com\/#\/schema\/logo\/image\/"},"sameAs":["https:\/\/www.facebook.com\/PrijedorDanasCom\/"]},{"@type":"Person","@id":"https:\/\/www.prijedordanas.com\/#\/schema\/person\/4e08ccf29b506ca916ff86d46bb700e6","name":"admin","image":{"@type":"ImageObject","inLanguage":"en-US","@id":"https:\/\/www.prijedordanas.com\/#\/schema\/person\/image\/","url":"https:\/\/secure.gravatar.com\/avatar\/1d3fc949d550f0b53a5f0d51e06dfd79?s=96&d=mm&r=g","contentUrl":"https:\/\/secure.gravatar.com\/avatar\/1d3fc949d550f0b53a5f0d51e06dfd79?s=96&d=mm&r=g","caption":"admin"},"url":"https:\/\/www.prijedordanas.com\/?author=1"}]}},"_links":{"self":[{"href":"https:\/\/www.prijedordanas.com\/index.php?rest_route=\/wp\/v2\/posts\/82115"}],"collection":[{"href":"https:\/\/www.prijedordanas.com\/index.php?rest_route=\/wp\/v2\/posts"}],"about":[{"href":"https:\/\/www.prijedordanas.com\/index.php?rest_route=\/wp\/v2\/types\/post"}],"author":[{"embeddable":true,"href":"https:\/\/www.prijedordanas.com\/index.php?rest_route=\/wp\/v2\/users\/1"}],"replies":[{"embeddable":true,"href":"https:\/\/www.prijedordanas.com\/index.php?rest_route=%2Fwp%2Fv2%2Fcomments&post=82115"}],"version-history":[{"count":1,"href":"https:\/\/www.prijedordanas.com\/index.php?rest_route=\/wp\/v2\/posts\/82115\/revisions"}],"predecessor-version":[{"id":82127,"href":"https:\/\/www.prijedordanas.com\/index.php?rest_route=\/wp\/v2\/posts\/82115\/revisions\/82127"}],"wp:attachment":[{"href":"https:\/\/www.prijedordanas.com\/index.php?rest_route=%2Fwp%2Fv2%2Fmedia&parent=82115"}],"wp:term":[{"taxonomy":"category","embeddable":true,"href":"https:\/\/www.prijedordanas.com\/index.php?rest_route=%2Fwp%2Fv2%2Fcategories&post=82115"},{"taxonomy":"post_tag","embeddable":true,"href":"https:\/\/www.prijedordanas.com\/index.php?rest_route=%2Fwp%2Fv2%2Ftags&post=82115"}],"curies":[{"name":"wp","href":"https:\/\/api.w.org\/{rel}","templated":true}]}}