{"id":82108,"date":"2017-05-30T15:55:53","date_gmt":"2017-05-30T13:55:53","guid":{"rendered":"https:\/\/www.prijedordanas.com\/?p=82108"},"modified":"2017-05-30T15:55:53","modified_gmt":"2017-05-30T13:55:53","slug":"rudar-prijedor-opet-nije-savladao-tekstilac-kort-zadovoljstvo-u-oba-tabora","status":"publish","type":"post","link":"https:\/\/www.prijedordanas.com\/?p=82108","title":{"rendered":"RUDAR-PRIJEDOR OPET NIJE SAVLADAO TEKSTILAC KORT: ZADOVOLJSTVO U OBA TABORA"},"content":{"rendered":"<p><a href=\"https:\/\/www.prijedordanas.com\/wp-content\/uploads\/2017\/05\/rudar-prijedor-tekstilac-lzp-rezime-1.jpg\"><img loading=\"lazy\" decoding=\"async\" class=\"alignleft size-medium wp-image-82109\" src=\"https:\/\/www.prijedordanas.com\/wp-content\/uploads\/2017\/05\/rudar-prijedor-tekstilac-lzp-rezime-1-300x222.jpg\" alt=\"\" width=\"300\" height=\"222\" srcset=\"https:\/\/www.prijedordanas.com\/wp-content\/uploads\/2017\/05\/rudar-prijedor-tekstilac-lzp-rezime-1-300x222.jpg 300w, https:\/\/www.prijedordanas.com\/wp-content\/uploads\/2017\/05\/rudar-prijedor-tekstilac-lzp-rezime-1-100x74.jpg 100w, https:\/\/www.prijedordanas.com\/wp-content\/uploads\/2017\/05\/rudar-prijedor-tekstilac-lzp-rezime-1.jpg 675w\" sizes=\"(max-width: 300px) 100vw, 300px\" \/><\/a>Rudar-Prijedor je u prvenstvu Lige za prvaka dobro otvorio duel sa neugodnim timom Tekstilac Korta golom mladog Davida Kurid\u017ee.<\/p>\n<p>U nastavku, po\u0161to je nekada\u0161nji golgeter \u201erudara sa Sane\u201c Sa\u0161a Stijepic\u0301 pogodio stativu, odbijenu loptu najbolji akter na terenu Vladanko Komlenovic\u0301 sproveo je u mre\u017eu za kona\u010dnih 1:1.<\/p>\n<p>&#8211; Trebali smo utakmicu da zavr\u0161imo u prvom poluvremenu kada smo stvorili tri-\u010detiri izgledne prilike kroz \u201ezgusnutu\u201c odbranu Tekstilca koji je igrao na polukontre i kontre. Nismo ih sem vo\u0111stva realizovali, a u drugom dijelu stigla nas je kazna za proma\u0161aje. Pred kraj nedostajalo je koncentracije Dra\u0161ku Lolic\u0301u i Ognjenu Jac\u0301imovic\u0301u da ipak izvu\u010demo tri boda, ali mo\u017eemo biti zadovoljni i ovim ishodom &#8211; rekao je trener Rudar-Prijedora Zlatko Jelisavac.<\/p>\n<p><a href=\"https:\/\/www.prijedordanas.com\/wp-content\/uploads\/2017\/05\/rudar-prijedor-tekstilac-lzp-rezime-2.jpg\"><img loading=\"lazy\" decoding=\"async\" class=\"alignleft size-medium wp-image-82110\" src=\"https:\/\/www.prijedordanas.com\/wp-content\/uploads\/2017\/05\/rudar-prijedor-tekstilac-lzp-rezime-2-300x222.jpg\" alt=\"\" width=\"300\" height=\"222\" srcset=\"https:\/\/www.prijedordanas.com\/wp-content\/uploads\/2017\/05\/rudar-prijedor-tekstilac-lzp-rezime-2-300x222.jpg 300w, https:\/\/www.prijedordanas.com\/wp-content\/uploads\/2017\/05\/rudar-prijedor-tekstilac-lzp-rezime-2-100x74.jpg 100w, https:\/\/www.prijedordanas.com\/wp-content\/uploads\/2017\/05\/rudar-prijedor-tekstilac-lzp-rezime-2.jpg 675w\" sizes=\"(max-width: 300px) 100vw, 300px\" \/><\/a>Dervenc\u0301ani su drugi put ove sezone na prijedorskom Gradskom stadionu igrali 1:1, uz jesenju pobjedu kod kuc\u0301e od 2:0 i nedavni okr\u0161aj ovih rivala okon\u010dan bez golova.<\/p>\n<p>&#8211; Zadovoljan sam izdanjem svoje ekipe. Pred kraj prvenstva bodovi i nisu toliko bitni, jer se odavno zna ko je novi prvak. Smatram da su momci na ovom neuslovnom terenu pru\u017eili maksimum protiv jednog dobrog protivnika, a da je nerije\u0161en rezultat najrealniji &#8211; naglasio je trener Tekstilac Korta Zoran Dragi\u0161ic\u0301.<\/p>\n<p>Tekst i foto \u2013 Nenad \u0110eri\u0107\/Aleksandar Drakuli\u0107 \u2013 <a href=\"www.prijedordanas.com\" target=\"_blank\" rel=\"noopener noreferrer\">www.prijedordanas.com<\/a><\/p>\n<p><a href=\"https:\/\/www.prijedordanas.com\/wp-content\/uploads\/2017\/05\/rudar-prijedor-tekstilac-lzp-rezime-3.jpg\"><img loading=\"lazy\" decoding=\"async\" class=\"alignleft size-medium wp-image-82111\" src=\"https:\/\/www.prijedordanas.com\/wp-content\/uploads\/2017\/05\/rudar-prijedor-tekstilac-lzp-rezime-3-300x222.jpg\" alt=\"\" width=\"300\" height=\"222\" srcset=\"https:\/\/www.prijedordanas.com\/wp-content\/uploads\/2017\/05\/rudar-prijedor-tekstilac-lzp-rezime-3-300x222.jpg 300w, https:\/\/www.prijedordanas.com\/wp-content\/uploads\/2017\/05\/rudar-prijedor-tekstilac-lzp-rezime-3-100x74.jpg 100w, https:\/\/www.prijedordanas.com\/wp-content\/uploads\/2017\/05\/rudar-prijedor-tekstilac-lzp-rezime-3.jpg 675w\" sizes=\"(max-width: 300px) 100vw, 300px\" \/><\/a> <a href=\"https:\/\/www.prijedordanas.com\/wp-content\/uploads\/2017\/05\/rudar-prijedor-tekstilac-lzp-rezime-4.jpg\"><img loading=\"lazy\" decoding=\"async\" src=\"https:\/\/www.prijedordanas.com\/wp-content\/uploads\/2017\/05\/rudar-prijedor-tekstilac-lzp-rezime-4-300x222.jpg\" alt=\"\" width=\"300\" height=\"222\" class=\"alignleft size-medium wp-image-82112\" srcset=\"https:\/\/www.prijedordanas.com\/wp-content\/uploads\/2017\/05\/rudar-prijedor-tekstilac-lzp-rezime-4-300x222.jpg 300w, https:\/\/www.prijedordanas.com\/wp-content\/uploads\/2017\/05\/rudar-prijedor-tekstilac-lzp-rezime-4-100x74.jpg 100w, https:\/\/www.prijedordanas.com\/wp-content\/uploads\/2017\/05\/rudar-prijedor-tekstilac-lzp-rezime-4.jpg 675w\" sizes=\"(max-width: 300px) 100vw, 300px\" \/><\/a><\/p>\n","protected":false},"excerpt":{"rendered":"<p>Rudar-Prijedor je u prvenstvu Lige za prvaka dobro otvorio duel sa neugodnim timom Tekstilac Korta golom mladog Davida Kurid\u017ee. U nastavku, po\u0161to je nekada\u0161nji golgeter \u201erudara sa Sane\u201c Sa\u0161a Stijepic\u0301 [&hellip;]<\/p>\n","protected":false},"author":1,"featured_media":0,"comment_status":"closed","ping_status":"open","sticky":false,"template":"","format":"standard","meta":{"_monsterinsights_skip_tracking":false,"_monsterinsights_sitenote_active":false,"_monsterinsights_sitenote_note":"","_monsterinsights_sitenote_category":0,"footnotes":""},"categories":[7],"tags":[221],"yoast_head":"<!-- This site is optimized with the Yoast SEO plugin v21.6 - https:\/\/yoast.com\/wordpress\/plugins\/seo\/ -->\n<title>RUDAR-PRIJEDOR OPET NIJE SAVLADAO TEKSTILAC KORT: ZADOVOLJSTVO U OBA TABORA - PrijedorDanas.com - Prijedorski gradski portal<\/title>\n<meta name=\"robots\" content=\"index, follow, max-snippet:-1, max-image-preview:large, max-video-preview:-1\" \/>\n<link rel=\"canonical\" href=\"https:\/\/www.prijedordanas.com\/?p=82108\" \/>\n<meta property=\"og:locale\" content=\"en_US\" \/>\n<meta property=\"og:type\" content=\"article\" \/>\n<meta property=\"og:title\" content=\"RUDAR-PRIJEDOR OPET NIJE SAVLADAO TEKSTILAC KORT: ZADOVOLJSTVO U OBA TABORA - PrijedorDanas.com - Prijedorski gradski portal\" \/>\n<meta property=\"og:description\" content=\"Rudar-Prijedor je u prvenstvu Lige za prvaka dobro otvorio duel sa neugodnim timom Tekstilac Korta golom mladog Davida Kurid\u017ee. U nastavku, po\u0161to je nekada\u0161nji golgeter \u201erudara sa Sane\u201c Sa\u0161a Stijepic\u0301 [&hellip;]\" \/>\n<meta property=\"og:url\" content=\"https:\/\/www.prijedordanas.com\/?p=82108\" \/>\n<meta property=\"og:site_name\" content=\"PrijedorDanas.com - Prijedorski gradski portal\" \/>\n<meta property=\"article:publisher\" content=\"https:\/\/www.facebook.com\/PrijedorDanasCom\/\" \/>\n<meta property=\"article:published_time\" content=\"2017-05-30T13:55:53+00:00\" \/>\n<meta property=\"og:image\" content=\"https:\/\/www.prijedordanas.com\/wp-content\/uploads\/2017\/05\/rudar-prijedor-tekstilac-lzp-rezime-1-300x222.jpg\" \/>\n<meta name=\"author\" content=\"admin\" \/>\n<meta name=\"twitter:card\" content=\"summary_large_image\" \/>\n<meta name=\"twitter:label1\" content=\"Written by\" \/>\n\t<meta name=\"twitter:data1\" content=\"admin\" \/>\n\t<meta name=\"twitter:label2\" content=\"Est. reading time\" \/>\n\t<meta name=\"twitter:data2\" content=\"1 minute\" \/>\n<script type=\"application\/ld+json\" class=\"yoast-schema-graph\">{\"@context\":\"https:\/\/schema.org\",\"@graph\":[{\"@type\":\"Article\",\"@id\":\"https:\/\/www.prijedordanas.com\/?p=82108#article\",\"isPartOf\":{\"@id\":\"https:\/\/www.prijedordanas.com\/?p=82108\"},\"author\":{\"name\":\"admin\",\"@id\":\"https:\/\/www.prijedordanas.com\/#\/schema\/person\/4e08ccf29b506ca916ff86d46bb700e6\"},\"headline\":\"RUDAR-PRIJEDOR OPET NIJE SAVLADAO TEKSTILAC KORT: ZADOVOLJSTVO U OBA TABORA\",\"datePublished\":\"2017-05-30T13:55:53+00:00\",\"dateModified\":\"2017-05-30T13:55:53+00:00\",\"mainEntityOfPage\":{\"@id\":\"https:\/\/www.prijedordanas.com\/?p=82108\"},\"wordCount\":234,\"publisher\":{\"@id\":\"https:\/\/www.prijedordanas.com\/#organization\"},\"keywords\":[\"Rudar-Prijedor\"],\"articleSection\":[\"Sport\"],\"inLanguage\":\"en-US\"},{\"@type\":\"WebPage\",\"@id\":\"https:\/\/www.prijedordanas.com\/?p=82108\",\"url\":\"https:\/\/www.prijedordanas.com\/?p=82108\",\"name\":\"RUDAR-PRIJEDOR OPET NIJE SAVLADAO TEKSTILAC KORT: ZADOVOLJSTVO U OBA TABORA - PrijedorDanas.com - Prijedorski gradski portal\",\"isPartOf\":{\"@id\":\"https:\/\/www.prijedordanas.com\/#website\"},\"datePublished\":\"2017-05-30T13:55:53+00:00\",\"dateModified\":\"2017-05-30T13:55:53+00:00\",\"breadcrumb\":{\"@id\":\"https:\/\/www.prijedordanas.com\/?p=82108#breadcrumb\"},\"inLanguage\":\"en-US\",\"potentialAction\":[{\"@type\":\"ReadAction\",\"target\":[\"https:\/\/www.prijedordanas.com\/?p=82108\"]}]},{\"@type\":\"BreadcrumbList\",\"@id\":\"https:\/\/www.prijedordanas.com\/?p=82108#breadcrumb\",\"itemListElement\":[{\"@type\":\"ListItem\",\"position\":1,\"name\":\"Home\",\"item\":\"https:\/\/www.prijedordanas.com\/\"},{\"@type\":\"ListItem\",\"position\":2,\"name\":\"RUDAR-PRIJEDOR OPET NIJE SAVLADAO TEKSTILAC KORT: ZADOVOLJSTVO U OBA TABORA\"}]},{\"@type\":\"WebSite\",\"@id\":\"https:\/\/www.prijedordanas.com\/#website\",\"url\":\"https:\/\/www.prijedordanas.com\/\",\"name\":\"PrijedorDanas.com - Prijedorski gradski portal\",\"description\":\"Portal o doga\u0111anjima u gradu Prijedoru\",\"publisher\":{\"@id\":\"https:\/\/www.prijedordanas.com\/#organization\"},\"potentialAction\":[{\"@type\":\"SearchAction\",\"target\":{\"@type\":\"EntryPoint\",\"urlTemplate\":\"https:\/\/www.prijedordanas.com\/?s={search_term_string}\"},\"query-input\":\"required name=search_term_string\"}],\"inLanguage\":\"en-US\"},{\"@type\":\"Organization\",\"@id\":\"https:\/\/www.prijedordanas.com\/#organization\",\"name\":\"PrijedorDanas.com\",\"url\":\"https:\/\/www.prijedordanas.com\/\",\"logo\":{\"@type\":\"ImageObject\",\"inLanguage\":\"en-US\",\"@id\":\"https:\/\/www.prijedordanas.com\/#\/schema\/logo\/image\/\",\"url\":\"http:\/\/www.prijedordanas.com\/wp-content\/uploads\/2021\/12\/logopng.png\",\"contentUrl\":\"http:\/\/www.prijedordanas.com\/wp-content\/uploads\/2021\/12\/logopng.png\",\"width\":1019,\"height\":776,\"caption\":\"PrijedorDanas.com\"},\"image\":{\"@id\":\"https:\/\/www.prijedordanas.com\/#\/schema\/logo\/image\/\"},\"sameAs\":[\"https:\/\/www.facebook.com\/PrijedorDanasCom\/\"]},{\"@type\":\"Person\",\"@id\":\"https:\/\/www.prijedordanas.com\/#\/schema\/person\/4e08ccf29b506ca916ff86d46bb700e6\",\"name\":\"admin\",\"image\":{\"@type\":\"ImageObject\",\"inLanguage\":\"en-US\",\"@id\":\"https:\/\/www.prijedordanas.com\/#\/schema\/person\/image\/\",\"url\":\"https:\/\/secure.gravatar.com\/avatar\/1d3fc949d550f0b53a5f0d51e06dfd79?s=96&d=mm&r=g\",\"contentUrl\":\"https:\/\/secure.gravatar.com\/avatar\/1d3fc949d550f0b53a5f0d51e06dfd79?s=96&d=mm&r=g\",\"caption\":\"admin\"},\"url\":\"https:\/\/www.prijedordanas.com\/?author=1\"}]}<\/script>\n<!-- \/ Yoast SEO plugin. -->","yoast_head_json":{"title":"RUDAR-PRIJEDOR OPET NIJE SAVLADAO TEKSTILAC KORT: ZADOVOLJSTVO U OBA TABORA - PrijedorDanas.com - Prijedorski gradski portal","robots":{"index":"index","follow":"follow","max-snippet":"max-snippet:-1","max-image-preview":"max-image-preview:large","max-video-preview":"max-video-preview:-1"},"canonical":"https:\/\/www.prijedordanas.com\/?p=82108","og_locale":"en_US","og_type":"article","og_title":"RUDAR-PRIJEDOR OPET NIJE SAVLADAO TEKSTILAC KORT: ZADOVOLJSTVO U OBA TABORA - PrijedorDanas.com - Prijedorski gradski portal","og_description":"Rudar-Prijedor je u prvenstvu Lige za prvaka dobro otvorio duel sa neugodnim timom Tekstilac Korta golom mladog Davida Kurid\u017ee. U nastavku, po\u0161to je nekada\u0161nji golgeter \u201erudara sa Sane\u201c Sa\u0161a Stijepic\u0301 [&hellip;]","og_url":"https:\/\/www.prijedordanas.com\/?p=82108","og_site_name":"PrijedorDanas.com - Prijedorski gradski portal","article_publisher":"https:\/\/www.facebook.com\/PrijedorDanasCom\/","article_published_time":"2017-05-30T13:55:53+00:00","og_image":[{"url":"https:\/\/www.prijedordanas.com\/wp-content\/uploads\/2017\/05\/rudar-prijedor-tekstilac-lzp-rezime-1-300x222.jpg"}],"author":"admin","twitter_card":"summary_large_image","twitter_misc":{"Written by":"admin","Est. reading time":"1 minute"},"schema":{"@context":"https:\/\/schema.org","@graph":[{"@type":"Article","@id":"https:\/\/www.prijedordanas.com\/?p=82108#article","isPartOf":{"@id":"https:\/\/www.prijedordanas.com\/?p=82108"},"author":{"name":"admin","@id":"https:\/\/www.prijedordanas.com\/#\/schema\/person\/4e08ccf29b506ca916ff86d46bb700e6"},"headline":"RUDAR-PRIJEDOR OPET NIJE SAVLADAO TEKSTILAC KORT: ZADOVOLJSTVO U OBA TABORA","datePublished":"2017-05-30T13:55:53+00:00","dateModified":"2017-05-30T13:55:53+00:00","mainEntityOfPage":{"@id":"https:\/\/www.prijedordanas.com\/?p=82108"},"wordCount":234,"publisher":{"@id":"https:\/\/www.prijedordanas.com\/#organization"},"keywords":["Rudar-Prijedor"],"articleSection":["Sport"],"inLanguage":"en-US"},{"@type":"WebPage","@id":"https:\/\/www.prijedordanas.com\/?p=82108","url":"https:\/\/www.prijedordanas.com\/?p=82108","name":"RUDAR-PRIJEDOR OPET NIJE SAVLADAO TEKSTILAC KORT: ZADOVOLJSTVO U OBA TABORA - PrijedorDanas.com - Prijedorski gradski portal","isPartOf":{"@id":"https:\/\/www.prijedordanas.com\/#website"},"datePublished":"2017-05-30T13:55:53+00:00","dateModified":"2017-05-30T13:55:53+00:00","breadcrumb":{"@id":"https:\/\/www.prijedordanas.com\/?p=82108#breadcrumb"},"inLanguage":"en-US","potentialAction":[{"@type":"ReadAction","target":["https:\/\/www.prijedordanas.com\/?p=82108"]}]},{"@type":"BreadcrumbList","@id":"https:\/\/www.prijedordanas.com\/?p=82108#breadcrumb","itemListElement":[{"@type":"ListItem","position":1,"name":"Home","item":"https:\/\/www.prijedordanas.com\/"},{"@type":"ListItem","position":2,"name":"RUDAR-PRIJEDOR OPET NIJE SAVLADAO TEKSTILAC KORT: ZADOVOLJSTVO U OBA TABORA"}]},{"@type":"WebSite","@id":"https:\/\/www.prijedordanas.com\/#website","url":"https:\/\/www.prijedordanas.com\/","name":"PrijedorDanas.com - Prijedorski gradski portal","description":"Portal o doga\u0111anjima u gradu Prijedoru","publisher":{"@id":"https:\/\/www.prijedordanas.com\/#organization"},"potentialAction":[{"@type":"SearchAction","target":{"@type":"EntryPoint","urlTemplate":"https:\/\/www.prijedordanas.com\/?s={search_term_string}"},"query-input":"required name=search_term_string"}],"inLanguage":"en-US"},{"@type":"Organization","@id":"https:\/\/www.prijedordanas.com\/#organization","name":"PrijedorDanas.com","url":"https:\/\/www.prijedordanas.com\/","logo":{"@type":"ImageObject","inLanguage":"en-US","@id":"https:\/\/www.prijedordanas.com\/#\/schema\/logo\/image\/","url":"http:\/\/www.prijedordanas.com\/wp-content\/uploads\/2021\/12\/logopng.png","contentUrl":"http:\/\/www.prijedordanas.com\/wp-content\/uploads\/2021\/12\/logopng.png","width":1019,"height":776,"caption":"PrijedorDanas.com"},"image":{"@id":"https:\/\/www.prijedordanas.com\/#\/schema\/logo\/image\/"},"sameAs":["https:\/\/www.facebook.com\/PrijedorDanasCom\/"]},{"@type":"Person","@id":"https:\/\/www.prijedordanas.com\/#\/schema\/person\/4e08ccf29b506ca916ff86d46bb700e6","name":"admin","image":{"@type":"ImageObject","inLanguage":"en-US","@id":"https:\/\/www.prijedordanas.com\/#\/schema\/person\/image\/","url":"https:\/\/secure.gravatar.com\/avatar\/1d3fc949d550f0b53a5f0d51e06dfd79?s=96&d=mm&r=g","contentUrl":"https:\/\/secure.gravatar.com\/avatar\/1d3fc949d550f0b53a5f0d51e06dfd79?s=96&d=mm&r=g","caption":"admin"},"url":"https:\/\/www.prijedordanas.com\/?author=1"}]}},"_links":{"self":[{"href":"https:\/\/www.prijedordanas.com\/index.php?rest_route=\/wp\/v2\/posts\/82108"}],"collection":[{"href":"https:\/\/www.prijedordanas.com\/index.php?rest_route=\/wp\/v2\/posts"}],"about":[{"href":"https:\/\/www.prijedordanas.com\/index.php?rest_route=\/wp\/v2\/types\/post"}],"author":[{"embeddable":true,"href":"https:\/\/www.prijedordanas.com\/index.php?rest_route=\/wp\/v2\/users\/1"}],"replies":[{"embeddable":true,"href":"https:\/\/www.prijedordanas.com\/index.php?rest_route=%2Fwp%2Fv2%2Fcomments&post=82108"}],"version-history":[{"count":1,"href":"https:\/\/www.prijedordanas.com\/index.php?rest_route=\/wp\/v2\/posts\/82108\/revisions"}],"predecessor-version":[{"id":82113,"href":"https:\/\/www.prijedordanas.com\/index.php?rest_route=\/wp\/v2\/posts\/82108\/revisions\/82113"}],"wp:attachment":[{"href":"https:\/\/www.prijedordanas.com\/index.php?rest_route=%2Fwp%2Fv2%2Fmedia&parent=82108"}],"wp:term":[{"taxonomy":"category","embeddable":true,"href":"https:\/\/www.prijedordanas.com\/index.php?rest_route=%2Fwp%2Fv2%2Fcategories&post=82108"},{"taxonomy":"post_tag","embeddable":true,"href":"https:\/\/www.prijedordanas.com\/index.php?rest_route=%2Fwp%2Fv2%2Ftags&post=82108"}],"curies":[{"name":"wp","href":"https:\/\/api.w.org\/{rel}","templated":true}]}}