{"id":81783,"date":"2017-05-27T09:30:02","date_gmt":"2017-05-27T07:30:02","guid":{"rendered":"https:\/\/www.prijedordanas.com\/?p=81783"},"modified":"2017-05-27T09:30:02","modified_gmt":"2017-05-27T07:30:02","slug":"sudenje-mrda-ostali-slika-bajoneta-zauvijek-urezana-u-sjecanje","status":"publish","type":"post","link":"https:\/\/www.prijedordanas.com\/?p=81783","title":{"rendered":"SU\u0110ENJE MR\u0110A I OSTALI: SLIKA BAJONETA ZAUVIJEK UREZANA U SJE\u0106ANJE"},"content":{"rendered":"<p><a href=\"https:\/\/www.prijedordanas.com\/wp-content\/uploads\/2017\/01\/sud-bih-sudnica.jpg\"><img loading=\"lazy\" decoding=\"async\" src=\"https:\/\/www.prijedordanas.com\/wp-content\/uploads\/2017\/01\/sud-bih-sudnica-300x231.jpg\" alt=\"\" width=\"300\" height=\"231\" class=\"alignleft size-medium wp-image-71984\" srcset=\"https:\/\/www.prijedordanas.com\/wp-content\/uploads\/2017\/01\/sud-bih-sudnica-300x231.jpg 300w, https:\/\/www.prijedordanas.com\/wp-content\/uploads\/2017\/01\/sud-bih-sudnica-100x77.jpg 100w, https:\/\/www.prijedordanas.com\/wp-content\/uploads\/2017\/01\/sud-bih-sudnica.jpg 650w\" sizes=\"(max-width: 300px) 100vw, 300px\" \/><\/a>Na su\u0111enju \u010detvorici biv\u0161ih policajaca, svjedok Dr\u017eavnog tu\u017eila\u0161tva opisao je kako je gledao ubistva logora\u0161a iz Prijedora na Manja\u010di.<\/p>\n<p>Svjedok Adil Draganovi\u0107 je ispri\u010dao da je u ljeto 1992. bio zatvorenik u logoru Manja\u010da.<\/p>\n<p>\u201cU tom trenutku, u Manja\u010di je bilo zatvoreno i nekoliko Prijedor\u010dana. Od njih i od predstavnika Crvenog krsta smo saznali da \u0107e jedna grupa iz Omarske i Keraterma biti preba\u010dena kod nas\u2026 Po\u010detkom augusta, jedne no\u0107i, ugledali smo svjetla vozila. Mi smo se nadali da su to autobusi kojima \u0107emo oti\u0107i u razmjenu, jer su izgledali prazni\u201d, prisjetio se Draganovi\u0107.<\/p>\n<p>On je napomenuo da je ujutro od pet sati bio zadu\u017een za rad u vanjskoj kuhinji i da je tada vidio da je rije\u010d o oko 20 autobusa iz Prijedora.<\/p>\n<p>\u201cTada smo ugledali da se izvode ljudi s rukama na potiljku, pognutih glava, i redaju se u redovima pred ulaz na Manja\u010du. Vidjeli smo policajce u plavim uniformama u pratnji\u201d, naveo je svjedok i dodao da su u pratnji bila i dva oklopna vozila.<\/p>\n<p>Draganovi\u0107 je posvjedo\u010dio da je gledao \u201cstravi\u010dne slike ubijanja ljudi\u201d. Pojasnio je da je grupa policajaca napravila krug, u koji su iz autobusa izveli, prema njegovom sje\u0107anju, \u0161estoricu zarobljenika. Dvojica su iznesena i za njih nije znao da li su bili mrtvi ili \u017eivi.<\/p>\n<p><a href=\"https:\/\/www.prijedordanas.com\/wp-content\/uploads\/2016\/02\/sud-bih-1-2.jpg\"><img loading=\"lazy\" decoding=\"async\" src=\"https:\/\/www.prijedordanas.com\/wp-content\/uploads\/2016\/02\/sud-bih-1-2-300x200.jpg\" alt=\"\" width=\"300\" height=\"200\" class=\"alignleft size-medium wp-image-42457\" srcset=\"https:\/\/www.prijedordanas.com\/wp-content\/uploads\/2016\/02\/sud-bih-1-2-300x200.jpg 300w, https:\/\/www.prijedordanas.com\/wp-content\/uploads\/2016\/02\/sud-bih-1-2-480x320.jpg 480w, https:\/\/www.prijedordanas.com\/wp-content\/uploads\/2016\/02\/sud-bih-1-2.jpg 600w\" sizes=\"(max-width: 300px) 100vw, 300px\" \/><\/a>\u201cGledao sam s udaljenosti nekih 50 metara. Dovedu jednog u sredinu kruga i mirno ga, jedan po jedan, udaraju. Kad udara prvi, \u010duje\u0161 krik, a potom ni\u0161ta\u2026 Nabijali su ih \u0161picom ili petom \u010dizme. Zalete se \u2013 i udarac. Udarali su i kundakom\u201d, prisjetio se svjedok.<\/p>\n<p>Dodao je da je posljednji zarobljenima prilazio tamniji, ni\u017ei, sportski gra\u0111en mu\u0161karac, odjeven u crnu trenirku te bijelu majicu kratkih rukava.<\/p>\n<p>\u201cTaj zadnji je imao bajonet, i tu \u0107u sliku pamtiti dok sam \u017eiv. Nogom bi im stao na vrat i prebacivao te\u017einu svog tijela, pritiskao po dvije do tri minute i onda bi zavr\u0161avao ubodom. Nisam mogao vidjeti da li u glavu, lice ili vrat\u201d, ispri\u010dao je Draganovi\u0107.<\/p>\n<p>Tijela su stavljana sa strane, kako je rekao Draganovi\u0107, a naknadno su odvezena \u201ctami\u0107em\u201d \u017eute boje. Ostali zatvorenici su, prema njemu, uvedeni u krug Manja\u010de, gdje su ih dvojica doktora pregledala i konstatovala povrede.<\/p>\n<p>Draganovi\u0107 je svjedo\u010dio na su\u0111enju biv\u0161im prijedorskim policajcima Darku Mr\u0111i, Zoranu Babi\u0107u, Radenku Marinovi\u0107u i Milanu Gavrilovi\u0107u. Oni su optu\u017eeni da su u\u010destvovali u progonu bo\u0161nja\u010dkog stanovni\u0161tva u okviru \u0161irokog i sistemati\u010dnog napada vojske i policije Republike Srpske. Na teret su im, po \u0161est ta\u010daka optu\u017enice, stavljena ubistva, prisilni nestanci i ne\u010dovje\u010dno postupanje 1992. godine.<\/p>\n<p>Drugi svjedok Zilhad \u010custi\u0107 je kazao da je iz logora Omarska preba\u010den na Manja\u010du. Naveo je da je tu\u010den u autobusu na Manja\u010di, kao i Osman Deni\u0107 i Nezir Krak, koji je nekoliko puta izvo\u0111en dok su autobusi stajali ispred logora.<\/p>\n<p>\u201cMiro re\u010de da je Nezir prestao da di\u0161e. Nije disao ni Osman Deni\u0107\u2026 Ispred se \u010dulo \u2018Dedo ovo, ono\u2019. Tuku ga. Dedo Crnali\u0107. Onda je neko rekao i \u0110uzinog uhvati\u0161e. Ka\u017eu, zakla\u0161e ga\u201d, izjavio je \u010custi\u0107.<\/p>\n<p>Sudsko vije\u0107e je saop\u0161tilo da je donijelo odluku o razdvajanju predmeta, zbog efikasnosti i ekonomi\u010dnosti, u odnosu na optu\u017eenog Gavrilovi\u0107a, jer njega optu\u017enica tereti samo po jednoj ta\u010dki, za ne\u010dovje\u010dno postupanje.<\/p>\n<p>Su\u0111enje Gavrilovi\u0107u \u0107e se nastaviti 6. juna, a ostaloj trojici optu\u017eenih 7. jula.<\/p>\n<p>BIRN<\/p>\n","protected":false},"excerpt":{"rendered":"<p>Na su\u0111enju \u010detvorici biv\u0161ih policajaca, svjedok Dr\u017eavnog tu\u017eila\u0161tva opisao je kako je gledao ubistva logora\u0161a iz Prijedora na Manja\u010di. Svjedok Adil Draganovi\u0107 je ispri\u010dao da je u ljeto 1992. bio [&hellip;]<\/p>\n","protected":false},"author":1,"featured_media":0,"comment_status":"closed","ping_status":"open","sticky":false,"template":"","format":"standard","meta":{"_monsterinsights_skip_tracking":false,"_monsterinsights_sitenote_active":false,"_monsterinsights_sitenote_note":"","_monsterinsights_sitenote_category":0,"footnotes":""},"categories":[5],"tags":[531],"yoast_head":"<!-- This site is optimized with the Yoast SEO plugin v21.6 - https:\/\/yoast.com\/wordpress\/plugins\/seo\/ -->\n<title>SU\u0110ENJE MR\u0110A I OSTALI: SLIKA BAJONETA ZAUVIJEK UREZANA U SJE\u0106ANJE - PrijedorDanas.com - Prijedorski gradski portal<\/title>\n<meta name=\"robots\" content=\"index, follow, max-snippet:-1, max-image-preview:large, max-video-preview:-1\" \/>\n<link rel=\"canonical\" href=\"https:\/\/www.prijedordanas.com\/?p=81783\" \/>\n<meta property=\"og:locale\" content=\"en_US\" \/>\n<meta property=\"og:type\" content=\"article\" \/>\n<meta property=\"og:title\" content=\"SU\u0110ENJE MR\u0110A I OSTALI: SLIKA BAJONETA ZAUVIJEK UREZANA U SJE\u0106ANJE - PrijedorDanas.com - Prijedorski gradski portal\" \/>\n<meta property=\"og:description\" content=\"Na su\u0111enju \u010detvorici biv\u0161ih policajaca, svjedok Dr\u017eavnog tu\u017eila\u0161tva opisao je kako je gledao ubistva logora\u0161a iz Prijedora na Manja\u010di. Svjedok Adil Draganovi\u0107 je ispri\u010dao da je u ljeto 1992. bio [&hellip;]\" \/>\n<meta property=\"og:url\" content=\"https:\/\/www.prijedordanas.com\/?p=81783\" \/>\n<meta property=\"og:site_name\" content=\"PrijedorDanas.com - Prijedorski gradski portal\" \/>\n<meta property=\"article:publisher\" content=\"https:\/\/www.facebook.com\/PrijedorDanasCom\/\" \/>\n<meta property=\"article:published_time\" content=\"2017-05-27T07:30:02+00:00\" \/>\n<meta property=\"og:image\" content=\"https:\/\/www.prijedordanas.com\/wp-content\/uploads\/2017\/01\/sud-bih-sudnica-300x231.jpg\" \/>\n<meta name=\"author\" content=\"admin\" \/>\n<meta name=\"twitter:card\" content=\"summary_large_image\" \/>\n<meta name=\"twitter:label1\" content=\"Written by\" \/>\n\t<meta name=\"twitter:data1\" content=\"admin\" \/>\n\t<meta name=\"twitter:label2\" content=\"Est. reading time\" \/>\n\t<meta name=\"twitter:data2\" content=\"3 minutes\" \/>\n<script type=\"application\/ld+json\" class=\"yoast-schema-graph\">{\"@context\":\"https:\/\/schema.org\",\"@graph\":[{\"@type\":\"Article\",\"@id\":\"https:\/\/www.prijedordanas.com\/?p=81783#article\",\"isPartOf\":{\"@id\":\"https:\/\/www.prijedordanas.com\/?p=81783\"},\"author\":{\"name\":\"admin\",\"@id\":\"https:\/\/www.prijedordanas.com\/#\/schema\/person\/4e08ccf29b506ca916ff86d46bb700e6\"},\"headline\":\"SU\u0110ENJE MR\u0110A I OSTALI: SLIKA BAJONETA ZAUVIJEK UREZANA U SJE\u0106ANJE\",\"datePublished\":\"2017-05-27T07:30:02+00:00\",\"dateModified\":\"2017-05-27T07:30:02+00:00\",\"mainEntityOfPage\":{\"@id\":\"https:\/\/www.prijedordanas.com\/?p=81783\"},\"wordCount\":612,\"publisher\":{\"@id\":\"https:\/\/www.prijedordanas.com\/#organization\"},\"keywords\":[\"Sud BiH\"],\"articleSection\":[\"Hronika\"],\"inLanguage\":\"en-US\"},{\"@type\":\"WebPage\",\"@id\":\"https:\/\/www.prijedordanas.com\/?p=81783\",\"url\":\"https:\/\/www.prijedordanas.com\/?p=81783\",\"name\":\"SU\u0110ENJE MR\u0110A I OSTALI: SLIKA BAJONETA ZAUVIJEK UREZANA U SJE\u0106ANJE - PrijedorDanas.com - Prijedorski gradski portal\",\"isPartOf\":{\"@id\":\"https:\/\/www.prijedordanas.com\/#website\"},\"datePublished\":\"2017-05-27T07:30:02+00:00\",\"dateModified\":\"2017-05-27T07:30:02+00:00\",\"breadcrumb\":{\"@id\":\"https:\/\/www.prijedordanas.com\/?p=81783#breadcrumb\"},\"inLanguage\":\"en-US\",\"potentialAction\":[{\"@type\":\"ReadAction\",\"target\":[\"https:\/\/www.prijedordanas.com\/?p=81783\"]}]},{\"@type\":\"BreadcrumbList\",\"@id\":\"https:\/\/www.prijedordanas.com\/?p=81783#breadcrumb\",\"itemListElement\":[{\"@type\":\"ListItem\",\"position\":1,\"name\":\"Home\",\"item\":\"https:\/\/www.prijedordanas.com\/\"},{\"@type\":\"ListItem\",\"position\":2,\"name\":\"SU\u0110ENJE MR\u0110A I OSTALI: SLIKA BAJONETA ZAUVIJEK UREZANA U SJE\u0106ANJE\"}]},{\"@type\":\"WebSite\",\"@id\":\"https:\/\/www.prijedordanas.com\/#website\",\"url\":\"https:\/\/www.prijedordanas.com\/\",\"name\":\"PrijedorDanas.com - Prijedorski gradski portal\",\"description\":\"Portal o doga\u0111anjima u gradu Prijedoru\",\"publisher\":{\"@id\":\"https:\/\/www.prijedordanas.com\/#organization\"},\"potentialAction\":[{\"@type\":\"SearchAction\",\"target\":{\"@type\":\"EntryPoint\",\"urlTemplate\":\"https:\/\/www.prijedordanas.com\/?s={search_term_string}\"},\"query-input\":\"required name=search_term_string\"}],\"inLanguage\":\"en-US\"},{\"@type\":\"Organization\",\"@id\":\"https:\/\/www.prijedordanas.com\/#organization\",\"name\":\"PrijedorDanas.com\",\"url\":\"https:\/\/www.prijedordanas.com\/\",\"logo\":{\"@type\":\"ImageObject\",\"inLanguage\":\"en-US\",\"@id\":\"https:\/\/www.prijedordanas.com\/#\/schema\/logo\/image\/\",\"url\":\"http:\/\/www.prijedordanas.com\/wp-content\/uploads\/2021\/12\/logopng.png\",\"contentUrl\":\"http:\/\/www.prijedordanas.com\/wp-content\/uploads\/2021\/12\/logopng.png\",\"width\":1019,\"height\":776,\"caption\":\"PrijedorDanas.com\"},\"image\":{\"@id\":\"https:\/\/www.prijedordanas.com\/#\/schema\/logo\/image\/\"},\"sameAs\":[\"https:\/\/www.facebook.com\/PrijedorDanasCom\/\"]},{\"@type\":\"Person\",\"@id\":\"https:\/\/www.prijedordanas.com\/#\/schema\/person\/4e08ccf29b506ca916ff86d46bb700e6\",\"name\":\"admin\",\"image\":{\"@type\":\"ImageObject\",\"inLanguage\":\"en-US\",\"@id\":\"https:\/\/www.prijedordanas.com\/#\/schema\/person\/image\/\",\"url\":\"https:\/\/secure.gravatar.com\/avatar\/1d3fc949d550f0b53a5f0d51e06dfd79?s=96&d=mm&r=g\",\"contentUrl\":\"https:\/\/secure.gravatar.com\/avatar\/1d3fc949d550f0b53a5f0d51e06dfd79?s=96&d=mm&r=g\",\"caption\":\"admin\"},\"url\":\"https:\/\/www.prijedordanas.com\/?author=1\"}]}<\/script>\n<!-- \/ Yoast SEO plugin. -->","yoast_head_json":{"title":"SU\u0110ENJE MR\u0110A I OSTALI: SLIKA BAJONETA ZAUVIJEK UREZANA U SJE\u0106ANJE - PrijedorDanas.com - Prijedorski gradski portal","robots":{"index":"index","follow":"follow","max-snippet":"max-snippet:-1","max-image-preview":"max-image-preview:large","max-video-preview":"max-video-preview:-1"},"canonical":"https:\/\/www.prijedordanas.com\/?p=81783","og_locale":"en_US","og_type":"article","og_title":"SU\u0110ENJE MR\u0110A I OSTALI: SLIKA BAJONETA ZAUVIJEK UREZANA U SJE\u0106ANJE - PrijedorDanas.com - Prijedorski gradski portal","og_description":"Na su\u0111enju \u010detvorici biv\u0161ih policajaca, svjedok Dr\u017eavnog tu\u017eila\u0161tva opisao je kako je gledao ubistva logora\u0161a iz Prijedora na Manja\u010di. Svjedok Adil Draganovi\u0107 je ispri\u010dao da je u ljeto 1992. bio [&hellip;]","og_url":"https:\/\/www.prijedordanas.com\/?p=81783","og_site_name":"PrijedorDanas.com - Prijedorski gradski portal","article_publisher":"https:\/\/www.facebook.com\/PrijedorDanasCom\/","article_published_time":"2017-05-27T07:30:02+00:00","og_image":[{"url":"https:\/\/www.prijedordanas.com\/wp-content\/uploads\/2017\/01\/sud-bih-sudnica-300x231.jpg"}],"author":"admin","twitter_card":"summary_large_image","twitter_misc":{"Written by":"admin","Est. reading time":"3 minutes"},"schema":{"@context":"https:\/\/schema.org","@graph":[{"@type":"Article","@id":"https:\/\/www.prijedordanas.com\/?p=81783#article","isPartOf":{"@id":"https:\/\/www.prijedordanas.com\/?p=81783"},"author":{"name":"admin","@id":"https:\/\/www.prijedordanas.com\/#\/schema\/person\/4e08ccf29b506ca916ff86d46bb700e6"},"headline":"SU\u0110ENJE MR\u0110A I OSTALI: SLIKA BAJONETA ZAUVIJEK UREZANA U SJE\u0106ANJE","datePublished":"2017-05-27T07:30:02+00:00","dateModified":"2017-05-27T07:30:02+00:00","mainEntityOfPage":{"@id":"https:\/\/www.prijedordanas.com\/?p=81783"},"wordCount":612,"publisher":{"@id":"https:\/\/www.prijedordanas.com\/#organization"},"keywords":["Sud BiH"],"articleSection":["Hronika"],"inLanguage":"en-US"},{"@type":"WebPage","@id":"https:\/\/www.prijedordanas.com\/?p=81783","url":"https:\/\/www.prijedordanas.com\/?p=81783","name":"SU\u0110ENJE MR\u0110A I OSTALI: SLIKA BAJONETA ZAUVIJEK UREZANA U SJE\u0106ANJE - PrijedorDanas.com - Prijedorski gradski portal","isPartOf":{"@id":"https:\/\/www.prijedordanas.com\/#website"},"datePublished":"2017-05-27T07:30:02+00:00","dateModified":"2017-05-27T07:30:02+00:00","breadcrumb":{"@id":"https:\/\/www.prijedordanas.com\/?p=81783#breadcrumb"},"inLanguage":"en-US","potentialAction":[{"@type":"ReadAction","target":["https:\/\/www.prijedordanas.com\/?p=81783"]}]},{"@type":"BreadcrumbList","@id":"https:\/\/www.prijedordanas.com\/?p=81783#breadcrumb","itemListElement":[{"@type":"ListItem","position":1,"name":"Home","item":"https:\/\/www.prijedordanas.com\/"},{"@type":"ListItem","position":2,"name":"SU\u0110ENJE MR\u0110A I OSTALI: SLIKA BAJONETA ZAUVIJEK UREZANA U SJE\u0106ANJE"}]},{"@type":"WebSite","@id":"https:\/\/www.prijedordanas.com\/#website","url":"https:\/\/www.prijedordanas.com\/","name":"PrijedorDanas.com - Prijedorski gradski portal","description":"Portal o doga\u0111anjima u gradu Prijedoru","publisher":{"@id":"https:\/\/www.prijedordanas.com\/#organization"},"potentialAction":[{"@type":"SearchAction","target":{"@type":"EntryPoint","urlTemplate":"https:\/\/www.prijedordanas.com\/?s={search_term_string}"},"query-input":"required name=search_term_string"}],"inLanguage":"en-US"},{"@type":"Organization","@id":"https:\/\/www.prijedordanas.com\/#organization","name":"PrijedorDanas.com","url":"https:\/\/www.prijedordanas.com\/","logo":{"@type":"ImageObject","inLanguage":"en-US","@id":"https:\/\/www.prijedordanas.com\/#\/schema\/logo\/image\/","url":"http:\/\/www.prijedordanas.com\/wp-content\/uploads\/2021\/12\/logopng.png","contentUrl":"http:\/\/www.prijedordanas.com\/wp-content\/uploads\/2021\/12\/logopng.png","width":1019,"height":776,"caption":"PrijedorDanas.com"},"image":{"@id":"https:\/\/www.prijedordanas.com\/#\/schema\/logo\/image\/"},"sameAs":["https:\/\/www.facebook.com\/PrijedorDanasCom\/"]},{"@type":"Person","@id":"https:\/\/www.prijedordanas.com\/#\/schema\/person\/4e08ccf29b506ca916ff86d46bb700e6","name":"admin","image":{"@type":"ImageObject","inLanguage":"en-US","@id":"https:\/\/www.prijedordanas.com\/#\/schema\/person\/image\/","url":"https:\/\/secure.gravatar.com\/avatar\/1d3fc949d550f0b53a5f0d51e06dfd79?s=96&d=mm&r=g","contentUrl":"https:\/\/secure.gravatar.com\/avatar\/1d3fc949d550f0b53a5f0d51e06dfd79?s=96&d=mm&r=g","caption":"admin"},"url":"https:\/\/www.prijedordanas.com\/?author=1"}]}},"_links":{"self":[{"href":"https:\/\/www.prijedordanas.com\/index.php?rest_route=\/wp\/v2\/posts\/81783"}],"collection":[{"href":"https:\/\/www.prijedordanas.com\/index.php?rest_route=\/wp\/v2\/posts"}],"about":[{"href":"https:\/\/www.prijedordanas.com\/index.php?rest_route=\/wp\/v2\/types\/post"}],"author":[{"embeddable":true,"href":"https:\/\/www.prijedordanas.com\/index.php?rest_route=\/wp\/v2\/users\/1"}],"replies":[{"embeddable":true,"href":"https:\/\/www.prijedordanas.com\/index.php?rest_route=%2Fwp%2Fv2%2Fcomments&post=81783"}],"version-history":[{"count":1,"href":"https:\/\/www.prijedordanas.com\/index.php?rest_route=\/wp\/v2\/posts\/81783\/revisions"}],"predecessor-version":[{"id":81784,"href":"https:\/\/www.prijedordanas.com\/index.php?rest_route=\/wp\/v2\/posts\/81783\/revisions\/81784"}],"wp:attachment":[{"href":"https:\/\/www.prijedordanas.com\/index.php?rest_route=%2Fwp%2Fv2%2Fmedia&parent=81783"}],"wp:term":[{"taxonomy":"category","embeddable":true,"href":"https:\/\/www.prijedordanas.com\/index.php?rest_route=%2Fwp%2Fv2%2Fcategories&post=81783"},{"taxonomy":"post_tag","embeddable":true,"href":"https:\/\/www.prijedordanas.com\/index.php?rest_route=%2Fwp%2Fv2%2Ftags&post=81783"}],"curies":[{"name":"wp","href":"https:\/\/api.w.org\/{rel}","templated":true}]}}