{"id":81451,"date":"2017-05-23T09:43:58","date_gmt":"2017-05-23T07:43:58","guid":{"rendered":"https:\/\/www.prijedordanas.com\/?p=81451"},"modified":"2017-05-23T09:43:58","modified_gmt":"2017-05-23T07:43:58","slug":"prijedor-opljackali-kucu-market-nogom-razbili-vrata-na-domu-zdravlja","status":"publish","type":"post","link":"https:\/\/www.prijedordanas.com\/?p=81451","title":{"rendered":"PRIJEDOR: OPLJA\u010cKALI KU\u0106U, MARKET I NOGOM RAZBILI VRATA NA DOMU ZDRAVLJA"},"content":{"rendered":"<p><a href=\"https:\/\/www.prijedordanas.com\/wp-content\/uploads\/2015\/02\/ilustracija-kradja.jpg\"><img loading=\"lazy\" decoding=\"async\" class=\"alignleft size-medium wp-image-15707\" src=\"https:\/\/www.prijedordanas.com\/wp-content\/uploads\/2015\/02\/ilustracija-kradja-300x248.jpg\" alt=\"\" width=\"300\" height=\"248\" srcset=\"https:\/\/www.prijedordanas.com\/wp-content\/uploads\/2015\/02\/ilustracija-kradja-300x248.jpg 300w, https:\/\/www.prijedordanas.com\/wp-content\/uploads\/2015\/02\/ilustracija-kradja.jpg 500w\" sizes=\"(max-width: 300px) 100vw, 300px\" \/><\/a>Pripadnici Policijske stanice Prijedor rasvijetlili su \u010detiri krivi\u010dna djela, tri kra\u0111e i jedno o\u0161te\u0107enje tu\u0111e stvari, sve po\u010dinjeno u periodu od 30. marta do 10. maja ove godine.<\/p>\n<p>Zbog sumnje da su po\u010dinili ova krivi\u010dna djela u policiji su saslu\u0161ana tri lica, nezvani\u010dno saznajemo da je rije\u010d o Spasoji Jankovi\u0107u (56) iz \u010celinca, te dvojici Prijedor\u010dana Sini\u0161i Deli\u0107u (39) i Mustafi Hod\u017ei\u0107u.<\/p>\n<p>Jankovi\u0107 je 30. marta oplja\u010dkao jedan market u Prijedoru, a Deli\u0107 po\u010dinio o\u0161te\u0107enje tu\u0111e stvari tako \u0161to je, kako nezvani\u010dno saznajemo, nogom razbio vrata Doma zdravlja na Urijama u Prijedoru.<\/p>\n<p>Hod\u017ei\u0107 je u dva navrata plja\u010dkao istu ku\u0107u, i to 6. i 10. maja, u vlasni\u0161tvu K.S. iz Prijedora. Iz njegove ku\u0107e odnosio je alat, alatne ma\u0161ine, trimer, kosilicu, motorku. Osumnji\u010deni su pri\u010dinili \u0161tetu u iznosu od 2.250 maraka.<\/p>\n<p>-Nakon kompletiranja predmeta Okru\u017enom javnom tu\u017eila\u0161tvu Banja Luka, bit \u0107e dostavljeni izvje\u0161taji protiv S.J. za po\u010dinjeno krivi\u010dno djelo kra\u0111a, protiv S.D. za po\u010dinjeno djelo o\u0161te\u0107enje tu\u0111e stvari dok \u0107e protiv M.H. biti dostavljen izvje\u0161taj za po\u010dinjena dva krivi\u010dna djela kra\u0111a-navedeno je iz PU Prijedor.<\/p>\n<p>Dnevni avaz<br \/>\n<a href=\"https:\/\/www.prijedordanas.com\/wp-content\/uploads\/2017\/04\/pu-prijedor.jpg\"><img loading=\"lazy\" decoding=\"async\" src=\"https:\/\/www.prijedordanas.com\/wp-content\/uploads\/2017\/04\/pu-prijedor-300x222.jpg\" alt=\"\" width=\"300\" height=\"222\" class=\"alignleft size-medium wp-image-79669\" srcset=\"https:\/\/www.prijedordanas.com\/wp-content\/uploads\/2017\/04\/pu-prijedor-300x222.jpg 300w, https:\/\/www.prijedordanas.com\/wp-content\/uploads\/2017\/04\/pu-prijedor-100x74.jpg 100w, https:\/\/www.prijedordanas.com\/wp-content\/uploads\/2017\/04\/pu-prijedor.jpg 675w\" sizes=\"(max-width: 300px) 100vw, 300px\" \/><\/a><\/p>\n","protected":false},"excerpt":{"rendered":"<p>Pripadnici Policijske stanice Prijedor rasvijetlili su \u010detiri krivi\u010dna djela, tri kra\u0111e i jedno o\u0161te\u0107enje tu\u0111e stvari, sve po\u010dinjeno u periodu od 30. marta do 10. maja ove godine. Zbog sumnje [&hellip;]<\/p>\n","protected":false},"author":1,"featured_media":0,"comment_status":"closed","ping_status":"open","sticky":false,"template":"","format":"standard","meta":{"_monsterinsights_skip_tracking":false,"_monsterinsights_sitenote_active":false,"_monsterinsights_sitenote_note":"","_monsterinsights_sitenote_category":0,"footnotes":""},"categories":[5],"tags":[1714,9834],"yoast_head":"<!-- This site is optimized with the Yoast SEO plugin v21.6 - https:\/\/yoast.com\/wordpress\/plugins\/seo\/ -->\n<title>PRIJEDOR: OPLJA\u010cKALI KU\u0106U, MARKET I NOGOM RAZBILI VRATA NA DOMU ZDRAVLJA - PrijedorDanas.com - Prijedorski gradski portal<\/title>\n<meta name=\"robots\" content=\"index, follow, max-snippet:-1, max-image-preview:large, max-video-preview:-1\" \/>\n<link rel=\"canonical\" href=\"https:\/\/www.prijedordanas.com\/?p=81451\" \/>\n<meta property=\"og:locale\" content=\"en_US\" \/>\n<meta property=\"og:type\" content=\"article\" \/>\n<meta property=\"og:title\" content=\"PRIJEDOR: OPLJA\u010cKALI KU\u0106U, MARKET I NOGOM RAZBILI VRATA NA DOMU ZDRAVLJA - PrijedorDanas.com - Prijedorski gradski portal\" \/>\n<meta property=\"og:description\" content=\"Pripadnici Policijske stanice Prijedor rasvijetlili su \u010detiri krivi\u010dna djela, tri kra\u0111e i jedno o\u0161te\u0107enje tu\u0111e stvari, sve po\u010dinjeno u periodu od 30. marta do 10. maja ove godine. Zbog sumnje [&hellip;]\" \/>\n<meta property=\"og:url\" content=\"https:\/\/www.prijedordanas.com\/?p=81451\" \/>\n<meta property=\"og:site_name\" content=\"PrijedorDanas.com - Prijedorski gradski portal\" \/>\n<meta property=\"article:publisher\" content=\"https:\/\/www.facebook.com\/PrijedorDanasCom\/\" \/>\n<meta property=\"article:published_time\" content=\"2017-05-23T07:43:58+00:00\" \/>\n<meta property=\"og:image\" content=\"https:\/\/www.prijedordanas.com\/wp-content\/uploads\/2015\/02\/ilustracija-kradja-300x248.jpg\" \/>\n<meta name=\"author\" content=\"admin\" \/>\n<meta name=\"twitter:card\" content=\"summary_large_image\" \/>\n<meta name=\"twitter:label1\" content=\"Written by\" \/>\n\t<meta name=\"twitter:data1\" content=\"admin\" \/>\n\t<meta name=\"twitter:label2\" content=\"Est. reading time\" \/>\n\t<meta name=\"twitter:data2\" content=\"1 minute\" \/>\n<script type=\"application\/ld+json\" class=\"yoast-schema-graph\">{\"@context\":\"https:\/\/schema.org\",\"@graph\":[{\"@type\":\"Article\",\"@id\":\"https:\/\/www.prijedordanas.com\/?p=81451#article\",\"isPartOf\":{\"@id\":\"https:\/\/www.prijedordanas.com\/?p=81451\"},\"author\":{\"name\":\"admin\",\"@id\":\"https:\/\/www.prijedordanas.com\/#\/schema\/person\/4e08ccf29b506ca916ff86d46bb700e6\"},\"headline\":\"PRIJEDOR: OPLJA\u010cKALI KU\u0106U, MARKET I NOGOM RAZBILI VRATA NA DOMU ZDRAVLJA\",\"datePublished\":\"2017-05-23T07:43:58+00:00\",\"dateModified\":\"2017-05-23T07:43:58+00:00\",\"mainEntityOfPage\":{\"@id\":\"https:\/\/www.prijedordanas.com\/?p=81451\"},\"wordCount\":231,\"publisher\":{\"@id\":\"https:\/\/www.prijedordanas.com\/#organization\"},\"keywords\":[\"lopovi\",\"PU Prijedor\"],\"articleSection\":[\"Hronika\"],\"inLanguage\":\"en-US\"},{\"@type\":\"WebPage\",\"@id\":\"https:\/\/www.prijedordanas.com\/?p=81451\",\"url\":\"https:\/\/www.prijedordanas.com\/?p=81451\",\"name\":\"PRIJEDOR: OPLJA\u010cKALI KU\u0106U, MARKET I NOGOM RAZBILI VRATA NA DOMU ZDRAVLJA - PrijedorDanas.com - Prijedorski gradski portal\",\"isPartOf\":{\"@id\":\"https:\/\/www.prijedordanas.com\/#website\"},\"datePublished\":\"2017-05-23T07:43:58+00:00\",\"dateModified\":\"2017-05-23T07:43:58+00:00\",\"breadcrumb\":{\"@id\":\"https:\/\/www.prijedordanas.com\/?p=81451#breadcrumb\"},\"inLanguage\":\"en-US\",\"potentialAction\":[{\"@type\":\"ReadAction\",\"target\":[\"https:\/\/www.prijedordanas.com\/?p=81451\"]}]},{\"@type\":\"BreadcrumbList\",\"@id\":\"https:\/\/www.prijedordanas.com\/?p=81451#breadcrumb\",\"itemListElement\":[{\"@type\":\"ListItem\",\"position\":1,\"name\":\"Home\",\"item\":\"https:\/\/www.prijedordanas.com\/\"},{\"@type\":\"ListItem\",\"position\":2,\"name\":\"PRIJEDOR: OPLJA\u010cKALI KU\u0106U, MARKET I NOGOM RAZBILI VRATA NA DOMU ZDRAVLJA\"}]},{\"@type\":\"WebSite\",\"@id\":\"https:\/\/www.prijedordanas.com\/#website\",\"url\":\"https:\/\/www.prijedordanas.com\/\",\"name\":\"PrijedorDanas.com - Prijedorski gradski portal\",\"description\":\"Portal o doga\u0111anjima u gradu Prijedoru\",\"publisher\":{\"@id\":\"https:\/\/www.prijedordanas.com\/#organization\"},\"potentialAction\":[{\"@type\":\"SearchAction\",\"target\":{\"@type\":\"EntryPoint\",\"urlTemplate\":\"https:\/\/www.prijedordanas.com\/?s={search_term_string}\"},\"query-input\":\"required name=search_term_string\"}],\"inLanguage\":\"en-US\"},{\"@type\":\"Organization\",\"@id\":\"https:\/\/www.prijedordanas.com\/#organization\",\"name\":\"PrijedorDanas.com\",\"url\":\"https:\/\/www.prijedordanas.com\/\",\"logo\":{\"@type\":\"ImageObject\",\"inLanguage\":\"en-US\",\"@id\":\"https:\/\/www.prijedordanas.com\/#\/schema\/logo\/image\/\",\"url\":\"http:\/\/www.prijedordanas.com\/wp-content\/uploads\/2021\/12\/logopng.png\",\"contentUrl\":\"http:\/\/www.prijedordanas.com\/wp-content\/uploads\/2021\/12\/logopng.png\",\"width\":1019,\"height\":776,\"caption\":\"PrijedorDanas.com\"},\"image\":{\"@id\":\"https:\/\/www.prijedordanas.com\/#\/schema\/logo\/image\/\"},\"sameAs\":[\"https:\/\/www.facebook.com\/PrijedorDanasCom\/\"]},{\"@type\":\"Person\",\"@id\":\"https:\/\/www.prijedordanas.com\/#\/schema\/person\/4e08ccf29b506ca916ff86d46bb700e6\",\"name\":\"admin\",\"image\":{\"@type\":\"ImageObject\",\"inLanguage\":\"en-US\",\"@id\":\"https:\/\/www.prijedordanas.com\/#\/schema\/person\/image\/\",\"url\":\"https:\/\/secure.gravatar.com\/avatar\/1d3fc949d550f0b53a5f0d51e06dfd79?s=96&d=mm&r=g\",\"contentUrl\":\"https:\/\/secure.gravatar.com\/avatar\/1d3fc949d550f0b53a5f0d51e06dfd79?s=96&d=mm&r=g\",\"caption\":\"admin\"},\"url\":\"https:\/\/www.prijedordanas.com\/?author=1\"}]}<\/script>\n<!-- \/ Yoast SEO plugin. -->","yoast_head_json":{"title":"PRIJEDOR: OPLJA\u010cKALI KU\u0106U, MARKET I NOGOM RAZBILI VRATA NA DOMU ZDRAVLJA - PrijedorDanas.com - Prijedorski gradski portal","robots":{"index":"index","follow":"follow","max-snippet":"max-snippet:-1","max-image-preview":"max-image-preview:large","max-video-preview":"max-video-preview:-1"},"canonical":"https:\/\/www.prijedordanas.com\/?p=81451","og_locale":"en_US","og_type":"article","og_title":"PRIJEDOR: OPLJA\u010cKALI KU\u0106U, MARKET I NOGOM RAZBILI VRATA NA DOMU ZDRAVLJA - PrijedorDanas.com - Prijedorski gradski portal","og_description":"Pripadnici Policijske stanice Prijedor rasvijetlili su \u010detiri krivi\u010dna djela, tri kra\u0111e i jedno o\u0161te\u0107enje tu\u0111e stvari, sve po\u010dinjeno u periodu od 30. marta do 10. maja ove godine. Zbog sumnje [&hellip;]","og_url":"https:\/\/www.prijedordanas.com\/?p=81451","og_site_name":"PrijedorDanas.com - Prijedorski gradski portal","article_publisher":"https:\/\/www.facebook.com\/PrijedorDanasCom\/","article_published_time":"2017-05-23T07:43:58+00:00","og_image":[{"url":"https:\/\/www.prijedordanas.com\/wp-content\/uploads\/2015\/02\/ilustracija-kradja-300x248.jpg"}],"author":"admin","twitter_card":"summary_large_image","twitter_misc":{"Written by":"admin","Est. reading time":"1 minute"},"schema":{"@context":"https:\/\/schema.org","@graph":[{"@type":"Article","@id":"https:\/\/www.prijedordanas.com\/?p=81451#article","isPartOf":{"@id":"https:\/\/www.prijedordanas.com\/?p=81451"},"author":{"name":"admin","@id":"https:\/\/www.prijedordanas.com\/#\/schema\/person\/4e08ccf29b506ca916ff86d46bb700e6"},"headline":"PRIJEDOR: OPLJA\u010cKALI KU\u0106U, MARKET I NOGOM RAZBILI VRATA NA DOMU ZDRAVLJA","datePublished":"2017-05-23T07:43:58+00:00","dateModified":"2017-05-23T07:43:58+00:00","mainEntityOfPage":{"@id":"https:\/\/www.prijedordanas.com\/?p=81451"},"wordCount":231,"publisher":{"@id":"https:\/\/www.prijedordanas.com\/#organization"},"keywords":["lopovi","PU Prijedor"],"articleSection":["Hronika"],"inLanguage":"en-US"},{"@type":"WebPage","@id":"https:\/\/www.prijedordanas.com\/?p=81451","url":"https:\/\/www.prijedordanas.com\/?p=81451","name":"PRIJEDOR: OPLJA\u010cKALI KU\u0106U, MARKET I NOGOM RAZBILI VRATA NA DOMU ZDRAVLJA - PrijedorDanas.com - Prijedorski gradski portal","isPartOf":{"@id":"https:\/\/www.prijedordanas.com\/#website"},"datePublished":"2017-05-23T07:43:58+00:00","dateModified":"2017-05-23T07:43:58+00:00","breadcrumb":{"@id":"https:\/\/www.prijedordanas.com\/?p=81451#breadcrumb"},"inLanguage":"en-US","potentialAction":[{"@type":"ReadAction","target":["https:\/\/www.prijedordanas.com\/?p=81451"]}]},{"@type":"BreadcrumbList","@id":"https:\/\/www.prijedordanas.com\/?p=81451#breadcrumb","itemListElement":[{"@type":"ListItem","position":1,"name":"Home","item":"https:\/\/www.prijedordanas.com\/"},{"@type":"ListItem","position":2,"name":"PRIJEDOR: OPLJA\u010cKALI KU\u0106U, MARKET I NOGOM RAZBILI VRATA NA DOMU ZDRAVLJA"}]},{"@type":"WebSite","@id":"https:\/\/www.prijedordanas.com\/#website","url":"https:\/\/www.prijedordanas.com\/","name":"PrijedorDanas.com - Prijedorski gradski portal","description":"Portal o doga\u0111anjima u gradu Prijedoru","publisher":{"@id":"https:\/\/www.prijedordanas.com\/#organization"},"potentialAction":[{"@type":"SearchAction","target":{"@type":"EntryPoint","urlTemplate":"https:\/\/www.prijedordanas.com\/?s={search_term_string}"},"query-input":"required name=search_term_string"}],"inLanguage":"en-US"},{"@type":"Organization","@id":"https:\/\/www.prijedordanas.com\/#organization","name":"PrijedorDanas.com","url":"https:\/\/www.prijedordanas.com\/","logo":{"@type":"ImageObject","inLanguage":"en-US","@id":"https:\/\/www.prijedordanas.com\/#\/schema\/logo\/image\/","url":"http:\/\/www.prijedordanas.com\/wp-content\/uploads\/2021\/12\/logopng.png","contentUrl":"http:\/\/www.prijedordanas.com\/wp-content\/uploads\/2021\/12\/logopng.png","width":1019,"height":776,"caption":"PrijedorDanas.com"},"image":{"@id":"https:\/\/www.prijedordanas.com\/#\/schema\/logo\/image\/"},"sameAs":["https:\/\/www.facebook.com\/PrijedorDanasCom\/"]},{"@type":"Person","@id":"https:\/\/www.prijedordanas.com\/#\/schema\/person\/4e08ccf29b506ca916ff86d46bb700e6","name":"admin","image":{"@type":"ImageObject","inLanguage":"en-US","@id":"https:\/\/www.prijedordanas.com\/#\/schema\/person\/image\/","url":"https:\/\/secure.gravatar.com\/avatar\/1d3fc949d550f0b53a5f0d51e06dfd79?s=96&d=mm&r=g","contentUrl":"https:\/\/secure.gravatar.com\/avatar\/1d3fc949d550f0b53a5f0d51e06dfd79?s=96&d=mm&r=g","caption":"admin"},"url":"https:\/\/www.prijedordanas.com\/?author=1"}]}},"_links":{"self":[{"href":"https:\/\/www.prijedordanas.com\/index.php?rest_route=\/wp\/v2\/posts\/81451"}],"collection":[{"href":"https:\/\/www.prijedordanas.com\/index.php?rest_route=\/wp\/v2\/posts"}],"about":[{"href":"https:\/\/www.prijedordanas.com\/index.php?rest_route=\/wp\/v2\/types\/post"}],"author":[{"embeddable":true,"href":"https:\/\/www.prijedordanas.com\/index.php?rest_route=\/wp\/v2\/users\/1"}],"replies":[{"embeddable":true,"href":"https:\/\/www.prijedordanas.com\/index.php?rest_route=%2Fwp%2Fv2%2Fcomments&post=81451"}],"version-history":[{"count":1,"href":"https:\/\/www.prijedordanas.com\/index.php?rest_route=\/wp\/v2\/posts\/81451\/revisions"}],"predecessor-version":[{"id":81452,"href":"https:\/\/www.prijedordanas.com\/index.php?rest_route=\/wp\/v2\/posts\/81451\/revisions\/81452"}],"wp:attachment":[{"href":"https:\/\/www.prijedordanas.com\/index.php?rest_route=%2Fwp%2Fv2%2Fmedia&parent=81451"}],"wp:term":[{"taxonomy":"category","embeddable":true,"href":"https:\/\/www.prijedordanas.com\/index.php?rest_route=%2Fwp%2Fv2%2Fcategories&post=81451"},{"taxonomy":"post_tag","embeddable":true,"href":"https:\/\/www.prijedordanas.com\/index.php?rest_route=%2Fwp%2Fv2%2Ftags&post=81451"}],"curies":[{"name":"wp","href":"https:\/\/api.w.org\/{rel}","templated":true}]}}