{"id":80911,"date":"2017-05-14T17:10:07","date_gmt":"2017-05-14T15:10:07","guid":{"rendered":"https:\/\/www.prijedordanas.com\/?p=80911"},"modified":"2017-05-14T17:10:07","modified_gmt":"2017-05-14T15:10:07","slug":"iz-arhiva-prijedorcanin-zaprosio-djevojku-na-kozarackom-kamenu-fotovideo","status":"publish","type":"post","link":"https:\/\/www.prijedordanas.com\/?p=80911","title":{"rendered":"IZ ARHIVA: PRIJEDOR\u010cANIN ZAPROSIO DJEVOJKU NA KOZARA\u010cKOM KAMENU \u2013 FOTO\/VIDEO"},"content":{"rendered":"<p><a href=\"https:\/\/www.prijedordanas.com\/wp-content\/uploads\/2016\/05\/ljubisa-milena-prosidba-1.jpg\"><img loading=\"lazy\" decoding=\"async\" class=\"alignleft size-medium wp-image-51725\" src=\"https:\/\/www.prijedordanas.com\/wp-content\/uploads\/2016\/05\/ljubisa-milena-prosidba-1-300x225.jpg\" alt=\"\" width=\"300\" height=\"225\" srcset=\"https:\/\/www.prijedordanas.com\/wp-content\/uploads\/2016\/05\/ljubisa-milena-prosidba-1-300x225.jpg 300w, https:\/\/www.prijedordanas.com\/wp-content\/uploads\/2016\/05\/ljubisa-milena-prosidba-1-768x576.jpg 768w, https:\/\/www.prijedordanas.com\/wp-content\/uploads\/2016\/05\/ljubisa-milena-prosidba-1-640x480.jpg 640w, https:\/\/www.prijedordanas.com\/wp-content\/uploads\/2016\/05\/ljubisa-milena-prosidba-1.jpg 800w\" sizes=\"(max-width: 300px) 100vw, 300px\" \/><\/a>Iz arhive web portala <a href=\"www.prijedordanas.com\" target=\"_blank\" rel=\"noopener noreferrer\">www.prijedordanas.com<\/a> vam donosimo pri\u010du koja je obilje\u017eila mjesec maj pro\u0161le godine i bila jedna od naj\u010ditanijih na na\u0161em sajtu u 2016.godini.<\/p>\n<p>Mladi Prijedor\u010dani, akteri ove pri\u010de, i dalje su sretno zaljubljeni.<\/p>\n<p>Da u dana\u0161nje vrijeme ima i prave ljubavi i romantike, kao i \u017eelje da se napravi ne\u0161to neubi\u010dajeno, pokazao je jedan mladi, zaljubljeni Prijedor\u010danin.<\/p>\n<p>Naime, 25-godi\u0161nji Ljubi\u0161a \u010coprka zaprosio je svoju dugogodi\u0161nju djevojku Milenu Borisavljevi\u0107 na Kozara\u010dkom kamenu.<\/p>\n<p>-Oboje volimo prirodu i kada nam vrijeme dozvoli \u010desto smo na Kozari. S obzirom da smo po\u010deli da se zabavljamo 1.maja 2010. godine tokom jedne prvomajske proslave na ovoj planini, smatrao sam simboli\u010dnim da prosidbu napravim na \u201ekraji\u0161koj ljepotici\u201c \u2013 pri\u010da Ljubi\u0161a, koji je ma\u0161inski tehni\u010dar, ali u nedostatku posla u struci radi kao konobar u jednom prijedorskom kafi\u0107u.<\/p>\n<p><a href=\"https:\/\/www.prijedordanas.com\/wp-content\/uploads\/2016\/05\/ljubisa-milena-prosidba.jpg\"><img loading=\"lazy\" decoding=\"async\" class=\"alignleft size-medium wp-image-51726\" src=\"https:\/\/www.prijedordanas.com\/wp-content\/uploads\/2016\/05\/ljubisa-milena-prosidba-300x300.jpg\" alt=\"\" width=\"300\" height=\"300\" srcset=\"https:\/\/www.prijedordanas.com\/wp-content\/uploads\/2016\/05\/ljubisa-milena-prosidba-300x300.jpg 300w, https:\/\/www.prijedordanas.com\/wp-content\/uploads\/2016\/05\/ljubisa-milena-prosidba-150x150.jpg 150w, https:\/\/www.prijedordanas.com\/wp-content\/uploads\/2016\/05\/ljubisa-milena-prosidba-768x768.jpg 768w, https:\/\/www.prijedordanas.com\/wp-content\/uploads\/2016\/05\/ljubisa-milena-prosidba-50x50.jpg 50w, https:\/\/www.prijedordanas.com\/wp-content\/uploads\/2016\/05\/ljubisa-milena-prosidba.jpg 800w\" sizes=\"(max-width: 300px) 100vw, 300px\" \/><\/a>On dodaje da je plan bio da djevojku zaprosi na Kozara\u010dkom kamenu, odakle se kao na dlanu vidi Prijedor i to dan uo\u010di njenog 27. ro\u0111endana.<\/p>\n<p>-Uz pomo\u0107 bra\u0107e, kumova i prijatelja sve sam isplanirao. Oni su bili zadu\u017eeni da naprave ambijent po mojoj \u017eelji, a ja sam zajedno sa budu\u0107om suprugom krenuo u \u201e\u0161etnju po prirodi\u201c. Nakon \u0161to smo se nas dvoje popeli, zaprosio sam je, a ona je naravno pristala \u2013 zadovoljno pri\u010da mladi Prijedor\u010danin.<\/p>\n<p>Osim neizostavnog prstena, bilo je tu svega pomalo, cvije\u0107a, \u0161ampanjca ali i mala bakljada i vatromet te nezaobilazno fotografisanje.<\/p>\n<p>-Bio je ovo najljep\u0161i ro\u0111endanski poklon koji sam dobila u \u017eivotu. Nadam se da \u0107emo nas dvoje u daljem zajedni\u010dkom \u017eivotu nastaviti da se ovakvim iznena\u0111enjima me\u0111usobno usre\u0107ujemo \u2013 rekla nam je budu\u0107a mlada, Milena Borisavljevi\u0107.<\/p>\n<p>Istakla je da nakon vjeridbe ima \u017eelju da, kao nezaposleni ekonomski tehni\u010dar i knjigovo\u0111a, uskoro prona\u0111e posao.<\/p>\n<p>Nakon kra\u0107e proslave zaruka na Kozara\u010dkom kamenu, budu\u0107i mladenci su svoje veselje do kasnih sati nastavili kod ku\u0107e sa prijateljima i rodbinom gdje su zajedno do\u010dekali i Milenin dana\u0161nji ro\u0111endan.<\/p>\n<p>Sretno Ljubi\u0161a i Milena!<\/p>\n<p>Tekst &#8211; Aleksandar Drakuli\u0107 \u2013 <a href=\"www.prijedordanas.com\" target=\"_blank\" rel=\"noopener noreferrer\">www.prijedordanas.com<\/a><br \/>\nFoto\/video \u2013 Ljubi\u0161a \u010coprka<\/p>\n<p><iframe loading=\"lazy\" width=\"500\" height=\"281\" src=\"https:\/\/www.youtube.com\/embed\/QnuHiPNcG10?feature=oembed\" frameborder=\"0\" allowfullscreen><\/iframe><\/p>\n<p><a href=\"https:\/\/www.prijedordanas.com\/wp-content\/uploads\/2016\/05\/ljubisa-milena-prosidba-2.jpg\"><img loading=\"lazy\" decoding=\"async\" class=\"alignleft size-medium wp-image-51727\" src=\"https:\/\/www.prijedordanas.com\/wp-content\/uploads\/2016\/05\/ljubisa-milena-prosidba-2-300x225.jpg\" alt=\"\" width=\"300\" height=\"225\" srcset=\"https:\/\/www.prijedordanas.com\/wp-content\/uploads\/2016\/05\/ljubisa-milena-prosidba-2-300x225.jpg 300w, https:\/\/www.prijedordanas.com\/wp-content\/uploads\/2016\/05\/ljubisa-milena-prosidba-2-768x576.jpg 768w, https:\/\/www.prijedordanas.com\/wp-content\/uploads\/2016\/05\/ljubisa-milena-prosidba-2-640x480.jpg 640w, https:\/\/www.prijedordanas.com\/wp-content\/uploads\/2016\/05\/ljubisa-milena-prosidba-2.jpg 800w\" sizes=\"(max-width: 300px) 100vw, 300px\" \/><\/a> <a href=\"https:\/\/www.prijedordanas.com\/wp-content\/uploads\/2016\/05\/ljubisa-milena-prosidba-3.jpg\"><img loading=\"lazy\" decoding=\"async\" src=\"https:\/\/www.prijedordanas.com\/wp-content\/uploads\/2016\/05\/ljubisa-milena-prosidba-3-300x225.jpg\" alt=\"\" width=\"300\" height=\"225\" class=\"alignleft size-medium wp-image-51728\" srcset=\"https:\/\/www.prijedordanas.com\/wp-content\/uploads\/2016\/05\/ljubisa-milena-prosidba-3-300x225.jpg 300w, https:\/\/www.prijedordanas.com\/wp-content\/uploads\/2016\/05\/ljubisa-milena-prosidba-3-768x576.jpg 768w, https:\/\/www.prijedordanas.com\/wp-content\/uploads\/2016\/05\/ljubisa-milena-prosidba-3-640x480.jpg 640w, https:\/\/www.prijedordanas.com\/wp-content\/uploads\/2016\/05\/ljubisa-milena-prosidba-3.jpg 800w\" sizes=\"(max-width: 300px) 100vw, 300px\" \/><\/a> <a href=\"https:\/\/www.prijedordanas.com\/wp-content\/uploads\/2016\/05\/ljubisa-milena-prosidba-4.jpg\"><img loading=\"lazy\" decoding=\"async\" src=\"https:\/\/www.prijedordanas.com\/wp-content\/uploads\/2016\/05\/ljubisa-milena-prosidba-4-300x225.jpg\" alt=\"\" width=\"300\" height=\"225\" class=\"alignleft size-medium wp-image-51729\" srcset=\"https:\/\/www.prijedordanas.com\/wp-content\/uploads\/2016\/05\/ljubisa-milena-prosidba-4-300x225.jpg 300w, https:\/\/www.prijedordanas.com\/wp-content\/uploads\/2016\/05\/ljubisa-milena-prosidba-4-768x576.jpg 768w, https:\/\/www.prijedordanas.com\/wp-content\/uploads\/2016\/05\/ljubisa-milena-prosidba-4-640x480.jpg 640w, https:\/\/www.prijedordanas.com\/wp-content\/uploads\/2016\/05\/ljubisa-milena-prosidba-4.jpg 800w\" sizes=\"(max-width: 300px) 100vw, 300px\" \/><\/a> <a href=\"https:\/\/www.prijedordanas.com\/wp-content\/uploads\/2016\/05\/ljubisa-milena-prosidba-5.jpg\"><img loading=\"lazy\" decoding=\"async\" src=\"https:\/\/www.prijedordanas.com\/wp-content\/uploads\/2016\/05\/ljubisa-milena-prosidba-5-225x300.jpg\" alt=\"\" width=\"225\" height=\"300\" class=\"alignleft size-medium wp-image-51731\" srcset=\"https:\/\/www.prijedordanas.com\/wp-content\/uploads\/2016\/05\/ljubisa-milena-prosidba-5-225x300.jpg 225w, https:\/\/www.prijedordanas.com\/wp-content\/uploads\/2016\/05\/ljubisa-milena-prosidba-5.jpg 600w\" sizes=\"(max-width: 225px) 100vw, 225px\" \/><\/a> <a href=\"https:\/\/www.prijedordanas.com\/wp-content\/uploads\/2016\/05\/ljubisa-milena-prosidba-6.jpg\"><img loading=\"lazy\" decoding=\"async\" src=\"https:\/\/www.prijedordanas.com\/wp-content\/uploads\/2016\/05\/ljubisa-milena-prosidba-6-225x300.jpg\" alt=\"\" width=\"225\" height=\"300\" class=\"alignleft size-medium wp-image-51733\" srcset=\"https:\/\/www.prijedordanas.com\/wp-content\/uploads\/2016\/05\/ljubisa-milena-prosidba-6-225x300.jpg 225w, https:\/\/www.prijedordanas.com\/wp-content\/uploads\/2016\/05\/ljubisa-milena-prosidba-6.jpg 600w\" sizes=\"(max-width: 225px) 100vw, 225px\" \/><\/a><\/p>\n","protected":false},"excerpt":{"rendered":"<p>Iz arhive web portala www.prijedordanas.com vam donosimo pri\u010du koja je obilje\u017eila mjesec maj pro\u0161le godine i bila jedna od naj\u010ditanijih na na\u0161em sajtu u 2016.godini. Mladi Prijedor\u010dani, akteri ove pri\u010de, [&hellip;]<\/p>\n","protected":false},"author":1,"featured_media":0,"comment_status":"closed","ping_status":"open","sticky":false,"template":"","format":"standard","meta":{"_monsterinsights_skip_tracking":false,"_monsterinsights_sitenote_active":false,"_monsterinsights_sitenote_note":"","_monsterinsights_sitenote_category":0,"footnotes":""},"categories":[3],"tags":[7980],"yoast_head":"<!-- This site is optimized with the Yoast SEO plugin v21.6 - https:\/\/yoast.com\/wordpress\/plugins\/seo\/ -->\n<title>IZ ARHIVA: PRIJEDOR\u010cANIN ZAPROSIO DJEVOJKU NA KOZARA\u010cKOM KAMENU \u2013 FOTO\/VIDEO - PrijedorDanas.com - Prijedorski gradski portal<\/title>\n<meta name=\"robots\" content=\"index, follow, max-snippet:-1, max-image-preview:large, max-video-preview:-1\" \/>\n<link rel=\"canonical\" href=\"https:\/\/www.prijedordanas.com\/?p=80911\" \/>\n<meta property=\"og:locale\" content=\"en_US\" \/>\n<meta property=\"og:type\" content=\"article\" \/>\n<meta property=\"og:title\" content=\"IZ ARHIVA: PRIJEDOR\u010cANIN ZAPROSIO DJEVOJKU NA KOZARA\u010cKOM KAMENU \u2013 FOTO\/VIDEO - PrijedorDanas.com - Prijedorski gradski portal\" \/>\n<meta property=\"og:description\" content=\"Iz arhive web portala www.prijedordanas.com vam donosimo pri\u010du koja je obilje\u017eila mjesec maj pro\u0161le godine i bila jedna od naj\u010ditanijih na na\u0161em sajtu u 2016.godini. Mladi Prijedor\u010dani, akteri ove pri\u010de, [&hellip;]\" \/>\n<meta property=\"og:url\" content=\"https:\/\/www.prijedordanas.com\/?p=80911\" \/>\n<meta property=\"og:site_name\" content=\"PrijedorDanas.com - Prijedorski gradski portal\" \/>\n<meta property=\"article:publisher\" content=\"https:\/\/www.facebook.com\/PrijedorDanasCom\/\" \/>\n<meta property=\"article:published_time\" content=\"2017-05-14T15:10:07+00:00\" \/>\n<meta property=\"og:image\" content=\"https:\/\/www.prijedordanas.com\/wp-content\/uploads\/2016\/05\/ljubisa-milena-prosidba-1-300x225.jpg\" \/>\n<meta name=\"author\" content=\"admin\" \/>\n<meta name=\"twitter:card\" content=\"summary_large_image\" \/>\n<meta name=\"twitter:label1\" content=\"Written by\" \/>\n\t<meta name=\"twitter:data1\" content=\"admin\" \/>\n\t<meta name=\"twitter:label2\" content=\"Est. reading time\" \/>\n\t<meta name=\"twitter:data2\" content=\"2 minutes\" \/>\n<script type=\"application\/ld+json\" class=\"yoast-schema-graph\">{\"@context\":\"https:\/\/schema.org\",\"@graph\":[{\"@type\":\"Article\",\"@id\":\"https:\/\/www.prijedordanas.com\/?p=80911#article\",\"isPartOf\":{\"@id\":\"https:\/\/www.prijedordanas.com\/?p=80911\"},\"author\":{\"name\":\"admin\",\"@id\":\"https:\/\/www.prijedordanas.com\/#\/schema\/person\/4e08ccf29b506ca916ff86d46bb700e6\"},\"headline\":\"IZ ARHIVA: PRIJEDOR\u010cANIN ZAPROSIO DJEVOJKU NA KOZARA\u010cKOM KAMENU \u2013 FOTO\/VIDEO\",\"datePublished\":\"2017-05-14T15:10:07+00:00\",\"dateModified\":\"2017-05-14T15:10:07+00:00\",\"mainEntityOfPage\":{\"@id\":\"https:\/\/www.prijedordanas.com\/?p=80911\"},\"wordCount\":390,\"publisher\":{\"@id\":\"https:\/\/www.prijedordanas.com\/#organization\"},\"keywords\":[\"prosidba\"],\"articleSection\":[\"\u017divot\"],\"inLanguage\":\"en-US\"},{\"@type\":\"WebPage\",\"@id\":\"https:\/\/www.prijedordanas.com\/?p=80911\",\"url\":\"https:\/\/www.prijedordanas.com\/?p=80911\",\"name\":\"IZ ARHIVA: PRIJEDOR\u010cANIN ZAPROSIO DJEVOJKU NA KOZARA\u010cKOM KAMENU \u2013 FOTO\/VIDEO - PrijedorDanas.com - Prijedorski gradski portal\",\"isPartOf\":{\"@id\":\"https:\/\/www.prijedordanas.com\/#website\"},\"datePublished\":\"2017-05-14T15:10:07+00:00\",\"dateModified\":\"2017-05-14T15:10:07+00:00\",\"breadcrumb\":{\"@id\":\"https:\/\/www.prijedordanas.com\/?p=80911#breadcrumb\"},\"inLanguage\":\"en-US\",\"potentialAction\":[{\"@type\":\"ReadAction\",\"target\":[\"https:\/\/www.prijedordanas.com\/?p=80911\"]}]},{\"@type\":\"BreadcrumbList\",\"@id\":\"https:\/\/www.prijedordanas.com\/?p=80911#breadcrumb\",\"itemListElement\":[{\"@type\":\"ListItem\",\"position\":1,\"name\":\"Home\",\"item\":\"https:\/\/www.prijedordanas.com\/\"},{\"@type\":\"ListItem\",\"position\":2,\"name\":\"IZ ARHIVA: PRIJEDOR\u010cANIN ZAPROSIO DJEVOJKU NA KOZARA\u010cKOM KAMENU \u2013 FOTO\/VIDEO\"}]},{\"@type\":\"WebSite\",\"@id\":\"https:\/\/www.prijedordanas.com\/#website\",\"url\":\"https:\/\/www.prijedordanas.com\/\",\"name\":\"PrijedorDanas.com - Prijedorski gradski portal\",\"description\":\"Portal o doga\u0111anjima u gradu Prijedoru\",\"publisher\":{\"@id\":\"https:\/\/www.prijedordanas.com\/#organization\"},\"potentialAction\":[{\"@type\":\"SearchAction\",\"target\":{\"@type\":\"EntryPoint\",\"urlTemplate\":\"https:\/\/www.prijedordanas.com\/?s={search_term_string}\"},\"query-input\":\"required name=search_term_string\"}],\"inLanguage\":\"en-US\"},{\"@type\":\"Organization\",\"@id\":\"https:\/\/www.prijedordanas.com\/#organization\",\"name\":\"PrijedorDanas.com\",\"url\":\"https:\/\/www.prijedordanas.com\/\",\"logo\":{\"@type\":\"ImageObject\",\"inLanguage\":\"en-US\",\"@id\":\"https:\/\/www.prijedordanas.com\/#\/schema\/logo\/image\/\",\"url\":\"http:\/\/www.prijedordanas.com\/wp-content\/uploads\/2021\/12\/logopng.png\",\"contentUrl\":\"http:\/\/www.prijedordanas.com\/wp-content\/uploads\/2021\/12\/logopng.png\",\"width\":1019,\"height\":776,\"caption\":\"PrijedorDanas.com\"},\"image\":{\"@id\":\"https:\/\/www.prijedordanas.com\/#\/schema\/logo\/image\/\"},\"sameAs\":[\"https:\/\/www.facebook.com\/PrijedorDanasCom\/\"]},{\"@type\":\"Person\",\"@id\":\"https:\/\/www.prijedordanas.com\/#\/schema\/person\/4e08ccf29b506ca916ff86d46bb700e6\",\"name\":\"admin\",\"image\":{\"@type\":\"ImageObject\",\"inLanguage\":\"en-US\",\"@id\":\"https:\/\/www.prijedordanas.com\/#\/schema\/person\/image\/\",\"url\":\"https:\/\/secure.gravatar.com\/avatar\/1d3fc949d550f0b53a5f0d51e06dfd79?s=96&d=mm&r=g\",\"contentUrl\":\"https:\/\/secure.gravatar.com\/avatar\/1d3fc949d550f0b53a5f0d51e06dfd79?s=96&d=mm&r=g\",\"caption\":\"admin\"},\"url\":\"https:\/\/www.prijedordanas.com\/?author=1\"}]}<\/script>\n<!-- \/ Yoast SEO plugin. -->","yoast_head_json":{"title":"IZ ARHIVA: PRIJEDOR\u010cANIN ZAPROSIO DJEVOJKU NA KOZARA\u010cKOM KAMENU \u2013 FOTO\/VIDEO - PrijedorDanas.com - Prijedorski gradski portal","robots":{"index":"index","follow":"follow","max-snippet":"max-snippet:-1","max-image-preview":"max-image-preview:large","max-video-preview":"max-video-preview:-1"},"canonical":"https:\/\/www.prijedordanas.com\/?p=80911","og_locale":"en_US","og_type":"article","og_title":"IZ ARHIVA: PRIJEDOR\u010cANIN ZAPROSIO DJEVOJKU NA KOZARA\u010cKOM KAMENU \u2013 FOTO\/VIDEO - PrijedorDanas.com - Prijedorski gradski portal","og_description":"Iz arhive web portala www.prijedordanas.com vam donosimo pri\u010du koja je obilje\u017eila mjesec maj pro\u0161le godine i bila jedna od naj\u010ditanijih na na\u0161em sajtu u 2016.godini. Mladi Prijedor\u010dani, akteri ove pri\u010de, [&hellip;]","og_url":"https:\/\/www.prijedordanas.com\/?p=80911","og_site_name":"PrijedorDanas.com - Prijedorski gradski portal","article_publisher":"https:\/\/www.facebook.com\/PrijedorDanasCom\/","article_published_time":"2017-05-14T15:10:07+00:00","og_image":[{"url":"https:\/\/www.prijedordanas.com\/wp-content\/uploads\/2016\/05\/ljubisa-milena-prosidba-1-300x225.jpg"}],"author":"admin","twitter_card":"summary_large_image","twitter_misc":{"Written by":"admin","Est. reading time":"2 minutes"},"schema":{"@context":"https:\/\/schema.org","@graph":[{"@type":"Article","@id":"https:\/\/www.prijedordanas.com\/?p=80911#article","isPartOf":{"@id":"https:\/\/www.prijedordanas.com\/?p=80911"},"author":{"name":"admin","@id":"https:\/\/www.prijedordanas.com\/#\/schema\/person\/4e08ccf29b506ca916ff86d46bb700e6"},"headline":"IZ ARHIVA: PRIJEDOR\u010cANIN ZAPROSIO DJEVOJKU NA KOZARA\u010cKOM KAMENU \u2013 FOTO\/VIDEO","datePublished":"2017-05-14T15:10:07+00:00","dateModified":"2017-05-14T15:10:07+00:00","mainEntityOfPage":{"@id":"https:\/\/www.prijedordanas.com\/?p=80911"},"wordCount":390,"publisher":{"@id":"https:\/\/www.prijedordanas.com\/#organization"},"keywords":["prosidba"],"articleSection":["\u017divot"],"inLanguage":"en-US"},{"@type":"WebPage","@id":"https:\/\/www.prijedordanas.com\/?p=80911","url":"https:\/\/www.prijedordanas.com\/?p=80911","name":"IZ ARHIVA: PRIJEDOR\u010cANIN ZAPROSIO DJEVOJKU NA KOZARA\u010cKOM KAMENU \u2013 FOTO\/VIDEO - PrijedorDanas.com - Prijedorski gradski portal","isPartOf":{"@id":"https:\/\/www.prijedordanas.com\/#website"},"datePublished":"2017-05-14T15:10:07+00:00","dateModified":"2017-05-14T15:10:07+00:00","breadcrumb":{"@id":"https:\/\/www.prijedordanas.com\/?p=80911#breadcrumb"},"inLanguage":"en-US","potentialAction":[{"@type":"ReadAction","target":["https:\/\/www.prijedordanas.com\/?p=80911"]}]},{"@type":"BreadcrumbList","@id":"https:\/\/www.prijedordanas.com\/?p=80911#breadcrumb","itemListElement":[{"@type":"ListItem","position":1,"name":"Home","item":"https:\/\/www.prijedordanas.com\/"},{"@type":"ListItem","position":2,"name":"IZ ARHIVA: PRIJEDOR\u010cANIN ZAPROSIO DJEVOJKU NA KOZARA\u010cKOM KAMENU \u2013 FOTO\/VIDEO"}]},{"@type":"WebSite","@id":"https:\/\/www.prijedordanas.com\/#website","url":"https:\/\/www.prijedordanas.com\/","name":"PrijedorDanas.com - Prijedorski gradski portal","description":"Portal o doga\u0111anjima u gradu Prijedoru","publisher":{"@id":"https:\/\/www.prijedordanas.com\/#organization"},"potentialAction":[{"@type":"SearchAction","target":{"@type":"EntryPoint","urlTemplate":"https:\/\/www.prijedordanas.com\/?s={search_term_string}"},"query-input":"required name=search_term_string"}],"inLanguage":"en-US"},{"@type":"Organization","@id":"https:\/\/www.prijedordanas.com\/#organization","name":"PrijedorDanas.com","url":"https:\/\/www.prijedordanas.com\/","logo":{"@type":"ImageObject","inLanguage":"en-US","@id":"https:\/\/www.prijedordanas.com\/#\/schema\/logo\/image\/","url":"http:\/\/www.prijedordanas.com\/wp-content\/uploads\/2021\/12\/logopng.png","contentUrl":"http:\/\/www.prijedordanas.com\/wp-content\/uploads\/2021\/12\/logopng.png","width":1019,"height":776,"caption":"PrijedorDanas.com"},"image":{"@id":"https:\/\/www.prijedordanas.com\/#\/schema\/logo\/image\/"},"sameAs":["https:\/\/www.facebook.com\/PrijedorDanasCom\/"]},{"@type":"Person","@id":"https:\/\/www.prijedordanas.com\/#\/schema\/person\/4e08ccf29b506ca916ff86d46bb700e6","name":"admin","image":{"@type":"ImageObject","inLanguage":"en-US","@id":"https:\/\/www.prijedordanas.com\/#\/schema\/person\/image\/","url":"https:\/\/secure.gravatar.com\/avatar\/1d3fc949d550f0b53a5f0d51e06dfd79?s=96&d=mm&r=g","contentUrl":"https:\/\/secure.gravatar.com\/avatar\/1d3fc949d550f0b53a5f0d51e06dfd79?s=96&d=mm&r=g","caption":"admin"},"url":"https:\/\/www.prijedordanas.com\/?author=1"}]}},"_links":{"self":[{"href":"https:\/\/www.prijedordanas.com\/index.php?rest_route=\/wp\/v2\/posts\/80911"}],"collection":[{"href":"https:\/\/www.prijedordanas.com\/index.php?rest_route=\/wp\/v2\/posts"}],"about":[{"href":"https:\/\/www.prijedordanas.com\/index.php?rest_route=\/wp\/v2\/types\/post"}],"author":[{"embeddable":true,"href":"https:\/\/www.prijedordanas.com\/index.php?rest_route=\/wp\/v2\/users\/1"}],"replies":[{"embeddable":true,"href":"https:\/\/www.prijedordanas.com\/index.php?rest_route=%2Fwp%2Fv2%2Fcomments&post=80911"}],"version-history":[{"count":1,"href":"https:\/\/www.prijedordanas.com\/index.php?rest_route=\/wp\/v2\/posts\/80911\/revisions"}],"predecessor-version":[{"id":80912,"href":"https:\/\/www.prijedordanas.com\/index.php?rest_route=\/wp\/v2\/posts\/80911\/revisions\/80912"}],"wp:attachment":[{"href":"https:\/\/www.prijedordanas.com\/index.php?rest_route=%2Fwp%2Fv2%2Fmedia&parent=80911"}],"wp:term":[{"taxonomy":"category","embeddable":true,"href":"https:\/\/www.prijedordanas.com\/index.php?rest_route=%2Fwp%2Fv2%2Fcategories&post=80911"},{"taxonomy":"post_tag","embeddable":true,"href":"https:\/\/www.prijedordanas.com\/index.php?rest_route=%2Fwp%2Fv2%2Ftags&post=80911"}],"curies":[{"name":"wp","href":"https:\/\/api.w.org\/{rel}","templated":true}]}}