{"id":80904,"date":"2017-05-14T15:34:46","date_gmt":"2017-05-14T13:34:46","guid":{"rendered":"https:\/\/www.prijedordanas.com\/?p=80904"},"modified":"2017-05-14T15:34:46","modified_gmt":"2017-05-14T13:34:46","slug":"kosarkasi-prijedora-docekuju-sutjesku-borba-za-plasman-u-finale-plej-ofa","status":"publish","type":"post","link":"https:\/\/www.prijedordanas.com\/?p=80904","title":{"rendered":"KO\u0160ARKA\u0160I PRIJEDORA DO\u010cEKUJU SUTJESKU: BORBA ZA PLASMAN U FINALE PLEJ-OFA"},"content":{"rendered":"<p><a href=\"https:\/\/www.prijedordanas.com\/wp-content\/uploads\/2017\/02\/kk-prijedor-proljece-2017.jpg\"><img loading=\"lazy\" decoding=\"async\" src=\"https:\/\/www.prijedordanas.com\/wp-content\/uploads\/2017\/02\/kk-prijedor-proljece-2017-300x250.jpg\" alt=\"\" width=\"300\" height=\"250\" class=\"alignleft size-medium wp-image-73690\" srcset=\"https:\/\/www.prijedordanas.com\/wp-content\/uploads\/2017\/02\/kk-prijedor-proljece-2017-300x250.jpg 300w, https:\/\/www.prijedordanas.com\/wp-content\/uploads\/2017\/02\/kk-prijedor-proljece-2017-100x83.jpg 100w, https:\/\/www.prijedordanas.com\/wp-content\/uploads\/2017\/02\/kk-prijedor-proljece-2017.jpg 600w\" sizes=\"(max-width: 300px) 100vw, 300px\" \/><\/a>Ko\u0161arka\u0161i Prijedora do\u010dekuju ekipu Sutjeske iz Fo\u010de u drugom me\u010du polufinala plej-ofa Prve lige Republike Srpske.<\/p>\n<p>Branioci titule su slavili na gostovanju i pred svojim navija\u010dima imaju priliku da se \u201edvokorakom\u201c ponovo na\u0111u u finalu i bore za novu titulu.<\/p>\n<p>Prijedor\u010dani su u prvom susretu bili bolji rezultatom 55:51, me\u0111utim Fo\u010daci se ne\u0107e predati i u grad na Sani dolaze sa \u017eeljom da odluku vrate na svoj parket.<\/p>\n<p>Me\u010d izme\u0111u KK Prijedor i KK Sutjeska igra se ve\u010deras od 19:00 \u010dasova u dvorani \u201eMladost\u201c u Prijedoru.<\/p>\n<p>Nadamo se da \u0107e doma\u0107i igra\u010di imati ve\u0107u podr\u0161ku publike negp \u0161to je to bio slu\u010daj u prethodnim susretima.<\/p>\n<p>Tekst i foto \u2013 Nenad \u0110eri\u0107\/Aleksandar Drakuli\u0107 \u2013 <a href=\"www.prijedordanas.com\" target=\"_blank\" rel=\"noopener noreferrer\">www.prijedordanas.com<\/a><\/p>\n<p><a href=\"https:\/\/www.prijedordanas.com\/wp-content\/uploads\/2017\/04\/prijedor-sutjeska-4.jpg\"><img loading=\"lazy\" decoding=\"async\" src=\"https:\/\/www.prijedordanas.com\/wp-content\/uploads\/2017\/04\/prijedor-sutjeska-4-300x222.jpg\" alt=\"\" width=\"300\" height=\"222\" class=\"alignleft size-medium wp-image-78338\" srcset=\"https:\/\/www.prijedordanas.com\/wp-content\/uploads\/2017\/04\/prijedor-sutjeska-4-300x222.jpg 300w, https:\/\/www.prijedordanas.com\/wp-content\/uploads\/2017\/04\/prijedor-sutjeska-4-100x74.jpg 100w, https:\/\/www.prijedordanas.com\/wp-content\/uploads\/2017\/04\/prijedor-sutjeska-4.jpg 675w\" sizes=\"(max-width: 300px) 100vw, 300px\" \/><\/a><\/p>\n","protected":false},"excerpt":{"rendered":"<p>Ko\u0161arka\u0161i Prijedora do\u010dekuju ekipu Sutjeske iz Fo\u010de u drugom me\u010du polufinala plej-ofa Prve lige Republike Srpske. Branioci titule su slavili na gostovanju i pred svojim navija\u010dima imaju priliku da se [&hellip;]<\/p>\n","protected":false},"author":1,"featured_media":0,"comment_status":"closed","ping_status":"open","sticky":false,"template":"","format":"standard","meta":{"_monsterinsights_skip_tracking":false,"_monsterinsights_sitenote_active":false,"_monsterinsights_sitenote_note":"","_monsterinsights_sitenote_category":0,"footnotes":""},"categories":[7],"tags":[2545],"yoast_head":"<!-- This site is optimized with the Yoast SEO plugin v21.6 - https:\/\/yoast.com\/wordpress\/plugins\/seo\/ -->\n<title>KO\u0160ARKA\u0160I PRIJEDORA DO\u010cEKUJU SUTJESKU: BORBA ZA PLASMAN U FINALE PLEJ-OFA - PrijedorDanas.com - Prijedorski gradski portal<\/title>\n<meta name=\"robots\" content=\"index, follow, max-snippet:-1, max-image-preview:large, max-video-preview:-1\" \/>\n<link rel=\"canonical\" href=\"https:\/\/www.prijedordanas.com\/?p=80904\" \/>\n<meta property=\"og:locale\" content=\"en_US\" \/>\n<meta property=\"og:type\" content=\"article\" \/>\n<meta property=\"og:title\" content=\"KO\u0160ARKA\u0160I PRIJEDORA DO\u010cEKUJU SUTJESKU: BORBA ZA PLASMAN U FINALE PLEJ-OFA - PrijedorDanas.com - Prijedorski gradski portal\" \/>\n<meta property=\"og:description\" content=\"Ko\u0161arka\u0161i Prijedora do\u010dekuju ekipu Sutjeske iz Fo\u010de u drugom me\u010du polufinala plej-ofa Prve lige Republike Srpske. Branioci titule su slavili na gostovanju i pred svojim navija\u010dima imaju priliku da se [&hellip;]\" \/>\n<meta property=\"og:url\" content=\"https:\/\/www.prijedordanas.com\/?p=80904\" \/>\n<meta property=\"og:site_name\" content=\"PrijedorDanas.com - Prijedorski gradski portal\" \/>\n<meta property=\"article:publisher\" content=\"https:\/\/www.facebook.com\/PrijedorDanasCom\/\" \/>\n<meta property=\"article:published_time\" content=\"2017-05-14T13:34:46+00:00\" \/>\n<meta property=\"og:image\" content=\"https:\/\/www.prijedordanas.com\/wp-content\/uploads\/2017\/02\/kk-prijedor-proljece-2017-300x250.jpg\" \/>\n<meta name=\"author\" content=\"admin\" \/>\n<meta name=\"twitter:card\" content=\"summary_large_image\" \/>\n<meta name=\"twitter:label1\" content=\"Written by\" \/>\n\t<meta name=\"twitter:data1\" content=\"admin\" \/>\n\t<meta name=\"twitter:label2\" content=\"Est. reading time\" \/>\n\t<meta name=\"twitter:data2\" content=\"1 minute\" \/>\n<script type=\"application\/ld+json\" class=\"yoast-schema-graph\">{\"@context\":\"https:\/\/schema.org\",\"@graph\":[{\"@type\":\"Article\",\"@id\":\"https:\/\/www.prijedordanas.com\/?p=80904#article\",\"isPartOf\":{\"@id\":\"https:\/\/www.prijedordanas.com\/?p=80904\"},\"author\":{\"name\":\"admin\",\"@id\":\"https:\/\/www.prijedordanas.com\/#\/schema\/person\/4e08ccf29b506ca916ff86d46bb700e6\"},\"headline\":\"KO\u0160ARKA\u0160I PRIJEDORA DO\u010cEKUJU SUTJESKU: BORBA ZA PLASMAN U FINALE PLEJ-OFA\",\"datePublished\":\"2017-05-14T13:34:46+00:00\",\"dateModified\":\"2017-05-14T13:34:46+00:00\",\"mainEntityOfPage\":{\"@id\":\"https:\/\/www.prijedordanas.com\/?p=80904\"},\"wordCount\":144,\"publisher\":{\"@id\":\"https:\/\/www.prijedordanas.com\/#organization\"},\"keywords\":[\"KK Prijedor\"],\"articleSection\":[\"Sport\"],\"inLanguage\":\"en-US\"},{\"@type\":\"WebPage\",\"@id\":\"https:\/\/www.prijedordanas.com\/?p=80904\",\"url\":\"https:\/\/www.prijedordanas.com\/?p=80904\",\"name\":\"KO\u0160ARKA\u0160I PRIJEDORA DO\u010cEKUJU SUTJESKU: BORBA ZA PLASMAN U FINALE PLEJ-OFA - PrijedorDanas.com - Prijedorski gradski portal\",\"isPartOf\":{\"@id\":\"https:\/\/www.prijedordanas.com\/#website\"},\"datePublished\":\"2017-05-14T13:34:46+00:00\",\"dateModified\":\"2017-05-14T13:34:46+00:00\",\"breadcrumb\":{\"@id\":\"https:\/\/www.prijedordanas.com\/?p=80904#breadcrumb\"},\"inLanguage\":\"en-US\",\"potentialAction\":[{\"@type\":\"ReadAction\",\"target\":[\"https:\/\/www.prijedordanas.com\/?p=80904\"]}]},{\"@type\":\"BreadcrumbList\",\"@id\":\"https:\/\/www.prijedordanas.com\/?p=80904#breadcrumb\",\"itemListElement\":[{\"@type\":\"ListItem\",\"position\":1,\"name\":\"Home\",\"item\":\"https:\/\/www.prijedordanas.com\/\"},{\"@type\":\"ListItem\",\"position\":2,\"name\":\"KO\u0160ARKA\u0160I PRIJEDORA DO\u010cEKUJU SUTJESKU: BORBA ZA PLASMAN U FINALE PLEJ-OFA\"}]},{\"@type\":\"WebSite\",\"@id\":\"https:\/\/www.prijedordanas.com\/#website\",\"url\":\"https:\/\/www.prijedordanas.com\/\",\"name\":\"PrijedorDanas.com - Prijedorski gradski portal\",\"description\":\"Portal o doga\u0111anjima u gradu Prijedoru\",\"publisher\":{\"@id\":\"https:\/\/www.prijedordanas.com\/#organization\"},\"potentialAction\":[{\"@type\":\"SearchAction\",\"target\":{\"@type\":\"EntryPoint\",\"urlTemplate\":\"https:\/\/www.prijedordanas.com\/?s={search_term_string}\"},\"query-input\":\"required name=search_term_string\"}],\"inLanguage\":\"en-US\"},{\"@type\":\"Organization\",\"@id\":\"https:\/\/www.prijedordanas.com\/#organization\",\"name\":\"PrijedorDanas.com\",\"url\":\"https:\/\/www.prijedordanas.com\/\",\"logo\":{\"@type\":\"ImageObject\",\"inLanguage\":\"en-US\",\"@id\":\"https:\/\/www.prijedordanas.com\/#\/schema\/logo\/image\/\",\"url\":\"http:\/\/www.prijedordanas.com\/wp-content\/uploads\/2021\/12\/logopng.png\",\"contentUrl\":\"http:\/\/www.prijedordanas.com\/wp-content\/uploads\/2021\/12\/logopng.png\",\"width\":1019,\"height\":776,\"caption\":\"PrijedorDanas.com\"},\"image\":{\"@id\":\"https:\/\/www.prijedordanas.com\/#\/schema\/logo\/image\/\"},\"sameAs\":[\"https:\/\/www.facebook.com\/PrijedorDanasCom\/\"]},{\"@type\":\"Person\",\"@id\":\"https:\/\/www.prijedordanas.com\/#\/schema\/person\/4e08ccf29b506ca916ff86d46bb700e6\",\"name\":\"admin\",\"image\":{\"@type\":\"ImageObject\",\"inLanguage\":\"en-US\",\"@id\":\"https:\/\/www.prijedordanas.com\/#\/schema\/person\/image\/\",\"url\":\"https:\/\/secure.gravatar.com\/avatar\/1d3fc949d550f0b53a5f0d51e06dfd79?s=96&d=mm&r=g\",\"contentUrl\":\"https:\/\/secure.gravatar.com\/avatar\/1d3fc949d550f0b53a5f0d51e06dfd79?s=96&d=mm&r=g\",\"caption\":\"admin\"},\"url\":\"https:\/\/www.prijedordanas.com\/?author=1\"}]}<\/script>\n<!-- \/ Yoast SEO plugin. -->","yoast_head_json":{"title":"KO\u0160ARKA\u0160I PRIJEDORA DO\u010cEKUJU SUTJESKU: BORBA ZA PLASMAN U FINALE PLEJ-OFA - PrijedorDanas.com - Prijedorski gradski portal","robots":{"index":"index","follow":"follow","max-snippet":"max-snippet:-1","max-image-preview":"max-image-preview:large","max-video-preview":"max-video-preview:-1"},"canonical":"https:\/\/www.prijedordanas.com\/?p=80904","og_locale":"en_US","og_type":"article","og_title":"KO\u0160ARKA\u0160I PRIJEDORA DO\u010cEKUJU SUTJESKU: BORBA ZA PLASMAN U FINALE PLEJ-OFA - PrijedorDanas.com - Prijedorski gradski portal","og_description":"Ko\u0161arka\u0161i Prijedora do\u010dekuju ekipu Sutjeske iz Fo\u010de u drugom me\u010du polufinala plej-ofa Prve lige Republike Srpske. Branioci titule su slavili na gostovanju i pred svojim navija\u010dima imaju priliku da se [&hellip;]","og_url":"https:\/\/www.prijedordanas.com\/?p=80904","og_site_name":"PrijedorDanas.com - Prijedorski gradski portal","article_publisher":"https:\/\/www.facebook.com\/PrijedorDanasCom\/","article_published_time":"2017-05-14T13:34:46+00:00","og_image":[{"url":"https:\/\/www.prijedordanas.com\/wp-content\/uploads\/2017\/02\/kk-prijedor-proljece-2017-300x250.jpg"}],"author":"admin","twitter_card":"summary_large_image","twitter_misc":{"Written by":"admin","Est. reading time":"1 minute"},"schema":{"@context":"https:\/\/schema.org","@graph":[{"@type":"Article","@id":"https:\/\/www.prijedordanas.com\/?p=80904#article","isPartOf":{"@id":"https:\/\/www.prijedordanas.com\/?p=80904"},"author":{"name":"admin","@id":"https:\/\/www.prijedordanas.com\/#\/schema\/person\/4e08ccf29b506ca916ff86d46bb700e6"},"headline":"KO\u0160ARKA\u0160I PRIJEDORA DO\u010cEKUJU SUTJESKU: BORBA ZA PLASMAN U FINALE PLEJ-OFA","datePublished":"2017-05-14T13:34:46+00:00","dateModified":"2017-05-14T13:34:46+00:00","mainEntityOfPage":{"@id":"https:\/\/www.prijedordanas.com\/?p=80904"},"wordCount":144,"publisher":{"@id":"https:\/\/www.prijedordanas.com\/#organization"},"keywords":["KK Prijedor"],"articleSection":["Sport"],"inLanguage":"en-US"},{"@type":"WebPage","@id":"https:\/\/www.prijedordanas.com\/?p=80904","url":"https:\/\/www.prijedordanas.com\/?p=80904","name":"KO\u0160ARKA\u0160I PRIJEDORA DO\u010cEKUJU SUTJESKU: BORBA ZA PLASMAN U FINALE PLEJ-OFA - PrijedorDanas.com - Prijedorski gradski portal","isPartOf":{"@id":"https:\/\/www.prijedordanas.com\/#website"},"datePublished":"2017-05-14T13:34:46+00:00","dateModified":"2017-05-14T13:34:46+00:00","breadcrumb":{"@id":"https:\/\/www.prijedordanas.com\/?p=80904#breadcrumb"},"inLanguage":"en-US","potentialAction":[{"@type":"ReadAction","target":["https:\/\/www.prijedordanas.com\/?p=80904"]}]},{"@type":"BreadcrumbList","@id":"https:\/\/www.prijedordanas.com\/?p=80904#breadcrumb","itemListElement":[{"@type":"ListItem","position":1,"name":"Home","item":"https:\/\/www.prijedordanas.com\/"},{"@type":"ListItem","position":2,"name":"KO\u0160ARKA\u0160I PRIJEDORA DO\u010cEKUJU SUTJESKU: BORBA ZA PLASMAN U FINALE PLEJ-OFA"}]},{"@type":"WebSite","@id":"https:\/\/www.prijedordanas.com\/#website","url":"https:\/\/www.prijedordanas.com\/","name":"PrijedorDanas.com - Prijedorski gradski portal","description":"Portal o doga\u0111anjima u gradu Prijedoru","publisher":{"@id":"https:\/\/www.prijedordanas.com\/#organization"},"potentialAction":[{"@type":"SearchAction","target":{"@type":"EntryPoint","urlTemplate":"https:\/\/www.prijedordanas.com\/?s={search_term_string}"},"query-input":"required name=search_term_string"}],"inLanguage":"en-US"},{"@type":"Organization","@id":"https:\/\/www.prijedordanas.com\/#organization","name":"PrijedorDanas.com","url":"https:\/\/www.prijedordanas.com\/","logo":{"@type":"ImageObject","inLanguage":"en-US","@id":"https:\/\/www.prijedordanas.com\/#\/schema\/logo\/image\/","url":"http:\/\/www.prijedordanas.com\/wp-content\/uploads\/2021\/12\/logopng.png","contentUrl":"http:\/\/www.prijedordanas.com\/wp-content\/uploads\/2021\/12\/logopng.png","width":1019,"height":776,"caption":"PrijedorDanas.com"},"image":{"@id":"https:\/\/www.prijedordanas.com\/#\/schema\/logo\/image\/"},"sameAs":["https:\/\/www.facebook.com\/PrijedorDanasCom\/"]},{"@type":"Person","@id":"https:\/\/www.prijedordanas.com\/#\/schema\/person\/4e08ccf29b506ca916ff86d46bb700e6","name":"admin","image":{"@type":"ImageObject","inLanguage":"en-US","@id":"https:\/\/www.prijedordanas.com\/#\/schema\/person\/image\/","url":"https:\/\/secure.gravatar.com\/avatar\/1d3fc949d550f0b53a5f0d51e06dfd79?s=96&d=mm&r=g","contentUrl":"https:\/\/secure.gravatar.com\/avatar\/1d3fc949d550f0b53a5f0d51e06dfd79?s=96&d=mm&r=g","caption":"admin"},"url":"https:\/\/www.prijedordanas.com\/?author=1"}]}},"_links":{"self":[{"href":"https:\/\/www.prijedordanas.com\/index.php?rest_route=\/wp\/v2\/posts\/80904"}],"collection":[{"href":"https:\/\/www.prijedordanas.com\/index.php?rest_route=\/wp\/v2\/posts"}],"about":[{"href":"https:\/\/www.prijedordanas.com\/index.php?rest_route=\/wp\/v2\/types\/post"}],"author":[{"embeddable":true,"href":"https:\/\/www.prijedordanas.com\/index.php?rest_route=\/wp\/v2\/users\/1"}],"replies":[{"embeddable":true,"href":"https:\/\/www.prijedordanas.com\/index.php?rest_route=%2Fwp%2Fv2%2Fcomments&post=80904"}],"version-history":[{"count":1,"href":"https:\/\/www.prijedordanas.com\/index.php?rest_route=\/wp\/v2\/posts\/80904\/revisions"}],"predecessor-version":[{"id":80905,"href":"https:\/\/www.prijedordanas.com\/index.php?rest_route=\/wp\/v2\/posts\/80904\/revisions\/80905"}],"wp:attachment":[{"href":"https:\/\/www.prijedordanas.com\/index.php?rest_route=%2Fwp%2Fv2%2Fmedia&parent=80904"}],"wp:term":[{"taxonomy":"category","embeddable":true,"href":"https:\/\/www.prijedordanas.com\/index.php?rest_route=%2Fwp%2Fv2%2Fcategories&post=80904"},{"taxonomy":"post_tag","embeddable":true,"href":"https:\/\/www.prijedordanas.com\/index.php?rest_route=%2Fwp%2Fv2%2Ftags&post=80904"}],"curies":[{"name":"wp","href":"https:\/\/api.w.org\/{rel}","templated":true}]}}