{"id":80750,"date":"2017-05-12T10:32:28","date_gmt":"2017-05-12T08:32:28","guid":{"rendered":"https:\/\/www.prijedordanas.com\/?p=80750"},"modified":"2017-05-12T10:32:28","modified_gmt":"2017-05-12T08:32:28","slug":"radnici-mitala-pred-skupstinom-opozicionarima-nisu-dali-u-kolonu-video","status":"publish","type":"post","link":"https:\/\/www.prijedordanas.com\/?p=80750","title":{"rendered":"RADNICI MITALA PRED SKUP\u0160TINOM: OPOZICIONARIMA NISU DALI U KOLONU &#8211; VIDEO"},"content":{"rendered":"<p><a href=\"https:\/\/www.prijedordanas.com\/wp-content\/uploads\/2017\/05\/atv-amp-protesti-opozicionari.jpg\"><img loading=\"lazy\" decoding=\"async\" src=\"https:\/\/www.prijedordanas.com\/wp-content\/uploads\/2017\/05\/atv-amp-protesti-opozicionari-300x217.jpg\" alt=\"\" width=\"300\" height=\"217\" class=\"alignleft size-medium wp-image-80751\" srcset=\"https:\/\/www.prijedordanas.com\/wp-content\/uploads\/2017\/05\/atv-amp-protesti-opozicionari-300x217.jpg 300w, https:\/\/www.prijedordanas.com\/wp-content\/uploads\/2017\/05\/atv-amp-protesti-opozicionari-100x72.jpg 100w, https:\/\/www.prijedordanas.com\/wp-content\/uploads\/2017\/05\/atv-amp-protesti-opozicionari.jpg 690w\" sizes=\"(max-width: 300px) 100vw, 300px\" \/><\/a>Ka\u017eemo \u201cNE\u201d prodaji Ljubije, a oni koji donose odluke neka se dobro zamisle- to su radnici Mitala poru\u010dili poslanicima i ministrima sa protestne \u0161etnje.<\/p>\n<p>Uz megafone, pi\u0161taljke, sa \u0161ljemovima i upe\u010datljivim transparentima, oko \u0161est stotina rudara pro\u0161etalo je od Trga Krajine do parka Mladen Stojanovi\u0107. Protestuju, ka\u017eu, zato \u0161to imaju dobrog poslodavca i ne \u017eele da mijenjaju. Prodaju, poru\u010duju, ne\u0107e dopustiti.<\/p>\n<p>\u201cApelujemo na sve poslanike Narodne skup\u0161tine, a posebno za one sa Prijedorske regije, da dobro razmisle da li \u0107e podi\u0107i ruku za odluku koja \u0107e hiljade porodica odvesti u ponor i glad, jer te iste porodice bi mogle zakucati na va\u0161a vrata i tra\u017eiti hljeb koji ste im vi oduzeli\u201d, poru\u010dio je Mile \u0110uri\u0107, radnik Arselor Mitala.<\/p>\n<p>Radnici Mitala su iz Prijedora do\u0161li u dvanaest firminih autobusa. Uz sada\u0161njeg poslodavca, poru\u010duju, ostaju do kraja. Posebno kada ga uporede sa Izralecima, o kojima, kako ka\u017eu, ne znaju ni\u0161ta, niti imaju bilo kakvu garanciju da znaju u \u0161ta se upu\u0161taju.<\/p>\n<p>\u201cMi \u010duvamo svoja radna mjesta. Od toga \u017eivimo, \u0161kolujemo svoju djecu. To nam treba, a Zotov nam ne treba, jer od toga nema ni\u0161ta\u201d, ka\u017eu radnici koji navode da oni samo \u0161tite svoja radna mjesta.<\/p>\n<p>Rudari su se u \u0161etnji nakratko zaustavili samo pred Narodnom skup\u0161tinom. Poslanicima su predali svoje zahtjeve, a svim donosiocima odluka poslali jasnu poruku.<\/p>\n<p>Radnici Arselor Mitala su ju\u010de posljednji put poku\u0161ali da uti\u010du na narodne poslanike i sprije\u010de prodaju R\u017dR Ljubija. Ukoliko odluka ipak pro\u0111e, poru\u010duju, bori\u0107e se svim raspolo\u017eivim sredstvima, uklju\u010duju\u0107i, kako ka\u017eu, i radikalne mjere.<\/p>\n<p>Skoro pa radikalnim mjerama morali su da se poslu\u017ee u nastavku protestne \u0161etnje. Kod zgrade vlade, koloni su se priklju\u010dili i opozicioni poslanici, koji \u0107e, ve\u0107 poznato, glasati protiv prodaje rudnika. Ipak, rudari su im poru\u010dili da im me\u0111u njima nije mjesto i da mogu da ih podr\u017eavaju samo sa trotoara.<\/p>\n<p>\u201cMolim vas, mi smo ipak samo rudari. Svi koji nas podr\u017eavaju, mogu na trotoaru da nas podr\u017eavaju, ali, molim vas, kolonu nemojte uznemiravati\u201d, glasila je poruka opoziciji.<\/p>\n<p>Po\u0161to su opozicionari iza\u0161li iz kolone, \u0161etnja se nastavila. Ni\u0161ta manje o\u0161tri radnici nisu bili ni prema predsjedniku Republike. Ka\u017eu, od rudnika ne\u0107e tek tako odustati, a borbu nastavljaju i poslije protesta. Milorad Dodik pi\u0161taljke je \u010duo na drugom doga\u0111aju. Radnicima poru\u010duje da je Ljubija prodata prije dvadeset godina i da zbog Evgenija Zotova ne moraju da strahuju.<\/p>\n<p>\u201cNe mo\u017eemo da svedemo mi odgovornost za tu pri\u010du, samo na pri\u010du o nekoliko stotina. Tamo dobijamo garanciju da \u0107e odr\u017eana biti zaposlenost. Dobijamo garanciju da \u0107e se odr\u017eati tri godine zaposlenost. Na\u0161a procjena je tamo da, ukoliko Mital ovako bude eksploatisao, on \u0107e iza\u0107i i tamo za pet-\u0161est godina ne\u0107e biti ni\u0161ta\u201d, izjavio je Milorad Dodik, predsjednik RS.<\/p>\n<p>Rudari, po svemu sude\u0107i, ne vjeruju Dodiku. Ka\u017eu, ako se rudnik proda Izraelcima, znaju \u0161ta \u0107e dalje. Tvrde da znaju \u0161ta je za njih najbolje i da zato u ovoj pri\u010di njihov glas mora da se \u010duje. Predsjedniku Republike poru\u010duju da poziv na \u010da\u0161icu rakije ne\u0107e biti dovoljan da odustanu od svojih zahtjeva. On im je odgovorio da ne mijenjaju tezu, jer, ka\u017ee, me\u0111u njima ima korumpiranih.<\/p>\n<p>ATV BL<\/p>\n<p><iframe loading=\"lazy\" width=\"500\" height=\"375\" src=\"https:\/\/www.youtube.com\/embed\/LrtfO-LcIlA?feature=oembed\" frameborder=\"0\" allowfullscreen><\/iframe><\/p>\n","protected":false},"excerpt":{"rendered":"<p>Ka\u017eemo \u201cNE\u201d prodaji Ljubije, a oni koji donose odluke neka se dobro zamisle- to su radnici Mitala poru\u010dili poslanicima i ministrima sa protestne \u0161etnje. Uz megafone, pi\u0161taljke, sa \u0161ljemovima i [&hellip;]<\/p>\n","protected":false},"author":1,"featured_media":0,"comment_status":"closed","ping_status":"open","sticky":false,"template":"","format":"standard","meta":{"_monsterinsights_skip_tracking":false,"_monsterinsights_sitenote_active":false,"_monsterinsights_sitenote_note":"","_monsterinsights_sitenote_category":0,"footnotes":""},"categories":[8],"tags":[9954],"yoast_head":"<!-- This site is optimized with the Yoast SEO plugin v21.6 - https:\/\/yoast.com\/wordpress\/plugins\/seo\/ -->\n<title>RADNICI MITALA PRED SKUP\u0160TINOM: OPOZICIONARIMA NISU DALI U KOLONU - VIDEO - PrijedorDanas.com - Prijedorski gradski portal<\/title>\n<meta name=\"robots\" content=\"index, follow, max-snippet:-1, max-image-preview:large, max-video-preview:-1\" \/>\n<link rel=\"canonical\" href=\"https:\/\/www.prijedordanas.com\/?p=80750\" \/>\n<meta property=\"og:locale\" content=\"en_US\" \/>\n<meta property=\"og:type\" content=\"article\" \/>\n<meta property=\"og:title\" content=\"RADNICI MITALA PRED SKUP\u0160TINOM: OPOZICIONARIMA NISU DALI U KOLONU - VIDEO - PrijedorDanas.com - Prijedorski gradski portal\" \/>\n<meta property=\"og:description\" content=\"Ka\u017eemo \u201cNE\u201d prodaji Ljubije, a oni koji donose odluke neka se dobro zamisle- to su radnici Mitala poru\u010dili poslanicima i ministrima sa protestne \u0161etnje. Uz megafone, pi\u0161taljke, sa \u0161ljemovima i [&hellip;]\" \/>\n<meta property=\"og:url\" content=\"https:\/\/www.prijedordanas.com\/?p=80750\" \/>\n<meta property=\"og:site_name\" content=\"PrijedorDanas.com - Prijedorski gradski portal\" \/>\n<meta property=\"article:publisher\" content=\"https:\/\/www.facebook.com\/PrijedorDanasCom\/\" \/>\n<meta property=\"article:published_time\" content=\"2017-05-12T08:32:28+00:00\" \/>\n<meta property=\"og:image\" content=\"https:\/\/www.prijedordanas.com\/wp-content\/uploads\/2017\/05\/atv-amp-protesti-opozicionari-300x217.jpg\" \/>\n<meta name=\"author\" content=\"admin\" \/>\n<meta name=\"twitter:card\" content=\"summary_large_image\" \/>\n<meta name=\"twitter:label1\" content=\"Written by\" \/>\n\t<meta name=\"twitter:data1\" content=\"admin\" \/>\n\t<meta name=\"twitter:label2\" content=\"Est. reading time\" \/>\n\t<meta name=\"twitter:data2\" content=\"3 minutes\" \/>\n<script type=\"application\/ld+json\" class=\"yoast-schema-graph\">{\"@context\":\"https:\/\/schema.org\",\"@graph\":[{\"@type\":\"Article\",\"@id\":\"https:\/\/www.prijedordanas.com\/?p=80750#article\",\"isPartOf\":{\"@id\":\"https:\/\/www.prijedordanas.com\/?p=80750\"},\"author\":{\"name\":\"admin\",\"@id\":\"https:\/\/www.prijedordanas.com\/#\/schema\/person\/4e08ccf29b506ca916ff86d46bb700e6\"},\"headline\":\"RADNICI MITALA PRED SKUP\u0160TINOM: OPOZICIONARIMA NISU DALI U KOLONU &#8211; VIDEO\",\"datePublished\":\"2017-05-12T08:32:28+00:00\",\"dateModified\":\"2017-05-12T08:32:28+00:00\",\"mainEntityOfPage\":{\"@id\":\"https:\/\/www.prijedordanas.com\/?p=80750\"},\"wordCount\":599,\"publisher\":{\"@id\":\"https:\/\/www.prijedordanas.com\/#organization\"},\"keywords\":[\"opozicionari\"],\"articleSection\":[\"Svakodnevno\"],\"inLanguage\":\"en-US\"},{\"@type\":\"WebPage\",\"@id\":\"https:\/\/www.prijedordanas.com\/?p=80750\",\"url\":\"https:\/\/www.prijedordanas.com\/?p=80750\",\"name\":\"RADNICI MITALA PRED SKUP\u0160TINOM: OPOZICIONARIMA NISU DALI U KOLONU - VIDEO - PrijedorDanas.com - Prijedorski gradski portal\",\"isPartOf\":{\"@id\":\"https:\/\/www.prijedordanas.com\/#website\"},\"datePublished\":\"2017-05-12T08:32:28+00:00\",\"dateModified\":\"2017-05-12T08:32:28+00:00\",\"breadcrumb\":{\"@id\":\"https:\/\/www.prijedordanas.com\/?p=80750#breadcrumb\"},\"inLanguage\":\"en-US\",\"potentialAction\":[{\"@type\":\"ReadAction\",\"target\":[\"https:\/\/www.prijedordanas.com\/?p=80750\"]}]},{\"@type\":\"BreadcrumbList\",\"@id\":\"https:\/\/www.prijedordanas.com\/?p=80750#breadcrumb\",\"itemListElement\":[{\"@type\":\"ListItem\",\"position\":1,\"name\":\"Home\",\"item\":\"https:\/\/www.prijedordanas.com\/\"},{\"@type\":\"ListItem\",\"position\":2,\"name\":\"RADNICI MITALA PRED SKUP\u0160TINOM: OPOZICIONARIMA NISU DALI U KOLONU &#8211; VIDEO\"}]},{\"@type\":\"WebSite\",\"@id\":\"https:\/\/www.prijedordanas.com\/#website\",\"url\":\"https:\/\/www.prijedordanas.com\/\",\"name\":\"PrijedorDanas.com - Prijedorski gradski portal\",\"description\":\"Portal o doga\u0111anjima u gradu Prijedoru\",\"publisher\":{\"@id\":\"https:\/\/www.prijedordanas.com\/#organization\"},\"potentialAction\":[{\"@type\":\"SearchAction\",\"target\":{\"@type\":\"EntryPoint\",\"urlTemplate\":\"https:\/\/www.prijedordanas.com\/?s={search_term_string}\"},\"query-input\":\"required name=search_term_string\"}],\"inLanguage\":\"en-US\"},{\"@type\":\"Organization\",\"@id\":\"https:\/\/www.prijedordanas.com\/#organization\",\"name\":\"PrijedorDanas.com\",\"url\":\"https:\/\/www.prijedordanas.com\/\",\"logo\":{\"@type\":\"ImageObject\",\"inLanguage\":\"en-US\",\"@id\":\"https:\/\/www.prijedordanas.com\/#\/schema\/logo\/image\/\",\"url\":\"http:\/\/www.prijedordanas.com\/wp-content\/uploads\/2021\/12\/logopng.png\",\"contentUrl\":\"http:\/\/www.prijedordanas.com\/wp-content\/uploads\/2021\/12\/logopng.png\",\"width\":1019,\"height\":776,\"caption\":\"PrijedorDanas.com\"},\"image\":{\"@id\":\"https:\/\/www.prijedordanas.com\/#\/schema\/logo\/image\/\"},\"sameAs\":[\"https:\/\/www.facebook.com\/PrijedorDanasCom\/\"]},{\"@type\":\"Person\",\"@id\":\"https:\/\/www.prijedordanas.com\/#\/schema\/person\/4e08ccf29b506ca916ff86d46bb700e6\",\"name\":\"admin\",\"image\":{\"@type\":\"ImageObject\",\"inLanguage\":\"en-US\",\"@id\":\"https:\/\/www.prijedordanas.com\/#\/schema\/person\/image\/\",\"url\":\"https:\/\/secure.gravatar.com\/avatar\/1d3fc949d550f0b53a5f0d51e06dfd79?s=96&d=mm&r=g\",\"contentUrl\":\"https:\/\/secure.gravatar.com\/avatar\/1d3fc949d550f0b53a5f0d51e06dfd79?s=96&d=mm&r=g\",\"caption\":\"admin\"},\"url\":\"https:\/\/www.prijedordanas.com\/?author=1\"}]}<\/script>\n<!-- \/ Yoast SEO plugin. -->","yoast_head_json":{"title":"RADNICI MITALA PRED SKUP\u0160TINOM: OPOZICIONARIMA NISU DALI U KOLONU - VIDEO - PrijedorDanas.com - Prijedorski gradski portal","robots":{"index":"index","follow":"follow","max-snippet":"max-snippet:-1","max-image-preview":"max-image-preview:large","max-video-preview":"max-video-preview:-1"},"canonical":"https:\/\/www.prijedordanas.com\/?p=80750","og_locale":"en_US","og_type":"article","og_title":"RADNICI MITALA PRED SKUP\u0160TINOM: OPOZICIONARIMA NISU DALI U KOLONU - VIDEO - PrijedorDanas.com - Prijedorski gradski portal","og_description":"Ka\u017eemo \u201cNE\u201d prodaji Ljubije, a oni koji donose odluke neka se dobro zamisle- to su radnici Mitala poru\u010dili poslanicima i ministrima sa protestne \u0161etnje. Uz megafone, pi\u0161taljke, sa \u0161ljemovima i [&hellip;]","og_url":"https:\/\/www.prijedordanas.com\/?p=80750","og_site_name":"PrijedorDanas.com - Prijedorski gradski portal","article_publisher":"https:\/\/www.facebook.com\/PrijedorDanasCom\/","article_published_time":"2017-05-12T08:32:28+00:00","og_image":[{"url":"https:\/\/www.prijedordanas.com\/wp-content\/uploads\/2017\/05\/atv-amp-protesti-opozicionari-300x217.jpg"}],"author":"admin","twitter_card":"summary_large_image","twitter_misc":{"Written by":"admin","Est. reading time":"3 minutes"},"schema":{"@context":"https:\/\/schema.org","@graph":[{"@type":"Article","@id":"https:\/\/www.prijedordanas.com\/?p=80750#article","isPartOf":{"@id":"https:\/\/www.prijedordanas.com\/?p=80750"},"author":{"name":"admin","@id":"https:\/\/www.prijedordanas.com\/#\/schema\/person\/4e08ccf29b506ca916ff86d46bb700e6"},"headline":"RADNICI MITALA PRED SKUP\u0160TINOM: OPOZICIONARIMA NISU DALI U KOLONU &#8211; VIDEO","datePublished":"2017-05-12T08:32:28+00:00","dateModified":"2017-05-12T08:32:28+00:00","mainEntityOfPage":{"@id":"https:\/\/www.prijedordanas.com\/?p=80750"},"wordCount":599,"publisher":{"@id":"https:\/\/www.prijedordanas.com\/#organization"},"keywords":["opozicionari"],"articleSection":["Svakodnevno"],"inLanguage":"en-US"},{"@type":"WebPage","@id":"https:\/\/www.prijedordanas.com\/?p=80750","url":"https:\/\/www.prijedordanas.com\/?p=80750","name":"RADNICI MITALA PRED SKUP\u0160TINOM: OPOZICIONARIMA NISU DALI U KOLONU - VIDEO - PrijedorDanas.com - Prijedorski gradski portal","isPartOf":{"@id":"https:\/\/www.prijedordanas.com\/#website"},"datePublished":"2017-05-12T08:32:28+00:00","dateModified":"2017-05-12T08:32:28+00:00","breadcrumb":{"@id":"https:\/\/www.prijedordanas.com\/?p=80750#breadcrumb"},"inLanguage":"en-US","potentialAction":[{"@type":"ReadAction","target":["https:\/\/www.prijedordanas.com\/?p=80750"]}]},{"@type":"BreadcrumbList","@id":"https:\/\/www.prijedordanas.com\/?p=80750#breadcrumb","itemListElement":[{"@type":"ListItem","position":1,"name":"Home","item":"https:\/\/www.prijedordanas.com\/"},{"@type":"ListItem","position":2,"name":"RADNICI MITALA PRED SKUP\u0160TINOM: OPOZICIONARIMA NISU DALI U KOLONU &#8211; VIDEO"}]},{"@type":"WebSite","@id":"https:\/\/www.prijedordanas.com\/#website","url":"https:\/\/www.prijedordanas.com\/","name":"PrijedorDanas.com - Prijedorski gradski portal","description":"Portal o doga\u0111anjima u gradu Prijedoru","publisher":{"@id":"https:\/\/www.prijedordanas.com\/#organization"},"potentialAction":[{"@type":"SearchAction","target":{"@type":"EntryPoint","urlTemplate":"https:\/\/www.prijedordanas.com\/?s={search_term_string}"},"query-input":"required name=search_term_string"}],"inLanguage":"en-US"},{"@type":"Organization","@id":"https:\/\/www.prijedordanas.com\/#organization","name":"PrijedorDanas.com","url":"https:\/\/www.prijedordanas.com\/","logo":{"@type":"ImageObject","inLanguage":"en-US","@id":"https:\/\/www.prijedordanas.com\/#\/schema\/logo\/image\/","url":"http:\/\/www.prijedordanas.com\/wp-content\/uploads\/2021\/12\/logopng.png","contentUrl":"http:\/\/www.prijedordanas.com\/wp-content\/uploads\/2021\/12\/logopng.png","width":1019,"height":776,"caption":"PrijedorDanas.com"},"image":{"@id":"https:\/\/www.prijedordanas.com\/#\/schema\/logo\/image\/"},"sameAs":["https:\/\/www.facebook.com\/PrijedorDanasCom\/"]},{"@type":"Person","@id":"https:\/\/www.prijedordanas.com\/#\/schema\/person\/4e08ccf29b506ca916ff86d46bb700e6","name":"admin","image":{"@type":"ImageObject","inLanguage":"en-US","@id":"https:\/\/www.prijedordanas.com\/#\/schema\/person\/image\/","url":"https:\/\/secure.gravatar.com\/avatar\/1d3fc949d550f0b53a5f0d51e06dfd79?s=96&d=mm&r=g","contentUrl":"https:\/\/secure.gravatar.com\/avatar\/1d3fc949d550f0b53a5f0d51e06dfd79?s=96&d=mm&r=g","caption":"admin"},"url":"https:\/\/www.prijedordanas.com\/?author=1"}]}},"_links":{"self":[{"href":"https:\/\/www.prijedordanas.com\/index.php?rest_route=\/wp\/v2\/posts\/80750"}],"collection":[{"href":"https:\/\/www.prijedordanas.com\/index.php?rest_route=\/wp\/v2\/posts"}],"about":[{"href":"https:\/\/www.prijedordanas.com\/index.php?rest_route=\/wp\/v2\/types\/post"}],"author":[{"embeddable":true,"href":"https:\/\/www.prijedordanas.com\/index.php?rest_route=\/wp\/v2\/users\/1"}],"replies":[{"embeddable":true,"href":"https:\/\/www.prijedordanas.com\/index.php?rest_route=%2Fwp%2Fv2%2Fcomments&post=80750"}],"version-history":[{"count":1,"href":"https:\/\/www.prijedordanas.com\/index.php?rest_route=\/wp\/v2\/posts\/80750\/revisions"}],"predecessor-version":[{"id":80752,"href":"https:\/\/www.prijedordanas.com\/index.php?rest_route=\/wp\/v2\/posts\/80750\/revisions\/80752"}],"wp:attachment":[{"href":"https:\/\/www.prijedordanas.com\/index.php?rest_route=%2Fwp%2Fv2%2Fmedia&parent=80750"}],"wp:term":[{"taxonomy":"category","embeddable":true,"href":"https:\/\/www.prijedordanas.com\/index.php?rest_route=%2Fwp%2Fv2%2Fcategories&post=80750"},{"taxonomy":"post_tag","embeddable":true,"href":"https:\/\/www.prijedordanas.com\/index.php?rest_route=%2Fwp%2Fv2%2Ftags&post=80750"}],"curies":[{"name":"wp","href":"https:\/\/api.w.org\/{rel}","templated":true}]}}