{"id":80590,"date":"2017-05-10T16:09:42","date_gmt":"2017-05-10T14:09:42","guid":{"rendered":"https:\/\/www.prijedordanas.com\/?p=80590"},"modified":"2017-05-10T16:09:42","modified_gmt":"2017-05-10T14:09:42","slug":"fudbaleri-gomjenice-vjeruju-u-opstanak-minimalna-pobjeda-protiv-gostiju-iz-medede-foto","status":"publish","type":"post","link":"https:\/\/www.prijedordanas.com\/?p=80590","title":{"rendered":"FUDBALERI GOMJENICE VJERUJU U OPSTANAK: MINIMALNA POBJEDA PROTIV GOSTIJU IZ ME\u0110E\u0110E &#8211; FOTO"},"content":{"rendered":"<p><a href=\"https:\/\/www.prijedordanas.com\/wp-content\/uploads\/2017\/05\/gomjenica-ravan-1.jpg\"><img loading=\"lazy\" decoding=\"async\" class=\"alignleft size-medium wp-image-80591\" src=\"https:\/\/www.prijedordanas.com\/wp-content\/uploads\/2017\/05\/gomjenica-ravan-1-300x231.jpg\" alt=\"\" width=\"300\" height=\"231\" srcset=\"https:\/\/www.prijedordanas.com\/wp-content\/uploads\/2017\/05\/gomjenica-ravan-1-300x231.jpg 300w, https:\/\/www.prijedordanas.com\/wp-content\/uploads\/2017\/05\/gomjenica-ravan-1-100x77.jpg 100w, https:\/\/www.prijedordanas.com\/wp-content\/uploads\/2017\/05\/gomjenica-ravan-1.jpg 650w\" sizes=\"(max-width: 300px) 100vw, 300px\" \/><\/a>Fudbaleri Gomjenice su u derbiju za\u010delja tabele Regionalne lige Republike Srpske-grupa Zapad ostvarili zna\u010dajnu pobjedu, kojom su u\u010dinili vec\u0301im \u0161anse da izbore opstanak u ovom rangu takmi\u010denja, po\u0161to su savladali Ravan sa 1:0.<\/p>\n<p>Pobjednik je odlu\u010den vec\u0301 u 2.minuti.<\/p>\n<p>Mihajlo Mijatovic\u0301 je pro\u0161ao po lijevoj strani, ubacio loptu na desetak metara gdje je prihvatio Stefan Stojic\u0301 i poslao u lijevi ugao gola golmanaVladimira Semiza.<\/p>\n<p>Tri minuta kasnije najistaknutiji pojedinac u redovima gostiju iz Me\u0111e\u0111e Miroslav Jaj\u010danin je iskosa sa desne strane sa oko 20 metara ciljao bli\u017ei donji ugao Mla\u0111ena Dragic\u0301a, koji se nije dao iznenaditi.<\/p>\n<p>Izabranici trenera Igora Mr\u0161ic\u0301a \u017eeljeli su \u0161to prije do drugog pogotka, a najpovoljnije pozicije imao je Mijatovic\u0301 u 11.minuti.<\/p>\n<p><a href=\"https:\/\/www.prijedordanas.com\/wp-content\/uploads\/2017\/05\/gomjenica-ravan-2.jpg\"><img loading=\"lazy\" decoding=\"async\" class=\"alignleft size-medium wp-image-80592\" src=\"https:\/\/www.prijedordanas.com\/wp-content\/uploads\/2017\/05\/gomjenica-ravan-2-300x231.jpg\" alt=\"\" width=\"300\" height=\"231\" srcset=\"https:\/\/www.prijedordanas.com\/wp-content\/uploads\/2017\/05\/gomjenica-ravan-2-300x231.jpg 300w, https:\/\/www.prijedordanas.com\/wp-content\/uploads\/2017\/05\/gomjenica-ravan-2-100x77.jpg 100w, https:\/\/www.prijedordanas.com\/wp-content\/uploads\/2017\/05\/gomjenica-ravan-2.jpg 650w\" sizes=\"(max-width: 300px) 100vw, 300px\" \/><\/a>U prvom poku\u0161aju put lopti ka mre\u017ei, jer je Semiz istr\u010dao, sprije\u010dio je Marko Radi\u0161ic\u0301, a u drugom Semiz je uspio da interveni\u0161e.<\/p>\n<p>I na suprotnoj strani tim Vjekoslava Borojevic\u0301a, kada mu se ukazala prilika, poku\u0161avao je da zaprijeti.<\/p>\n<p>U 16.minuti Stefan Toma\u0161 je sa ivice \u0161esnaesterca \u0161utirao, ali bio je to lak plijen za golmana Dragic\u0301a, da bi u 31. Jaj\u010danin gotovo sa iste pozicije kao i pretodni put poslao loptu u pre\u010dku.<\/p>\n<p>U nastavku igra je bila manje sadr\u017eajna, a va\u017enost bodova je uticala da akcije budu prili\u010dno nepovezane, zbog psiholo\u0161kog pritiska.<\/p>\n<p>Protivni\u010dke je u velikoj mjeri zaustavljao najbolji akter me\u010da Dario Radanovic\u0301, koji je dobro i \u201eprobijao\u201c po desnom boku, a neumoran je u povezivanju redova Prijedor\u010dana bio \u0110or\u0111e Krec\u0301a.<\/p>\n<p><a href=\"https:\/\/www.prijedordanas.com\/wp-content\/uploads\/2017\/05\/gomjenica-ravan-3.jpg\"><img loading=\"lazy\" decoding=\"async\" class=\"alignleft size-medium wp-image-80593\" src=\"https:\/\/www.prijedordanas.com\/wp-content\/uploads\/2017\/05\/gomjenica-ravan-3-300x231.jpg\" alt=\"\" width=\"300\" height=\"231\" srcset=\"https:\/\/www.prijedordanas.com\/wp-content\/uploads\/2017\/05\/gomjenica-ravan-3-300x231.jpg 300w, https:\/\/www.prijedordanas.com\/wp-content\/uploads\/2017\/05\/gomjenica-ravan-3-100x77.jpg 100w, https:\/\/www.prijedordanas.com\/wp-content\/uploads\/2017\/05\/gomjenica-ravan-3.jpg 650w\" sizes=\"(max-width: 300px) 100vw, 300px\" \/><\/a>Susret su obilje\u017eila i dva crvena kartona.<\/p>\n<p>Prvo je kod Gomjenice u 82.minuti isklju\u010den Milorad Gnjatovic\u0301, zbog drugog \u017eutog kartona, a u posljednjim trenucima Dragan Grahovac (Ravan), koji je u\u0161ao na teren desetak minuta ranije, po\u0161to je namjerno udario Mijatovic\u0301a.<\/p>\n<p>Gomjeni\u010dani su u me\u0111uvremenu mogli udvosru\u010diti prednost u 89.minuti.<\/p>\n<p>U kaznenom prostoru oboren je Mijatovic\u0301, ali je iskusni Dejan \u0110urkic\u0301 sa \u201ebijele ta\u010dke\u201c poslao sna\u017eno loptu kraj desne stative.<\/p>\n<p><a href=\"https:\/\/www.prijedordanas.com\/wp-content\/uploads\/2017\/05\/gomjenica-ravan-4.jpg\"><img loading=\"lazy\" decoding=\"async\" src=\"https:\/\/www.prijedordanas.com\/wp-content\/uploads\/2017\/05\/gomjenica-ravan-4-300x231.jpg\" alt=\"\" width=\"300\" height=\"231\" class=\"alignleft size-medium wp-image-80594\" srcset=\"https:\/\/www.prijedordanas.com\/wp-content\/uploads\/2017\/05\/gomjenica-ravan-4-300x231.jpg 300w, https:\/\/www.prijedordanas.com\/wp-content\/uploads\/2017\/05\/gomjenica-ravan-4-100x77.jpg 100w, https:\/\/www.prijedordanas.com\/wp-content\/uploads\/2017\/05\/gomjenica-ravan-4.jpg 650w\" sizes=\"(max-width: 300px) 100vw, 300px\" \/><\/a>Gomjenica: Ravan 1:0(1:0)<\/p>\n<p>Prijedor<br \/>\nStadion: \u201eKod Celpaka\u201c<br \/>\nGledalaca: 50<br \/>\nSudija: Miran Kolar (Prijedor) 7<br \/>\nStrijelac: Stojic\u0301 u 2.minuti<br \/>\n\u017duti kartoni: V.Dragic\u0301, Draganic\u0301, Torbica, Gnjatovic\u0301 (Gomjenica), Dobrijevic\u0301, Kova\u010devic\u0301, Radi\u0161ic\u0301, Zvjerac (Ravan)<br \/>\nCrveni kartoni: Milorad Gnjatovic\u0301 (Gomjenica) u 82. i Dragan Grahovac (Ravan) u 90.minuti<\/p>\n<p>GOMJENICA:<br \/>\nM.Dragic\u0301 7, V.Dragic\u0301 7, Tadic\u0301 7, Draganic\u0301 7 (od 63. Vasiljevic\u0301 -), Torbica 7 (od 83. Panto\u0161 -), Krec\u0301a 7,5, Stojic\u0301 7 (od 77. Davidovic\u0301 -), Radanovic\u0301 7,5, Gnjatovic\u0301 6, \u0110urkic\u0301 6,5, Mijatovic\u0301 7<\/p>\n<p>RAVAN:<br \/>\nSemiz 7, Radi\u0161ic\u0301 6, Zvjerac 7, Jaj\u010danin 7,5, Kova\u010devic\u0301 7, Toma\u0161 6,5, Utje\u0161inovic\u0301 6,5, Dobrijevic\u0301 7 (od 72. Milanovic\u0301 -), Burazor 6,5, Drinic\u0301 6 (od 80. Grahovac -), Babic\u0301 6,5<\/p>\n<p>Igra\u010d utakmice: Dario Radanovic\u0301<\/p>\n<p>Tekst i foto \u2013 Nenad \u0110eri\u0107\/Aleksandar Drakuli\u0107 \u2013 <a href=\"www.prijedordanas.com\" target=\"_blank\" rel=\"noopener noreferrer\">www.prijedordanas.com<\/a><\/p>\n<p><a href=\"https:\/\/www.prijedordanas.com\/wp-content\/uploads\/2017\/05\/gomjenica-ravan-5.jpg\"><img loading=\"lazy\" decoding=\"async\" src=\"https:\/\/www.prijedordanas.com\/wp-content\/uploads\/2017\/05\/gomjenica-ravan-5-300x231.jpg\" alt=\"\" width=\"300\" height=\"231\" class=\"alignleft size-medium wp-image-80595\" srcset=\"https:\/\/www.prijedordanas.com\/wp-content\/uploads\/2017\/05\/gomjenica-ravan-5-300x231.jpg 300w, https:\/\/www.prijedordanas.com\/wp-content\/uploads\/2017\/05\/gomjenica-ravan-5-100x77.jpg 100w, https:\/\/www.prijedordanas.com\/wp-content\/uploads\/2017\/05\/gomjenica-ravan-5.jpg 650w\" sizes=\"(max-width: 300px) 100vw, 300px\" \/><\/a> <a href=\"https:\/\/www.prijedordanas.com\/wp-content\/uploads\/2017\/05\/gomjenica-ravan-6.jpg\"><img loading=\"lazy\" decoding=\"async\" src=\"https:\/\/www.prijedordanas.com\/wp-content\/uploads\/2017\/05\/gomjenica-ravan-6-300x231.jpg\" alt=\"\" width=\"300\" height=\"231\" class=\"alignleft size-medium wp-image-80596\" srcset=\"https:\/\/www.prijedordanas.com\/wp-content\/uploads\/2017\/05\/gomjenica-ravan-6-300x231.jpg 300w, https:\/\/www.prijedordanas.com\/wp-content\/uploads\/2017\/05\/gomjenica-ravan-6-100x77.jpg 100w, https:\/\/www.prijedordanas.com\/wp-content\/uploads\/2017\/05\/gomjenica-ravan-6.jpg 650w\" sizes=\"(max-width: 300px) 100vw, 300px\" \/><\/a><\/p>\n","protected":false},"excerpt":{"rendered":"<p>Fudbaleri Gomjenice su u derbiju za\u010delja tabele Regionalne lige Republike Srpske-grupa Zapad ostvarili zna\u010dajnu pobjedu, kojom su u\u010dinili vec\u0301im \u0161anse da izbore opstanak u ovom rangu takmi\u010denja, po\u0161to su savladali [&hellip;]<\/p>\n","protected":false},"author":1,"featured_media":0,"comment_status":"closed","ping_status":"open","sticky":false,"template":"","format":"standard","meta":{"_monsterinsights_skip_tracking":false,"_monsterinsights_sitenote_active":false,"_monsterinsights_sitenote_note":"","_monsterinsights_sitenote_category":0,"footnotes":""},"categories":[7],"tags":[3745],"yoast_head":"<!-- This site is optimized with the Yoast SEO plugin v21.6 - https:\/\/yoast.com\/wordpress\/plugins\/seo\/ -->\n<title>FUDBALERI GOMJENICE VJERUJU U OPSTANAK: MINIMALNA POBJEDA PROTIV GOSTIJU IZ ME\u0110E\u0110E - FOTO - PrijedorDanas.com - Prijedorski gradski portal<\/title>\n<meta name=\"robots\" content=\"index, follow, max-snippet:-1, max-image-preview:large, max-video-preview:-1\" \/>\n<link rel=\"canonical\" href=\"https:\/\/www.prijedordanas.com\/?p=80590\" \/>\n<meta property=\"og:locale\" content=\"en_US\" \/>\n<meta property=\"og:type\" content=\"article\" \/>\n<meta property=\"og:title\" content=\"FUDBALERI GOMJENICE VJERUJU U OPSTANAK: MINIMALNA POBJEDA PROTIV GOSTIJU IZ ME\u0110E\u0110E - FOTO - PrijedorDanas.com - Prijedorski gradski portal\" \/>\n<meta property=\"og:description\" content=\"Fudbaleri Gomjenice su u derbiju za\u010delja tabele Regionalne lige Republike Srpske-grupa Zapad ostvarili zna\u010dajnu pobjedu, kojom su u\u010dinili vec\u0301im \u0161anse da izbore opstanak u ovom rangu takmi\u010denja, po\u0161to su savladali [&hellip;]\" \/>\n<meta property=\"og:url\" content=\"https:\/\/www.prijedordanas.com\/?p=80590\" \/>\n<meta property=\"og:site_name\" content=\"PrijedorDanas.com - Prijedorski gradski portal\" \/>\n<meta property=\"article:publisher\" content=\"https:\/\/www.facebook.com\/PrijedorDanasCom\/\" \/>\n<meta property=\"article:published_time\" content=\"2017-05-10T14:09:42+00:00\" \/>\n<meta property=\"og:image\" content=\"https:\/\/www.prijedordanas.com\/wp-content\/uploads\/2017\/05\/gomjenica-ravan-1-300x231.jpg\" \/>\n<meta name=\"author\" content=\"admin\" \/>\n<meta name=\"twitter:card\" content=\"summary_large_image\" \/>\n<meta name=\"twitter:label1\" content=\"Written by\" \/>\n\t<meta name=\"twitter:data1\" content=\"admin\" \/>\n\t<meta name=\"twitter:label2\" content=\"Est. reading time\" \/>\n\t<meta name=\"twitter:data2\" content=\"2 minutes\" \/>\n<script type=\"application\/ld+json\" class=\"yoast-schema-graph\">{\"@context\":\"https:\/\/schema.org\",\"@graph\":[{\"@type\":\"Article\",\"@id\":\"https:\/\/www.prijedordanas.com\/?p=80590#article\",\"isPartOf\":{\"@id\":\"https:\/\/www.prijedordanas.com\/?p=80590\"},\"author\":{\"name\":\"admin\",\"@id\":\"https:\/\/www.prijedordanas.com\/#\/schema\/person\/4e08ccf29b506ca916ff86d46bb700e6\"},\"headline\":\"FUDBALERI GOMJENICE VJERUJU U OPSTANAK: MINIMALNA POBJEDA PROTIV GOSTIJU IZ ME\u0110E\u0110E &#8211; FOTO\",\"datePublished\":\"2017-05-10T14:09:42+00:00\",\"dateModified\":\"2017-05-10T14:09:42+00:00\",\"mainEntityOfPage\":{\"@id\":\"https:\/\/www.prijedordanas.com\/?p=80590\"},\"wordCount\":467,\"publisher\":{\"@id\":\"https:\/\/www.prijedordanas.com\/#organization\"},\"keywords\":[\"FK Gomjenica\"],\"articleSection\":[\"Sport\"],\"inLanguage\":\"en-US\"},{\"@type\":\"WebPage\",\"@id\":\"https:\/\/www.prijedordanas.com\/?p=80590\",\"url\":\"https:\/\/www.prijedordanas.com\/?p=80590\",\"name\":\"FUDBALERI GOMJENICE VJERUJU U OPSTANAK: MINIMALNA POBJEDA PROTIV GOSTIJU IZ ME\u0110E\u0110E - FOTO - PrijedorDanas.com - Prijedorski gradski portal\",\"isPartOf\":{\"@id\":\"https:\/\/www.prijedordanas.com\/#website\"},\"datePublished\":\"2017-05-10T14:09:42+00:00\",\"dateModified\":\"2017-05-10T14:09:42+00:00\",\"breadcrumb\":{\"@id\":\"https:\/\/www.prijedordanas.com\/?p=80590#breadcrumb\"},\"inLanguage\":\"en-US\",\"potentialAction\":[{\"@type\":\"ReadAction\",\"target\":[\"https:\/\/www.prijedordanas.com\/?p=80590\"]}]},{\"@type\":\"BreadcrumbList\",\"@id\":\"https:\/\/www.prijedordanas.com\/?p=80590#breadcrumb\",\"itemListElement\":[{\"@type\":\"ListItem\",\"position\":1,\"name\":\"Home\",\"item\":\"https:\/\/www.prijedordanas.com\/\"},{\"@type\":\"ListItem\",\"position\":2,\"name\":\"FUDBALERI GOMJENICE VJERUJU U OPSTANAK: MINIMALNA POBJEDA PROTIV GOSTIJU IZ ME\u0110E\u0110E &#8211; FOTO\"}]},{\"@type\":\"WebSite\",\"@id\":\"https:\/\/www.prijedordanas.com\/#website\",\"url\":\"https:\/\/www.prijedordanas.com\/\",\"name\":\"PrijedorDanas.com - Prijedorski gradski portal\",\"description\":\"Portal o doga\u0111anjima u gradu Prijedoru\",\"publisher\":{\"@id\":\"https:\/\/www.prijedordanas.com\/#organization\"},\"potentialAction\":[{\"@type\":\"SearchAction\",\"target\":{\"@type\":\"EntryPoint\",\"urlTemplate\":\"https:\/\/www.prijedordanas.com\/?s={search_term_string}\"},\"query-input\":\"required name=search_term_string\"}],\"inLanguage\":\"en-US\"},{\"@type\":\"Organization\",\"@id\":\"https:\/\/www.prijedordanas.com\/#organization\",\"name\":\"PrijedorDanas.com\",\"url\":\"https:\/\/www.prijedordanas.com\/\",\"logo\":{\"@type\":\"ImageObject\",\"inLanguage\":\"en-US\",\"@id\":\"https:\/\/www.prijedordanas.com\/#\/schema\/logo\/image\/\",\"url\":\"http:\/\/www.prijedordanas.com\/wp-content\/uploads\/2021\/12\/logopng.png\",\"contentUrl\":\"http:\/\/www.prijedordanas.com\/wp-content\/uploads\/2021\/12\/logopng.png\",\"width\":1019,\"height\":776,\"caption\":\"PrijedorDanas.com\"},\"image\":{\"@id\":\"https:\/\/www.prijedordanas.com\/#\/schema\/logo\/image\/\"},\"sameAs\":[\"https:\/\/www.facebook.com\/PrijedorDanasCom\/\"]},{\"@type\":\"Person\",\"@id\":\"https:\/\/www.prijedordanas.com\/#\/schema\/person\/4e08ccf29b506ca916ff86d46bb700e6\",\"name\":\"admin\",\"image\":{\"@type\":\"ImageObject\",\"inLanguage\":\"en-US\",\"@id\":\"https:\/\/www.prijedordanas.com\/#\/schema\/person\/image\/\",\"url\":\"https:\/\/secure.gravatar.com\/avatar\/1d3fc949d550f0b53a5f0d51e06dfd79?s=96&d=mm&r=g\",\"contentUrl\":\"https:\/\/secure.gravatar.com\/avatar\/1d3fc949d550f0b53a5f0d51e06dfd79?s=96&d=mm&r=g\",\"caption\":\"admin\"},\"url\":\"https:\/\/www.prijedordanas.com\/?author=1\"}]}<\/script>\n<!-- \/ Yoast SEO plugin. -->","yoast_head_json":{"title":"FUDBALERI GOMJENICE VJERUJU U OPSTANAK: MINIMALNA POBJEDA PROTIV GOSTIJU IZ ME\u0110E\u0110E - FOTO - PrijedorDanas.com - Prijedorski gradski portal","robots":{"index":"index","follow":"follow","max-snippet":"max-snippet:-1","max-image-preview":"max-image-preview:large","max-video-preview":"max-video-preview:-1"},"canonical":"https:\/\/www.prijedordanas.com\/?p=80590","og_locale":"en_US","og_type":"article","og_title":"FUDBALERI GOMJENICE VJERUJU U OPSTANAK: MINIMALNA POBJEDA PROTIV GOSTIJU IZ ME\u0110E\u0110E - FOTO - PrijedorDanas.com - Prijedorski gradski portal","og_description":"Fudbaleri Gomjenice su u derbiju za\u010delja tabele Regionalne lige Republike Srpske-grupa Zapad ostvarili zna\u010dajnu pobjedu, kojom su u\u010dinili vec\u0301im \u0161anse da izbore opstanak u ovom rangu takmi\u010denja, po\u0161to su savladali [&hellip;]","og_url":"https:\/\/www.prijedordanas.com\/?p=80590","og_site_name":"PrijedorDanas.com - Prijedorski gradski portal","article_publisher":"https:\/\/www.facebook.com\/PrijedorDanasCom\/","article_published_time":"2017-05-10T14:09:42+00:00","og_image":[{"url":"https:\/\/www.prijedordanas.com\/wp-content\/uploads\/2017\/05\/gomjenica-ravan-1-300x231.jpg"}],"author":"admin","twitter_card":"summary_large_image","twitter_misc":{"Written by":"admin","Est. reading time":"2 minutes"},"schema":{"@context":"https:\/\/schema.org","@graph":[{"@type":"Article","@id":"https:\/\/www.prijedordanas.com\/?p=80590#article","isPartOf":{"@id":"https:\/\/www.prijedordanas.com\/?p=80590"},"author":{"name":"admin","@id":"https:\/\/www.prijedordanas.com\/#\/schema\/person\/4e08ccf29b506ca916ff86d46bb700e6"},"headline":"FUDBALERI GOMJENICE VJERUJU U OPSTANAK: MINIMALNA POBJEDA PROTIV GOSTIJU IZ ME\u0110E\u0110E &#8211; FOTO","datePublished":"2017-05-10T14:09:42+00:00","dateModified":"2017-05-10T14:09:42+00:00","mainEntityOfPage":{"@id":"https:\/\/www.prijedordanas.com\/?p=80590"},"wordCount":467,"publisher":{"@id":"https:\/\/www.prijedordanas.com\/#organization"},"keywords":["FK Gomjenica"],"articleSection":["Sport"],"inLanguage":"en-US"},{"@type":"WebPage","@id":"https:\/\/www.prijedordanas.com\/?p=80590","url":"https:\/\/www.prijedordanas.com\/?p=80590","name":"FUDBALERI GOMJENICE VJERUJU U OPSTANAK: MINIMALNA POBJEDA PROTIV GOSTIJU IZ ME\u0110E\u0110E - FOTO - PrijedorDanas.com - Prijedorski gradski portal","isPartOf":{"@id":"https:\/\/www.prijedordanas.com\/#website"},"datePublished":"2017-05-10T14:09:42+00:00","dateModified":"2017-05-10T14:09:42+00:00","breadcrumb":{"@id":"https:\/\/www.prijedordanas.com\/?p=80590#breadcrumb"},"inLanguage":"en-US","potentialAction":[{"@type":"ReadAction","target":["https:\/\/www.prijedordanas.com\/?p=80590"]}]},{"@type":"BreadcrumbList","@id":"https:\/\/www.prijedordanas.com\/?p=80590#breadcrumb","itemListElement":[{"@type":"ListItem","position":1,"name":"Home","item":"https:\/\/www.prijedordanas.com\/"},{"@type":"ListItem","position":2,"name":"FUDBALERI GOMJENICE VJERUJU U OPSTANAK: MINIMALNA POBJEDA PROTIV GOSTIJU IZ ME\u0110E\u0110E &#8211; FOTO"}]},{"@type":"WebSite","@id":"https:\/\/www.prijedordanas.com\/#website","url":"https:\/\/www.prijedordanas.com\/","name":"PrijedorDanas.com - Prijedorski gradski portal","description":"Portal o doga\u0111anjima u gradu Prijedoru","publisher":{"@id":"https:\/\/www.prijedordanas.com\/#organization"},"potentialAction":[{"@type":"SearchAction","target":{"@type":"EntryPoint","urlTemplate":"https:\/\/www.prijedordanas.com\/?s={search_term_string}"},"query-input":"required name=search_term_string"}],"inLanguage":"en-US"},{"@type":"Organization","@id":"https:\/\/www.prijedordanas.com\/#organization","name":"PrijedorDanas.com","url":"https:\/\/www.prijedordanas.com\/","logo":{"@type":"ImageObject","inLanguage":"en-US","@id":"https:\/\/www.prijedordanas.com\/#\/schema\/logo\/image\/","url":"http:\/\/www.prijedordanas.com\/wp-content\/uploads\/2021\/12\/logopng.png","contentUrl":"http:\/\/www.prijedordanas.com\/wp-content\/uploads\/2021\/12\/logopng.png","width":1019,"height":776,"caption":"PrijedorDanas.com"},"image":{"@id":"https:\/\/www.prijedordanas.com\/#\/schema\/logo\/image\/"},"sameAs":["https:\/\/www.facebook.com\/PrijedorDanasCom\/"]},{"@type":"Person","@id":"https:\/\/www.prijedordanas.com\/#\/schema\/person\/4e08ccf29b506ca916ff86d46bb700e6","name":"admin","image":{"@type":"ImageObject","inLanguage":"en-US","@id":"https:\/\/www.prijedordanas.com\/#\/schema\/person\/image\/","url":"https:\/\/secure.gravatar.com\/avatar\/1d3fc949d550f0b53a5f0d51e06dfd79?s=96&d=mm&r=g","contentUrl":"https:\/\/secure.gravatar.com\/avatar\/1d3fc949d550f0b53a5f0d51e06dfd79?s=96&d=mm&r=g","caption":"admin"},"url":"https:\/\/www.prijedordanas.com\/?author=1"}]}},"_links":{"self":[{"href":"https:\/\/www.prijedordanas.com\/index.php?rest_route=\/wp\/v2\/posts\/80590"}],"collection":[{"href":"https:\/\/www.prijedordanas.com\/index.php?rest_route=\/wp\/v2\/posts"}],"about":[{"href":"https:\/\/www.prijedordanas.com\/index.php?rest_route=\/wp\/v2\/types\/post"}],"author":[{"embeddable":true,"href":"https:\/\/www.prijedordanas.com\/index.php?rest_route=\/wp\/v2\/users\/1"}],"replies":[{"embeddable":true,"href":"https:\/\/www.prijedordanas.com\/index.php?rest_route=%2Fwp%2Fv2%2Fcomments&post=80590"}],"version-history":[{"count":1,"href":"https:\/\/www.prijedordanas.com\/index.php?rest_route=\/wp\/v2\/posts\/80590\/revisions"}],"predecessor-version":[{"id":80597,"href":"https:\/\/www.prijedordanas.com\/index.php?rest_route=\/wp\/v2\/posts\/80590\/revisions\/80597"}],"wp:attachment":[{"href":"https:\/\/www.prijedordanas.com\/index.php?rest_route=%2Fwp%2Fv2%2Fmedia&parent=80590"}],"wp:term":[{"taxonomy":"category","embeddable":true,"href":"https:\/\/www.prijedordanas.com\/index.php?rest_route=%2Fwp%2Fv2%2Fcategories&post=80590"},{"taxonomy":"post_tag","embeddable":true,"href":"https:\/\/www.prijedordanas.com\/index.php?rest_route=%2Fwp%2Fv2%2Ftags&post=80590"}],"curies":[{"name":"wp","href":"https:\/\/api.w.org\/{rel}","templated":true}]}}