{"id":8000,"date":"2014-09-13T17:36:50","date_gmt":"2014-09-13T16:36:50","guid":{"rendered":"https:\/\/www.prijedordanas.com\/?p=8000"},"modified":"2014-09-13T17:36:50","modified_gmt":"2014-09-13T16:36:50","slug":"ada-pod-vodom-hasanove-ovce-ponovo-spasavane-camcem-foto","status":"publish","type":"post","link":"https:\/\/www.prijedordanas.com\/?p=8000","title":{"rendered":"ADA POD VODOM, HASANOVE OVCE PONOVO SPA\u0160AVANE \u010cAMCEM &#8211; FOTO"},"content":{"rendered":"<p><a href=\"https:\/\/www.prijedordanas.com\/wp-content\/uploads\/2014\/09\/ovce-spasavane-camcem-1.jpg\"><img loading=\"lazy\" decoding=\"async\" src=\"https:\/\/www.prijedordanas.com\/wp-content\/uploads\/2014\/09\/ovce-spasavane-camcem-1-300x198.jpg\" alt=\"ovce spasavane camcem (1)\" width=\"300\" height=\"198\" class=\"alignleft size-medium wp-image-8001\" srcset=\"https:\/\/www.prijedordanas.com\/wp-content\/uploads\/2014\/09\/ovce-spasavane-camcem-1-300x198.jpg 300w, https:\/\/www.prijedordanas.com\/wp-content\/uploads\/2014\/09\/ovce-spasavane-camcem-1.jpg 600w\" sizes=\"(max-width: 300px) 100vw, 300px\" \/><\/a>\u0160ezdesettrogodi\u0161nji Hasan Elkaz iz prijedorskog naselja Zagrad, ponovo je \u010damcem spa\u0161avao svoje stado ovaca.<\/p>\n<p>Nakon \u0161to je rijeka Sana pre\u0161la kriti\u010dnu ta\u010dku i stigla do 450 cm, i ada kod stadiona \u201ePoljana\u201c na\u0161la se pod vodom.<\/p>\n<p>\u201eVoda je u\u0161la u tor u kome se nalazi mojih pedesetak ovaca i nije bilo druge ve\u0107 da ih \u010damcem prebacujem  na sigurno\u201c, ka\u017ee Elkaz dodaju\u0107i da su mu kao i prethodnih nekoliko puta pomagali kom\u0161ije i prijatelji kojima je naro\u010dito zahvalan.<\/p>\n<p>\u201eOvo je ve\u0107 \u010detvrti-peti put ove godine da pravim akciju spa\u0161avanja za svoje stado ovaca. Sre\u0107a pa imam \u010damac i prijatelje koji mi poma\u017eu\u201c, dodao je Hasan.<\/p>\n<p>Ovce i janjad su privremeno \u201euto\u010di\u0161te\u201c prona\u0161li na parkingu ispred stadiona, a potom su transportovane na \u201evi\u0161u kotu\u201c, na podru\u010dje Kozarca.<\/p>\n<p>Tekst i foto \u2013 Aleksandar Drakuli\u0107<br \/>\n<a href=\"https:\/\/www.prijedordanas.com\/wp-content\/uploads\/2014\/09\/ovce-spasavane-camcem-2.jpg\"><img loading=\"lazy\" decoding=\"async\" src=\"https:\/\/www.prijedordanas.com\/wp-content\/uploads\/2014\/09\/ovce-spasavane-camcem-2-300x198.jpg\" alt=\"ovce spasavane camcem (2)\" width=\"300\" height=\"198\" class=\"alignleft size-medium wp-image-8002\" srcset=\"https:\/\/www.prijedordanas.com\/wp-content\/uploads\/2014\/09\/ovce-spasavane-camcem-2-300x198.jpg 300w, https:\/\/www.prijedordanas.com\/wp-content\/uploads\/2014\/09\/ovce-spasavane-camcem-2.jpg 600w\" sizes=\"(max-width: 300px) 100vw, 300px\" \/><\/a> <a href=\"https:\/\/www.prijedordanas.com\/wp-content\/uploads\/2014\/09\/ovce-spasavane-camcem-3.jpg\"><img loading=\"lazy\" decoding=\"async\" src=\"https:\/\/www.prijedordanas.com\/wp-content\/uploads\/2014\/09\/ovce-spasavane-camcem-3-300x198.jpg\" alt=\"ovce spasavane camcem (3)\" width=\"300\" height=\"198\" class=\"alignleft size-medium wp-image-8003\" srcset=\"https:\/\/www.prijedordanas.com\/wp-content\/uploads\/2014\/09\/ovce-spasavane-camcem-3-300x198.jpg 300w, https:\/\/www.prijedordanas.com\/wp-content\/uploads\/2014\/09\/ovce-spasavane-camcem-3.jpg 600w\" sizes=\"(max-width: 300px) 100vw, 300px\" \/><\/a> <a href=\"https:\/\/www.prijedordanas.com\/wp-content\/uploads\/2014\/09\/ovce-spasavane-camcem-4.jpg\"><img loading=\"lazy\" decoding=\"async\" src=\"https:\/\/www.prijedordanas.com\/wp-content\/uploads\/2014\/09\/ovce-spasavane-camcem-4-300x198.jpg\" alt=\"ovce spasavane camcem (4)\" width=\"300\" height=\"198\" class=\"alignleft size-medium wp-image-8004\" srcset=\"https:\/\/www.prijedordanas.com\/wp-content\/uploads\/2014\/09\/ovce-spasavane-camcem-4-300x198.jpg 300w, https:\/\/www.prijedordanas.com\/wp-content\/uploads\/2014\/09\/ovce-spasavane-camcem-4.jpg 600w\" sizes=\"(max-width: 300px) 100vw, 300px\" \/><\/a><\/p>\n","protected":false},"excerpt":{"rendered":"<p>\u0160ezdesettrogodi\u0161nji Hasan Elkaz iz prijedorskog naselja Zagrad, ponovo je \u010damcem spa\u0161avao svoje stado ovaca. Nakon \u0161to je rijeka Sana pre\u0161la kriti\u010dnu ta\u010dku i stigla do 450 cm, i ada kod [&hellip;]<\/p>\n","protected":false},"author":1,"featured_media":0,"comment_status":"closed","ping_status":"open","sticky":false,"template":"","format":"standard","meta":{"_monsterinsights_skip_tracking":false,"_monsterinsights_sitenote_active":false,"_monsterinsights_sitenote_note":"","_monsterinsights_sitenote_category":0,"footnotes":""},"categories":[3],"tags":[2374,1347],"yoast_head":"<!-- This site is optimized with the Yoast SEO plugin v21.6 - https:\/\/yoast.com\/wordpress\/plugins\/seo\/ -->\n<title>ADA POD VODOM, HASANOVE OVCE PONOVO SPA\u0160AVANE \u010cAMCEM - FOTO - PrijedorDanas.com - Prijedorski gradski portal<\/title>\n<meta name=\"robots\" content=\"index, follow, max-snippet:-1, max-image-preview:large, max-video-preview:-1\" \/>\n<link rel=\"canonical\" href=\"https:\/\/www.prijedordanas.com\/?p=8000\" \/>\n<meta property=\"og:locale\" content=\"en_US\" \/>\n<meta property=\"og:type\" content=\"article\" \/>\n<meta property=\"og:title\" content=\"ADA POD VODOM, HASANOVE OVCE PONOVO SPA\u0160AVANE \u010cAMCEM - FOTO - PrijedorDanas.com - Prijedorski gradski portal\" \/>\n<meta property=\"og:description\" content=\"\u0160ezdesettrogodi\u0161nji Hasan Elkaz iz prijedorskog naselja Zagrad, ponovo je \u010damcem spa\u0161avao svoje stado ovaca. Nakon \u0161to je rijeka Sana pre\u0161la kriti\u010dnu ta\u010dku i stigla do 450 cm, i ada kod [&hellip;]\" \/>\n<meta property=\"og:url\" content=\"https:\/\/www.prijedordanas.com\/?p=8000\" \/>\n<meta property=\"og:site_name\" content=\"PrijedorDanas.com - Prijedorski gradski portal\" \/>\n<meta property=\"article:publisher\" content=\"https:\/\/www.facebook.com\/PrijedorDanasCom\/\" \/>\n<meta property=\"article:published_time\" content=\"2014-09-13T16:36:50+00:00\" \/>\n<meta property=\"og:image\" content=\"https:\/\/www.prijedordanas.com\/wp-content\/uploads\/2014\/09\/ovce-spasavane-camcem-1-300x198.jpg\" \/>\n<meta name=\"author\" content=\"admin\" \/>\n<meta name=\"twitter:card\" content=\"summary_large_image\" \/>\n<meta name=\"twitter:label1\" content=\"Written by\" \/>\n\t<meta name=\"twitter:data1\" content=\"admin\" \/>\n\t<meta name=\"twitter:label2\" content=\"Est. reading time\" \/>\n\t<meta name=\"twitter:data2\" content=\"1 minute\" \/>\n<script type=\"application\/ld+json\" class=\"yoast-schema-graph\">{\"@context\":\"https:\/\/schema.org\",\"@graph\":[{\"@type\":\"Article\",\"@id\":\"https:\/\/www.prijedordanas.com\/?p=8000#article\",\"isPartOf\":{\"@id\":\"https:\/\/www.prijedordanas.com\/?p=8000\"},\"author\":{\"name\":\"admin\",\"@id\":\"https:\/\/www.prijedordanas.com\/#\/schema\/person\/4e08ccf29b506ca916ff86d46bb700e6\"},\"headline\":\"ADA POD VODOM, HASANOVE OVCE PONOVO SPA\u0160AVANE \u010cAMCEM &#8211; FOTO\",\"datePublished\":\"2014-09-13T16:36:50+00:00\",\"dateModified\":\"2014-09-13T16:36:50+00:00\",\"mainEntityOfPage\":{\"@id\":\"https:\/\/www.prijedordanas.com\/?p=8000\"},\"wordCount\":160,\"publisher\":{\"@id\":\"https:\/\/www.prijedordanas.com\/#organization\"},\"keywords\":[\"Hasan Elkaz\",\"ovce\"],\"articleSection\":[\"\u017divot\"],\"inLanguage\":\"en-US\"},{\"@type\":\"WebPage\",\"@id\":\"https:\/\/www.prijedordanas.com\/?p=8000\",\"url\":\"https:\/\/www.prijedordanas.com\/?p=8000\",\"name\":\"ADA POD VODOM, HASANOVE OVCE PONOVO SPA\u0160AVANE \u010cAMCEM - FOTO - PrijedorDanas.com - Prijedorski gradski portal\",\"isPartOf\":{\"@id\":\"https:\/\/www.prijedordanas.com\/#website\"},\"datePublished\":\"2014-09-13T16:36:50+00:00\",\"dateModified\":\"2014-09-13T16:36:50+00:00\",\"breadcrumb\":{\"@id\":\"https:\/\/www.prijedordanas.com\/?p=8000#breadcrumb\"},\"inLanguage\":\"en-US\",\"potentialAction\":[{\"@type\":\"ReadAction\",\"target\":[\"https:\/\/www.prijedordanas.com\/?p=8000\"]}]},{\"@type\":\"BreadcrumbList\",\"@id\":\"https:\/\/www.prijedordanas.com\/?p=8000#breadcrumb\",\"itemListElement\":[{\"@type\":\"ListItem\",\"position\":1,\"name\":\"Home\",\"item\":\"https:\/\/www.prijedordanas.com\/\"},{\"@type\":\"ListItem\",\"position\":2,\"name\":\"ADA POD VODOM, HASANOVE OVCE PONOVO SPA\u0160AVANE \u010cAMCEM &#8211; FOTO\"}]},{\"@type\":\"WebSite\",\"@id\":\"https:\/\/www.prijedordanas.com\/#website\",\"url\":\"https:\/\/www.prijedordanas.com\/\",\"name\":\"PrijedorDanas.com - Prijedorski gradski portal\",\"description\":\"Portal o doga\u0111anjima u gradu Prijedoru\",\"publisher\":{\"@id\":\"https:\/\/www.prijedordanas.com\/#organization\"},\"potentialAction\":[{\"@type\":\"SearchAction\",\"target\":{\"@type\":\"EntryPoint\",\"urlTemplate\":\"https:\/\/www.prijedordanas.com\/?s={search_term_string}\"},\"query-input\":\"required name=search_term_string\"}],\"inLanguage\":\"en-US\"},{\"@type\":\"Organization\",\"@id\":\"https:\/\/www.prijedordanas.com\/#organization\",\"name\":\"PrijedorDanas.com\",\"url\":\"https:\/\/www.prijedordanas.com\/\",\"logo\":{\"@type\":\"ImageObject\",\"inLanguage\":\"en-US\",\"@id\":\"https:\/\/www.prijedordanas.com\/#\/schema\/logo\/image\/\",\"url\":\"http:\/\/www.prijedordanas.com\/wp-content\/uploads\/2021\/12\/logopng.png\",\"contentUrl\":\"http:\/\/www.prijedordanas.com\/wp-content\/uploads\/2021\/12\/logopng.png\",\"width\":1019,\"height\":776,\"caption\":\"PrijedorDanas.com\"},\"image\":{\"@id\":\"https:\/\/www.prijedordanas.com\/#\/schema\/logo\/image\/\"},\"sameAs\":[\"https:\/\/www.facebook.com\/PrijedorDanasCom\/\"]},{\"@type\":\"Person\",\"@id\":\"https:\/\/www.prijedordanas.com\/#\/schema\/person\/4e08ccf29b506ca916ff86d46bb700e6\",\"name\":\"admin\",\"image\":{\"@type\":\"ImageObject\",\"inLanguage\":\"en-US\",\"@id\":\"https:\/\/www.prijedordanas.com\/#\/schema\/person\/image\/\",\"url\":\"https:\/\/secure.gravatar.com\/avatar\/1d3fc949d550f0b53a5f0d51e06dfd79?s=96&d=mm&r=g\",\"contentUrl\":\"https:\/\/secure.gravatar.com\/avatar\/1d3fc949d550f0b53a5f0d51e06dfd79?s=96&d=mm&r=g\",\"caption\":\"admin\"},\"url\":\"https:\/\/www.prijedordanas.com\/?author=1\"}]}<\/script>\n<!-- \/ Yoast SEO plugin. -->","yoast_head_json":{"title":"ADA POD VODOM, HASANOVE OVCE PONOVO SPA\u0160AVANE \u010cAMCEM - FOTO - PrijedorDanas.com - Prijedorski gradski portal","robots":{"index":"index","follow":"follow","max-snippet":"max-snippet:-1","max-image-preview":"max-image-preview:large","max-video-preview":"max-video-preview:-1"},"canonical":"https:\/\/www.prijedordanas.com\/?p=8000","og_locale":"en_US","og_type":"article","og_title":"ADA POD VODOM, HASANOVE OVCE PONOVO SPA\u0160AVANE \u010cAMCEM - FOTO - PrijedorDanas.com - Prijedorski gradski portal","og_description":"\u0160ezdesettrogodi\u0161nji Hasan Elkaz iz prijedorskog naselja Zagrad, ponovo je \u010damcem spa\u0161avao svoje stado ovaca. Nakon \u0161to je rijeka Sana pre\u0161la kriti\u010dnu ta\u010dku i stigla do 450 cm, i ada kod [&hellip;]","og_url":"https:\/\/www.prijedordanas.com\/?p=8000","og_site_name":"PrijedorDanas.com - Prijedorski gradski portal","article_publisher":"https:\/\/www.facebook.com\/PrijedorDanasCom\/","article_published_time":"2014-09-13T16:36:50+00:00","og_image":[{"url":"https:\/\/www.prijedordanas.com\/wp-content\/uploads\/2014\/09\/ovce-spasavane-camcem-1-300x198.jpg"}],"author":"admin","twitter_card":"summary_large_image","twitter_misc":{"Written by":"admin","Est. reading time":"1 minute"},"schema":{"@context":"https:\/\/schema.org","@graph":[{"@type":"Article","@id":"https:\/\/www.prijedordanas.com\/?p=8000#article","isPartOf":{"@id":"https:\/\/www.prijedordanas.com\/?p=8000"},"author":{"name":"admin","@id":"https:\/\/www.prijedordanas.com\/#\/schema\/person\/4e08ccf29b506ca916ff86d46bb700e6"},"headline":"ADA POD VODOM, HASANOVE OVCE PONOVO SPA\u0160AVANE \u010cAMCEM &#8211; FOTO","datePublished":"2014-09-13T16:36:50+00:00","dateModified":"2014-09-13T16:36:50+00:00","mainEntityOfPage":{"@id":"https:\/\/www.prijedordanas.com\/?p=8000"},"wordCount":160,"publisher":{"@id":"https:\/\/www.prijedordanas.com\/#organization"},"keywords":["Hasan Elkaz","ovce"],"articleSection":["\u017divot"],"inLanguage":"en-US"},{"@type":"WebPage","@id":"https:\/\/www.prijedordanas.com\/?p=8000","url":"https:\/\/www.prijedordanas.com\/?p=8000","name":"ADA POD VODOM, HASANOVE OVCE PONOVO SPA\u0160AVANE \u010cAMCEM - FOTO - PrijedorDanas.com - Prijedorski gradski portal","isPartOf":{"@id":"https:\/\/www.prijedordanas.com\/#website"},"datePublished":"2014-09-13T16:36:50+00:00","dateModified":"2014-09-13T16:36:50+00:00","breadcrumb":{"@id":"https:\/\/www.prijedordanas.com\/?p=8000#breadcrumb"},"inLanguage":"en-US","potentialAction":[{"@type":"ReadAction","target":["https:\/\/www.prijedordanas.com\/?p=8000"]}]},{"@type":"BreadcrumbList","@id":"https:\/\/www.prijedordanas.com\/?p=8000#breadcrumb","itemListElement":[{"@type":"ListItem","position":1,"name":"Home","item":"https:\/\/www.prijedordanas.com\/"},{"@type":"ListItem","position":2,"name":"ADA POD VODOM, HASANOVE OVCE PONOVO SPA\u0160AVANE \u010cAMCEM &#8211; FOTO"}]},{"@type":"WebSite","@id":"https:\/\/www.prijedordanas.com\/#website","url":"https:\/\/www.prijedordanas.com\/","name":"PrijedorDanas.com - Prijedorski gradski portal","description":"Portal o doga\u0111anjima u gradu Prijedoru","publisher":{"@id":"https:\/\/www.prijedordanas.com\/#organization"},"potentialAction":[{"@type":"SearchAction","target":{"@type":"EntryPoint","urlTemplate":"https:\/\/www.prijedordanas.com\/?s={search_term_string}"},"query-input":"required name=search_term_string"}],"inLanguage":"en-US"},{"@type":"Organization","@id":"https:\/\/www.prijedordanas.com\/#organization","name":"PrijedorDanas.com","url":"https:\/\/www.prijedordanas.com\/","logo":{"@type":"ImageObject","inLanguage":"en-US","@id":"https:\/\/www.prijedordanas.com\/#\/schema\/logo\/image\/","url":"http:\/\/www.prijedordanas.com\/wp-content\/uploads\/2021\/12\/logopng.png","contentUrl":"http:\/\/www.prijedordanas.com\/wp-content\/uploads\/2021\/12\/logopng.png","width":1019,"height":776,"caption":"PrijedorDanas.com"},"image":{"@id":"https:\/\/www.prijedordanas.com\/#\/schema\/logo\/image\/"},"sameAs":["https:\/\/www.facebook.com\/PrijedorDanasCom\/"]},{"@type":"Person","@id":"https:\/\/www.prijedordanas.com\/#\/schema\/person\/4e08ccf29b506ca916ff86d46bb700e6","name":"admin","image":{"@type":"ImageObject","inLanguage":"en-US","@id":"https:\/\/www.prijedordanas.com\/#\/schema\/person\/image\/","url":"https:\/\/secure.gravatar.com\/avatar\/1d3fc949d550f0b53a5f0d51e06dfd79?s=96&d=mm&r=g","contentUrl":"https:\/\/secure.gravatar.com\/avatar\/1d3fc949d550f0b53a5f0d51e06dfd79?s=96&d=mm&r=g","caption":"admin"},"url":"https:\/\/www.prijedordanas.com\/?author=1"}]}},"_links":{"self":[{"href":"https:\/\/www.prijedordanas.com\/index.php?rest_route=\/wp\/v2\/posts\/8000"}],"collection":[{"href":"https:\/\/www.prijedordanas.com\/index.php?rest_route=\/wp\/v2\/posts"}],"about":[{"href":"https:\/\/www.prijedordanas.com\/index.php?rest_route=\/wp\/v2\/types\/post"}],"author":[{"embeddable":true,"href":"https:\/\/www.prijedordanas.com\/index.php?rest_route=\/wp\/v2\/users\/1"}],"replies":[{"embeddable":true,"href":"https:\/\/www.prijedordanas.com\/index.php?rest_route=%2Fwp%2Fv2%2Fcomments&post=8000"}],"version-history":[{"count":1,"href":"https:\/\/www.prijedordanas.com\/index.php?rest_route=\/wp\/v2\/posts\/8000\/revisions"}],"predecessor-version":[{"id":8005,"href":"https:\/\/www.prijedordanas.com\/index.php?rest_route=\/wp\/v2\/posts\/8000\/revisions\/8005"}],"wp:attachment":[{"href":"https:\/\/www.prijedordanas.com\/index.php?rest_route=%2Fwp%2Fv2%2Fmedia&parent=8000"}],"wp:term":[{"taxonomy":"category","embeddable":true,"href":"https:\/\/www.prijedordanas.com\/index.php?rest_route=%2Fwp%2Fv2%2Fcategories&post=8000"},{"taxonomy":"post_tag","embeddable":true,"href":"https:\/\/www.prijedordanas.com\/index.php?rest_route=%2Fwp%2Fv2%2Ftags&post=8000"}],"curies":[{"name":"wp","href":"https:\/\/api.w.org\/{rel}","templated":true}]}}