{"id":79799,"date":"2017-04-28T15:48:07","date_gmt":"2017-04-28T13:48:07","guid":{"rendered":"https:\/\/www.prijedordanas.com\/?p=79799"},"modified":"2017-04-28T15:48:07","modified_gmt":"2017-04-28T13:48:07","slug":"os-jovan-cvijic-brezicani-ana-mirjana-brdar-osvojila-prvu-nagradu-na-literarnom-konkursu-republickog-pedagoskog-zavoda","status":"publish","type":"post","link":"https:\/\/www.prijedordanas.com\/?p=79799","title":{"rendered":"O\u0160 \u201cJOVAN CVIJI\u0106\u201d BREZI\u010cANI: ANA MIRJANA BRDAR OSVOJILA PRVU NAGRADU NA LITERARNOM KONKURSU REPUBLI\u010cKOG PEDAGO\u0160KOG ZAVODA"},"content":{"rendered":"<p><a href=\"https:\/\/www.prijedordanas.com\/wp-content\/uploads\/2017\/04\/ana-mirjana-brdar-1.jpg\"><img loading=\"lazy\" decoding=\"async\" class=\"alignleft size-medium wp-image-79800\" src=\"https:\/\/www.prijedordanas.com\/wp-content\/uploads\/2017\/04\/ana-mirjana-brdar-1-300x241.jpg\" alt=\"\" width=\"300\" height=\"241\" srcset=\"https:\/\/www.prijedordanas.com\/wp-content\/uploads\/2017\/04\/ana-mirjana-brdar-1-300x241.jpg 300w, https:\/\/www.prijedordanas.com\/wp-content\/uploads\/2017\/04\/ana-mirjana-brdar-1-100x80.jpg 100w, https:\/\/www.prijedordanas.com\/wp-content\/uploads\/2017\/04\/ana-mirjana-brdar-1.jpg 622w\" sizes=\"(max-width: 300px) 100vw, 300px\" \/><\/a>U\u010denica osmog razreda JU O\u0160 \u201cJovan Cvijic\u0301\u201c Brezi\u010dani Ana Mirjana Brdar osvojila je prvu nagradu na konkursu Republi\u010dkog pedago\u0161kog zavoda za literarne radove na temu \u201eStradanja i sjec\u0301anja na nevine \u017ertve u koncentracionom logoru Jasenovac\u201c.<\/p>\n<p>U\u010denica je napisala pjesmu pod nazivom \u201eDa se nikad ne ponovi\u201c i me\u0111u 223 rada koje su poslali u\u010denici osnovnih \u0161kola \u0161irom Republike Srpske osvojila prvo mjesto.<\/p>\n<p>Protekle nedjelje 23.aprila, \u010detrdesetak u\u010denika ove \u0161kole zajedno sa drugim u\u010denicima iz Prijedora, prisustvovalo je pomenu nevinim \u017ertvama u Spomen-podru\u010dju Donja Gradina.<\/p>\n<p>Tom prilikom ministar prosvjete i kulture u Vladi Republike Srpske otvorio je izlo\u017ebu u\u010deni\u010dkih likovnih radova, a u\u010denici koji su osvojili nagrade pro\u010ditali su najbolja literarna ostvarenja.<\/p>\n<p>Ovo priznanje samo je jedno od mnogobrojnih koje su zaslu\u017eili u\u010denici \u010dlanovi literarne sekcije koju u O\u0160 \u201cJovan Cvijic\u0301\u201c Brezi\u010dani godinama uspje\u0161no vodi nastavnica srpskog jezika Dra\u017eenka Me\u0111ed.<\/p>\n<p>Priredio &#8211; Aleksandar Drakuli\u0107 \u2013 <a href=\"www.prijedordanas.com\" target=\"_blank\" rel=\"noopener noreferrer\">www.prijedordanas.com<\/a><\/p>\n<p><a href=\"https:\/\/www.prijedordanas.com\/wp-content\/uploads\/2017\/04\/ana-mirjana-brdar-2.jpg\"><img loading=\"lazy\" decoding=\"async\" src=\"https:\/\/www.prijedordanas.com\/wp-content\/uploads\/2017\/04\/ana-mirjana-brdar-2-297x300.jpg\" alt=\"\" width=\"297\" height=\"300\" class=\"alignleft size-medium wp-image-79801\" srcset=\"https:\/\/www.prijedordanas.com\/wp-content\/uploads\/2017\/04\/ana-mirjana-brdar-2-297x300.jpg 297w, https:\/\/www.prijedordanas.com\/wp-content\/uploads\/2017\/04\/ana-mirjana-brdar-2-100x100.jpg 100w, https:\/\/www.prijedordanas.com\/wp-content\/uploads\/2017\/04\/ana-mirjana-brdar-2-50x50.jpg 50w, https:\/\/www.prijedordanas.com\/wp-content\/uploads\/2017\/04\/ana-mirjana-brdar-2.jpg 594w\" sizes=\"(max-width: 297px) 100vw, 297px\" \/><\/a><\/p>\n","protected":false},"excerpt":{"rendered":"<p>U\u010denica osmog razreda JU O\u0160 \u201cJovan Cvijic\u0301\u201c Brezi\u010dani Ana Mirjana Brdar osvojila je prvu nagradu na konkursu Republi\u010dkog pedago\u0161kog zavoda za literarne radove na temu \u201eStradanja i sjec\u0301anja na nevine [&hellip;]<\/p>\n","protected":false},"author":1,"featured_media":0,"comment_status":"closed","ping_status":"open","sticky":false,"template":"","format":"standard","meta":{"_monsterinsights_skip_tracking":false,"_monsterinsights_sitenote_active":false,"_monsterinsights_sitenote_note":"","_monsterinsights_sitenote_category":0,"footnotes":""},"categories":[7518],"tags":[9907,5765],"yoast_head":"<!-- This site is optimized with the Yoast SEO plugin v21.6 - https:\/\/yoast.com\/wordpress\/plugins\/seo\/ -->\n<title>O\u0160 \u201cJOVAN CVIJI\u0106\u201d BREZI\u010cANI: ANA MIRJANA BRDAR OSVOJILA PRVU NAGRADU NA LITERARNOM KONKURSU REPUBLI\u010cKOG PEDAGO\u0160KOG ZAVODA - PrijedorDanas.com - Prijedorski gradski portal<\/title>\n<meta name=\"robots\" content=\"index, follow, max-snippet:-1, max-image-preview:large, max-video-preview:-1\" \/>\n<link rel=\"canonical\" href=\"https:\/\/www.prijedordanas.com\/?p=79799\" \/>\n<meta property=\"og:locale\" content=\"en_US\" \/>\n<meta property=\"og:type\" content=\"article\" \/>\n<meta property=\"og:title\" content=\"O\u0160 \u201cJOVAN CVIJI\u0106\u201d BREZI\u010cANI: ANA MIRJANA BRDAR OSVOJILA PRVU NAGRADU NA LITERARNOM KONKURSU REPUBLI\u010cKOG PEDAGO\u0160KOG ZAVODA - PrijedorDanas.com - Prijedorski gradski portal\" \/>\n<meta property=\"og:description\" content=\"U\u010denica osmog razreda JU O\u0160 \u201cJovan Cvijic\u0301\u201c Brezi\u010dani Ana Mirjana Brdar osvojila je prvu nagradu na konkursu Republi\u010dkog pedago\u0161kog zavoda za literarne radove na temu \u201eStradanja i sjec\u0301anja na nevine [&hellip;]\" \/>\n<meta property=\"og:url\" content=\"https:\/\/www.prijedordanas.com\/?p=79799\" \/>\n<meta property=\"og:site_name\" content=\"PrijedorDanas.com - Prijedorski gradski portal\" \/>\n<meta property=\"article:publisher\" content=\"https:\/\/www.facebook.com\/PrijedorDanasCom\/\" \/>\n<meta property=\"article:published_time\" content=\"2017-04-28T13:48:07+00:00\" \/>\n<meta property=\"og:image\" content=\"https:\/\/www.prijedordanas.com\/wp-content\/uploads\/2017\/04\/ana-mirjana-brdar-1-300x241.jpg\" \/>\n<meta name=\"author\" content=\"admin\" \/>\n<meta name=\"twitter:card\" content=\"summary_large_image\" \/>\n<meta name=\"twitter:label1\" content=\"Written by\" \/>\n\t<meta name=\"twitter:data1\" content=\"admin\" \/>\n\t<meta name=\"twitter:label2\" content=\"Est. reading time\" \/>\n\t<meta name=\"twitter:data2\" content=\"1 minute\" \/>\n<script type=\"application\/ld+json\" class=\"yoast-schema-graph\">{\"@context\":\"https:\/\/schema.org\",\"@graph\":[{\"@type\":\"Article\",\"@id\":\"https:\/\/www.prijedordanas.com\/?p=79799#article\",\"isPartOf\":{\"@id\":\"https:\/\/www.prijedordanas.com\/?p=79799\"},\"author\":{\"name\":\"admin\",\"@id\":\"https:\/\/www.prijedordanas.com\/#\/schema\/person\/4e08ccf29b506ca916ff86d46bb700e6\"},\"headline\":\"O\u0160 \u201cJOVAN CVIJI\u0106\u201d BREZI\u010cANI: ANA MIRJANA BRDAR OSVOJILA PRVU NAGRADU NA LITERARNOM KONKURSU REPUBLI\u010cKOG PEDAGO\u0160KOG ZAVODA\",\"datePublished\":\"2017-04-28T13:48:07+00:00\",\"dateModified\":\"2017-04-28T13:48:07+00:00\",\"mainEntityOfPage\":{\"@id\":\"https:\/\/www.prijedordanas.com\/?p=79799\"},\"wordCount\":186,\"publisher\":{\"@id\":\"https:\/\/www.prijedordanas.com\/#organization\"},\"keywords\":[\"Ana Mirjana Brdar\",\"O\u0160 \\\"Jovan Cviji\u0107\\\" Brezi\u010dani\"],\"articleSection\":[\"Mladi\"],\"inLanguage\":\"en-US\"},{\"@type\":\"WebPage\",\"@id\":\"https:\/\/www.prijedordanas.com\/?p=79799\",\"url\":\"https:\/\/www.prijedordanas.com\/?p=79799\",\"name\":\"O\u0160 \u201cJOVAN CVIJI\u0106\u201d BREZI\u010cANI: ANA MIRJANA BRDAR OSVOJILA PRVU NAGRADU NA LITERARNOM KONKURSU REPUBLI\u010cKOG PEDAGO\u0160KOG ZAVODA - PrijedorDanas.com - Prijedorski gradski portal\",\"isPartOf\":{\"@id\":\"https:\/\/www.prijedordanas.com\/#website\"},\"datePublished\":\"2017-04-28T13:48:07+00:00\",\"dateModified\":\"2017-04-28T13:48:07+00:00\",\"breadcrumb\":{\"@id\":\"https:\/\/www.prijedordanas.com\/?p=79799#breadcrumb\"},\"inLanguage\":\"en-US\",\"potentialAction\":[{\"@type\":\"ReadAction\",\"target\":[\"https:\/\/www.prijedordanas.com\/?p=79799\"]}]},{\"@type\":\"BreadcrumbList\",\"@id\":\"https:\/\/www.prijedordanas.com\/?p=79799#breadcrumb\",\"itemListElement\":[{\"@type\":\"ListItem\",\"position\":1,\"name\":\"Home\",\"item\":\"https:\/\/www.prijedordanas.com\/\"},{\"@type\":\"ListItem\",\"position\":2,\"name\":\"O\u0160 \u201cJOVAN CVIJI\u0106\u201d BREZI\u010cANI: ANA MIRJANA BRDAR OSVOJILA PRVU NAGRADU NA LITERARNOM KONKURSU REPUBLI\u010cKOG PEDAGO\u0160KOG ZAVODA\"}]},{\"@type\":\"WebSite\",\"@id\":\"https:\/\/www.prijedordanas.com\/#website\",\"url\":\"https:\/\/www.prijedordanas.com\/\",\"name\":\"PrijedorDanas.com - Prijedorski gradski portal\",\"description\":\"Portal o doga\u0111anjima u gradu Prijedoru\",\"publisher\":{\"@id\":\"https:\/\/www.prijedordanas.com\/#organization\"},\"potentialAction\":[{\"@type\":\"SearchAction\",\"target\":{\"@type\":\"EntryPoint\",\"urlTemplate\":\"https:\/\/www.prijedordanas.com\/?s={search_term_string}\"},\"query-input\":\"required name=search_term_string\"}],\"inLanguage\":\"en-US\"},{\"@type\":\"Organization\",\"@id\":\"https:\/\/www.prijedordanas.com\/#organization\",\"name\":\"PrijedorDanas.com\",\"url\":\"https:\/\/www.prijedordanas.com\/\",\"logo\":{\"@type\":\"ImageObject\",\"inLanguage\":\"en-US\",\"@id\":\"https:\/\/www.prijedordanas.com\/#\/schema\/logo\/image\/\",\"url\":\"http:\/\/www.prijedordanas.com\/wp-content\/uploads\/2021\/12\/logopng.png\",\"contentUrl\":\"http:\/\/www.prijedordanas.com\/wp-content\/uploads\/2021\/12\/logopng.png\",\"width\":1019,\"height\":776,\"caption\":\"PrijedorDanas.com\"},\"image\":{\"@id\":\"https:\/\/www.prijedordanas.com\/#\/schema\/logo\/image\/\"},\"sameAs\":[\"https:\/\/www.facebook.com\/PrijedorDanasCom\/\"]},{\"@type\":\"Person\",\"@id\":\"https:\/\/www.prijedordanas.com\/#\/schema\/person\/4e08ccf29b506ca916ff86d46bb700e6\",\"name\":\"admin\",\"image\":{\"@type\":\"ImageObject\",\"inLanguage\":\"en-US\",\"@id\":\"https:\/\/www.prijedordanas.com\/#\/schema\/person\/image\/\",\"url\":\"https:\/\/secure.gravatar.com\/avatar\/1d3fc949d550f0b53a5f0d51e06dfd79?s=96&d=mm&r=g\",\"contentUrl\":\"https:\/\/secure.gravatar.com\/avatar\/1d3fc949d550f0b53a5f0d51e06dfd79?s=96&d=mm&r=g\",\"caption\":\"admin\"},\"url\":\"https:\/\/www.prijedordanas.com\/?author=1\"}]}<\/script>\n<!-- \/ Yoast SEO plugin. -->","yoast_head_json":{"title":"O\u0160 \u201cJOVAN CVIJI\u0106\u201d BREZI\u010cANI: ANA MIRJANA BRDAR OSVOJILA PRVU NAGRADU NA LITERARNOM KONKURSU REPUBLI\u010cKOG PEDAGO\u0160KOG ZAVODA - PrijedorDanas.com - Prijedorski gradski portal","robots":{"index":"index","follow":"follow","max-snippet":"max-snippet:-1","max-image-preview":"max-image-preview:large","max-video-preview":"max-video-preview:-1"},"canonical":"https:\/\/www.prijedordanas.com\/?p=79799","og_locale":"en_US","og_type":"article","og_title":"O\u0160 \u201cJOVAN CVIJI\u0106\u201d BREZI\u010cANI: ANA MIRJANA BRDAR OSVOJILA PRVU NAGRADU NA LITERARNOM KONKURSU REPUBLI\u010cKOG PEDAGO\u0160KOG ZAVODA - PrijedorDanas.com - Prijedorski gradski portal","og_description":"U\u010denica osmog razreda JU O\u0160 \u201cJovan Cvijic\u0301\u201c Brezi\u010dani Ana Mirjana Brdar osvojila je prvu nagradu na konkursu Republi\u010dkog pedago\u0161kog zavoda za literarne radove na temu \u201eStradanja i sjec\u0301anja na nevine [&hellip;]","og_url":"https:\/\/www.prijedordanas.com\/?p=79799","og_site_name":"PrijedorDanas.com - Prijedorski gradski portal","article_publisher":"https:\/\/www.facebook.com\/PrijedorDanasCom\/","article_published_time":"2017-04-28T13:48:07+00:00","og_image":[{"url":"https:\/\/www.prijedordanas.com\/wp-content\/uploads\/2017\/04\/ana-mirjana-brdar-1-300x241.jpg"}],"author":"admin","twitter_card":"summary_large_image","twitter_misc":{"Written by":"admin","Est. reading time":"1 minute"},"schema":{"@context":"https:\/\/schema.org","@graph":[{"@type":"Article","@id":"https:\/\/www.prijedordanas.com\/?p=79799#article","isPartOf":{"@id":"https:\/\/www.prijedordanas.com\/?p=79799"},"author":{"name":"admin","@id":"https:\/\/www.prijedordanas.com\/#\/schema\/person\/4e08ccf29b506ca916ff86d46bb700e6"},"headline":"O\u0160 \u201cJOVAN CVIJI\u0106\u201d BREZI\u010cANI: ANA MIRJANA BRDAR OSVOJILA PRVU NAGRADU NA LITERARNOM KONKURSU REPUBLI\u010cKOG PEDAGO\u0160KOG ZAVODA","datePublished":"2017-04-28T13:48:07+00:00","dateModified":"2017-04-28T13:48:07+00:00","mainEntityOfPage":{"@id":"https:\/\/www.prijedordanas.com\/?p=79799"},"wordCount":186,"publisher":{"@id":"https:\/\/www.prijedordanas.com\/#organization"},"keywords":["Ana Mirjana Brdar","O\u0160 \"Jovan Cviji\u0107\" Brezi\u010dani"],"articleSection":["Mladi"],"inLanguage":"en-US"},{"@type":"WebPage","@id":"https:\/\/www.prijedordanas.com\/?p=79799","url":"https:\/\/www.prijedordanas.com\/?p=79799","name":"O\u0160 \u201cJOVAN CVIJI\u0106\u201d BREZI\u010cANI: ANA MIRJANA BRDAR OSVOJILA PRVU NAGRADU NA LITERARNOM KONKURSU REPUBLI\u010cKOG PEDAGO\u0160KOG ZAVODA - PrijedorDanas.com - Prijedorski gradski portal","isPartOf":{"@id":"https:\/\/www.prijedordanas.com\/#website"},"datePublished":"2017-04-28T13:48:07+00:00","dateModified":"2017-04-28T13:48:07+00:00","breadcrumb":{"@id":"https:\/\/www.prijedordanas.com\/?p=79799#breadcrumb"},"inLanguage":"en-US","potentialAction":[{"@type":"ReadAction","target":["https:\/\/www.prijedordanas.com\/?p=79799"]}]},{"@type":"BreadcrumbList","@id":"https:\/\/www.prijedordanas.com\/?p=79799#breadcrumb","itemListElement":[{"@type":"ListItem","position":1,"name":"Home","item":"https:\/\/www.prijedordanas.com\/"},{"@type":"ListItem","position":2,"name":"O\u0160 \u201cJOVAN CVIJI\u0106\u201d BREZI\u010cANI: ANA MIRJANA BRDAR OSVOJILA PRVU NAGRADU NA LITERARNOM KONKURSU REPUBLI\u010cKOG PEDAGO\u0160KOG ZAVODA"}]},{"@type":"WebSite","@id":"https:\/\/www.prijedordanas.com\/#website","url":"https:\/\/www.prijedordanas.com\/","name":"PrijedorDanas.com - Prijedorski gradski portal","description":"Portal o doga\u0111anjima u gradu Prijedoru","publisher":{"@id":"https:\/\/www.prijedordanas.com\/#organization"},"potentialAction":[{"@type":"SearchAction","target":{"@type":"EntryPoint","urlTemplate":"https:\/\/www.prijedordanas.com\/?s={search_term_string}"},"query-input":"required name=search_term_string"}],"inLanguage":"en-US"},{"@type":"Organization","@id":"https:\/\/www.prijedordanas.com\/#organization","name":"PrijedorDanas.com","url":"https:\/\/www.prijedordanas.com\/","logo":{"@type":"ImageObject","inLanguage":"en-US","@id":"https:\/\/www.prijedordanas.com\/#\/schema\/logo\/image\/","url":"http:\/\/www.prijedordanas.com\/wp-content\/uploads\/2021\/12\/logopng.png","contentUrl":"http:\/\/www.prijedordanas.com\/wp-content\/uploads\/2021\/12\/logopng.png","width":1019,"height":776,"caption":"PrijedorDanas.com"},"image":{"@id":"https:\/\/www.prijedordanas.com\/#\/schema\/logo\/image\/"},"sameAs":["https:\/\/www.facebook.com\/PrijedorDanasCom\/"]},{"@type":"Person","@id":"https:\/\/www.prijedordanas.com\/#\/schema\/person\/4e08ccf29b506ca916ff86d46bb700e6","name":"admin","image":{"@type":"ImageObject","inLanguage":"en-US","@id":"https:\/\/www.prijedordanas.com\/#\/schema\/person\/image\/","url":"https:\/\/secure.gravatar.com\/avatar\/1d3fc949d550f0b53a5f0d51e06dfd79?s=96&d=mm&r=g","contentUrl":"https:\/\/secure.gravatar.com\/avatar\/1d3fc949d550f0b53a5f0d51e06dfd79?s=96&d=mm&r=g","caption":"admin"},"url":"https:\/\/www.prijedordanas.com\/?author=1"}]}},"_links":{"self":[{"href":"https:\/\/www.prijedordanas.com\/index.php?rest_route=\/wp\/v2\/posts\/79799"}],"collection":[{"href":"https:\/\/www.prijedordanas.com\/index.php?rest_route=\/wp\/v2\/posts"}],"about":[{"href":"https:\/\/www.prijedordanas.com\/index.php?rest_route=\/wp\/v2\/types\/post"}],"author":[{"embeddable":true,"href":"https:\/\/www.prijedordanas.com\/index.php?rest_route=\/wp\/v2\/users\/1"}],"replies":[{"embeddable":true,"href":"https:\/\/www.prijedordanas.com\/index.php?rest_route=%2Fwp%2Fv2%2Fcomments&post=79799"}],"version-history":[{"count":2,"href":"https:\/\/www.prijedordanas.com\/index.php?rest_route=\/wp\/v2\/posts\/79799\/revisions"}],"predecessor-version":[{"id":79815,"href":"https:\/\/www.prijedordanas.com\/index.php?rest_route=\/wp\/v2\/posts\/79799\/revisions\/79815"}],"wp:attachment":[{"href":"https:\/\/www.prijedordanas.com\/index.php?rest_route=%2Fwp%2Fv2%2Fmedia&parent=79799"}],"wp:term":[{"taxonomy":"category","embeddable":true,"href":"https:\/\/www.prijedordanas.com\/index.php?rest_route=%2Fwp%2Fv2%2Fcategories&post=79799"},{"taxonomy":"post_tag","embeddable":true,"href":"https:\/\/www.prijedordanas.com\/index.php?rest_route=%2Fwp%2Fv2%2Ftags&post=79799"}],"curies":[{"name":"wp","href":"https:\/\/api.w.org\/{rel}","templated":true}]}}