{"id":79712,"date":"2017-04-26T16:22:27","date_gmt":"2017-04-26T14:22:27","guid":{"rendered":"https:\/\/www.prijedordanas.com\/?p=79712"},"modified":"2017-04-26T16:22:27","modified_gmt":"2017-04-26T14:22:27","slug":"prijedorcanin-tesko-povrijeden-nakon-sto-je-vozilom-probio-ogradu-mosta-sletio-sa-puta-foto","status":"publish","type":"post","link":"https:\/\/www.prijedordanas.com\/?p=79712","title":{"rendered":"PRIJEDOR\u010cANIN TE\u0160KO POVRIJE\u0110EN NAKON \u0160TO JE VOZILOM PROBIO OGRADU MOSTA I SLETIO SA PUTA \u2013 FOTO"},"content":{"rendered":"<p><a href=\"https:\/\/www.prijedordanas.com\/wp-content\/uploads\/2017\/04\/saobracajka-gomjenicki-most-1.jpg\"><img loading=\"lazy\" decoding=\"async\" class=\"alignleft size-medium wp-image-79701\" src=\"https:\/\/www.prijedordanas.com\/wp-content\/uploads\/2017\/04\/saobracajka-gomjenicki-most-1-300x222.jpg\" alt=\"\" width=\"300\" height=\"222\" srcset=\"https:\/\/www.prijedordanas.com\/wp-content\/uploads\/2017\/04\/saobracajka-gomjenicki-most-1-300x222.jpg 300w, https:\/\/www.prijedordanas.com\/wp-content\/uploads\/2017\/04\/saobracajka-gomjenicki-most-1-100x74.jpg 100w, https:\/\/www.prijedordanas.com\/wp-content\/uploads\/2017\/04\/saobracajka-gomjenicki-most-1.jpg 675w\" sizes=\"(max-width: 300px) 100vw, 300px\" \/><\/a>Prijedor\u010danin R.M. (36) zadobio je te\u017ee tjelesne povrede nakon \u0161to je automobil \u201eBMW\u201c kojim je upravljao \u201esletio\u201c sa puta Prijedor-Toma\u0161ica u mjestu Gomjenica.<\/p>\n<p>Kako saznajemo iz Policijske uprave Prijedor do saobra\u0107ajne nezgode je do\u0161lo 25.aprila oko 1:35 \u010dasova.<\/p>\n<p>-Kre\u0107u\u0107i se iz pravca Prijedora, putni\u010dko vozilo \u201eBMW\u201c kojim je upravljalo lice sa inicijalima R.M. je, iz za sada neutvr\u0111enih razloga, sletjelo sa puta. Tom prilikom voza\u010d je zadobio te\u017ee tjelesne povrede zbog \u010dega je prevezen u Op\u0161tu bolnicu Prijedor, odakle je upu\u0107en u Klini\u010dki centar Banja Luka gdje se i sada nalazi \u2013 potvr\u0111eno nam je iz PU Prijedor.<\/p>\n<p>Uvi\u0111aj su obavili policijski slu\u017ebenici PS za bezbjednost saobra\u0107aja.<\/p>\n<p>Kako nezvani\u010dno saznajemo, automobil je dolaskom na most u naselju Gomjenica, naglo skrenuo u lijevu stranu i probio ogradu.<\/p>\n<p>Trenutno na jednom dijelu ovog mosta nedostaje desetak metara ograde pa se u\u010desnicima saobra\u0107aja, naro\u010dito pje\u0161acima, preporu\u010duje dodatni oprez.<\/p>\n<p>Tekst i foto \u2013 Aleksandar Drakuli\u0107 \u2013 <a href=\"www.prijedordanas.com\" target=\"_blank\" rel=\"noopener noreferrer\">www.prijedordanas.com<\/a><\/p>\n<p><a href=\"https:\/\/www.prijedordanas.com\/wp-content\/uploads\/2017\/04\/saobracajka-gomjenicki-most-2.jpg\"><img loading=\"lazy\" decoding=\"async\" src=\"https:\/\/www.prijedordanas.com\/wp-content\/uploads\/2017\/04\/saobracajka-gomjenicki-most-2-300x222.jpg\" alt=\"\" width=\"300\" height=\"222\" class=\"alignleft size-medium wp-image-79702\" srcset=\"https:\/\/www.prijedordanas.com\/wp-content\/uploads\/2017\/04\/saobracajka-gomjenicki-most-2-300x222.jpg 300w, https:\/\/www.prijedordanas.com\/wp-content\/uploads\/2017\/04\/saobracajka-gomjenicki-most-2-100x74.jpg 100w, https:\/\/www.prijedordanas.com\/wp-content\/uploads\/2017\/04\/saobracajka-gomjenicki-most-2.jpg 675w\" sizes=\"(max-width: 300px) 100vw, 300px\" \/><\/a> <a href=\"https:\/\/www.prijedordanas.com\/wp-content\/uploads\/2017\/04\/saobracajka-gomjenicki-most-3.jpg\"><img loading=\"lazy\" decoding=\"async\" src=\"https:\/\/www.prijedordanas.com\/wp-content\/uploads\/2017\/04\/saobracajka-gomjenicki-most-3-300x222.jpg\" alt=\"\" width=\"300\" height=\"222\" class=\"alignleft size-medium wp-image-79703\" srcset=\"https:\/\/www.prijedordanas.com\/wp-content\/uploads\/2017\/04\/saobracajka-gomjenicki-most-3-300x222.jpg 300w, https:\/\/www.prijedordanas.com\/wp-content\/uploads\/2017\/04\/saobracajka-gomjenicki-most-3-100x74.jpg 100w, https:\/\/www.prijedordanas.com\/wp-content\/uploads\/2017\/04\/saobracajka-gomjenicki-most-3.jpg 675w\" sizes=\"(max-width: 300px) 100vw, 300px\" \/><\/a> <a href=\"https:\/\/www.prijedordanas.com\/wp-content\/uploads\/2017\/04\/saobracajka-gomjenicki-most-4.jpg\"><img loading=\"lazy\" decoding=\"async\" src=\"https:\/\/www.prijedordanas.com\/wp-content\/uploads\/2017\/04\/saobracajka-gomjenicki-most-4-300x222.jpg\" alt=\"\" width=\"300\" height=\"222\" class=\"alignleft size-medium wp-image-79704\" srcset=\"https:\/\/www.prijedordanas.com\/wp-content\/uploads\/2017\/04\/saobracajka-gomjenicki-most-4-300x222.jpg 300w, https:\/\/www.prijedordanas.com\/wp-content\/uploads\/2017\/04\/saobracajka-gomjenicki-most-4-100x74.jpg 100w, https:\/\/www.prijedordanas.com\/wp-content\/uploads\/2017\/04\/saobracajka-gomjenicki-most-4.jpg 675w\" sizes=\"(max-width: 300px) 100vw, 300px\" \/><\/a> <a href=\"https:\/\/www.prijedordanas.com\/wp-content\/uploads\/2017\/04\/saobracajka-gomjenicki-most-5.jpg\"><img loading=\"lazy\" decoding=\"async\" src=\"https:\/\/www.prijedordanas.com\/wp-content\/uploads\/2017\/04\/saobracajka-gomjenicki-most-5-300x222.jpg\" alt=\"\" width=\"300\" height=\"222\" class=\"alignleft size-medium wp-image-79705\" srcset=\"https:\/\/www.prijedordanas.com\/wp-content\/uploads\/2017\/04\/saobracajka-gomjenicki-most-5-300x222.jpg 300w, https:\/\/www.prijedordanas.com\/wp-content\/uploads\/2017\/04\/saobracajka-gomjenicki-most-5-100x74.jpg 100w, https:\/\/www.prijedordanas.com\/wp-content\/uploads\/2017\/04\/saobracajka-gomjenicki-most-5.jpg 675w\" sizes=\"(max-width: 300px) 100vw, 300px\" \/><\/a> <a href=\"https:\/\/www.prijedordanas.com\/wp-content\/uploads\/2017\/04\/saobracajka-gomjenicki-most-6.jpg\"><img loading=\"lazy\" decoding=\"async\" src=\"https:\/\/www.prijedordanas.com\/wp-content\/uploads\/2017\/04\/saobracajka-gomjenicki-most-6-300x222.jpg\" alt=\"\" width=\"300\" height=\"222\" class=\"alignleft size-medium wp-image-79706\" srcset=\"https:\/\/www.prijedordanas.com\/wp-content\/uploads\/2017\/04\/saobracajka-gomjenicki-most-6-300x222.jpg 300w, https:\/\/www.prijedordanas.com\/wp-content\/uploads\/2017\/04\/saobracajka-gomjenicki-most-6-100x74.jpg 100w, https:\/\/www.prijedordanas.com\/wp-content\/uploads\/2017\/04\/saobracajka-gomjenicki-most-6.jpg 675w\" sizes=\"(max-width: 300px) 100vw, 300px\" \/><\/a> <a href=\"https:\/\/www.prijedordanas.com\/wp-content\/uploads\/2017\/04\/saobracajka-gomjenicki-most-7.jpg\"><img loading=\"lazy\" decoding=\"async\" src=\"https:\/\/www.prijedordanas.com\/wp-content\/uploads\/2017\/04\/saobracajka-gomjenicki-most-7-300x222.jpg\" alt=\"\" width=\"300\" height=\"222\" class=\"alignleft size-medium wp-image-79707\" srcset=\"https:\/\/www.prijedordanas.com\/wp-content\/uploads\/2017\/04\/saobracajka-gomjenicki-most-7-300x222.jpg 300w, https:\/\/www.prijedordanas.com\/wp-content\/uploads\/2017\/04\/saobracajka-gomjenicki-most-7-100x74.jpg 100w, https:\/\/www.prijedordanas.com\/wp-content\/uploads\/2017\/04\/saobracajka-gomjenicki-most-7.jpg 675w\" sizes=\"(max-width: 300px) 100vw, 300px\" \/><\/a><\/p>\n","protected":false},"excerpt":{"rendered":"<p>Prijedor\u010danin R.M. (36) zadobio je te\u017ee tjelesne povrede nakon \u0161to je automobil \u201eBMW\u201c kojim je upravljao \u201esletio\u201c sa puta Prijedor-Toma\u0161ica u mjestu Gomjenica. Kako saznajemo iz Policijske uprave Prijedor do [&hellip;]<\/p>\n","protected":false},"author":1,"featured_media":0,"comment_status":"closed","ping_status":"open","sticky":false,"template":"","format":"standard","meta":{"_monsterinsights_skip_tracking":false,"_monsterinsights_sitenote_active":false,"_monsterinsights_sitenote_note":"","_monsterinsights_sitenote_category":0,"footnotes":""},"categories":[5],"tags":[228],"yoast_head":"<!-- This site is optimized with the Yoast SEO plugin v21.6 - https:\/\/yoast.com\/wordpress\/plugins\/seo\/ -->\n<title>PRIJEDOR\u010cANIN TE\u0160KO POVRIJE\u0110EN NAKON \u0160TO JE VOZILOM PROBIO OGRADU MOSTA I SLETIO SA PUTA \u2013 FOTO - PrijedorDanas.com - Prijedorski gradski portal<\/title>\n<meta name=\"robots\" content=\"index, follow, max-snippet:-1, max-image-preview:large, max-video-preview:-1\" \/>\n<link rel=\"canonical\" href=\"https:\/\/www.prijedordanas.com\/?p=79712\" \/>\n<meta property=\"og:locale\" content=\"en_US\" \/>\n<meta property=\"og:type\" content=\"article\" \/>\n<meta property=\"og:title\" content=\"PRIJEDOR\u010cANIN TE\u0160KO POVRIJE\u0110EN NAKON \u0160TO JE VOZILOM PROBIO OGRADU MOSTA I SLETIO SA PUTA \u2013 FOTO - PrijedorDanas.com - Prijedorski gradski portal\" \/>\n<meta property=\"og:description\" content=\"Prijedor\u010danin R.M. (36) zadobio je te\u017ee tjelesne povrede nakon \u0161to je automobil \u201eBMW\u201c kojim je upravljao \u201esletio\u201c sa puta Prijedor-Toma\u0161ica u mjestu Gomjenica. Kako saznajemo iz Policijske uprave Prijedor do [&hellip;]\" \/>\n<meta property=\"og:url\" content=\"https:\/\/www.prijedordanas.com\/?p=79712\" \/>\n<meta property=\"og:site_name\" content=\"PrijedorDanas.com - Prijedorski gradski portal\" \/>\n<meta property=\"article:publisher\" content=\"https:\/\/www.facebook.com\/PrijedorDanasCom\/\" \/>\n<meta property=\"article:published_time\" content=\"2017-04-26T14:22:27+00:00\" \/>\n<meta property=\"og:image\" content=\"https:\/\/www.prijedordanas.com\/wp-content\/uploads\/2017\/04\/saobracajka-gomjenicki-most-1-300x222.jpg\" \/>\n<meta name=\"author\" content=\"admin\" \/>\n<meta name=\"twitter:card\" content=\"summary_large_image\" \/>\n<meta name=\"twitter:label1\" content=\"Written by\" \/>\n\t<meta name=\"twitter:data1\" content=\"admin\" \/>\n\t<meta name=\"twitter:label2\" content=\"Est. reading time\" \/>\n\t<meta name=\"twitter:data2\" content=\"1 minute\" \/>\n<script type=\"application\/ld+json\" class=\"yoast-schema-graph\">{\"@context\":\"https:\/\/schema.org\",\"@graph\":[{\"@type\":\"Article\",\"@id\":\"https:\/\/www.prijedordanas.com\/?p=79712#article\",\"isPartOf\":{\"@id\":\"https:\/\/www.prijedordanas.com\/?p=79712\"},\"author\":{\"name\":\"admin\",\"@id\":\"https:\/\/www.prijedordanas.com\/#\/schema\/person\/4e08ccf29b506ca916ff86d46bb700e6\"},\"headline\":\"PRIJEDOR\u010cANIN TE\u0160KO POVRIJE\u0110EN NAKON \u0160TO JE VOZILOM PROBIO OGRADU MOSTA I SLETIO SA PUTA \u2013 FOTO\",\"datePublished\":\"2017-04-26T14:22:27+00:00\",\"dateModified\":\"2017-04-26T14:22:27+00:00\",\"mainEntityOfPage\":{\"@id\":\"https:\/\/www.prijedordanas.com\/?p=79712\"},\"wordCount\":193,\"publisher\":{\"@id\":\"https:\/\/www.prijedordanas.com\/#organization\"},\"keywords\":[\"saobra\u0107ajka\"],\"articleSection\":[\"Hronika\"],\"inLanguage\":\"en-US\"},{\"@type\":\"WebPage\",\"@id\":\"https:\/\/www.prijedordanas.com\/?p=79712\",\"url\":\"https:\/\/www.prijedordanas.com\/?p=79712\",\"name\":\"PRIJEDOR\u010cANIN TE\u0160KO POVRIJE\u0110EN NAKON \u0160TO JE VOZILOM PROBIO OGRADU MOSTA I SLETIO SA PUTA \u2013 FOTO - PrijedorDanas.com - Prijedorski gradski portal\",\"isPartOf\":{\"@id\":\"https:\/\/www.prijedordanas.com\/#website\"},\"datePublished\":\"2017-04-26T14:22:27+00:00\",\"dateModified\":\"2017-04-26T14:22:27+00:00\",\"breadcrumb\":{\"@id\":\"https:\/\/www.prijedordanas.com\/?p=79712#breadcrumb\"},\"inLanguage\":\"en-US\",\"potentialAction\":[{\"@type\":\"ReadAction\",\"target\":[\"https:\/\/www.prijedordanas.com\/?p=79712\"]}]},{\"@type\":\"BreadcrumbList\",\"@id\":\"https:\/\/www.prijedordanas.com\/?p=79712#breadcrumb\",\"itemListElement\":[{\"@type\":\"ListItem\",\"position\":1,\"name\":\"Home\",\"item\":\"https:\/\/www.prijedordanas.com\/\"},{\"@type\":\"ListItem\",\"position\":2,\"name\":\"PRIJEDOR\u010cANIN TE\u0160KO POVRIJE\u0110EN NAKON \u0160TO JE VOZILOM PROBIO OGRADU MOSTA I SLETIO SA PUTA \u2013 FOTO\"}]},{\"@type\":\"WebSite\",\"@id\":\"https:\/\/www.prijedordanas.com\/#website\",\"url\":\"https:\/\/www.prijedordanas.com\/\",\"name\":\"PrijedorDanas.com - Prijedorski gradski portal\",\"description\":\"Portal o doga\u0111anjima u gradu Prijedoru\",\"publisher\":{\"@id\":\"https:\/\/www.prijedordanas.com\/#organization\"},\"potentialAction\":[{\"@type\":\"SearchAction\",\"target\":{\"@type\":\"EntryPoint\",\"urlTemplate\":\"https:\/\/www.prijedordanas.com\/?s={search_term_string}\"},\"query-input\":\"required name=search_term_string\"}],\"inLanguage\":\"en-US\"},{\"@type\":\"Organization\",\"@id\":\"https:\/\/www.prijedordanas.com\/#organization\",\"name\":\"PrijedorDanas.com\",\"url\":\"https:\/\/www.prijedordanas.com\/\",\"logo\":{\"@type\":\"ImageObject\",\"inLanguage\":\"en-US\",\"@id\":\"https:\/\/www.prijedordanas.com\/#\/schema\/logo\/image\/\",\"url\":\"http:\/\/www.prijedordanas.com\/wp-content\/uploads\/2021\/12\/logopng.png\",\"contentUrl\":\"http:\/\/www.prijedordanas.com\/wp-content\/uploads\/2021\/12\/logopng.png\",\"width\":1019,\"height\":776,\"caption\":\"PrijedorDanas.com\"},\"image\":{\"@id\":\"https:\/\/www.prijedordanas.com\/#\/schema\/logo\/image\/\"},\"sameAs\":[\"https:\/\/www.facebook.com\/PrijedorDanasCom\/\"]},{\"@type\":\"Person\",\"@id\":\"https:\/\/www.prijedordanas.com\/#\/schema\/person\/4e08ccf29b506ca916ff86d46bb700e6\",\"name\":\"admin\",\"image\":{\"@type\":\"ImageObject\",\"inLanguage\":\"en-US\",\"@id\":\"https:\/\/www.prijedordanas.com\/#\/schema\/person\/image\/\",\"url\":\"https:\/\/secure.gravatar.com\/avatar\/1d3fc949d550f0b53a5f0d51e06dfd79?s=96&d=mm&r=g\",\"contentUrl\":\"https:\/\/secure.gravatar.com\/avatar\/1d3fc949d550f0b53a5f0d51e06dfd79?s=96&d=mm&r=g\",\"caption\":\"admin\"},\"url\":\"https:\/\/www.prijedordanas.com\/?author=1\"}]}<\/script>\n<!-- \/ Yoast SEO plugin. -->","yoast_head_json":{"title":"PRIJEDOR\u010cANIN TE\u0160KO POVRIJE\u0110EN NAKON \u0160TO JE VOZILOM PROBIO OGRADU MOSTA I SLETIO SA PUTA \u2013 FOTO - PrijedorDanas.com - Prijedorski gradski portal","robots":{"index":"index","follow":"follow","max-snippet":"max-snippet:-1","max-image-preview":"max-image-preview:large","max-video-preview":"max-video-preview:-1"},"canonical":"https:\/\/www.prijedordanas.com\/?p=79712","og_locale":"en_US","og_type":"article","og_title":"PRIJEDOR\u010cANIN TE\u0160KO POVRIJE\u0110EN NAKON \u0160TO JE VOZILOM PROBIO OGRADU MOSTA I SLETIO SA PUTA \u2013 FOTO - PrijedorDanas.com - Prijedorski gradski portal","og_description":"Prijedor\u010danin R.M. (36) zadobio je te\u017ee tjelesne povrede nakon \u0161to je automobil \u201eBMW\u201c kojim je upravljao \u201esletio\u201c sa puta Prijedor-Toma\u0161ica u mjestu Gomjenica. Kako saznajemo iz Policijske uprave Prijedor do [&hellip;]","og_url":"https:\/\/www.prijedordanas.com\/?p=79712","og_site_name":"PrijedorDanas.com - Prijedorski gradski portal","article_publisher":"https:\/\/www.facebook.com\/PrijedorDanasCom\/","article_published_time":"2017-04-26T14:22:27+00:00","og_image":[{"url":"https:\/\/www.prijedordanas.com\/wp-content\/uploads\/2017\/04\/saobracajka-gomjenicki-most-1-300x222.jpg"}],"author":"admin","twitter_card":"summary_large_image","twitter_misc":{"Written by":"admin","Est. reading time":"1 minute"},"schema":{"@context":"https:\/\/schema.org","@graph":[{"@type":"Article","@id":"https:\/\/www.prijedordanas.com\/?p=79712#article","isPartOf":{"@id":"https:\/\/www.prijedordanas.com\/?p=79712"},"author":{"name":"admin","@id":"https:\/\/www.prijedordanas.com\/#\/schema\/person\/4e08ccf29b506ca916ff86d46bb700e6"},"headline":"PRIJEDOR\u010cANIN TE\u0160KO POVRIJE\u0110EN NAKON \u0160TO JE VOZILOM PROBIO OGRADU MOSTA I SLETIO SA PUTA \u2013 FOTO","datePublished":"2017-04-26T14:22:27+00:00","dateModified":"2017-04-26T14:22:27+00:00","mainEntityOfPage":{"@id":"https:\/\/www.prijedordanas.com\/?p=79712"},"wordCount":193,"publisher":{"@id":"https:\/\/www.prijedordanas.com\/#organization"},"keywords":["saobra\u0107ajka"],"articleSection":["Hronika"],"inLanguage":"en-US"},{"@type":"WebPage","@id":"https:\/\/www.prijedordanas.com\/?p=79712","url":"https:\/\/www.prijedordanas.com\/?p=79712","name":"PRIJEDOR\u010cANIN TE\u0160KO POVRIJE\u0110EN NAKON \u0160TO JE VOZILOM PROBIO OGRADU MOSTA I SLETIO SA PUTA \u2013 FOTO - PrijedorDanas.com - Prijedorski gradski portal","isPartOf":{"@id":"https:\/\/www.prijedordanas.com\/#website"},"datePublished":"2017-04-26T14:22:27+00:00","dateModified":"2017-04-26T14:22:27+00:00","breadcrumb":{"@id":"https:\/\/www.prijedordanas.com\/?p=79712#breadcrumb"},"inLanguage":"en-US","potentialAction":[{"@type":"ReadAction","target":["https:\/\/www.prijedordanas.com\/?p=79712"]}]},{"@type":"BreadcrumbList","@id":"https:\/\/www.prijedordanas.com\/?p=79712#breadcrumb","itemListElement":[{"@type":"ListItem","position":1,"name":"Home","item":"https:\/\/www.prijedordanas.com\/"},{"@type":"ListItem","position":2,"name":"PRIJEDOR\u010cANIN TE\u0160KO POVRIJE\u0110EN NAKON \u0160TO JE VOZILOM PROBIO OGRADU MOSTA I SLETIO SA PUTA \u2013 FOTO"}]},{"@type":"WebSite","@id":"https:\/\/www.prijedordanas.com\/#website","url":"https:\/\/www.prijedordanas.com\/","name":"PrijedorDanas.com - Prijedorski gradski portal","description":"Portal o doga\u0111anjima u gradu Prijedoru","publisher":{"@id":"https:\/\/www.prijedordanas.com\/#organization"},"potentialAction":[{"@type":"SearchAction","target":{"@type":"EntryPoint","urlTemplate":"https:\/\/www.prijedordanas.com\/?s={search_term_string}"},"query-input":"required name=search_term_string"}],"inLanguage":"en-US"},{"@type":"Organization","@id":"https:\/\/www.prijedordanas.com\/#organization","name":"PrijedorDanas.com","url":"https:\/\/www.prijedordanas.com\/","logo":{"@type":"ImageObject","inLanguage":"en-US","@id":"https:\/\/www.prijedordanas.com\/#\/schema\/logo\/image\/","url":"http:\/\/www.prijedordanas.com\/wp-content\/uploads\/2021\/12\/logopng.png","contentUrl":"http:\/\/www.prijedordanas.com\/wp-content\/uploads\/2021\/12\/logopng.png","width":1019,"height":776,"caption":"PrijedorDanas.com"},"image":{"@id":"https:\/\/www.prijedordanas.com\/#\/schema\/logo\/image\/"},"sameAs":["https:\/\/www.facebook.com\/PrijedorDanasCom\/"]},{"@type":"Person","@id":"https:\/\/www.prijedordanas.com\/#\/schema\/person\/4e08ccf29b506ca916ff86d46bb700e6","name":"admin","image":{"@type":"ImageObject","inLanguage":"en-US","@id":"https:\/\/www.prijedordanas.com\/#\/schema\/person\/image\/","url":"https:\/\/secure.gravatar.com\/avatar\/1d3fc949d550f0b53a5f0d51e06dfd79?s=96&d=mm&r=g","contentUrl":"https:\/\/secure.gravatar.com\/avatar\/1d3fc949d550f0b53a5f0d51e06dfd79?s=96&d=mm&r=g","caption":"admin"},"url":"https:\/\/www.prijedordanas.com\/?author=1"}]}},"_links":{"self":[{"href":"https:\/\/www.prijedordanas.com\/index.php?rest_route=\/wp\/v2\/posts\/79712"}],"collection":[{"href":"https:\/\/www.prijedordanas.com\/index.php?rest_route=\/wp\/v2\/posts"}],"about":[{"href":"https:\/\/www.prijedordanas.com\/index.php?rest_route=\/wp\/v2\/types\/post"}],"author":[{"embeddable":true,"href":"https:\/\/www.prijedordanas.com\/index.php?rest_route=\/wp\/v2\/users\/1"}],"replies":[{"embeddable":true,"href":"https:\/\/www.prijedordanas.com\/index.php?rest_route=%2Fwp%2Fv2%2Fcomments&post=79712"}],"version-history":[{"count":1,"href":"https:\/\/www.prijedordanas.com\/index.php?rest_route=\/wp\/v2\/posts\/79712\/revisions"}],"predecessor-version":[{"id":79713,"href":"https:\/\/www.prijedordanas.com\/index.php?rest_route=\/wp\/v2\/posts\/79712\/revisions\/79713"}],"wp:attachment":[{"href":"https:\/\/www.prijedordanas.com\/index.php?rest_route=%2Fwp%2Fv2%2Fmedia&parent=79712"}],"wp:term":[{"taxonomy":"category","embeddable":true,"href":"https:\/\/www.prijedordanas.com\/index.php?rest_route=%2Fwp%2Fv2%2Fcategories&post=79712"},{"taxonomy":"post_tag","embeddable":true,"href":"https:\/\/www.prijedordanas.com\/index.php?rest_route=%2Fwp%2Fv2%2Ftags&post=79712"}],"curies":[{"name":"wp","href":"https:\/\/api.w.org\/{rel}","templated":true}]}}