{"id":79686,"date":"2017-04-26T14:55:29","date_gmt":"2017-04-26T12:55:29","guid":{"rendered":"https:\/\/www.prijedordanas.com\/?p=79686"},"modified":"2017-04-26T14:55:29","modified_gmt":"2017-04-26T12:55:29","slug":"opsti-haos-u-narodnoj-skupstini-zbog-tacke-o-ljubiji-video","status":"publish","type":"post","link":"https:\/\/www.prijedordanas.com\/?p=79686","title":{"rendered":"OP\u0160TI HAOS U NARODNOJ SKUP\u0160TINI ZBOG TA\u010cKE O \u201eLJUBIJI\u201c \u2013 VIDEO"},"content":{"rendered":"<p><a href=\"https:\/\/www.prijedordanas.com\/wp-content\/uploads\/2017\/04\/atv-nsrs-ljubija.jpg\"><img loading=\"lazy\" decoding=\"async\" src=\"https:\/\/www.prijedordanas.com\/wp-content\/uploads\/2017\/04\/atv-nsrs-ljubija-300x217.jpg\" alt=\"\" width=\"300\" height=\"217\" class=\"alignleft size-medium wp-image-79687\" srcset=\"https:\/\/www.prijedordanas.com\/wp-content\/uploads\/2017\/04\/atv-nsrs-ljubija-300x217.jpg 300w, https:\/\/www.prijedordanas.com\/wp-content\/uploads\/2017\/04\/atv-nsrs-ljubija-100x72.jpg 100w, https:\/\/www.prijedordanas.com\/wp-content\/uploads\/2017\/04\/atv-nsrs-ljubija.jpg 690w\" sizes=\"(max-width: 300px) 100vw, 300px\" \/><\/a>Jutro je po\u010delo sa demantijem jer su iz Skup\u0161tine pojasnili da zbog javnog saslu\u0161anja, \u201cLjubija\u201d ipak nije \u2013 niti mo\u017ee biti skinuta sa dnevnog reda sjednice.<\/p>\n<p>I tad je po\u010deo cirkus i otvorena lobiranja za skupljanje ve\u0107ine. Ponuda za \u010dlanove koalicije \u201cDomovina\u201d je bilo, ka\u017ee Admir \u010cavka, ali ne ka\u017ee od koga i za koji glas.<\/p>\n<p>\u201cNije ni\u0161ta\u2026 Ne, nije nov\u010dane. Ponude su bile da se glasa ili da se ne glasa. To je ne\u0161to \u0161to je svakodnevica ovdje\u201d, ka\u017ee Admir \u010cavka, poslanik Domovine u Narodnoj skup\u0161tini RS.<\/p>\n<p>\u010cavka nije precizirao od koga su ponude dolazile: \u201cPa evo\u2026 ne bih dalje da komentari\u0161em\u201d.<\/p>\n<p>Pritiske, navodno, ima i Ivana Lovri\u0107 koja i danas \u0107uti. \u010cavka, ina\u010de SBB-ovac, ka\u017ee da \u0107e glasati po svom, ali tek poslije javnog saslu\u0161anja o prodaji \u201cLjubije\u201d zakazanog za 4. maj. Pored jasne direktive sa predsjedni\u0161tva SDA da njihovi poslanici ne podr\u017ee prodaju rudnika Izraelcima zajedni\u010dku ili pojedina\u010dnu odluku o glasanju jo\u0161 nisu donijeli.<\/p>\n<p>\u201cNismo zaklju\u010dili tu ta\u010dku \u0161to se ti\u010de kluba. Ostavili smo, kad do\u0111e na dnevni red, da se kona\u010dno odredimo\u201d, rekao je Senad Brati\u0107, poslanik \u201cDomovine\u201d u Narodnoj skup\u0161tini RS.<\/p>\n<p><a href=\"https:\/\/www.prijedordanas.com\/wp-content\/uploads\/2017\/04\/rudnik-ljubija.jpg\"><img loading=\"lazy\" decoding=\"async\" src=\"https:\/\/www.prijedordanas.com\/wp-content\/uploads\/2017\/04\/rudnik-ljubija-300x225.jpg\" alt=\"\" width=\"300\" height=\"225\" class=\"alignleft size-medium wp-image-79252\" srcset=\"https:\/\/www.prijedordanas.com\/wp-content\/uploads\/2017\/04\/rudnik-ljubija-300x225.jpg 300w, https:\/\/www.prijedordanas.com\/wp-content\/uploads\/2017\/04\/rudnik-ljubija-100x75.jpg 100w, https:\/\/www.prijedordanas.com\/wp-content\/uploads\/2017\/04\/rudnik-ljubija-640x480.jpg 640w, https:\/\/www.prijedordanas.com\/wp-content\/uploads\/2017\/04\/rudnik-ljubija.jpg 666w\" sizes=\"(max-width: 300px) 100vw, 300px\" \/><\/a>\u0160ef kluba poslanika SNSD-a u toku sjednice oti\u0161ao u Vladu na konsultacije, po sali se pri\u010da ba\u0161 zbog \u201cLjubije\u201d. I dana\u0161njom ra\u010dunicom ispada da SNSD-u i Socijalistima trebaju jo\u0161 tri glasa. Ministar industrije tvrdi da Vlada, bez obzira na sve, ne\u0107e povu\u0107i prijedlog o prodaji.<\/p>\n<p>Iz SNSD-a na ovu temu danas nisu htjeli da pri\u010daju. Iako tamo sjede, od svojih stavova kontra Vladine odluke, u DNS ne odustaju. Ipak, ka\u017eu, da oni po skup\u0161tini ne lobiraju za propast vladinog plana.<\/p>\n<p>\u201cNe. Mi se nismo nikada time bavili, nikada se ne\u0107emo baviti, a to \u0161to ste rekli to ipak spada u jednu sferu spekulacije kojima se ja ne bih bavila i ne bih da ih komentari\u0161em\u201d, rekla je Spomenka Stevanovi\u0107, \u0161ef kluba poslanika DNS-a u Narodnoj skup\u0161tini RS.<\/p>\n<p>Stvari je dodatno zakomplikovao Dragan \u010cavi\u0107. Otkri\u0107u javnosti tajne dokumente u vezi prodaje \u201cLjubije\u201d, poru\u010duje sa govornice, ali to \u0107e uraditi, ka\u017ee, tek tokom rasprave. U pitanju je, tvrdi, dokumentacija o tajnom sastanku koji se odigrao u Be\u010du, ali i zapisniku sa jednog sastanka koji se u decembru pro\u0161le godine odigrao u Palati Republike.<\/p>\n<p>\u201cOdr\u017ean je sastanak kod predsjednika Milorada Dodika zajedno sa Petrom \u0110oki\u0107em, sa ljudima iz top menad\u017ementa Arselor Mitala ovdje u BL. Postigli su dogovor. Onda je on izigran od strane Vlade RS\u201d, naveo je Dragan \u010cavi\u0107, poslanik NDP-a u Narodnoj skup\u0161tini RS.<\/p>\n<p>U me\u0111uvremenu, dodatne informacije o kompaniji koju je Vlada predlo\u017eila kao boljeg kupca, \u010cavi\u0107 je tra\u017eio od izraeskog ambasadora. Nakon sastanka, nije \u017eelio da otkrije \u0161ta je saznao od ambasadora. Zato je Adam \u0160ukalo otkrio da ga je kontaktirao Evgenij Zotov. Direktor firme koju je Vlada predlo\u017eila kao kupca akcija, pisao mu je na Fejzbuku i Tviteru.<\/p>\n<p>\u201cKako vidim on \u017eeli komunikaciju. Sjajna je stvar \u0161to on to ho\u0107e javno. Ja mislim da on treba i biti tako ili modernim rije\u010dnikom \u201cpublic\u201d. Pozivam gospodina Zotova da do\u0111e u Narodnu skup\u0161tinu da se upoznamo, da ga saslu\u0161amo\u201d, ka\u017ee Adam \u0160ukalo, Klub poslanika PDP-a (Stranka napredna Srpska).<\/p>\n<p>SDS-ov Du\u0161an Beri\u0107 ne podr\u017eava vladin prijedlog, ali zato podr\u017eava javno saslu\u0161anje. Predsjedavao je Odborom za privredu koji je izglasao odluku sa \u0161est prema \u010detiri glasa. Protiv javnog saslu\u0161anja, ka\u017ee, bili su poslanici DNS-a i SNSD-a.<\/p>\n<p>\u201cPoslije toga, poslije 4. maja. U 12 sati kad \u0107e to biti ovdje u skup\u0161tini, Odbor \u0107e nastaviti svoje zasjedanje na ovoj ta\u010dki dnevnog reda i ve\u0107inom glasova odlu\u010diti da li \u0107e ta\u010dka biti na dnevnom redu ili ve\u0107inom glasova odlu\u010diti da ne\u0107e biti na dnevnom redu\u201d, rekao je Du\u0161an Beri\u0107,poslanik SDS-a u Narodnoj skup\u0161tini RS.<\/p>\n<p>O prodaji rudnika Ljubija raspravlja\u0107e se najvjerovatnij poslije javnog saslu\u0161anja, jer je ta\u010dka o prodaji akcija tek 29. na dnevnom redu. Do tada ima vremena za nova lobiranja i prebrojavanja.<\/p>\n<p>ATV BL<\/p>\n<p><iframe loading=\"lazy\" width=\"500\" height=\"375\" src=\"https:\/\/www.youtube.com\/embed\/XbToHInIYiY?feature=oembed\" frameborder=\"0\" allowfullscreen><\/iframe><\/p>\n","protected":false},"excerpt":{"rendered":"<p>Jutro je po\u010delo sa demantijem jer su iz Skup\u0161tine pojasnili da zbog javnog saslu\u0161anja, \u201cLjubija\u201d ipak nije \u2013 niti mo\u017ee biti skinuta sa dnevnog reda sjednice. I tad je po\u010deo [&hellip;]<\/p>\n","protected":false},"author":1,"featured_media":0,"comment_status":"closed","ping_status":"open","sticky":false,"template":"","format":"standard","meta":{"_monsterinsights_skip_tracking":false,"_monsterinsights_sitenote_active":false,"_monsterinsights_sitenote_note":"","_monsterinsights_sitenote_category":0,"footnotes":""},"categories":[4],"tags":[3196,225],"yoast_head":"<!-- This site is optimized with the Yoast SEO plugin v21.6 - https:\/\/yoast.com\/wordpress\/plugins\/seo\/ -->\n<title>OP\u0160TI HAOS U NARODNOJ SKUP\u0160TINI ZBOG TA\u010cKE O \u201eLJUBIJI\u201c \u2013 VIDEO - PrijedorDanas.com - Prijedorski gradski portal<\/title>\n<meta name=\"robots\" content=\"index, follow, max-snippet:-1, max-image-preview:large, max-video-preview:-1\" \/>\n<link rel=\"canonical\" href=\"https:\/\/www.prijedordanas.com\/?p=79686\" \/>\n<meta property=\"og:locale\" content=\"en_US\" \/>\n<meta property=\"og:type\" content=\"article\" \/>\n<meta property=\"og:title\" content=\"OP\u0160TI HAOS U NARODNOJ SKUP\u0160TINI ZBOG TA\u010cKE O \u201eLJUBIJI\u201c \u2013 VIDEO - PrijedorDanas.com - Prijedorski gradski portal\" \/>\n<meta property=\"og:description\" content=\"Jutro je po\u010delo sa demantijem jer su iz Skup\u0161tine pojasnili da zbog javnog saslu\u0161anja, \u201cLjubija\u201d ipak nije \u2013 niti mo\u017ee biti skinuta sa dnevnog reda sjednice. I tad je po\u010deo [&hellip;]\" \/>\n<meta property=\"og:url\" content=\"https:\/\/www.prijedordanas.com\/?p=79686\" \/>\n<meta property=\"og:site_name\" content=\"PrijedorDanas.com - Prijedorski gradski portal\" \/>\n<meta property=\"article:publisher\" content=\"https:\/\/www.facebook.com\/PrijedorDanasCom\/\" \/>\n<meta property=\"article:published_time\" content=\"2017-04-26T12:55:29+00:00\" \/>\n<meta property=\"og:image\" content=\"https:\/\/www.prijedordanas.com\/wp-content\/uploads\/2017\/04\/atv-nsrs-ljubija-300x217.jpg\" \/>\n<meta name=\"author\" content=\"admin\" \/>\n<meta name=\"twitter:card\" content=\"summary_large_image\" \/>\n<meta name=\"twitter:label1\" content=\"Written by\" \/>\n\t<meta name=\"twitter:data1\" content=\"admin\" \/>\n\t<meta name=\"twitter:label2\" content=\"Est. reading time\" \/>\n\t<meta name=\"twitter:data2\" content=\"4 minutes\" \/>\n<script type=\"application\/ld+json\" class=\"yoast-schema-graph\">{\"@context\":\"https:\/\/schema.org\",\"@graph\":[{\"@type\":\"Article\",\"@id\":\"https:\/\/www.prijedordanas.com\/?p=79686#article\",\"isPartOf\":{\"@id\":\"https:\/\/www.prijedordanas.com\/?p=79686\"},\"author\":{\"name\":\"admin\",\"@id\":\"https:\/\/www.prijedordanas.com\/#\/schema\/person\/4e08ccf29b506ca916ff86d46bb700e6\"},\"headline\":\"OP\u0160TI HAOS U NARODNOJ SKUP\u0160TINI ZBOG TA\u010cKE O \u201eLJUBIJI\u201c \u2013 VIDEO\",\"datePublished\":\"2017-04-26T12:55:29+00:00\",\"dateModified\":\"2017-04-26T12:55:29+00:00\",\"mainEntityOfPage\":{\"@id\":\"https:\/\/www.prijedordanas.com\/?p=79686\"},\"wordCount\":728,\"publisher\":{\"@id\":\"https:\/\/www.prijedordanas.com\/#organization\"},\"keywords\":[\"prodaja\",\"R\u017dR Ljubija\"],\"articleSection\":[\"Dru\u0161tvo\"],\"inLanguage\":\"en-US\"},{\"@type\":\"WebPage\",\"@id\":\"https:\/\/www.prijedordanas.com\/?p=79686\",\"url\":\"https:\/\/www.prijedordanas.com\/?p=79686\",\"name\":\"OP\u0160TI HAOS U NARODNOJ SKUP\u0160TINI ZBOG TA\u010cKE O \u201eLJUBIJI\u201c \u2013 VIDEO - PrijedorDanas.com - Prijedorski gradski portal\",\"isPartOf\":{\"@id\":\"https:\/\/www.prijedordanas.com\/#website\"},\"datePublished\":\"2017-04-26T12:55:29+00:00\",\"dateModified\":\"2017-04-26T12:55:29+00:00\",\"breadcrumb\":{\"@id\":\"https:\/\/www.prijedordanas.com\/?p=79686#breadcrumb\"},\"inLanguage\":\"en-US\",\"potentialAction\":[{\"@type\":\"ReadAction\",\"target\":[\"https:\/\/www.prijedordanas.com\/?p=79686\"]}]},{\"@type\":\"BreadcrumbList\",\"@id\":\"https:\/\/www.prijedordanas.com\/?p=79686#breadcrumb\",\"itemListElement\":[{\"@type\":\"ListItem\",\"position\":1,\"name\":\"Home\",\"item\":\"https:\/\/www.prijedordanas.com\/\"},{\"@type\":\"ListItem\",\"position\":2,\"name\":\"OP\u0160TI HAOS U NARODNOJ SKUP\u0160TINI ZBOG TA\u010cKE O \u201eLJUBIJI\u201c \u2013 VIDEO\"}]},{\"@type\":\"WebSite\",\"@id\":\"https:\/\/www.prijedordanas.com\/#website\",\"url\":\"https:\/\/www.prijedordanas.com\/\",\"name\":\"PrijedorDanas.com - Prijedorski gradski portal\",\"description\":\"Portal o doga\u0111anjima u gradu Prijedoru\",\"publisher\":{\"@id\":\"https:\/\/www.prijedordanas.com\/#organization\"},\"potentialAction\":[{\"@type\":\"SearchAction\",\"target\":{\"@type\":\"EntryPoint\",\"urlTemplate\":\"https:\/\/www.prijedordanas.com\/?s={search_term_string}\"},\"query-input\":\"required name=search_term_string\"}],\"inLanguage\":\"en-US\"},{\"@type\":\"Organization\",\"@id\":\"https:\/\/www.prijedordanas.com\/#organization\",\"name\":\"PrijedorDanas.com\",\"url\":\"https:\/\/www.prijedordanas.com\/\",\"logo\":{\"@type\":\"ImageObject\",\"inLanguage\":\"en-US\",\"@id\":\"https:\/\/www.prijedordanas.com\/#\/schema\/logo\/image\/\",\"url\":\"http:\/\/www.prijedordanas.com\/wp-content\/uploads\/2021\/12\/logopng.png\",\"contentUrl\":\"http:\/\/www.prijedordanas.com\/wp-content\/uploads\/2021\/12\/logopng.png\",\"width\":1019,\"height\":776,\"caption\":\"PrijedorDanas.com\"},\"image\":{\"@id\":\"https:\/\/www.prijedordanas.com\/#\/schema\/logo\/image\/\"},\"sameAs\":[\"https:\/\/www.facebook.com\/PrijedorDanasCom\/\"]},{\"@type\":\"Person\",\"@id\":\"https:\/\/www.prijedordanas.com\/#\/schema\/person\/4e08ccf29b506ca916ff86d46bb700e6\",\"name\":\"admin\",\"image\":{\"@type\":\"ImageObject\",\"inLanguage\":\"en-US\",\"@id\":\"https:\/\/www.prijedordanas.com\/#\/schema\/person\/image\/\",\"url\":\"https:\/\/secure.gravatar.com\/avatar\/1d3fc949d550f0b53a5f0d51e06dfd79?s=96&d=mm&r=g\",\"contentUrl\":\"https:\/\/secure.gravatar.com\/avatar\/1d3fc949d550f0b53a5f0d51e06dfd79?s=96&d=mm&r=g\",\"caption\":\"admin\"},\"url\":\"https:\/\/www.prijedordanas.com\/?author=1\"}]}<\/script>\n<!-- \/ Yoast SEO plugin. -->","yoast_head_json":{"title":"OP\u0160TI HAOS U NARODNOJ SKUP\u0160TINI ZBOG TA\u010cKE O \u201eLJUBIJI\u201c \u2013 VIDEO - PrijedorDanas.com - Prijedorski gradski portal","robots":{"index":"index","follow":"follow","max-snippet":"max-snippet:-1","max-image-preview":"max-image-preview:large","max-video-preview":"max-video-preview:-1"},"canonical":"https:\/\/www.prijedordanas.com\/?p=79686","og_locale":"en_US","og_type":"article","og_title":"OP\u0160TI HAOS U NARODNOJ SKUP\u0160TINI ZBOG TA\u010cKE O \u201eLJUBIJI\u201c \u2013 VIDEO - PrijedorDanas.com - Prijedorski gradski portal","og_description":"Jutro je po\u010delo sa demantijem jer su iz Skup\u0161tine pojasnili da zbog javnog saslu\u0161anja, \u201cLjubija\u201d ipak nije \u2013 niti mo\u017ee biti skinuta sa dnevnog reda sjednice. I tad je po\u010deo [&hellip;]","og_url":"https:\/\/www.prijedordanas.com\/?p=79686","og_site_name":"PrijedorDanas.com - Prijedorski gradski portal","article_publisher":"https:\/\/www.facebook.com\/PrijedorDanasCom\/","article_published_time":"2017-04-26T12:55:29+00:00","og_image":[{"url":"https:\/\/www.prijedordanas.com\/wp-content\/uploads\/2017\/04\/atv-nsrs-ljubija-300x217.jpg"}],"author":"admin","twitter_card":"summary_large_image","twitter_misc":{"Written by":"admin","Est. reading time":"4 minutes"},"schema":{"@context":"https:\/\/schema.org","@graph":[{"@type":"Article","@id":"https:\/\/www.prijedordanas.com\/?p=79686#article","isPartOf":{"@id":"https:\/\/www.prijedordanas.com\/?p=79686"},"author":{"name":"admin","@id":"https:\/\/www.prijedordanas.com\/#\/schema\/person\/4e08ccf29b506ca916ff86d46bb700e6"},"headline":"OP\u0160TI HAOS U NARODNOJ SKUP\u0160TINI ZBOG TA\u010cKE O \u201eLJUBIJI\u201c \u2013 VIDEO","datePublished":"2017-04-26T12:55:29+00:00","dateModified":"2017-04-26T12:55:29+00:00","mainEntityOfPage":{"@id":"https:\/\/www.prijedordanas.com\/?p=79686"},"wordCount":728,"publisher":{"@id":"https:\/\/www.prijedordanas.com\/#organization"},"keywords":["prodaja","R\u017dR Ljubija"],"articleSection":["Dru\u0161tvo"],"inLanguage":"en-US"},{"@type":"WebPage","@id":"https:\/\/www.prijedordanas.com\/?p=79686","url":"https:\/\/www.prijedordanas.com\/?p=79686","name":"OP\u0160TI HAOS U NARODNOJ SKUP\u0160TINI ZBOG TA\u010cKE O \u201eLJUBIJI\u201c \u2013 VIDEO - PrijedorDanas.com - Prijedorski gradski portal","isPartOf":{"@id":"https:\/\/www.prijedordanas.com\/#website"},"datePublished":"2017-04-26T12:55:29+00:00","dateModified":"2017-04-26T12:55:29+00:00","breadcrumb":{"@id":"https:\/\/www.prijedordanas.com\/?p=79686#breadcrumb"},"inLanguage":"en-US","potentialAction":[{"@type":"ReadAction","target":["https:\/\/www.prijedordanas.com\/?p=79686"]}]},{"@type":"BreadcrumbList","@id":"https:\/\/www.prijedordanas.com\/?p=79686#breadcrumb","itemListElement":[{"@type":"ListItem","position":1,"name":"Home","item":"https:\/\/www.prijedordanas.com\/"},{"@type":"ListItem","position":2,"name":"OP\u0160TI HAOS U NARODNOJ SKUP\u0160TINI ZBOG TA\u010cKE O \u201eLJUBIJI\u201c \u2013 VIDEO"}]},{"@type":"WebSite","@id":"https:\/\/www.prijedordanas.com\/#website","url":"https:\/\/www.prijedordanas.com\/","name":"PrijedorDanas.com - Prijedorski gradski portal","description":"Portal o doga\u0111anjima u gradu Prijedoru","publisher":{"@id":"https:\/\/www.prijedordanas.com\/#organization"},"potentialAction":[{"@type":"SearchAction","target":{"@type":"EntryPoint","urlTemplate":"https:\/\/www.prijedordanas.com\/?s={search_term_string}"},"query-input":"required name=search_term_string"}],"inLanguage":"en-US"},{"@type":"Organization","@id":"https:\/\/www.prijedordanas.com\/#organization","name":"PrijedorDanas.com","url":"https:\/\/www.prijedordanas.com\/","logo":{"@type":"ImageObject","inLanguage":"en-US","@id":"https:\/\/www.prijedordanas.com\/#\/schema\/logo\/image\/","url":"http:\/\/www.prijedordanas.com\/wp-content\/uploads\/2021\/12\/logopng.png","contentUrl":"http:\/\/www.prijedordanas.com\/wp-content\/uploads\/2021\/12\/logopng.png","width":1019,"height":776,"caption":"PrijedorDanas.com"},"image":{"@id":"https:\/\/www.prijedordanas.com\/#\/schema\/logo\/image\/"},"sameAs":["https:\/\/www.facebook.com\/PrijedorDanasCom\/"]},{"@type":"Person","@id":"https:\/\/www.prijedordanas.com\/#\/schema\/person\/4e08ccf29b506ca916ff86d46bb700e6","name":"admin","image":{"@type":"ImageObject","inLanguage":"en-US","@id":"https:\/\/www.prijedordanas.com\/#\/schema\/person\/image\/","url":"https:\/\/secure.gravatar.com\/avatar\/1d3fc949d550f0b53a5f0d51e06dfd79?s=96&d=mm&r=g","contentUrl":"https:\/\/secure.gravatar.com\/avatar\/1d3fc949d550f0b53a5f0d51e06dfd79?s=96&d=mm&r=g","caption":"admin"},"url":"https:\/\/www.prijedordanas.com\/?author=1"}]}},"_links":{"self":[{"href":"https:\/\/www.prijedordanas.com\/index.php?rest_route=\/wp\/v2\/posts\/79686"}],"collection":[{"href":"https:\/\/www.prijedordanas.com\/index.php?rest_route=\/wp\/v2\/posts"}],"about":[{"href":"https:\/\/www.prijedordanas.com\/index.php?rest_route=\/wp\/v2\/types\/post"}],"author":[{"embeddable":true,"href":"https:\/\/www.prijedordanas.com\/index.php?rest_route=\/wp\/v2\/users\/1"}],"replies":[{"embeddable":true,"href":"https:\/\/www.prijedordanas.com\/index.php?rest_route=%2Fwp%2Fv2%2Fcomments&post=79686"}],"version-history":[{"count":1,"href":"https:\/\/www.prijedordanas.com\/index.php?rest_route=\/wp\/v2\/posts\/79686\/revisions"}],"predecessor-version":[{"id":79688,"href":"https:\/\/www.prijedordanas.com\/index.php?rest_route=\/wp\/v2\/posts\/79686\/revisions\/79688"}],"wp:attachment":[{"href":"https:\/\/www.prijedordanas.com\/index.php?rest_route=%2Fwp%2Fv2%2Fmedia&parent=79686"}],"wp:term":[{"taxonomy":"category","embeddable":true,"href":"https:\/\/www.prijedordanas.com\/index.php?rest_route=%2Fwp%2Fv2%2Fcategories&post=79686"},{"taxonomy":"post_tag","embeddable":true,"href":"https:\/\/www.prijedordanas.com\/index.php?rest_route=%2Fwp%2Fv2%2Ftags&post=79686"}],"curies":[{"name":"wp","href":"https:\/\/api.w.org\/{rel}","templated":true}]}}