{"id":79684,"date":"2017-04-26T14:37:35","date_gmt":"2017-04-26T12:37:35","guid":{"rendered":"https:\/\/www.prijedordanas.com\/?p=79684"},"modified":"2017-04-26T14:37:35","modified_gmt":"2017-04-26T12:37:35","slug":"trogodisnja-sofija-micevic-izgubila-bitku-za-zivot","status":"publish","type":"post","link":"https:\/\/www.prijedordanas.com\/?p=79684","title":{"rendered":"TROGODI\u0160NJA SOFIJA MI\u0106EVI\u0106 IZGUBILA BITKU ZA \u017dIVOT"},"content":{"rendered":"<p><a href=\"https:\/\/www.prijedordanas.com\/wp-content\/uploads\/2017\/04\/preminula-sofija-micevic.jpg\"><img loading=\"lazy\" decoding=\"async\" class=\"alignleft size-medium wp-image-79674\" src=\"https:\/\/www.prijedordanas.com\/wp-content\/uploads\/2017\/04\/preminula-sofija-micevic-300x225.jpg\" alt=\"\" width=\"300\" height=\"225\" srcset=\"https:\/\/www.prijedordanas.com\/wp-content\/uploads\/2017\/04\/preminula-sofija-micevic-300x225.jpg 300w, https:\/\/www.prijedordanas.com\/wp-content\/uploads\/2017\/04\/preminula-sofija-micevic-100x75.jpg 100w, https:\/\/www.prijedordanas.com\/wp-content\/uploads\/2017\/04\/preminula-sofija-micevic-640x480.jpg 640w, https:\/\/www.prijedordanas.com\/wp-content\/uploads\/2017\/04\/preminula-sofija-micevic.jpg 666w\" sizes=\"(max-width: 300px) 100vw, 300px\" \/><\/a>Trogodi\u0161nja Sofija Mi\u0107evi\u0107 preminula je jutros, potvr\u0111eno je iz humanitarne organizacije Budimo ljudi.<\/p>\n<p>U ovoj organizaciji potvrdili su da su jutros stupili u kontakt sa djedom, a zatim i sa roditeljima, koji su potvrdili tu\u017enu vijest.<\/p>\n<p>Trogodi\u0161nja Sofija iz Banjaluke, bolovala je od akutne limfoblastne leukemije, i bila je na lije\u010denju u Institutu za zdravstvenu za\u0161titu majke i djeteta &#8220;Dr Vukan \u010cupi\u0107&#8221; u Beogradu, gdje je primala terapiju kako bi \u0161to prije mogla otputovati na lije\u010denje u Ameriku.<\/p>\n<p>Iako je cijela Srpska bila uz nju, srce male lavice nije izdr\u017ealo.<\/p>\n<p>Nezavisne novine<\/p>\n<p>Dodajmo da je Karavan humanosti u kojem su se prikupljala nov\u010dana sredstva za Sofijino lije\u010denje ju\u010de boravio u Prijedoru.<\/p>\n<p>Tom prilikom prikupljeno je 327,60 KM.<\/p>\n<p>Na veliku \u017ealost svih onih koji su u\u010destvovali u ovoj akciji Sofija je jutros preminula.<\/p>\n<p>Tekst i foto \u2013 Aleksandar Drakuli\u0107 \u2013 <a href=\"www.prijedordanas.com\" target=\"_blank\" rel=\"noopener noreferrer\">www.prijedordanas.com<\/a><\/p>\n<p><a href=\"https:\/\/www.prijedordanas.com\/wp-content\/uploads\/2017\/04\/humanitarni-karavan-za-sofiju-1.jpg\"><img loading=\"lazy\" decoding=\"async\" class=\"alignleft size-medium wp-image-79675\" src=\"https:\/\/www.prijedordanas.com\/wp-content\/uploads\/2017\/04\/humanitarni-karavan-za-sofiju-1-300x250.jpg\" alt=\"\" width=\"300\" height=\"250\" srcset=\"https:\/\/www.prijedordanas.com\/wp-content\/uploads\/2017\/04\/humanitarni-karavan-za-sofiju-1-300x250.jpg 300w, https:\/\/www.prijedordanas.com\/wp-content\/uploads\/2017\/04\/humanitarni-karavan-za-sofiju-1-100x83.jpg 100w, https:\/\/www.prijedordanas.com\/wp-content\/uploads\/2017\/04\/humanitarni-karavan-za-sofiju-1.jpg 600w\" sizes=\"(max-width: 300px) 100vw, 300px\" \/><\/a> <a href=\"https:\/\/www.prijedordanas.com\/wp-content\/uploads\/2017\/04\/humanitarni-karavan-za-sofiju-2.jpg\"><img loading=\"lazy\" decoding=\"async\" class=\"alignleft size-medium wp-image-79676\" src=\"https:\/\/www.prijedordanas.com\/wp-content\/uploads\/2017\/04\/humanitarni-karavan-za-sofiju-2-300x250.jpg\" alt=\"\" width=\"300\" height=\"250\" srcset=\"https:\/\/www.prijedordanas.com\/wp-content\/uploads\/2017\/04\/humanitarni-karavan-za-sofiju-2-300x250.jpg 300w, https:\/\/www.prijedordanas.com\/wp-content\/uploads\/2017\/04\/humanitarni-karavan-za-sofiju-2-100x83.jpg 100w, https:\/\/www.prijedordanas.com\/wp-content\/uploads\/2017\/04\/humanitarni-karavan-za-sofiju-2.jpg 600w\" sizes=\"(max-width: 300px) 100vw, 300px\" \/><\/a><\/p>\n","protected":false},"excerpt":{"rendered":"<p>Trogodi\u0161nja Sofija Mi\u0107evi\u0107 preminula je jutros, potvr\u0111eno je iz humanitarne organizacije Budimo ljudi. U ovoj organizaciji potvrdili su da su jutros stupili u kontakt sa djedom, a zatim i sa [&hellip;]<\/p>\n","protected":false},"author":1,"featured_media":0,"comment_status":"closed","ping_status":"open","sticky":false,"template":"","format":"standard","meta":{"_monsterinsights_skip_tracking":false,"_monsterinsights_sitenote_active":false,"_monsterinsights_sitenote_note":"","_monsterinsights_sitenote_category":0,"footnotes":""},"categories":[3],"tags":[9798],"yoast_head":"<!-- This site is optimized with the Yoast SEO plugin v21.6 - https:\/\/yoast.com\/wordpress\/plugins\/seo\/ -->\n<title>TROGODI\u0160NJA SOFIJA MI\u0106EVI\u0106 IZGUBILA BITKU ZA \u017dIVOT - PrijedorDanas.com - Prijedorski gradski portal<\/title>\n<meta name=\"robots\" content=\"index, follow, max-snippet:-1, max-image-preview:large, max-video-preview:-1\" \/>\n<link rel=\"canonical\" href=\"https:\/\/www.prijedordanas.com\/?p=79684\" \/>\n<meta property=\"og:locale\" content=\"en_US\" \/>\n<meta property=\"og:type\" content=\"article\" \/>\n<meta property=\"og:title\" content=\"TROGODI\u0160NJA SOFIJA MI\u0106EVI\u0106 IZGUBILA BITKU ZA \u017dIVOT - PrijedorDanas.com - Prijedorski gradski portal\" \/>\n<meta property=\"og:description\" content=\"Trogodi\u0161nja Sofija Mi\u0107evi\u0107 preminula je jutros, potvr\u0111eno je iz humanitarne organizacije Budimo ljudi. U ovoj organizaciji potvrdili su da su jutros stupili u kontakt sa djedom, a zatim i sa [&hellip;]\" \/>\n<meta property=\"og:url\" content=\"https:\/\/www.prijedordanas.com\/?p=79684\" \/>\n<meta property=\"og:site_name\" content=\"PrijedorDanas.com - Prijedorski gradski portal\" \/>\n<meta property=\"article:publisher\" content=\"https:\/\/www.facebook.com\/PrijedorDanasCom\/\" \/>\n<meta property=\"article:published_time\" content=\"2017-04-26T12:37:35+00:00\" \/>\n<meta property=\"og:image\" content=\"https:\/\/www.prijedordanas.com\/wp-content\/uploads\/2017\/04\/preminula-sofija-micevic-300x225.jpg\" \/>\n<meta name=\"author\" content=\"admin\" \/>\n<meta name=\"twitter:card\" content=\"summary_large_image\" \/>\n<meta name=\"twitter:label1\" content=\"Written by\" \/>\n\t<meta name=\"twitter:data1\" content=\"admin\" \/>\n\t<meta name=\"twitter:label2\" content=\"Est. reading time\" \/>\n\t<meta name=\"twitter:data2\" content=\"1 minute\" \/>\n<script type=\"application\/ld+json\" class=\"yoast-schema-graph\">{\"@context\":\"https:\/\/schema.org\",\"@graph\":[{\"@type\":\"Article\",\"@id\":\"https:\/\/www.prijedordanas.com\/?p=79684#article\",\"isPartOf\":{\"@id\":\"https:\/\/www.prijedordanas.com\/?p=79684\"},\"author\":{\"name\":\"admin\",\"@id\":\"https:\/\/www.prijedordanas.com\/#\/schema\/person\/4e08ccf29b506ca916ff86d46bb700e6\"},\"headline\":\"TROGODI\u0160NJA SOFIJA MI\u0106EVI\u0106 IZGUBILA BITKU ZA \u017dIVOT\",\"datePublished\":\"2017-04-26T12:37:35+00:00\",\"dateModified\":\"2017-04-26T12:37:35+00:00\",\"mainEntityOfPage\":{\"@id\":\"https:\/\/www.prijedordanas.com\/?p=79684\"},\"wordCount\":161,\"publisher\":{\"@id\":\"https:\/\/www.prijedordanas.com\/#organization\"},\"keywords\":[\"Sofija Mi\u0107evi\u0107\"],\"articleSection\":[\"\u017divot\"],\"inLanguage\":\"en-US\"},{\"@type\":\"WebPage\",\"@id\":\"https:\/\/www.prijedordanas.com\/?p=79684\",\"url\":\"https:\/\/www.prijedordanas.com\/?p=79684\",\"name\":\"TROGODI\u0160NJA SOFIJA MI\u0106EVI\u0106 IZGUBILA BITKU ZA \u017dIVOT - PrijedorDanas.com - Prijedorski gradski portal\",\"isPartOf\":{\"@id\":\"https:\/\/www.prijedordanas.com\/#website\"},\"datePublished\":\"2017-04-26T12:37:35+00:00\",\"dateModified\":\"2017-04-26T12:37:35+00:00\",\"breadcrumb\":{\"@id\":\"https:\/\/www.prijedordanas.com\/?p=79684#breadcrumb\"},\"inLanguage\":\"en-US\",\"potentialAction\":[{\"@type\":\"ReadAction\",\"target\":[\"https:\/\/www.prijedordanas.com\/?p=79684\"]}]},{\"@type\":\"BreadcrumbList\",\"@id\":\"https:\/\/www.prijedordanas.com\/?p=79684#breadcrumb\",\"itemListElement\":[{\"@type\":\"ListItem\",\"position\":1,\"name\":\"Home\",\"item\":\"https:\/\/www.prijedordanas.com\/\"},{\"@type\":\"ListItem\",\"position\":2,\"name\":\"TROGODI\u0160NJA SOFIJA MI\u0106EVI\u0106 IZGUBILA BITKU ZA \u017dIVOT\"}]},{\"@type\":\"WebSite\",\"@id\":\"https:\/\/www.prijedordanas.com\/#website\",\"url\":\"https:\/\/www.prijedordanas.com\/\",\"name\":\"PrijedorDanas.com - Prijedorski gradski portal\",\"description\":\"Portal o doga\u0111anjima u gradu Prijedoru\",\"publisher\":{\"@id\":\"https:\/\/www.prijedordanas.com\/#organization\"},\"potentialAction\":[{\"@type\":\"SearchAction\",\"target\":{\"@type\":\"EntryPoint\",\"urlTemplate\":\"https:\/\/www.prijedordanas.com\/?s={search_term_string}\"},\"query-input\":\"required name=search_term_string\"}],\"inLanguage\":\"en-US\"},{\"@type\":\"Organization\",\"@id\":\"https:\/\/www.prijedordanas.com\/#organization\",\"name\":\"PrijedorDanas.com\",\"url\":\"https:\/\/www.prijedordanas.com\/\",\"logo\":{\"@type\":\"ImageObject\",\"inLanguage\":\"en-US\",\"@id\":\"https:\/\/www.prijedordanas.com\/#\/schema\/logo\/image\/\",\"url\":\"http:\/\/www.prijedordanas.com\/wp-content\/uploads\/2021\/12\/logopng.png\",\"contentUrl\":\"http:\/\/www.prijedordanas.com\/wp-content\/uploads\/2021\/12\/logopng.png\",\"width\":1019,\"height\":776,\"caption\":\"PrijedorDanas.com\"},\"image\":{\"@id\":\"https:\/\/www.prijedordanas.com\/#\/schema\/logo\/image\/\"},\"sameAs\":[\"https:\/\/www.facebook.com\/PrijedorDanasCom\/\"]},{\"@type\":\"Person\",\"@id\":\"https:\/\/www.prijedordanas.com\/#\/schema\/person\/4e08ccf29b506ca916ff86d46bb700e6\",\"name\":\"admin\",\"image\":{\"@type\":\"ImageObject\",\"inLanguage\":\"en-US\",\"@id\":\"https:\/\/www.prijedordanas.com\/#\/schema\/person\/image\/\",\"url\":\"https:\/\/secure.gravatar.com\/avatar\/1d3fc949d550f0b53a5f0d51e06dfd79?s=96&d=mm&r=g\",\"contentUrl\":\"https:\/\/secure.gravatar.com\/avatar\/1d3fc949d550f0b53a5f0d51e06dfd79?s=96&d=mm&r=g\",\"caption\":\"admin\"},\"url\":\"https:\/\/www.prijedordanas.com\/?author=1\"}]}<\/script>\n<!-- \/ Yoast SEO plugin. -->","yoast_head_json":{"title":"TROGODI\u0160NJA SOFIJA MI\u0106EVI\u0106 IZGUBILA BITKU ZA \u017dIVOT - PrijedorDanas.com - Prijedorski gradski portal","robots":{"index":"index","follow":"follow","max-snippet":"max-snippet:-1","max-image-preview":"max-image-preview:large","max-video-preview":"max-video-preview:-1"},"canonical":"https:\/\/www.prijedordanas.com\/?p=79684","og_locale":"en_US","og_type":"article","og_title":"TROGODI\u0160NJA SOFIJA MI\u0106EVI\u0106 IZGUBILA BITKU ZA \u017dIVOT - PrijedorDanas.com - Prijedorski gradski portal","og_description":"Trogodi\u0161nja Sofija Mi\u0107evi\u0107 preminula je jutros, potvr\u0111eno je iz humanitarne organizacije Budimo ljudi. U ovoj organizaciji potvrdili su da su jutros stupili u kontakt sa djedom, a zatim i sa [&hellip;]","og_url":"https:\/\/www.prijedordanas.com\/?p=79684","og_site_name":"PrijedorDanas.com - Prijedorski gradski portal","article_publisher":"https:\/\/www.facebook.com\/PrijedorDanasCom\/","article_published_time":"2017-04-26T12:37:35+00:00","og_image":[{"url":"https:\/\/www.prijedordanas.com\/wp-content\/uploads\/2017\/04\/preminula-sofija-micevic-300x225.jpg"}],"author":"admin","twitter_card":"summary_large_image","twitter_misc":{"Written by":"admin","Est. reading time":"1 minute"},"schema":{"@context":"https:\/\/schema.org","@graph":[{"@type":"Article","@id":"https:\/\/www.prijedordanas.com\/?p=79684#article","isPartOf":{"@id":"https:\/\/www.prijedordanas.com\/?p=79684"},"author":{"name":"admin","@id":"https:\/\/www.prijedordanas.com\/#\/schema\/person\/4e08ccf29b506ca916ff86d46bb700e6"},"headline":"TROGODI\u0160NJA SOFIJA MI\u0106EVI\u0106 IZGUBILA BITKU ZA \u017dIVOT","datePublished":"2017-04-26T12:37:35+00:00","dateModified":"2017-04-26T12:37:35+00:00","mainEntityOfPage":{"@id":"https:\/\/www.prijedordanas.com\/?p=79684"},"wordCount":161,"publisher":{"@id":"https:\/\/www.prijedordanas.com\/#organization"},"keywords":["Sofija Mi\u0107evi\u0107"],"articleSection":["\u017divot"],"inLanguage":"en-US"},{"@type":"WebPage","@id":"https:\/\/www.prijedordanas.com\/?p=79684","url":"https:\/\/www.prijedordanas.com\/?p=79684","name":"TROGODI\u0160NJA SOFIJA MI\u0106EVI\u0106 IZGUBILA BITKU ZA \u017dIVOT - PrijedorDanas.com - Prijedorski gradski portal","isPartOf":{"@id":"https:\/\/www.prijedordanas.com\/#website"},"datePublished":"2017-04-26T12:37:35+00:00","dateModified":"2017-04-26T12:37:35+00:00","breadcrumb":{"@id":"https:\/\/www.prijedordanas.com\/?p=79684#breadcrumb"},"inLanguage":"en-US","potentialAction":[{"@type":"ReadAction","target":["https:\/\/www.prijedordanas.com\/?p=79684"]}]},{"@type":"BreadcrumbList","@id":"https:\/\/www.prijedordanas.com\/?p=79684#breadcrumb","itemListElement":[{"@type":"ListItem","position":1,"name":"Home","item":"https:\/\/www.prijedordanas.com\/"},{"@type":"ListItem","position":2,"name":"TROGODI\u0160NJA SOFIJA MI\u0106EVI\u0106 IZGUBILA BITKU ZA \u017dIVOT"}]},{"@type":"WebSite","@id":"https:\/\/www.prijedordanas.com\/#website","url":"https:\/\/www.prijedordanas.com\/","name":"PrijedorDanas.com - Prijedorski gradski portal","description":"Portal o doga\u0111anjima u gradu Prijedoru","publisher":{"@id":"https:\/\/www.prijedordanas.com\/#organization"},"potentialAction":[{"@type":"SearchAction","target":{"@type":"EntryPoint","urlTemplate":"https:\/\/www.prijedordanas.com\/?s={search_term_string}"},"query-input":"required name=search_term_string"}],"inLanguage":"en-US"},{"@type":"Organization","@id":"https:\/\/www.prijedordanas.com\/#organization","name":"PrijedorDanas.com","url":"https:\/\/www.prijedordanas.com\/","logo":{"@type":"ImageObject","inLanguage":"en-US","@id":"https:\/\/www.prijedordanas.com\/#\/schema\/logo\/image\/","url":"http:\/\/www.prijedordanas.com\/wp-content\/uploads\/2021\/12\/logopng.png","contentUrl":"http:\/\/www.prijedordanas.com\/wp-content\/uploads\/2021\/12\/logopng.png","width":1019,"height":776,"caption":"PrijedorDanas.com"},"image":{"@id":"https:\/\/www.prijedordanas.com\/#\/schema\/logo\/image\/"},"sameAs":["https:\/\/www.facebook.com\/PrijedorDanasCom\/"]},{"@type":"Person","@id":"https:\/\/www.prijedordanas.com\/#\/schema\/person\/4e08ccf29b506ca916ff86d46bb700e6","name":"admin","image":{"@type":"ImageObject","inLanguage":"en-US","@id":"https:\/\/www.prijedordanas.com\/#\/schema\/person\/image\/","url":"https:\/\/secure.gravatar.com\/avatar\/1d3fc949d550f0b53a5f0d51e06dfd79?s=96&d=mm&r=g","contentUrl":"https:\/\/secure.gravatar.com\/avatar\/1d3fc949d550f0b53a5f0d51e06dfd79?s=96&d=mm&r=g","caption":"admin"},"url":"https:\/\/www.prijedordanas.com\/?author=1"}]}},"_links":{"self":[{"href":"https:\/\/www.prijedordanas.com\/index.php?rest_route=\/wp\/v2\/posts\/79684"}],"collection":[{"href":"https:\/\/www.prijedordanas.com\/index.php?rest_route=\/wp\/v2\/posts"}],"about":[{"href":"https:\/\/www.prijedordanas.com\/index.php?rest_route=\/wp\/v2\/types\/post"}],"author":[{"embeddable":true,"href":"https:\/\/www.prijedordanas.com\/index.php?rest_route=\/wp\/v2\/users\/1"}],"replies":[{"embeddable":true,"href":"https:\/\/www.prijedordanas.com\/index.php?rest_route=%2Fwp%2Fv2%2Fcomments&post=79684"}],"version-history":[{"count":1,"href":"https:\/\/www.prijedordanas.com\/index.php?rest_route=\/wp\/v2\/posts\/79684\/revisions"}],"predecessor-version":[{"id":79685,"href":"https:\/\/www.prijedordanas.com\/index.php?rest_route=\/wp\/v2\/posts\/79684\/revisions\/79685"}],"wp:attachment":[{"href":"https:\/\/www.prijedordanas.com\/index.php?rest_route=%2Fwp%2Fv2%2Fmedia&parent=79684"}],"wp:term":[{"taxonomy":"category","embeddable":true,"href":"https:\/\/www.prijedordanas.com\/index.php?rest_route=%2Fwp%2Fv2%2Fcategories&post=79684"},{"taxonomy":"post_tag","embeddable":true,"href":"https:\/\/www.prijedordanas.com\/index.php?rest_route=%2Fwp%2Fv2%2Ftags&post=79684"}],"curies":[{"name":"wp","href":"https:\/\/api.w.org\/{rel}","templated":true}]}}